{"id":557273,"date":"2026-08-15T08:49:28","date_gmt":"2026-08-15T13:49:28","guid":{"rendered":"https:\/\/www.medellin.gov.co\/es\/?p=557273"},"modified":"2026-08-15T08:49:28","modified_gmt":"2026-08-15T13:49:28","slug":"avanzan-acciones-para-recuperar-la-seguridad-en-tradicional-puente-almagran-de-el-poblado","status":"publish","type":"post","link":"https:\/\/www.medellin.gov.co\/es\/sala-de-prensa\/noticias\/avanzan-acciones-para-recuperar-la-seguridad-en-tradicional-puente-almagran-de-el-poblado\/","title":{"rendered":"Avanzan acciones para recuperar la seguridad en tradicional puente Almagr\u00e1n de El Poblado"},"content":{"rendered":"<ul>\n<li>La intervenci\u00f3n permanente en el puente Almagr\u00e1n permite que este espacio vuelva a ser transitado con mayor tranquilidad por la comunidad, en un sector de alta actividad tur\u00edstica y comercial.<\/li>\n<li>La iluminaci\u00f3n y el mantenimiento de este espacio han sido fundamentales para mejorar la percepci\u00f3n de seguridad en la zona.<\/li>\n<\/ul>\n<!--[if lt IE 9]><script>document.createElement('audio');<\/script><![endif]-->\n\t<div class=\"wp-playlist wp-audio-playlist wp-playlist-light\">\n\t\t\t<div class=\"wp-playlist-current-item\"><\/div>\n\t\t<audio controls=\"controls\" preload=\"none\" width=\"640\"\n\t\t\t><\/audio>\n\t<div class=\"wp-playlist-next\"><\/div>\n\t<div class=\"wp-playlist-prev\"><\/div>\n\t<noscript>\n\t<ol>\n\t\t<li><a href='https:\/\/www.medellin.gov.co\/es\/wp-content\/uploads\/2026\/08\/Declaraciones-de-la-secretaria-de-Medio-Ambiente-Marcela-Ruiz..mp3'>Declaraciones de la secretaria de Medio Ambiente, Marcela Ruiz.<\/a><\/li><li><a href='https:\/\/www.medellin.gov.co\/es\/wp-content\/uploads\/2026\/08\/Declaraciones-del-secretario-de-Gestion-Territorial-Juan-Manuel-Velasquez-Correa..mp3'>Declaraciones del secretario de Gesti\u00f3n Territorial, Juan Manuel Vel\u00e1squez Correa.<\/a><\/li><li><a href='https:\/\/www.medellin.gov.co\/es\/wp-content\/uploads\/2026\/08\/Declaraciones-de-la-habitante-del-sector-Natalia-Gaviria..mp3'>Declaraciones de la habitante del sector, Natalia Gaviria.<\/a><\/li>\t<\/ol>\n\t<\/noscript>\n\t<script type=\"application\/json\" class=\"wp-playlist-script\">{\"type\":\"audio\",\"tracklist\":true,\"tracknumbers\":true,\"images\":true,\"artists\":true,\"tracks\":[{\"src\":\"https:\\\/\\\/www.medellin.gov.co\\\/es\\\/wp-content\\\/uploads\\\/2026\\\/08\\\/Declaraciones-de-la-secretaria-de-Medio-Ambiente-Marcela-Ruiz..mp3\",\"type\":\"audio\\\/mpeg\",\"title\":\"Declaraciones de la secretaria de Medio Ambiente, Marcela Ruiz.\",\"caption\":\"\",\"description\":\"\\u00abDeclaraciones de la secretaria de Medio Ambiente, Marcela Ruiz.\\u00bb.\",\"meta\":{\"length_formatted\":\"0:49\"},\"image\":{\"src\":\"https:\\\/\\\/www.medellin.gov.co\\\/es\\\/wp-includes\\\/images\\\/media\\\/audio.png\",\"width\":48,\"height\":64},\"thumb\":{\"src\":\"https:\\\/\\\/www.medellin.gov.co\\\/es\\\/wp-includes\\\/images\\\/media\\\/audio.png\",\"width\":48,\"height\":64}},{\"src\":\"https:\\\/\\\/www.medellin.gov.co\\\/es\\\/wp-content\\\/uploads\\\/2026\\\/08\\\/Declaraciones-del-secretario-de-Gestion-Territorial-Juan-Manuel-Velasquez-Correa..mp3\",\"type\":\"audio\\\/mpeg\",\"title\":\"Declaraciones del secretario de Gesti\\u00f3n Territorial, Juan Manuel Vel\\u00e1squez Correa.\",\"caption\":\"\",\"description\":\"\\u00abDeclaraciones del secretario de Gesti\\u00f3n Territorial, Juan Manuel Vel\\u00e1squez Correa.\\u00bb.\",\"meta\":{\"length_formatted\":\"0:51\"},\"image\":{\"src\":\"https:\\\/\\\/www.medellin.gov.co\\\/es\\\/wp-includes\\\/images\\\/media\\\/audio.png\",\"width\":48,\"height\":64},\"thumb\":{\"src\":\"https:\\\/\\\/www.medellin.gov.co\\\/es\\\/wp-includes\\\/images\\\/media\\\/audio.png\",\"width\":48,\"height\":64}},{\"src\":\"https:\\\/\\\/www.medellin.gov.co\\\/es\\\/wp-content\\\/uploads\\\/2026\\\/08\\\/Declaraciones-de-la-habitante-del-sector-Natalia-Gaviria..mp3\",\"type\":\"audio\\\/mpeg\",\"title\":\"Declaraciones de la habitante del sector, Natalia Gaviria.\",\"caption\":\"\",\"description\":\"\\u00abDeclaraciones de la habitante del sector, Natalia Gaviria.\\u00bb.\",\"meta\":{\"length_formatted\":\"0:37\"},\"image\":{\"src\":\"https:\\\/\\\/www.medellin.gov.co\\\/es\\\/wp-includes\\\/images\\\/media\\\/audio.png\",\"width\":48,\"height\":64},\"thumb\":{\"src\":\"https:\\\/\\\/www.medellin.gov.co\\\/es\\\/wp-includes\\\/images\\\/media\\\/audio.png\",\"width\":48,\"height\":64}}]}<\/script>\n<\/div>\n\t\n<p>El puente Almagr\u00e1n, que durante a\u00f1os fue evitado por la comunidad, hoy vuelve a ser transitado con mayor tranquilidad. Est\u00e1 ubicado sobre la quebrada La Presidenta y conecta a Astorga y Patio Bonito, dos barrios tradicionales de El Poblado con alta actividad tur\u00edstica, debido a la presencia de hoteles, restaurantes y caf\u00e9s. La estructura presenta ahora cambios visibles y una mejor percepci\u00f3n de seguridad entre quienes viven, trabajan y transitan por all\u00ed.<\/p>\n<p><em>\u201cRecuperar el espacio p\u00fablico significa tambi\u00e9n lograr que las personas vuelvan a apropiarse de lugares que antes evitaban. En el puente Almagr\u00e1n hemos avanzado con acciones concretas de iluminaci\u00f3n, atenci\u00f3n del entorno y presencia institucional. La comunidad nos cuenta que volvi\u00f3 a cruzar por \u00e9l. Seguimos trabajando, de manera articulada, para que estos espacios sean transitables y puedan ser disfrutados por residentes, comerciantes y visitantes de El Poblado<\/em>\u201d, se\u00f1al\u00f3 la gerente del Centro y Territorios Estrat\u00e9gicos, Juliana Coral.<\/p>\n\n\t\t<style type=\"text\/css\">\n\t\t\t#gallery-1 {\n\t\t\t\tmargin: auto;\n\t\t\t}\n\t\t\t#gallery-1 .gallery-item {\n\t\t\t\tfloat: left;\n\t\t\t\tmargin-top: 10px;\n\t\t\t\ttext-align: center;\n\t\t\t\twidth: 50%;\n\t\t\t}\n\t\t\t#gallery-1 img {\n\t\t\t\tborder: 2px solid #cfcfcf;\n\t\t\t}\n\t\t\t#gallery-1 .gallery-caption {\n\t\t\t\tmargin-left: 0;\n\t\t\t}\n\t\t\t\/* see gallery_shortcode() in wp-includes\/media.php *\/\n\t\t<\/style>\n\t\t<div id='gallery-1' class='gallery galleryid-557273 gallery-columns-2 gallery-size-full'><dl class='gallery-item'>\n\t\t\t<dt class='gallery-icon landscape'>\n\t\t\t\t<a href='https:\/\/www.medellin.gov.co\/es\/sala-de-prensa\/noticias\/avanzan-acciones-para-recuperar-la-seguridad-en-tradicional-puente-almagran-de-el-poblado\/imagen-acciones-para-recuperar-la-seguridad-en-tradicional-puente-almagran-de-el-poblado-4\/'><img width=\"960\" height=\"720\" src=\"https:\/\/www.medellin.gov.co\/es\/wp-content\/uploads\/2026\/08\/Imagen-acciones-para-recuperar-la-seguridad-en-tradicional-puente-Almagran-de-El-Poblado-4.jpg\" class=\"attachment-full size-full\" alt=\"Imagen acciones para recuperar la seguridad en tradicional puente Almagr\u00e1n de El Poblado (2)\" loading=\"lazy\" srcset=\"https:\/\/www.medellin.gov.co\/es\/wp-content\/uploads\/2026\/08\/Imagen-acciones-para-recuperar-la-seguridad-en-tradicional-puente-Almagran-de-El-Poblado-4.jpg 960w, https:\/\/www.medellin.gov.co\/es\/wp-content\/uploads\/2026\/08\/Imagen-acciones-para-recuperar-la-seguridad-en-tradicional-puente-Almagran-de-El-Poblado-4-300x225.jpg 300w, https:\/\/www.medellin.gov.co\/es\/wp-content\/uploads\/2026\/08\/Imagen-acciones-para-recuperar-la-seguridad-en-tradicional-puente-Almagran-de-El-Poblado-4-150x113.jpg 150w, https:\/\/www.medellin.gov.co\/es\/wp-content\/uploads\/2026\/08\/Imagen-acciones-para-recuperar-la-seguridad-en-tradicional-puente-Almagran-de-El-Poblado-4-768x576.jpg 768w\" sizes=\"(max-width: 960px) 100vw, 960px\" \/><\/a>\n\t\t\t<\/dt><\/dl><dl class='gallery-item'>\n\t\t\t<dt class='gallery-icon landscape'>\n\t\t\t\t<a href='https:\/\/www.medellin.gov.co\/es\/sala-de-prensa\/noticias\/avanzan-acciones-para-recuperar-la-seguridad-en-tradicional-puente-almagran-de-el-poblado\/imagen-acciones-para-recuperar-la-seguridad-en-tradicional-puente-almagran-de-el-poblado-5\/'><img width=\"960\" height=\"720\" src=\"https:\/\/www.medellin.gov.co\/es\/wp-content\/uploads\/2026\/08\/Imagen-acciones-para-recuperar-la-seguridad-en-tradicional-puente-Almagran-de-El-Poblado-5.jpg\" class=\"attachment-full size-full\" alt=\"Imagen acciones para recuperar la seguridad en tradicional puente Almagr\u00e1n de El Poblado (2)\" loading=\"lazy\" srcset=\"https:\/\/www.medellin.gov.co\/es\/wp-content\/uploads\/2026\/08\/Imagen-acciones-para-recuperar-la-seguridad-en-tradicional-puente-Almagran-de-El-Poblado-5.jpg 960w, https:\/\/www.medellin.gov.co\/es\/wp-content\/uploads\/2026\/08\/Imagen-acciones-para-recuperar-la-seguridad-en-tradicional-puente-Almagran-de-El-Poblado-5-300x225.jpg 300w, https:\/\/www.medellin.gov.co\/es\/wp-content\/uploads\/2026\/08\/Imagen-acciones-para-recuperar-la-seguridad-en-tradicional-puente-Almagran-de-El-Poblado-5-150x113.jpg 150w, https:\/\/www.medellin.gov.co\/es\/wp-content\/uploads\/2026\/08\/Imagen-acciones-para-recuperar-la-seguridad-en-tradicional-puente-Almagran-de-El-Poblado-5-768x576.jpg 768w\" sizes=\"(max-width: 960px) 100vw, 960px\" \/><\/a>\n\t\t\t<\/dt><\/dl><br style=\"clear: both\" \/>\n\t\t<\/div>\n\n<p>Durante los \u00faltimos a\u00f1os, el puente hab\u00eda presentado situaciones que afectaban su uso cotidiano, como la permanencia de personas en situaci\u00f3n de calle, el consumo de sustancias psicoactivas y la acumulaci\u00f3n de residuos. Estas condiciones, sumadas a la poca iluminaci\u00f3n, generaban una percepci\u00f3n de inseguridad que llevaba a muchos a evitar el lugar.<\/p>\n<p>\u201c<em>Hemos visto avances: hay presencia constante de funcionarios del Distrito e instalaron luces, y eso ha ayudado mucho. Antes era muy miedoso cruzarlo, especialmente de noche; hab\u00eda personas que dorm\u00edan y consum\u00edan all\u00ed. Ahora se puede cruzar con m\u00e1s tranquilidad<\/em>\u201d, expres\u00f3 Natalia Gaviria, habitante del sector.<\/p>\n<p>La Alcald\u00eda de Medell\u00edn ha intervenido puntos estrat\u00e9gicos de la ciudad con acciones puntuales de renovaci\u00f3n del alumbrado p\u00fablico, ejecutadas en articulaci\u00f3n con el prestador del servicio, EPM. Para ello, en este puente se tuvieron en cuenta las solicitudes de la comunidad, para mejorar las condiciones de iluminaci\u00f3n y, a su vez, la percepci\u00f3n de seguridad.<\/p>\n\n\t\t<style type=\"text\/css\">\n\t\t\t#gallery-2 {\n\t\t\t\tmargin: auto;\n\t\t\t}\n\t\t\t#gallery-2 .gallery-item {\n\t\t\t\tfloat: left;\n\t\t\t\tmargin-top: 10px;\n\t\t\t\ttext-align: center;\n\t\t\t\twidth: 50%;\n\t\t\t}\n\t\t\t#gallery-2 img {\n\t\t\t\tborder: 2px solid #cfcfcf;\n\t\t\t}\n\t\t\t#gallery-2 .gallery-caption {\n\t\t\t\tmargin-left: 0;\n\t\t\t}\n\t\t\t\/* see gallery_shortcode() in wp-includes\/media.php *\/\n\t\t<\/style>\n\t\t<div id='gallery-2' class='gallery galleryid-557273 gallery-columns-2 gallery-size-full'><dl class='gallery-item'>\n\t\t\t<dt class='gallery-icon landscape'>\n\t\t\t\t<a href='https:\/\/www.medellin.gov.co\/es\/sala-de-prensa\/noticias\/avanzan-acciones-para-recuperar-la-seguridad-en-tradicional-puente-almagran-de-el-poblado\/imagen-acciones-para-recuperar-la-seguridad-en-tradicional-puente-almagran-de-el-poblado-3\/'><img width=\"960\" height=\"720\" src=\"https:\/\/www.medellin.gov.co\/es\/wp-content\/uploads\/2026\/08\/Imagen-acciones-para-recuperar-la-seguridad-en-tradicional-puente-Almagran-de-El-Poblado-3.jpg\" class=\"attachment-full size-full\" alt=\"Imagen acciones para recuperar la seguridad en tradicional puente Almagr\u00e1n de El Poblado (2)\" loading=\"lazy\" srcset=\"https:\/\/www.medellin.gov.co\/es\/wp-content\/uploads\/2026\/08\/Imagen-acciones-para-recuperar-la-seguridad-en-tradicional-puente-Almagran-de-El-Poblado-3.jpg 960w, https:\/\/www.medellin.gov.co\/es\/wp-content\/uploads\/2026\/08\/Imagen-acciones-para-recuperar-la-seguridad-en-tradicional-puente-Almagran-de-El-Poblado-3-300x225.jpg 300w, https:\/\/www.medellin.gov.co\/es\/wp-content\/uploads\/2026\/08\/Imagen-acciones-para-recuperar-la-seguridad-en-tradicional-puente-Almagran-de-El-Poblado-3-150x113.jpg 150w, https:\/\/www.medellin.gov.co\/es\/wp-content\/uploads\/2026\/08\/Imagen-acciones-para-recuperar-la-seguridad-en-tradicional-puente-Almagran-de-El-Poblado-3-768x576.jpg 768w\" sizes=\"(max-width: 960px) 100vw, 960px\" \/><\/a>\n\t\t\t<\/dt><\/dl><dl class='gallery-item'>\n\t\t\t<dt class='gallery-icon landscape'>\n\t\t\t\t<a href='https:\/\/www.medellin.gov.co\/es\/sala-de-prensa\/noticias\/avanzan-acciones-para-recuperar-la-seguridad-en-tradicional-puente-almagran-de-el-poblado\/imagen-acciones-para-recuperar-la-seguridad-en-tradicional-puente-almagran-de-el-poblado-2\/'><img width=\"960\" height=\"720\" src=\"https:\/\/www.medellin.gov.co\/es\/wp-content\/uploads\/2026\/08\/Imagen-acciones-para-recuperar-la-seguridad-en-tradicional-puente-Almagran-de-El-Poblado-2.jpg\" class=\"attachment-full size-full\" alt=\"Imagen acciones para recuperar la seguridad en tradicional puente Almagr\u00e1n de El Poblado (2)\" loading=\"lazy\" srcset=\"https:\/\/www.medellin.gov.co\/es\/wp-content\/uploads\/2026\/08\/Imagen-acciones-para-recuperar-la-seguridad-en-tradicional-puente-Almagran-de-El-Poblado-2.jpg 960w, https:\/\/www.medellin.gov.co\/es\/wp-content\/uploads\/2026\/08\/Imagen-acciones-para-recuperar-la-seguridad-en-tradicional-puente-Almagran-de-El-Poblado-2-300x225.jpg 300w, https:\/\/www.medellin.gov.co\/es\/wp-content\/uploads\/2026\/08\/Imagen-acciones-para-recuperar-la-seguridad-en-tradicional-puente-Almagran-de-El-Poblado-2-150x113.jpg 150w, https:\/\/www.medellin.gov.co\/es\/wp-content\/uploads\/2026\/08\/Imagen-acciones-para-recuperar-la-seguridad-en-tradicional-puente-Almagran-de-El-Poblado-2-768x576.jpg 768w\" sizes=\"(max-width: 960px) 100vw, 960px\" \/><\/a>\n\t\t\t<\/dt><\/dl><br style=\"clear: both\" \/>\n\t\t<\/div>\n\n<p><em>\u201cVenimos modernizando el alumbrado p\u00fablico en diferentes puntos de la ciudad. En El Poblado, adem\u00e1s del puente Almagr\u00e1n, ubicado sobre la quebrada La Presidenta, hemos mejorado la iluminaci\u00f3n en la calle 10A, entre las carreras 34 y 43E; la avenida El Poblado, a la altura de la calle 10 y la carrera 34; y el Parque de la Bailarina. En estos sectores incorporamos l\u00e1mparas LED con mayor capacidad, al igual que se realizaron labores de poda para lograr un mejor aprovechamiento del flujo luminoso y reducir zonas con baja visibilidad\u201d, <\/em>afirm\u00f3 el secretario de Gesti\u00f3n Territorial, Juan Manuel Vel\u00e1squez Correa.<\/p>\n<p>En El Poblado se han realizado cerca de 650 intervenciones para recuperar, limpiar y mejorar el espacio p\u00fablico, que han permitido intervenir m\u00e1s de 1,5 millones de metros cuadrados. Estas labores incluyen limpieza de zonas verdes, barrido y lavado, pintura de muros y mobiliario, as\u00ed como mantenimiento de jardines, retiro de publicidad no autorizada y recolecci\u00f3n de llantas y residuos. Tambi\u00e9n, se han mejorado 28.423 metros de pasamanos, barandas y cunetas, y se han retirado 2.840 metros c\u00fabicos de material vegetal, residuos y sedimentos de quebradas y puntos cr\u00edticos.<\/p>\n","protected":false},"excerpt":{"rendered":"<p>La intervenci\u00f3n permanente en el puente Almagr\u00e1n permite que este espacio vuelva a ser transitado con mayor tranquilidad por la comunidad, en un sector de alta actividad tur\u00edstica y comercial. La iluminaci\u00f3n y el mantenimiento &#8230;<\/p>\n","protected":false},"author":97,"featured_media":557289,"comment_status":"open","ping_status":"open","sticky":false,"template":"","format":"standard","meta":[],"categories":[23],"tags":[451,619],"formato_nota":[],"programas_tax":[],"acf":[],"_links":{"self":[{"href":"https:\/\/www.medellin.gov.co\/es\/wp-json\/wp\/v2\/posts\/557273"}],"collection":[{"href":"https:\/\/www.medellin.gov.co\/es\/wp-json\/wp\/v2\/posts"}],"about":[{"href":"https:\/\/www.medellin.gov.co\/es\/wp-json\/wp\/v2\/types\/post"}],"author":[{"embeddable":true,"href":"https:\/\/www.medellin.gov.co\/es\/wp-json\/wp\/v2\/users\/97"}],"replies":[{"embeddable":true,"href":"https:\/\/www.medellin.gov.co\/es\/wp-json\/wp\/v2\/comments?post=557273"}],"version-history":[{"count":1,"href":"https:\/\/www.medellin.gov.co\/es\/wp-json\/wp\/v2\/posts\/557273\/revisions"}],"predecessor-version":[{"id":557291,"href":"https:\/\/www.medellin.gov.co\/es\/wp-json\/wp\/v2\/posts\/557273\/revisions\/557291"}],"wp:featuredmedia":[{"embeddable":true,"href":"https:\/\/www.medellin.gov.co\/es\/wp-json\/wp\/v2\/media\/557289"}],"wp:attachment":[{"href":"https:\/\/www.medellin.gov.co\/es\/wp-json\/wp\/v2\/media?parent=557273"}],"wp:term":[{"taxonomy":"category","embeddable":true,"href":"https:\/\/www.medellin.gov.co\/es\/wp-json\/wp\/v2\/categories?post=557273"},{"taxonomy":"post_tag","embeddable":true,"href":"https:\/\/www.medellin.gov.co\/es\/wp-json\/wp\/v2\/tags?post=557273"},{"taxonomy":"formato_nota","embeddable":true,"href":"https:\/\/www.medellin.gov.co\/es\/wp-json\/wp\/v2\/formato_nota?post=557273"},{"taxonomy":"programas_tax","embeddable":true,"href":"https:\/\/www.medellin.gov.co\/es\/wp-json\/wp\/v2\/programas_tax?post=557273"}],"curies":[{"name":"wp","href":"https:\/\/api.w.org\/{rel}","templated":true}]}}