{"id":557318,"date":"2026-08-15T09:19:00","date_gmt":"2026-08-15T14:19:00","guid":{"rendered":"https:\/\/www.medellin.gov.co\/es\/?p=557318"},"modified":"2026-08-15T09:19:00","modified_gmt":"2026-08-15T14:19:00","slug":"con-el-pot-la-alcaldia-de-medellin-protege-la-vida-y-ordena-las-actividades-en-los-barrios","status":"publish","type":"post","link":"https:\/\/www.medellin.gov.co\/es\/sala-de-prensa\/noticias\/con-el-pot-la-alcaldia-de-medellin-protege-la-vida-y-ordena-las-actividades-en-los-barrios\/","title":{"rendered":"Con el POT, la Alcald\u00eda de Medell\u00edn protege la vida y ordena las actividades en los barrios"},"content":{"rendered":"<ul>\n<li>Se plantea actualizar las reglas del uso del suelo frente al crecimiento del comercio, los servicios, el turismo y los sectores econ\u00f3micos.<\/li>\n<li>Se busca un equilibrio entre nuevos negocios y la protecci\u00f3n del bienestar y la calidad de vida de los habitantes.<\/li>\n<\/ul>\n<!--[if lt IE 9]><script>document.createElement('audio');<\/script><![endif]-->\n\t<div class=\"wp-playlist wp-audio-playlist wp-playlist-light\">\n\t\t\t<div class=\"wp-playlist-current-item\"><\/div>\n\t\t<audio controls=\"controls\" preload=\"none\" width=\"640\"\n\t\t\t><\/audio>\n\t<div class=\"wp-playlist-next\"><\/div>\n\t<div class=\"wp-playlist-prev\"><\/div>\n\t<noscript>\n\t<ol>\n\t\t<li><a href='https:\/\/www.medellin.gov.co\/es\/wp-content\/uploads\/2026\/08\/Declaraciones-de-la-directora-del-Departamento-Administrativo-de-Planeacion-Luz-Angela-Gonzalez-Gomez..mp3'>Declaraciones de la directora del Departamento Administrativo de Planeaci\u00f3n, Luz \u00c1ngela Gonz\u00e1lez G\u00f3mez.<\/a><\/li>\t<\/ol>\n\t<\/noscript>\n\t<script type=\"application\/json\" class=\"wp-playlist-script\">{\"type\":\"audio\",\"tracklist\":true,\"tracknumbers\":true,\"images\":true,\"artists\":true,\"tracks\":[{\"src\":\"https:\\\/\\\/www.medellin.gov.co\\\/es\\\/wp-content\\\/uploads\\\/2026\\\/08\\\/Declaraciones-de-la-directora-del-Departamento-Administrativo-de-Planeacion-Luz-Angela-Gonzalez-Gomez..mp3\",\"type\":\"audio\\\/mpeg\",\"title\":\"Declaraciones de la directora del Departamento Administrativo de Planeaci\\u00f3n, Luz \\u00c1ngela Gonz\\u00e1lez G\\u00f3mez.\",\"caption\":\"\",\"description\":\"\\u00abDeclaraciones de la directora del Departamento Administrativo de Planeaci\\u00f3n, Luz \\u00c1ngela Gonz\\u00e1lez G\\u00f3mez.\\u00bb.\",\"meta\":{\"length_formatted\":\"1:08\"},\"image\":{\"src\":\"https:\\\/\\\/www.medellin.gov.co\\\/es\\\/wp-includes\\\/images\\\/media\\\/audio.png\",\"width\":48,\"height\":64},\"thumb\":{\"src\":\"https:\\\/\\\/www.medellin.gov.co\\\/es\\\/wp-includes\\\/images\\\/media\\\/audio.png\",\"width\":48,\"height\":64}}]}<\/script>\n<\/div>\n\t\n<p>La revisi\u00f3n de mediano plazo del Plan de Ordenamiento Territorial (POT) plantea actualizar las reglas que definen d\u00f3nde y en qu\u00e9 condiciones pueden desarrollarse las actividades en cada sector de la ciudad, para responder a las nuevas din\u00e1micas del territorio, reconocer nuevos servicios como la vivienda tur\u00edstica, proteger las \u00e1reas residenciales y reducir los impactos ambientales y urban\u00edsticos.<\/p>\n<p><em>\u201cLas propuestas del POT parten de una realidad: la ciudad cambi\u00f3, pero las normas de usos del suelo no lo hicieron al mismo ritmo. En los \u00faltimos 10 a\u00f1os creci\u00f3 el comercio y los servicios, hay nuevas din\u00e1micas asociadas al turismo, la ciencia, tecnolog\u00eda y la innovaci\u00f3n, a la econom\u00eda del conocimiento y las industrias creativas\u201d, <\/em>explic\u00f3 la directora del Departamento Administrativo de Planeaci\u00f3n, Luz \u00c1ngela Gonz\u00e1lez G\u00f3mez.<\/p>\n\n\t\t<style type=\"text\/css\">\n\t\t\t#gallery-1 {\n\t\t\t\tmargin: auto;\n\t\t\t}\n\t\t\t#gallery-1 .gallery-item {\n\t\t\t\tfloat: left;\n\t\t\t\tmargin-top: 10px;\n\t\t\t\ttext-align: center;\n\t\t\t\twidth: 50%;\n\t\t\t}\n\t\t\t#gallery-1 img {\n\t\t\t\tborder: 2px solid #cfcfcf;\n\t\t\t}\n\t\t\t#gallery-1 .gallery-caption {\n\t\t\t\tmargin-left: 0;\n\t\t\t}\n\t\t\t\/* see gallery_shortcode() in wp-includes\/media.php *\/\n\t\t<\/style>\n\t\t<div id='gallery-1' class='gallery galleryid-557318 gallery-columns-2 gallery-size-full'><dl class='gallery-item'>\n\t\t\t<dt class='gallery-icon landscape'>\n\t\t\t\t<a href='https:\/\/www.medellin.gov.co\/es\/sala-de-prensa\/noticias\/con-el-pot-la-alcaldia-de-medellin-protege-la-vida-y-ordena-las-actividades-en-los-barrios\/imagen-con-el-pot-la-alcaldia-de-medellin-protege-la-vida-y-ordena-las-actividades-en-los-barrios-3\/'><img width=\"1280\" height=\"718\" src=\"https:\/\/www.medellin.gov.co\/es\/wp-content\/uploads\/2026\/08\/Imagen-Con-el-POT-la-Alcaldia-de-Medellin-protege-la-vida-y-ordena-las-actividades-en-los-barrios-3.jpg\" class=\"attachment-full size-full\" alt=\"Imagen Con el POT, la Alcald\u00eda de Medell\u00edn protege la vida y ordena las actividades en los barrios (3)\" loading=\"lazy\" srcset=\"https:\/\/www.medellin.gov.co\/es\/wp-content\/uploads\/2026\/08\/Imagen-Con-el-POT-la-Alcaldia-de-Medellin-protege-la-vida-y-ordena-las-actividades-en-los-barrios-3.jpg 1280w, https:\/\/www.medellin.gov.co\/es\/wp-content\/uploads\/2026\/08\/Imagen-Con-el-POT-la-Alcaldia-de-Medellin-protege-la-vida-y-ordena-las-actividades-en-los-barrios-3-300x168.jpg 300w, https:\/\/www.medellin.gov.co\/es\/wp-content\/uploads\/2026\/08\/Imagen-Con-el-POT-la-Alcaldia-de-Medellin-protege-la-vida-y-ordena-las-actividades-en-los-barrios-3-1024x574.jpg 1024w, https:\/\/www.medellin.gov.co\/es\/wp-content\/uploads\/2026\/08\/Imagen-Con-el-POT-la-Alcaldia-de-Medellin-protege-la-vida-y-ordena-las-actividades-en-los-barrios-3-150x84.jpg 150w, https:\/\/www.medellin.gov.co\/es\/wp-content\/uploads\/2026\/08\/Imagen-Con-el-POT-la-Alcaldia-de-Medellin-protege-la-vida-y-ordena-las-actividades-en-los-barrios-3-768x431.jpg 768w\" sizes=\"(max-width: 1280px) 100vw, 1280px\" \/><\/a>\n\t\t\t<\/dt><\/dl><dl class='gallery-item'>\n\t\t\t<dt class='gallery-icon landscape'>\n\t\t\t\t<a href='https:\/\/www.medellin.gov.co\/es\/sala-de-prensa\/noticias\/con-el-pot-la-alcaldia-de-medellin-protege-la-vida-y-ordena-las-actividades-en-los-barrios\/imagen-con-el-pot-la-alcaldia-de-medellin-protege-la-vida-y-ordena-las-actividades-en-los-barrios-5\/'><img width=\"1280\" height=\"720\" src=\"https:\/\/www.medellin.gov.co\/es\/wp-content\/uploads\/2026\/08\/Imagen-Con-el-POT-la-Alcaldia-de-Medellin-protege-la-vida-y-ordena-las-actividades-en-los-barrios-5.jpg\" class=\"attachment-full size-full\" alt=\"Imagen Con el POT, la Alcald\u00eda de Medell\u00edn protege la vida y ordena las actividades en los barrios (3)\" loading=\"lazy\" srcset=\"https:\/\/www.medellin.gov.co\/es\/wp-content\/uploads\/2026\/08\/Imagen-Con-el-POT-la-Alcaldia-de-Medellin-protege-la-vida-y-ordena-las-actividades-en-los-barrios-5.jpg 1280w, https:\/\/www.medellin.gov.co\/es\/wp-content\/uploads\/2026\/08\/Imagen-Con-el-POT-la-Alcaldia-de-Medellin-protege-la-vida-y-ordena-las-actividades-en-los-barrios-5-300x169.jpg 300w, https:\/\/www.medellin.gov.co\/es\/wp-content\/uploads\/2026\/08\/Imagen-Con-el-POT-la-Alcaldia-de-Medellin-protege-la-vida-y-ordena-las-actividades-en-los-barrios-5-1024x576.jpg 1024w, https:\/\/www.medellin.gov.co\/es\/wp-content\/uploads\/2026\/08\/Imagen-Con-el-POT-la-Alcaldia-de-Medellin-protege-la-vida-y-ordena-las-actividades-en-los-barrios-5-150x84.jpg 150w, https:\/\/www.medellin.gov.co\/es\/wp-content\/uploads\/2026\/08\/Imagen-Con-el-POT-la-Alcaldia-de-Medellin-protege-la-vida-y-ordena-las-actividades-en-los-barrios-5-768x432.jpg 768w\" sizes=\"(max-width: 1280px) 100vw, 1280px\" \/><\/a>\n\t\t\t<\/dt><\/dl><br style=\"clear: both\" \/>\n\t\t<\/div>\n\n<p>La idea es que estas actividades se desarrollen de manera ordenada, sin afectar la tranquilidad y la calidad de vida de los ciudadanos.<\/p>\n<p><em>\u201cPara esto la revisi\u00f3n de mediano plazo del POT propone actualizar la norma definiendo las \u00e1reas de actividad que se clasifican en baja, media y alta mixtura y las \u00e1reas de vocaci\u00f3n, como por ejemplo las ocho Zonas de Tratamiento Especial que van a delimitar el territorio e incentivar actividades CTI\u201d, <\/em>a\u00f1adi\u00f3 Gonz\u00e1lez.<\/p>\n<p>El crecimiento del turismo es otra de las din\u00e1micas que plantea nuevos retos para la regulaci\u00f3n del suelo. Seg\u00fan el Sistema de Inteligencia Tur\u00edstica, el 93,45 % de las personas que llegaron a Medell\u00edn en 2025 lo hicieron con fines tur\u00edsticos. La estad\u00eda promedio fue de 4,2 d\u00edas y la ocupaci\u00f3n alcanz\u00f3 el 51 % en las viviendas tur\u00edsticas y el 64,9 % en la oferta hotelera.<\/p>\n<p>La revisi\u00f3n de mediano plazo reconoce e incorpora nuevas actividades y hace visibles aquellas que hoy representan desaf\u00edos para la aplicaci\u00f3n de la norma, como la vivienda tur\u00edstica, de manera que las reglas respondan a estas nuevas din\u00e1micas que se presentan en el territorio, para facilitar el control y su seguimiento.<\/p>\n\n\t\t<style type=\"text\/css\">\n\t\t\t#gallery-2 {\n\t\t\t\tmargin: auto;\n\t\t\t}\n\t\t\t#gallery-2 .gallery-item {\n\t\t\t\tfloat: left;\n\t\t\t\tmargin-top: 10px;\n\t\t\t\ttext-align: center;\n\t\t\t\twidth: 50%;\n\t\t\t}\n\t\t\t#gallery-2 img {\n\t\t\t\tborder: 2px solid #cfcfcf;\n\t\t\t}\n\t\t\t#gallery-2 .gallery-caption {\n\t\t\t\tmargin-left: 0;\n\t\t\t}\n\t\t\t\/* see gallery_shortcode() in wp-includes\/media.php *\/\n\t\t<\/style>\n\t\t<div id='gallery-2' class='gallery galleryid-557318 gallery-columns-2 gallery-size-full'><dl class='gallery-item'>\n\t\t\t<dt class='gallery-icon landscape'>\n\t\t\t\t<a href='https:\/\/www.medellin.gov.co\/es\/sala-de-prensa\/noticias\/con-el-pot-la-alcaldia-de-medellin-protege-la-vida-y-ordena-las-actividades-en-los-barrios\/imagen-con-el-pot-la-alcaldia-de-medellin-protege-la-vida-y-ordena-las-actividades-en-los-barrios-1\/'><img width=\"1081\" height=\"720\" src=\"https:\/\/www.medellin.gov.co\/es\/wp-content\/uploads\/2026\/08\/Imagen-Con-el-POT-la-Alcaldia-de-Medellin-protege-la-vida-y-ordena-las-actividades-en-los-barrios-1.jpg\" class=\"attachment-full size-full\" alt=\"\" loading=\"lazy\" srcset=\"https:\/\/www.medellin.gov.co\/es\/wp-content\/uploads\/2026\/08\/Imagen-Con-el-POT-la-Alcaldia-de-Medellin-protege-la-vida-y-ordena-las-actividades-en-los-barrios-1.jpg 1081w, https:\/\/www.medellin.gov.co\/es\/wp-content\/uploads\/2026\/08\/Imagen-Con-el-POT-la-Alcaldia-de-Medellin-protege-la-vida-y-ordena-las-actividades-en-los-barrios-1-300x200.jpg 300w, https:\/\/www.medellin.gov.co\/es\/wp-content\/uploads\/2026\/08\/Imagen-Con-el-POT-la-Alcaldia-de-Medellin-protege-la-vida-y-ordena-las-actividades-en-los-barrios-1-1024x682.jpg 1024w, https:\/\/www.medellin.gov.co\/es\/wp-content\/uploads\/2026\/08\/Imagen-Con-el-POT-la-Alcaldia-de-Medellin-protege-la-vida-y-ordena-las-actividades-en-los-barrios-1-150x100.jpg 150w, https:\/\/www.medellin.gov.co\/es\/wp-content\/uploads\/2026\/08\/Imagen-Con-el-POT-la-Alcaldia-de-Medellin-protege-la-vida-y-ordena-las-actividades-en-los-barrios-1-768x512.jpg 768w\" sizes=\"(max-width: 1081px) 100vw, 1081px\" \/><\/a>\n\t\t\t<\/dt><\/dl><dl class='gallery-item'>\n\t\t\t<dt class='gallery-icon landscape'>\n\t\t\t\t<a href='https:\/\/www.medellin.gov.co\/es\/sala-de-prensa\/noticias\/con-el-pot-la-alcaldia-de-medellin-protege-la-vida-y-ordena-las-actividades-en-los-barrios\/imagen-con-el-pot-la-alcaldia-de-medellin-protege-la-vida-y-ordena-las-actividades-en-los-barrios-7\/'><img width=\"1080\" height=\"720\" src=\"https:\/\/www.medellin.gov.co\/es\/wp-content\/uploads\/2026\/08\/Imagen-Con-el-POT-la-Alcaldia-de-Medellin-protege-la-vida-y-ordena-las-actividades-en-los-barrios-7.jpg\" class=\"attachment-full size-full\" alt=\"Imagen Con el POT, la Alcald\u00eda de Medell\u00edn protege la vida y ordena las actividades en los barrios (3)\" loading=\"lazy\" srcset=\"https:\/\/www.medellin.gov.co\/es\/wp-content\/uploads\/2026\/08\/Imagen-Con-el-POT-la-Alcaldia-de-Medellin-protege-la-vida-y-ordena-las-actividades-en-los-barrios-7.jpg 1080w, https:\/\/www.medellin.gov.co\/es\/wp-content\/uploads\/2026\/08\/Imagen-Con-el-POT-la-Alcaldia-de-Medellin-protege-la-vida-y-ordena-las-actividades-en-los-barrios-7-300x200.jpg 300w, https:\/\/www.medellin.gov.co\/es\/wp-content\/uploads\/2026\/08\/Imagen-Con-el-POT-la-Alcaldia-de-Medellin-protege-la-vida-y-ordena-las-actividades-en-los-barrios-7-1024x683.jpg 1024w, https:\/\/www.medellin.gov.co\/es\/wp-content\/uploads\/2026\/08\/Imagen-Con-el-POT-la-Alcaldia-de-Medellin-protege-la-vida-y-ordena-las-actividades-en-los-barrios-7-150x100.jpg 150w, https:\/\/www.medellin.gov.co\/es\/wp-content\/uploads\/2026\/08\/Imagen-Con-el-POT-la-Alcaldia-de-Medellin-protege-la-vida-y-ordena-las-actividades-en-los-barrios-7-768x512.jpg 768w\" sizes=\"(max-width: 1080px) 100vw, 1080px\" \/><\/a>\n\t\t\t<\/dt><\/dl><br style=\"clear: both\" \/>\n\t\t<\/div>\n\n<p>Estas transformaciones tambi\u00e9n generan retos. En algunos barrios existen labores que producen ruido, contaminaci\u00f3n, desorden u otros impactos ambientales y urban\u00edsticos que afectan a quienes viven en estos sectores. Por ello, la actualizaci\u00f3n de los usos del suelo busca encontrar un equilibrio entre el desarrollo de estas actividades, la protecci\u00f3n del bienestar, la convivencia y la calidad de vida.<\/p>\n<p>La propuesta incluye armonizar la estructura de usos del suelo urbano y rural, reconociendo que cada territorio tiene necesidades diferentes. Mientras que en el suelo urbano el bienestar y la protecci\u00f3n de las \u00e1reas residenciales tienen un papel central, en el suelo rural se busca incentivar las tareas productivas y respetar los suelos de protecci\u00f3n.<\/p>\n<p>As\u00ed, la revisi\u00f3n del POT busca que las reglas del territorio acompa\u00f1en la ciudad que Medell\u00edn es hoy: una ciudad donde se pueda trabajar, emprender y crecer, sin afectar el bienestar y la calidad de vida de quienes la habitan.<\/p>\n","protected":false},"excerpt":{"rendered":"<p>Se plantea actualizar las reglas del uso del suelo frente al crecimiento del comercio, los servicios, el turismo y los sectores econ\u00f3micos. Se busca un equilibrio entre nuevos negocios y la protecci\u00f3n del bienestar y &#8230;<\/p>\n","protected":false},"author":97,"featured_media":557332,"comment_status":"open","ping_status":"open","sticky":false,"template":"","format":"standard","meta":[],"categories":[29],"tags":[432,437],"formato_nota":[],"programas_tax":[],"acf":[],"_links":{"self":[{"href":"https:\/\/www.medellin.gov.co\/es\/wp-json\/wp\/v2\/posts\/557318"}],"collection":[{"href":"https:\/\/www.medellin.gov.co\/es\/wp-json\/wp\/v2\/posts"}],"about":[{"href":"https:\/\/www.medellin.gov.co\/es\/wp-json\/wp\/v2\/types\/post"}],"author":[{"embeddable":true,"href":"https:\/\/www.medellin.gov.co\/es\/wp-json\/wp\/v2\/users\/97"}],"replies":[{"embeddable":true,"href":"https:\/\/www.medellin.gov.co\/es\/wp-json\/wp\/v2\/comments?post=557318"}],"version-history":[{"count":1,"href":"https:\/\/www.medellin.gov.co\/es\/wp-json\/wp\/v2\/posts\/557318\/revisions"}],"predecessor-version":[{"id":557334,"href":"https:\/\/www.medellin.gov.co\/es\/wp-json\/wp\/v2\/posts\/557318\/revisions\/557334"}],"wp:featuredmedia":[{"embeddable":true,"href":"https:\/\/www.medellin.gov.co\/es\/wp-json\/wp\/v2\/media\/557332"}],"wp:attachment":[{"href":"https:\/\/www.medellin.gov.co\/es\/wp-json\/wp\/v2\/media?parent=557318"}],"wp:term":[{"taxonomy":"category","embeddable":true,"href":"https:\/\/www.medellin.gov.co\/es\/wp-json\/wp\/v2\/categories?post=557318"},{"taxonomy":"post_tag","embeddable":true,"href":"https:\/\/www.medellin.gov.co\/es\/wp-json\/wp\/v2\/tags?post=557318"},{"taxonomy":"formato_nota","embeddable":true,"href":"https:\/\/www.medellin.gov.co\/es\/wp-json\/wp\/v2\/formato_nota?post=557318"},{"taxonomy":"programas_tax","embeddable":true,"href":"https:\/\/www.medellin.gov.co\/es\/wp-json\/wp\/v2\/programas_tax?post=557318"}],"curies":[{"name":"wp","href":"https:\/\/api.w.org\/{rel}","templated":true}]}}