{"id":557335,"date":"2026-08-15T21:45:17","date_gmt":"2026-08-16T02:45:17","guid":{"rendered":"https:\/\/www.medellin.gov.co\/es\/?p=557335"},"modified":"2026-08-16T12:07:03","modified_gmt":"2026-08-16T17:07:03","slug":"colombia-medellin-te-quiere-el-concierto-en-el-que-miles-de-personas-expresaron-su-solidaridad-por-las-victimas-del-terremoto","status":"publish","type":"post","link":"https:\/\/www.medellin.gov.co\/es\/sala-de-prensa\/noticias\/colombia-medellin-te-quiere-el-concierto-en-el-que-miles-de-personas-expresaron-su-solidaridad-por-las-victimas-del-terremoto\/","title":{"rendered":"Colombia, Medell\u00edn Te Quiere: el concierto en el que miles de personas expresaron su solidaridad por las v\u00edctimas del terremoto"},"content":{"rendered":"<blockquote><p><em>El <a href=\"https:\/\/comisionfilmicacolombia.com\/locacion\/centro-de-espectaculos-la-macarena\/\" target=\"_blank\" rel=\"noopener\">Centro de Eventos La Macarena<\/a> fue el n\u00facleo de la solidaridad de <a href=\"https:\/\/www.instagram.com\/alcaldiademed\/\" target=\"_blank\" rel=\"noopener\">Medell\u00edn<\/a> el s\u00e1bado, 15 de agosto. All\u00ed, 25 artistas donaron su talento y miles de asistentes pagaron su entrada al concierto. Otros entregaron sus aportes en especie en los puntos de acopio del sector. Dinero, alimentos, implementos de aseo y dem\u00e1s materiales van para los damnificados que dej\u00f3 el terremoto ocurrido el lunes 10 de agosto.<\/em><\/p><\/blockquote>\n<p>Gerlainer Jaramillo viaj\u00f3 desde <a href=\"https:\/\/www.yolombo-antioquia.gov.co\/publicaciones\/478\/sitios-de-interes\/\" target=\"_blank\" rel=\"noopener\">Yolomb\u00f3, Antioquia<\/a>, con una amiga. Cerca de 100 kil\u00f3metros en bus y llegaron a La Macarena justo cuando reci\u00e9n hab\u00eda empezado el concierto <em>Colombia, Medell\u00edn Te Quiere,<\/em> con el que, desde la capital antioque\u00f1a, miles de personas les expresaron su solidaridad a los damnificados por el terremoto de 7,4 grados en la escala de Richter que ocurri\u00f3 el pasado lunes, 10 de agosto, con epicentro en San Jos\u00e9 del Palmar, Choc\u00f3, y que, de acuerdo con las autoridades, ya deja 294 personas muertas, 320 desaparecidas, casi 4000 heridas y 45 000 familias afectadas.<\/p>\n<p><div class=\"iframe-container\"><iframe title=\"YouTube video player\" src=\"https:\/\/www.youtube.com\/embed\/_47JDy5w1yg?si=QDxoTUotqnf5FkVP\" width=\"100%\" height=\"350\" frameborder=\"0\" allowfullscreen=\"allowfullscreen\"><span data-mce-type=\"bookmark\" style=\"display: inline-block; width: 0px; overflow: hidden; line-height: 0;\" class=\"mce_SELRES_start\">\ufeff<\/span><\/iframe><\/div><\/p>\n<p>La rubia Gerlainer y su amiga, de pelo negro, asistieron al concierto para ayudarles a las v\u00edctimas del terremoto y porque les gustan varios de los 25 artistas que donaron su talento en este espect\u00e1culo ben\u00e9fico en el que todo el dinero recaudado por las boletas se ir\u00e1 para ayudar en las zonas m\u00e1s perjudicadas por el sismo, especialmente Choc\u00f3, Eje Cafetero y Valle del Cauca.<\/p>\n<div id=\"attachment_557354\" style=\"width: 1089px\" class=\"wp-caption alignnone\"><a href=\"https:\/\/www.medellin.gov.co\/es\/wp-content\/uploads\/2026\/08\/Colombia-Medellin-Te-Quiere-el-concierto-en-el-que-miles-de-personas-expresaron-su-solidaridad-20.jpg\" target=\"_blank\" rel=\"noopener\"><img aria-describedby=\"caption-attachment-557354\" loading=\"lazy\" class=\"wp-image-557354 size-full\" title=\"Gerlainer Jaramillo, asistente al concierto Colombia, Medell\u00edn Te Quiere.\" src=\"https:\/\/www.medellin.gov.co\/es\/wp-content\/uploads\/2026\/08\/Colombia-Medellin-Te-Quiere-el-concierto-en-el-que-miles-de-personas-expresaron-su-solidaridad-20.jpg\" alt=\"Colombia, Medell\u00edn Te Quiere el concierto en el que miles de personas expresaron su solidaridad (1)\" width=\"1079\" height=\"720\" srcset=\"https:\/\/www.medellin.gov.co\/es\/wp-content\/uploads\/2026\/08\/Colombia-Medellin-Te-Quiere-el-concierto-en-el-que-miles-de-personas-expresaron-su-solidaridad-20.jpg 1079w, https:\/\/www.medellin.gov.co\/es\/wp-content\/uploads\/2026\/08\/Colombia-Medellin-Te-Quiere-el-concierto-en-el-que-miles-de-personas-expresaron-su-solidaridad-20-300x200.jpg 300w, https:\/\/www.medellin.gov.co\/es\/wp-content\/uploads\/2026\/08\/Colombia-Medellin-Te-Quiere-el-concierto-en-el-que-miles-de-personas-expresaron-su-solidaridad-20-1024x683.jpg 1024w, https:\/\/www.medellin.gov.co\/es\/wp-content\/uploads\/2026\/08\/Colombia-Medellin-Te-Quiere-el-concierto-en-el-que-miles-de-personas-expresaron-su-solidaridad-20-150x100.jpg 150w, https:\/\/www.medellin.gov.co\/es\/wp-content\/uploads\/2026\/08\/Colombia-Medellin-Te-Quiere-el-concierto-en-el-que-miles-de-personas-expresaron-su-solidaridad-20-768x512.jpg 768w\" sizes=\"(max-width: 1079px) 100vw, 1079px\" \/><\/a><p id=\"caption-attachment-557354\" class=\"wp-caption-text\">Gerlainer Jaramillo, asistente al concierto Colombia, Medell\u00edn Te Quiere<\/p><\/div>\n<p>Antes de la entrada principal del centro de eventos, cerca del puente peatonal que da a la calle San Juan, hab\u00eda un punto de acopio de donaciones en especie y, junto a \u00e9l, una carpa de <a href=\"https:\/\/supermu.com\" target=\"_blank\" rel=\"noopener\">Supermercados Superm\u00fa<\/a>, donde los ciudadanos pod\u00edan comprar peque\u00f1os mercados y los dejaban en el acopio del lado para ser despachados luego hacia el Choc\u00f3, Eje Cafetero y Valle del Cauca.<\/p>\n\n\t\t<style type=\"text\/css\">\n\t\t\t#gallery-1 {\n\t\t\t\tmargin: auto;\n\t\t\t}\n\t\t\t#gallery-1 .gallery-item {\n\t\t\t\tfloat: left;\n\t\t\t\tmargin-top: 10px;\n\t\t\t\ttext-align: center;\n\t\t\t\twidth: 50%;\n\t\t\t}\n\t\t\t#gallery-1 img {\n\t\t\t\tborder: 2px solid #cfcfcf;\n\t\t\t}\n\t\t\t#gallery-1 .gallery-caption {\n\t\t\t\tmargin-left: 0;\n\t\t\t}\n\t\t\t\/* see gallery_shortcode() in wp-includes\/media.php *\/\n\t\t<\/style>\n\t\t<div id='gallery-1' class='gallery galleryid-557335 gallery-columns-2 gallery-size-large'><dl class='gallery-item'>\n\t\t\t<dt class='gallery-icon landscape'>\n\t\t\t\t<a href='https:\/\/www.medellin.gov.co\/es\/sala-de-prensa\/noticias\/colombia-medellin-te-quiere-el-concierto-en-el-que-miles-de-personas-expresaron-su-solidaridad-por-las-victimas-del-terremoto\/imagen-luis-alfonso-en-concierto-4\/'><img width=\"1024\" height=\"683\" src=\"https:\/\/www.medellin.gov.co\/es\/wp-content\/uploads\/2026\/08\/Imagen-Luis-Alfonso-en-concierto-4-1024x683.jpg\" class=\"attachment-large size-large\" alt=\"Imagen Luis Alfonso en concierto (4)\" loading=\"lazy\" srcset=\"https:\/\/www.medellin.gov.co\/es\/wp-content\/uploads\/2026\/08\/Imagen-Luis-Alfonso-en-concierto-4-1024x683.jpg 1024w, https:\/\/www.medellin.gov.co\/es\/wp-content\/uploads\/2026\/08\/Imagen-Luis-Alfonso-en-concierto-4-300x200.jpg 300w, https:\/\/www.medellin.gov.co\/es\/wp-content\/uploads\/2026\/08\/Imagen-Luis-Alfonso-en-concierto-4-150x100.jpg 150w, https:\/\/www.medellin.gov.co\/es\/wp-content\/uploads\/2026\/08\/Imagen-Luis-Alfonso-en-concierto-4-768x512.jpg 768w, https:\/\/www.medellin.gov.co\/es\/wp-content\/uploads\/2026\/08\/Imagen-Luis-Alfonso-en-concierto-4.jpg 1079w\" sizes=\"(max-width: 1024px) 100vw, 1024px\" \/><\/a>\n\t\t\t<\/dt><\/dl><dl class='gallery-item'>\n\t\t\t<dt class='gallery-icon landscape'>\n\t\t\t\t<a href='https:\/\/www.medellin.gov.co\/es\/sala-de-prensa\/noticias\/colombia-medellin-te-quiere-el-concierto-en-el-que-miles-de-personas-expresaron-su-solidaridad-por-las-victimas-del-terremoto\/colombia-medellin-te-quiere-el-concierto-en-el-que-miles-de-personas-expresaron-su-solidaridad-17\/'><img width=\"1024\" height=\"683\" src=\"https:\/\/www.medellin.gov.co\/es\/wp-content\/uploads\/2026\/08\/Colombia-Medellin-Te-Quiere-el-concierto-en-el-que-miles-de-personas-expresaron-su-solidaridad-17-1024x683.jpg\" class=\"attachment-large size-large\" alt=\"Colombia, Medell\u00edn Te Quiere el concierto en el que miles de personas expresaron su solidaridad (9)\" loading=\"lazy\" srcset=\"https:\/\/www.medellin.gov.co\/es\/wp-content\/uploads\/2026\/08\/Colombia-Medellin-Te-Quiere-el-concierto-en-el-que-miles-de-personas-expresaron-su-solidaridad-17-1024x683.jpg 1024w, https:\/\/www.medellin.gov.co\/es\/wp-content\/uploads\/2026\/08\/Colombia-Medellin-Te-Quiere-el-concierto-en-el-que-miles-de-personas-expresaron-su-solidaridad-17-300x200.jpg 300w, https:\/\/www.medellin.gov.co\/es\/wp-content\/uploads\/2026\/08\/Colombia-Medellin-Te-Quiere-el-concierto-en-el-que-miles-de-personas-expresaron-su-solidaridad-17-150x100.jpg 150w, https:\/\/www.medellin.gov.co\/es\/wp-content\/uploads\/2026\/08\/Colombia-Medellin-Te-Quiere-el-concierto-en-el-que-miles-de-personas-expresaron-su-solidaridad-17-768x512.jpg 768w, https:\/\/www.medellin.gov.co\/es\/wp-content\/uploads\/2026\/08\/Colombia-Medellin-Te-Quiere-el-concierto-en-el-que-miles-de-personas-expresaron-su-solidaridad-17.jpg 1079w\" sizes=\"(max-width: 1024px) 100vw, 1024px\" \/><\/a>\n\t\t\t<\/dt><\/dl><br style=\"clear: both\" \/><dl class='gallery-item'>\n\t\t\t<dt class='gallery-icon landscape'>\n\t\t\t\t<a href='https:\/\/www.medellin.gov.co\/es\/sala-de-prensa\/noticias\/colombia-medellin-te-quiere-el-concierto-en-el-que-miles-de-personas-expresaron-su-solidaridad-por-las-victimas-del-terremoto\/imagen-luis-alfonso-en-concierto-6\/'><img width=\"1024\" height=\"683\" src=\"https:\/\/www.medellin.gov.co\/es\/wp-content\/uploads\/2026\/08\/Imagen-Luis-Alfonso-en-concierto-6-1024x683.jpg\" class=\"attachment-large size-large\" alt=\"Imagen Luis Alfonso en concierto (4)\" loading=\"lazy\" srcset=\"https:\/\/www.medellin.gov.co\/es\/wp-content\/uploads\/2026\/08\/Imagen-Luis-Alfonso-en-concierto-6-1024x683.jpg 1024w, https:\/\/www.medellin.gov.co\/es\/wp-content\/uploads\/2026\/08\/Imagen-Luis-Alfonso-en-concierto-6-300x200.jpg 300w, https:\/\/www.medellin.gov.co\/es\/wp-content\/uploads\/2026\/08\/Imagen-Luis-Alfonso-en-concierto-6-150x100.jpg 150w, https:\/\/www.medellin.gov.co\/es\/wp-content\/uploads\/2026\/08\/Imagen-Luis-Alfonso-en-concierto-6-768x512.jpg 768w, https:\/\/www.medellin.gov.co\/es\/wp-content\/uploads\/2026\/08\/Imagen-Luis-Alfonso-en-concierto-6.jpg 1079w\" sizes=\"(max-width: 1024px) 100vw, 1024px\" \/><\/a>\n\t\t\t<\/dt><\/dl><dl class='gallery-item'>\n\t\t\t<dt class='gallery-icon landscape'>\n\t\t\t\t<a href='https:\/\/www.medellin.gov.co\/es\/sala-de-prensa\/noticias\/colombia-medellin-te-quiere-el-concierto-en-el-que-miles-de-personas-expresaron-su-solidaridad-por-las-victimas-del-terremoto\/imagen-luis-alfonso-en-concierto-5\/'><img width=\"1024\" height=\"683\" src=\"https:\/\/www.medellin.gov.co\/es\/wp-content\/uploads\/2026\/08\/Imagen-Luis-Alfonso-en-concierto-5-1024x683.jpg\" class=\"attachment-large size-large\" alt=\"Imagen Luis Alfonso en concierto (4)\" loading=\"lazy\" srcset=\"https:\/\/www.medellin.gov.co\/es\/wp-content\/uploads\/2026\/08\/Imagen-Luis-Alfonso-en-concierto-5-1024x683.jpg 1024w, https:\/\/www.medellin.gov.co\/es\/wp-content\/uploads\/2026\/08\/Imagen-Luis-Alfonso-en-concierto-5-300x200.jpg 300w, https:\/\/www.medellin.gov.co\/es\/wp-content\/uploads\/2026\/08\/Imagen-Luis-Alfonso-en-concierto-5-150x100.jpg 150w, https:\/\/www.medellin.gov.co\/es\/wp-content\/uploads\/2026\/08\/Imagen-Luis-Alfonso-en-concierto-5-768x512.jpg 768w, https:\/\/www.medellin.gov.co\/es\/wp-content\/uploads\/2026\/08\/Imagen-Luis-Alfonso-en-concierto-5.jpg 1079w\" sizes=\"(max-width: 1024px) 100vw, 1024px\" \/><\/a>\n\t\t\t<\/dt><\/dl><br style=\"clear: both\" \/>\n\t\t<\/div>\n\n<p>Gerlainer y su amiga compraron un mercado y lo donaron. <em>\u201cTrabajo en una panader\u00eda. Vine por la Gran Donat\u00f3n y porque me gustan Luis Alfonso, Pipe Pel\u00e1ez y otros artistas, y a Westcol \u2013 <\/em>reconocido creador de contenido en internet, nacido en <a href=\"https:\/\/www.ciudadbolivar-antioquia.gov.co\/\" target=\"_blank\" rel=\"noopener\">Ciudad Bol\u00edvar, Antioquia<\/a><em> \u2013 lo admiro mucho. Hoy mismo nos devolvemos para Yolomb\u00f3\u201d,<\/em> dijo Gerlainer, de 18 a\u00f1os.<\/p>\n<div id=\"attachment_557352\" style=\"width: 1089px\" class=\"wp-caption alignnone\"><a href=\"https:\/\/www.medellin.gov.co\/es\/wp-content\/uploads\/2026\/08\/Colombia-Medellin-Te-Quiere-el-concierto-en-el-que-miles-de-personas-expresaron-su-solidaridad-2.jpg\" target=\"_blank\" rel=\"noopener\"><img aria-describedby=\"caption-attachment-557352\" loading=\"lazy\" class=\"wp-image-557352 size-full\" title=\"Antes de la entrada principal del centro de eventos, cerca del puente peatonal que da a la calle San Juan, hubo un punto de acopio de donaciones en especie\" src=\"https:\/\/www.medellin.gov.co\/es\/wp-content\/uploads\/2026\/08\/Colombia-Medellin-Te-Quiere-el-concierto-en-el-que-miles-de-personas-expresaron-su-solidaridad-2.jpg\" alt=\"Colombia, Medell\u00edn Te Quiere el concierto en el que miles de personas expresaron su solidaridad (1)\" width=\"1079\" height=\"720\" srcset=\"https:\/\/www.medellin.gov.co\/es\/wp-content\/uploads\/2026\/08\/Colombia-Medellin-Te-Quiere-el-concierto-en-el-que-miles-de-personas-expresaron-su-solidaridad-2.jpg 1079w, https:\/\/www.medellin.gov.co\/es\/wp-content\/uploads\/2026\/08\/Colombia-Medellin-Te-Quiere-el-concierto-en-el-que-miles-de-personas-expresaron-su-solidaridad-2-300x200.jpg 300w, https:\/\/www.medellin.gov.co\/es\/wp-content\/uploads\/2026\/08\/Colombia-Medellin-Te-Quiere-el-concierto-en-el-que-miles-de-personas-expresaron-su-solidaridad-2-1024x683.jpg 1024w, https:\/\/www.medellin.gov.co\/es\/wp-content\/uploads\/2026\/08\/Colombia-Medellin-Te-Quiere-el-concierto-en-el-que-miles-de-personas-expresaron-su-solidaridad-2-150x100.jpg 150w, https:\/\/www.medellin.gov.co\/es\/wp-content\/uploads\/2026\/08\/Colombia-Medellin-Te-Quiere-el-concierto-en-el-que-miles-de-personas-expresaron-su-solidaridad-2-768x512.jpg 768w\" sizes=\"(max-width: 1079px) 100vw, 1079px\" \/><\/a><p id=\"caption-attachment-557352\" class=\"wp-caption-text\">Antes de la entrada principal del centro de eventos, cerca del puente peatonal que da a la calle San Juan, hubo un punto de acopio de donaciones en especie<\/p><\/div>\n<p>Las j\u00f3venes siguieron su camino hacia La Macarena bajo el solazo del mediod\u00eda de este s\u00e1bado, 15 de agosto, cuando la temperatura rondaba 30 grados cent\u00edgrados. En el concierto hubo estrellas, sobre todo, de la m\u00fasica popular, vallenato y reguet\u00f3n. El primero que cant\u00f3 fue <a href=\"https:\/\/www.instagram.com\/luisalfonso\/?hl=es\" target=\"_blank\" rel=\"noopener\">Luis Alfonso, El Se\u00f1orazo<\/a>, uno de los organizadores del evento con la Alcald\u00eda de Medell\u00edn, <a href=\"https:\/\/presentes.co\/\" target=\"_blank\" rel=\"noopener\">Presentes Corporaci\u00f3n<\/a> y <a href=\"https:\/\/www.instagram.com\/persivalproducciones\/?hl=es\" target=\"_blank\" rel=\"noopener\">P\u00e9rsival Producciones<\/a>. Decenas de entidades p\u00fablicas y privadas tambi\u00e9n apoyaron esta Gran Donat\u00f3n.<\/p>\n<p><strong>La Gran Donat\u00f3n<\/strong><\/p>\n<p>Luis Alfonso elev\u00f3 la energ\u00eda del p\u00fablico con <em>Chismofilia<\/em>, uno de sus \u00e9xitos. Minutos antes de salir al escenario le envi\u00f3 un saludo a la ciudadan\u00eda y resalt\u00f3 que las donaciones no son solo en la jornada del concierto, sino que en los d\u00edas venideros tambi\u00e9n se puede contribuir: <em>\u201cMi gente, vamos a necesitar de su ayuda. Hay muchos ni\u00f1os sin casita, muchos ni\u00f1os aguantando hambre en las calles, muchas familias que perdieron sus hogares, sus seres queridos, sus animalitos\u201d.<\/em> Se puede seguir donando mediante Presentes (<a href=\"http:\/\/www.presentes.co\" target=\"_blank\" rel=\"noopener\">www.presentes.co<\/a>) y en los puntos dispuestos por la Alcald\u00eda.<\/p>\n\n\t\t<style type=\"text\/css\">\n\t\t\t#gallery-2 {\n\t\t\t\tmargin: auto;\n\t\t\t}\n\t\t\t#gallery-2 .gallery-item {\n\t\t\t\tfloat: left;\n\t\t\t\tmargin-top: 10px;\n\t\t\t\ttext-align: center;\n\t\t\t\twidth: 50%;\n\t\t\t}\n\t\t\t#gallery-2 img {\n\t\t\t\tborder: 2px solid #cfcfcf;\n\t\t\t}\n\t\t\t#gallery-2 .gallery-caption {\n\t\t\t\tmargin-left: 0;\n\t\t\t}\n\t\t\t\/* see gallery_shortcode() in wp-includes\/media.php *\/\n\t\t<\/style>\n\t\t<div id='gallery-2' class='gallery galleryid-557335 gallery-columns-2 gallery-size-full'><dl class='gallery-item'>\n\t\t\t<dt class='gallery-icon landscape'>\n\t\t\t\t<a href='https:\/\/www.medellin.gov.co\/es\/sala-de-prensa\/noticias\/colombia-medellin-te-quiere-el-concierto-en-el-que-miles-de-personas-expresaron-su-solidaridad-por-las-victimas-del-terremoto\/colombia-medellin-te-quiere-el-concierto-en-el-que-miles-de-personas-expresaron-su-solidaridad-14\/'><img width=\"960\" height=\"720\" src=\"https:\/\/www.medellin.gov.co\/es\/wp-content\/uploads\/2026\/08\/Colombia-Medellin-Te-Quiere-el-concierto-en-el-que-miles-de-personas-expresaron-su-solidaridad-14.jpg\" class=\"attachment-full size-full\" alt=\"Colombia, Medell\u00edn Te Quiere el concierto en el que miles de personas expresaron su solidaridad (14)\" loading=\"lazy\" srcset=\"https:\/\/www.medellin.gov.co\/es\/wp-content\/uploads\/2026\/08\/Colombia-Medellin-Te-Quiere-el-concierto-en-el-que-miles-de-personas-expresaron-su-solidaridad-14.jpg 960w, https:\/\/www.medellin.gov.co\/es\/wp-content\/uploads\/2026\/08\/Colombia-Medellin-Te-Quiere-el-concierto-en-el-que-miles-de-personas-expresaron-su-solidaridad-14-300x225.jpg 300w, https:\/\/www.medellin.gov.co\/es\/wp-content\/uploads\/2026\/08\/Colombia-Medellin-Te-Quiere-el-concierto-en-el-que-miles-de-personas-expresaron-su-solidaridad-14-150x113.jpg 150w, https:\/\/www.medellin.gov.co\/es\/wp-content\/uploads\/2026\/08\/Colombia-Medellin-Te-Quiere-el-concierto-en-el-que-miles-de-personas-expresaron-su-solidaridad-14-768x576.jpg 768w\" sizes=\"(max-width: 960px) 100vw, 960px\" \/><\/a>\n\t\t\t<\/dt><\/dl><dl class='gallery-item'>\n\t\t\t<dt class='gallery-icon landscape'>\n\t\t\t\t<a href='https:\/\/www.medellin.gov.co\/es\/sala-de-prensa\/noticias\/colombia-medellin-te-quiere-el-concierto-en-el-que-miles-de-personas-expresaron-su-solidaridad-por-las-victimas-del-terremoto\/colombia-medellin-te-quiere-el-concierto-en-el-que-miles-de-personas-expresaron-su-solidaridad-16\/'><img width=\"960\" height=\"720\" src=\"https:\/\/www.medellin.gov.co\/es\/wp-content\/uploads\/2026\/08\/Colombia-Medellin-Te-Quiere-el-concierto-en-el-que-miles-de-personas-expresaron-su-solidaridad-16.jpg\" class=\"attachment-full size-full\" alt=\"Colombia, Medell\u00edn Te Quiere el concierto en el que miles de personas expresaron su solidaridad (14)\" loading=\"lazy\" srcset=\"https:\/\/www.medellin.gov.co\/es\/wp-content\/uploads\/2026\/08\/Colombia-Medellin-Te-Quiere-el-concierto-en-el-que-miles-de-personas-expresaron-su-solidaridad-16.jpg 960w, https:\/\/www.medellin.gov.co\/es\/wp-content\/uploads\/2026\/08\/Colombia-Medellin-Te-Quiere-el-concierto-en-el-que-miles-de-personas-expresaron-su-solidaridad-16-300x225.jpg 300w, https:\/\/www.medellin.gov.co\/es\/wp-content\/uploads\/2026\/08\/Colombia-Medellin-Te-Quiere-el-concierto-en-el-que-miles-de-personas-expresaron-su-solidaridad-16-150x113.jpg 150w, https:\/\/www.medellin.gov.co\/es\/wp-content\/uploads\/2026\/08\/Colombia-Medellin-Te-Quiere-el-concierto-en-el-que-miles-de-personas-expresaron-su-solidaridad-16-768x576.jpg 768w\" sizes=\"(max-width: 960px) 100vw, 960px\" \/><\/a>\n\t\t\t<\/dt><\/dl><br style=\"clear: both\" \/>\n\t\t<\/div>\n\n<h6>Escenario del concierto <em>Colombia, Medell\u00edn Te Quiere.<\/em><\/h6>\n<p>Despu\u00e9s de Luis Alfonso se present\u00f3 <a href=\"https:\/\/www.instagram.com\/ciroquinonez\/?hl=es\" target=\"_blank\" rel=\"noopener\">Ciro Qui\u00f1\u00f3nez<\/a> y el p\u00fablico cant\u00f3 con fuerza los temas de ambos artistas de m\u00fasica popular. Pasadas las 9:00 p. m., v\u00eda X, el alcalde de Medell\u00edn, Federico Guti\u00e9rrez, report\u00f3 sobre la Donat\u00f3n: <em>\u201cMedell\u00edn volvi\u00f3 a demostrar que la solidaridad se convierte en acci\u00f3n. A trav\u00e9s de <\/em>Colombia, Medell\u00edn Te Quiere,<em> ciudadanos, artistas, restaurantes y empresas se unieron para apoyar a las familias afectadas por el terremoto. El resultado: 6000 millones de pesos recaudados y 31 toneladas de alimentos y elementos de aseo. 25 artistas se sumaron con su talento en el concierto del Centro de Eventos La Macarena y varios restaurantes destinaron parte de sus ventas a la causa. Gracias a todos los que se sumaron. Los invito a seguir donando a trav\u00e9s de la Corporaci\u00f3n Presentes y los bancos de alimentos\u201d.<\/em><\/p>\n\n\t\t<style type=\"text\/css\">\n\t\t\t#gallery-3 {\n\t\t\t\tmargin: auto;\n\t\t\t}\n\t\t\t#gallery-3 .gallery-item {\n\t\t\t\tfloat: left;\n\t\t\t\tmargin-top: 10px;\n\t\t\t\ttext-align: center;\n\t\t\t\twidth: 50%;\n\t\t\t}\n\t\t\t#gallery-3 img {\n\t\t\t\tborder: 2px solid #cfcfcf;\n\t\t\t}\n\t\t\t#gallery-3 .gallery-caption {\n\t\t\t\tmargin-left: 0;\n\t\t\t}\n\t\t\t\/* see gallery_shortcode() in wp-includes\/media.php *\/\n\t\t<\/style>\n\t\t<div id='gallery-3' class='gallery galleryid-557335 gallery-columns-2 gallery-size-large'><dl class='gallery-item'>\n\t\t\t<dt class='gallery-icon landscape'>\n\t\t\t\t<a href='https:\/\/www.medellin.gov.co\/es\/sala-de-prensa\/noticias\/colombia-medellin-te-quiere-el-concierto-en-el-que-miles-de-personas-expresaron-su-solidaridad-por-las-victimas-del-terremoto\/colombia-medellin-te-quiere-el-concierto-en-el-que-miles-de-personas-expresaron-su-solidaridad-13\/'><img width=\"1024\" height=\"683\" src=\"https:\/\/www.medellin.gov.co\/es\/wp-content\/uploads\/2026\/08\/Colombia-Medellin-Te-Quiere-el-concierto-en-el-que-miles-de-personas-expresaron-su-solidaridad-13-1024x683.jpg\" class=\"attachment-large size-large\" alt=\"Colombia, Medell\u00edn Te Quiere el concierto en el que miles de personas expresaron su solidaridad (9)\" loading=\"lazy\" srcset=\"https:\/\/www.medellin.gov.co\/es\/wp-content\/uploads\/2026\/08\/Colombia-Medellin-Te-Quiere-el-concierto-en-el-que-miles-de-personas-expresaron-su-solidaridad-13-1024x683.jpg 1024w, https:\/\/www.medellin.gov.co\/es\/wp-content\/uploads\/2026\/08\/Colombia-Medellin-Te-Quiere-el-concierto-en-el-que-miles-de-personas-expresaron-su-solidaridad-13-300x200.jpg 300w, https:\/\/www.medellin.gov.co\/es\/wp-content\/uploads\/2026\/08\/Colombia-Medellin-Te-Quiere-el-concierto-en-el-que-miles-de-personas-expresaron-su-solidaridad-13-150x100.jpg 150w, https:\/\/www.medellin.gov.co\/es\/wp-content\/uploads\/2026\/08\/Colombia-Medellin-Te-Quiere-el-concierto-en-el-que-miles-de-personas-expresaron-su-solidaridad-13-768x512.jpg 768w, https:\/\/www.medellin.gov.co\/es\/wp-content\/uploads\/2026\/08\/Colombia-Medellin-Te-Quiere-el-concierto-en-el-que-miles-de-personas-expresaron-su-solidaridad-13.jpg 1079w\" sizes=\"(max-width: 1024px) 100vw, 1024px\" \/><\/a>\n\t\t\t<\/dt><\/dl><dl class='gallery-item'>\n\t\t\t<dt class='gallery-icon landscape'>\n\t\t\t\t<a href='https:\/\/www.medellin.gov.co\/es\/sala-de-prensa\/noticias\/colombia-medellin-te-quiere-el-concierto-en-el-que-miles-de-personas-expresaron-su-solidaridad-por-las-victimas-del-terremoto\/colombia-medellin-te-quiere-el-concierto-en-el-que-miles-de-personas-expresaron-su-solidaridad-18\/'><img width=\"1024\" height=\"683\" src=\"https:\/\/www.medellin.gov.co\/es\/wp-content\/uploads\/2026\/08\/Colombia-Medellin-Te-Quiere-el-concierto-en-el-que-miles-de-personas-expresaron-su-solidaridad-18-1024x683.jpg\" class=\"attachment-large size-large\" alt=\"Colombia, Medell\u00edn Te Quiere el concierto en el que miles de personas expresaron su solidaridad (9)\" loading=\"lazy\" srcset=\"https:\/\/www.medellin.gov.co\/es\/wp-content\/uploads\/2026\/08\/Colombia-Medellin-Te-Quiere-el-concierto-en-el-que-miles-de-personas-expresaron-su-solidaridad-18-1024x683.jpg 1024w, https:\/\/www.medellin.gov.co\/es\/wp-content\/uploads\/2026\/08\/Colombia-Medellin-Te-Quiere-el-concierto-en-el-que-miles-de-personas-expresaron-su-solidaridad-18-300x200.jpg 300w, https:\/\/www.medellin.gov.co\/es\/wp-content\/uploads\/2026\/08\/Colombia-Medellin-Te-Quiere-el-concierto-en-el-que-miles-de-personas-expresaron-su-solidaridad-18-150x100.jpg 150w, https:\/\/www.medellin.gov.co\/es\/wp-content\/uploads\/2026\/08\/Colombia-Medellin-Te-Quiere-el-concierto-en-el-que-miles-de-personas-expresaron-su-solidaridad-18-768x512.jpg 768w, https:\/\/www.medellin.gov.co\/es\/wp-content\/uploads\/2026\/08\/Colombia-Medellin-Te-Quiere-el-concierto-en-el-que-miles-de-personas-expresaron-su-solidaridad-18.jpg 1079w\" sizes=\"(max-width: 1024px) 100vw, 1024px\" \/><\/a>\n\t\t\t<\/dt><\/dl><br style=\"clear: both\" \/>\n\t\t<\/div>\n\n<h6>El cantante y compositor Ciro Qui\u00f1\u00f3nez fue parte del elenco del concierto Colombia, Medell\u00edn Te Quiere<\/h6>\n<p>El dinero recaudado, en parte fue pagado por los miles de ciudadanos que concurrieron al evento. Entre ellos estuvo Luz Estela Londo\u00f1o, habitante de Copacabana (norte del Valle de Aburr\u00e1) que se enter\u00f3 del concierto por redes sociales y se uni\u00f3 al grupo de voluntarios que acompa\u00f1aron en la Donat\u00f3n al cantante Luis Alfonso. <em>\u201cEs apoyar una buena causa y nos entretenemos\u201d,<\/em> coment\u00f3 la mujer.<\/p>\n<div id=\"attachment_557392\" style=\"width: 1143px\" class=\"wp-caption alignnone\"><a href=\"https:\/\/www.medellin.gov.co\/es\/wp-content\/uploads\/2026\/08\/LUZ-ESTELA.jpg\" target=\"_blank\" rel=\"noopener\"><img aria-describedby=\"caption-attachment-557392\" loading=\"lazy\" class=\"wp-image-557392 size-full\" title=\"Luz Estela Londo\u00f1o, asistente al concierto Colombia, Medell\u00edn Te Quiere.\" src=\"https:\/\/www.medellin.gov.co\/es\/wp-content\/uploads\/2026\/08\/LUZ-ESTELA.jpg\" alt=\"Luz Estela Londo\u00f1o, asistente al concierto Colombia, Medell\u00edn Te Quiere.\" width=\"1133\" height=\"850\" srcset=\"https:\/\/www.medellin.gov.co\/es\/wp-content\/uploads\/2026\/08\/LUZ-ESTELA.jpg 1133w, https:\/\/www.medellin.gov.co\/es\/wp-content\/uploads\/2026\/08\/LUZ-ESTELA-300x225.jpg 300w, https:\/\/www.medellin.gov.co\/es\/wp-content\/uploads\/2026\/08\/LUZ-ESTELA-1024x768.jpg 1024w, https:\/\/www.medellin.gov.co\/es\/wp-content\/uploads\/2026\/08\/LUZ-ESTELA-150x113.jpg 150w, https:\/\/www.medellin.gov.co\/es\/wp-content\/uploads\/2026\/08\/LUZ-ESTELA-768x576.jpg 768w\" sizes=\"(max-width: 1133px) 100vw, 1133px\" \/><\/a><p id=\"caption-attachment-557392\" class=\"wp-caption-text\">Luz Estela Londo\u00f1o, asistente al concierto Colombia, Medell\u00edn Te Quiere<\/p><\/div>\n<p>Entre los 25 artistas del concierto estuvieron, por mencionar algunos, Luis Alfonso, <a href=\"https:\/\/www.instagram.com\/yosoytukapo\/?hl=es\" target=\"_blank\" rel=\"noopener\">Kapo<\/a>, <a href=\"https:\/\/www.instagram.com\/felipepelaez\/?hl=es\" target=\"_blank\" rel=\"noopener\">Felipe Pel\u00e1ez<\/a>, <a href=\"https:\/\/www.instagram.com\/danielcalderonn\/?hl=es\" target=\"_blank\" rel=\"noopener\">Daniel Calder\u00f3n<\/a>, <a href=\"https:\/\/www.instagram.com\/julianaaa\/?hl=es\" target=\"_blank\" rel=\"noopener\">Juliana<\/a>, <a href=\"https:\/\/www.instagram.com\/pipebueno\/?hl=es\" target=\"_blank\" rel=\"noopener\">Pipe Bueno<\/a>, <a href=\"https:\/\/www.instagram.com\/joaquinguiller\/?hl=es\" target=\"_blank\" rel=\"noopener\">Joaqu\u00edn Guiller<\/a>, <a href=\"https:\/\/www.instagram.com\/hebertvargas\/?hl=es\" target=\"_blank\" rel=\"noopener\">Hebert Vargas<\/a> y cantantes del programa <a href=\"https:\/\/musiclab.medellinjoven.com\/\" target=\"_blank\" rel=\"noopener\">Medell\u00edn Music Lab<\/a>, de la Alcald\u00eda. Ricardo Jaramillo, <a href=\"https:\/\/www.medellin.gov.co\/es\/secretaria-juventud\/\">secretario de la Juventud del Distrito<\/a>, apunt\u00f3 que un equipo de bomberos e ingenieros de la ciudad est\u00e1 distribuido en varias de las regiones m\u00e1s afectadas.<\/p>\n<p><strong>Cadena humana<\/strong><\/p>\n<p>A una cuadra de La Macarena, en direcci\u00f3n a la estaci\u00f3n Suramericana del metro, hubo otro punto de acopio coordinado por la Alcald\u00eda, en el que recibieron elementos desde las 8:00 a. m. hasta las 5:00 p. m. Ciudadanos pasaban en carros y motos y dejaban alimentos no perecederos, implementos de aseo, colchonetas, comida para mascotas, entre otros materiales.<\/p>\n<div id=\"attachment_557394\" style=\"width: 1143px\" class=\"wp-caption alignnone\"><a href=\"https:\/\/www.medellin.gov.co\/es\/wp-content\/uploads\/2026\/08\/ACOPIO-EXTERNO.jpg\" target=\"_blank\" rel=\"noopener\"><img aria-describedby=\"caption-attachment-557394\" loading=\"lazy\" class=\"wp-image-557394 size-full\" title=\"A una cuadra de La Macarena, en direcci\u00f3n a la estaci\u00f3n Suramericana del metro, hubo otro punto de acopio coordinado por la Alcald\u00eda.\" src=\"https:\/\/www.medellin.gov.co\/es\/wp-content\/uploads\/2026\/08\/ACOPIO-EXTERNO.jpg\" alt=\"A una cuadra de La Macarena, en direcci\u00f3n a la estaci\u00f3n Suramericana del metro, hubo otro punto de acopio coordinado por la Alcald\u00eda.\" width=\"1133\" height=\"850\" srcset=\"https:\/\/www.medellin.gov.co\/es\/wp-content\/uploads\/2026\/08\/ACOPIO-EXTERNO.jpg 1133w, https:\/\/www.medellin.gov.co\/es\/wp-content\/uploads\/2026\/08\/ACOPIO-EXTERNO-300x225.jpg 300w, https:\/\/www.medellin.gov.co\/es\/wp-content\/uploads\/2026\/08\/ACOPIO-EXTERNO-1024x768.jpg 1024w, https:\/\/www.medellin.gov.co\/es\/wp-content\/uploads\/2026\/08\/ACOPIO-EXTERNO-150x113.jpg 150w, https:\/\/www.medellin.gov.co\/es\/wp-content\/uploads\/2026\/08\/ACOPIO-EXTERNO-768x576.jpg 768w\" sizes=\"(max-width: 1133px) 100vw, 1133px\" \/><\/a><p id=\"caption-attachment-557394\" class=\"wp-caption-text\">A una cuadra de La Macarena, en direcci\u00f3n a la estaci\u00f3n Suramericana del metro, hubo otro punto de acopio coordinado por la Alcald\u00eda<\/p><\/div>\n<p>A eso de las 11:00 a. m., Luz Mar\u00eda Ram\u00edrez, <a href=\"https:\/\/www.medellin.gov.co\/es\/secretaria-de-inclusion-social-y-familia\/\">secretaria de Inclusi\u00f3n Social y Familia<\/a>, inform\u00f3 que ya se estaba cargando un cami\u00f3n de tres toneladas para partir rumbo al Choc\u00f3: <em>\u201cLa reacci\u00f3n solidaria de los ciudadanos ha sido muy buena y hoy tenemos aqu\u00ed muchos voluntarios, m\u00e1s personal de la <a href=\"https:\/\/crantioquia.org.co\/\" target=\"_blank\" rel=\"noopener\">Cruz Roja<\/a> y de otras organizaciones. Tenemos habilitados todos los puntos de donaci\u00f3n de la Alcald\u00eda y otros con aliados: estamos en cinco parques biblioteca, en la Terminal del Norte, el edificio de la Alcald\u00eda, en Plaza Mayor durante el <a href=\"https:\/\/www.medellin.gov.co\/es\/unidad-administrativa-especial-buen-comienzo\/festival-buen-comienzo\/\">Festival Buen Comienzo<\/a> este fin de semana y en lugares de aliados como los bancos de alimentos y la <a href=\"https:\/\/www.eafit.edu.co\/\" target=\"_blank\" rel=\"noopener\">Universidad Eafit<\/a>\u201d.<\/em><\/p>\n<div id=\"attachment_557395\" style=\"width: 1143px\" class=\"wp-caption alignnone\"><a href=\"https:\/\/www.medellin.gov.co\/es\/wp-content\/uploads\/2026\/08\/CAMION.jpg\" target=\"_blank\" rel=\"noopener\"><img aria-describedby=\"caption-attachment-557395\" loading=\"lazy\" class=\"wp-image-557395 size-full\" title=\"Uno de los camiones que se estaban alistando para salir con donaciones hacia las regiones m\u00e1s golpeadas por el terremoto.\" src=\"https:\/\/www.medellin.gov.co\/es\/wp-content\/uploads\/2026\/08\/CAMION.jpg\" alt=\"Uno de los camiones que se estaban alistando para salir con donaciones hacia las regiones m\u00e1s golpeadas por el terremoto.\" width=\"1133\" height=\"850\" srcset=\"https:\/\/www.medellin.gov.co\/es\/wp-content\/uploads\/2026\/08\/CAMION.jpg 1133w, https:\/\/www.medellin.gov.co\/es\/wp-content\/uploads\/2026\/08\/CAMION-300x225.jpg 300w, https:\/\/www.medellin.gov.co\/es\/wp-content\/uploads\/2026\/08\/CAMION-1024x768.jpg 1024w, https:\/\/www.medellin.gov.co\/es\/wp-content\/uploads\/2026\/08\/CAMION-150x113.jpg 150w, https:\/\/www.medellin.gov.co\/es\/wp-content\/uploads\/2026\/08\/CAMION-768x576.jpg 768w\" sizes=\"(max-width: 1133px) 100vw, 1133px\" \/><\/a><p id=\"caption-attachment-557395\" class=\"wp-caption-text\">Uno de los camiones que se estaban alistando para salir con donaciones hacia las regiones m\u00e1s golpeadas por el terremoto.<\/p><\/div>\n<p>Cada que un carro o una moto paraba para dejar donaciones era recibido con aplausos y gritos de alegr\u00eda por voluntarios y servidores de las instituciones. Tomaban el paquete entregado y, mediante una cadena humana, lo iban pasando hasta el punto de acopio, donde era clasificado. Luego, de ah\u00ed, en una labor colectiva lo desplazaban hasta el respectivo cami\u00f3n.<\/p>\n\n\t\t<style type=\"text\/css\">\n\t\t\t#gallery-4 {\n\t\t\t\tmargin: auto;\n\t\t\t}\n\t\t\t#gallery-4 .gallery-item {\n\t\t\t\tfloat: left;\n\t\t\t\tmargin-top: 10px;\n\t\t\t\ttext-align: center;\n\t\t\t\twidth: 50%;\n\t\t\t}\n\t\t\t#gallery-4 img {\n\t\t\t\tborder: 2px solid #cfcfcf;\n\t\t\t}\n\t\t\t#gallery-4 .gallery-caption {\n\t\t\t\tmargin-left: 0;\n\t\t\t}\n\t\t\t\/* see gallery_shortcode() in wp-includes\/media.php *\/\n\t\t<\/style>\n\t\t<div id='gallery-4' class='gallery galleryid-557335 gallery-columns-2 gallery-size-large'><dl class='gallery-item'>\n\t\t\t<dt class='gallery-icon landscape'>\n\t\t\t\t<a href='https:\/\/www.medellin.gov.co\/es\/sala-de-prensa\/noticias\/colombia-medellin-te-quiere-el-concierto-en-el-que-miles-de-personas-expresaron-su-solidaridad-por-las-victimas-del-terremoto\/camioneta\/'><img width=\"1024\" height=\"768\" src=\"https:\/\/www.medellin.gov.co\/es\/wp-content\/uploads\/2026\/08\/CAMIONETA-1024x768.jpg\" class=\"attachment-large size-large\" alt=\"\" loading=\"lazy\" srcset=\"https:\/\/www.medellin.gov.co\/es\/wp-content\/uploads\/2026\/08\/CAMIONETA-1024x768.jpg 1024w, https:\/\/www.medellin.gov.co\/es\/wp-content\/uploads\/2026\/08\/CAMIONETA-300x225.jpg 300w, https:\/\/www.medellin.gov.co\/es\/wp-content\/uploads\/2026\/08\/CAMIONETA-150x113.jpg 150w, https:\/\/www.medellin.gov.co\/es\/wp-content\/uploads\/2026\/08\/CAMIONETA-768x576.jpg 768w, https:\/\/www.medellin.gov.co\/es\/wp-content\/uploads\/2026\/08\/CAMIONETA.jpg 1133w\" sizes=\"(max-width: 1024px) 100vw, 1024px\" \/><\/a>\n\t\t\t<\/dt><\/dl><dl class='gallery-item'>\n\t\t\t<dt class='gallery-icon landscape'>\n\t\t\t\t<a href='https:\/\/www.medellin.gov.co\/es\/sala-de-prensa\/noticias\/colombia-medellin-te-quiere-el-concierto-en-el-que-miles-de-personas-expresaron-su-solidaridad-por-las-victimas-del-terremoto\/aseo-2\/'><img width=\"1024\" height=\"768\" src=\"https:\/\/www.medellin.gov.co\/es\/wp-content\/uploads\/2026\/08\/ASEO-1024x768.jpg\" class=\"attachment-large size-large\" alt=\"\" loading=\"lazy\" srcset=\"https:\/\/www.medellin.gov.co\/es\/wp-content\/uploads\/2026\/08\/ASEO-1024x768.jpg 1024w, https:\/\/www.medellin.gov.co\/es\/wp-content\/uploads\/2026\/08\/ASEO-300x225.jpg 300w, https:\/\/www.medellin.gov.co\/es\/wp-content\/uploads\/2026\/08\/ASEO-150x113.jpg 150w, https:\/\/www.medellin.gov.co\/es\/wp-content\/uploads\/2026\/08\/ASEO-768x576.jpg 768w, https:\/\/www.medellin.gov.co\/es\/wp-content\/uploads\/2026\/08\/ASEO.jpg 1133w\" sizes=\"(max-width: 1024px) 100vw, 1024px\" \/><\/a>\n\t\t\t<\/dt><\/dl><br style=\"clear: both\" \/>\n\t\t<\/div>\n\n<h6>Voluntarios y servidores recibieron y clasificaron los elementos que don\u00f3 la ciudadan\u00eda<\/h6>\n<p>Al lado del acopio hubo un punto de donaci\u00f3n de sangre, instalado por el <a href=\"https:\/\/www.udea.edu.co\/wps\/portal\/udea\/web\/generales\/interna\/Unidades+Acad%21c3%21a9micas\/Microbiolog%21c3%21ada\/asContenidos\/asListado\/banco-de-sangre-se-transforma-en-hemocentro\" target=\"_blank\" rel=\"noopener\">Hemocentro de la Universidad de Antioquia<\/a>. Cristina Yepes, microbi\u00f3loga y bioanalista, explic\u00f3 que, con frecuencia, este y otros hemocentros deben reportarle al Instituto Nacional de Salud la disponibilidad de sangre que tienen y, en caso de que el instituto les informe que se requiere en una zona afectada por el terremoto o en otras regiones del pa\u00eds, parte de la sangre donada ser\u00e1 para ello.<\/p>\n\n\t\t<style type=\"text\/css\">\n\t\t\t#gallery-5 {\n\t\t\t\tmargin: auto;\n\t\t\t}\n\t\t\t#gallery-5 .gallery-item {\n\t\t\t\tfloat: left;\n\t\t\t\tmargin-top: 10px;\n\t\t\t\ttext-align: center;\n\t\t\t\twidth: 50%;\n\t\t\t}\n\t\t\t#gallery-5 img {\n\t\t\t\tborder: 2px solid #cfcfcf;\n\t\t\t}\n\t\t\t#gallery-5 .gallery-caption {\n\t\t\t\tmargin-left: 0;\n\t\t\t}\n\t\t\t\/* see gallery_shortcode() in wp-includes\/media.php *\/\n\t\t<\/style>\n\t\t<div id='gallery-5' class='gallery galleryid-557335 gallery-columns-2 gallery-size-large'><dl class='gallery-item'>\n\t\t\t<dt class='gallery-icon landscape'>\n\t\t\t\t<a href='https:\/\/www.medellin.gov.co\/es\/sala-de-prensa\/noticias\/colombia-medellin-te-quiere-el-concierto-en-el-que-miles-de-personas-expresaron-su-solidaridad-por-las-victimas-del-terremoto\/hemocentro\/'><img width=\"1024\" height=\"768\" src=\"https:\/\/www.medellin.gov.co\/es\/wp-content\/uploads\/2026\/08\/HEMOCENTRO-1024x768.jpg\" class=\"attachment-large size-large\" alt=\"\" loading=\"lazy\" srcset=\"https:\/\/www.medellin.gov.co\/es\/wp-content\/uploads\/2026\/08\/HEMOCENTRO-1024x768.jpg 1024w, https:\/\/www.medellin.gov.co\/es\/wp-content\/uploads\/2026\/08\/HEMOCENTRO-300x225.jpg 300w, https:\/\/www.medellin.gov.co\/es\/wp-content\/uploads\/2026\/08\/HEMOCENTRO-150x113.jpg 150w, https:\/\/www.medellin.gov.co\/es\/wp-content\/uploads\/2026\/08\/HEMOCENTRO-768x576.jpg 768w, https:\/\/www.medellin.gov.co\/es\/wp-content\/uploads\/2026\/08\/HEMOCENTRO.jpg 1133w\" sizes=\"(max-width: 1024px) 100vw, 1024px\" \/><\/a>\n\t\t\t<\/dt><\/dl><dl class='gallery-item'>\n\t\t\t<dt class='gallery-icon landscape'>\n\t\t\t\t<a href='https:\/\/www.medellin.gov.co\/es\/sala-de-prensa\/noticias\/colombia-medellin-te-quiere-el-concierto-en-el-que-miles-de-personas-expresaron-su-solidaridad-por-las-victimas-del-terremoto\/cristina\/'><img width=\"1024\" height=\"768\" src=\"https:\/\/www.medellin.gov.co\/es\/wp-content\/uploads\/2026\/08\/CRISTINA-1024x768.jpg\" class=\"attachment-large size-large\" alt=\"\" loading=\"lazy\" srcset=\"https:\/\/www.medellin.gov.co\/es\/wp-content\/uploads\/2026\/08\/CRISTINA-1024x768.jpg 1024w, https:\/\/www.medellin.gov.co\/es\/wp-content\/uploads\/2026\/08\/CRISTINA-300x225.jpg 300w, https:\/\/www.medellin.gov.co\/es\/wp-content\/uploads\/2026\/08\/CRISTINA-150x113.jpg 150w, https:\/\/www.medellin.gov.co\/es\/wp-content\/uploads\/2026\/08\/CRISTINA-768x576.jpg 768w, https:\/\/www.medellin.gov.co\/es\/wp-content\/uploads\/2026\/08\/CRISTINA.jpg 1133w\" sizes=\"(max-width: 1024px) 100vw, 1024px\" \/><\/a>\n\t\t\t<\/dt><\/dl><br style=\"clear: both\" \/>\n\t\t<\/div>\n\n<h6>El Hemocentro de la Universidad de Antioquia recibi\u00f3 donaciones de sangre cerca de La Macarena. En primer plano, Cristina Yepes, microbi\u00f3loga y bioanalista<\/h6>\n<p><strong>Camiones con donaciones<\/strong><\/p>\n<p>Entretanto, en La Macarena continuaba el concierto, esta vez con Joaqu\u00edn Guiller, que cantaba <em>Usted no me olvida.<\/em> <em>\u201cCon nuestro talento y nuestra m\u00fasica tratamos de aportarle un granito de arena a las necesidades del pa\u00eds\u201d,<\/em> expres\u00f3 el artista, nacido en Brice\u00f1o, Norte de Antioquia, al terminar su presentaci\u00f3n.<\/p>\n<div id=\"attachment_557407\" style=\"width: 1284px\" class=\"wp-caption alignnone\"><a href=\"https:\/\/www.medellin.gov.co\/es\/wp-content\/uploads\/2026\/08\/PUBLICO-1.jpg\" target=\"_blank\" rel=\"noopener\"><img aria-describedby=\"caption-attachment-557407\" loading=\"lazy\" class=\"wp-image-557407 size-full\" title=\"Asistentes al concierto Colombia, Medell\u00edn Te Quiere\" src=\"https:\/\/www.medellin.gov.co\/es\/wp-content\/uploads\/2026\/08\/PUBLICO-1.jpg\" alt=\"Asistentes al concierto Colombia, Medell\u00edn Te Quiere\" width=\"1274\" height=\"850\" srcset=\"https:\/\/www.medellin.gov.co\/es\/wp-content\/uploads\/2026\/08\/PUBLICO-1.jpg 1274w, https:\/\/www.medellin.gov.co\/es\/wp-content\/uploads\/2026\/08\/PUBLICO-1-300x200.jpg 300w, https:\/\/www.medellin.gov.co\/es\/wp-content\/uploads\/2026\/08\/PUBLICO-1-1024x683.jpg 1024w, https:\/\/www.medellin.gov.co\/es\/wp-content\/uploads\/2026\/08\/PUBLICO-1-150x100.jpg 150w, https:\/\/www.medellin.gov.co\/es\/wp-content\/uploads\/2026\/08\/PUBLICO-1-768x512.jpg 768w\" sizes=\"(max-width: 1274px) 100vw, 1274px\" \/><\/a><p id=\"caption-attachment-557407\" class=\"wp-caption-text\">Asistentes al concierto Colombia, Medell\u00edn Te Quiere<\/p><\/div>\n<p>Los artistas y los g\u00e9neros musicales iban cambiando y los aficionados segu\u00edan llegando. Alejandra Garc\u00eda tiene 24 a\u00f1os, naci\u00f3 en Zaragoza, Bajo Cauca antioque\u00f1o, y desde 2022 vive en Medell\u00edn. Cont\u00f3 que le gustan los artistas que participaron en el concierto y, especialmente, el cantante y compositor de vallenato Hebert Vargas.<\/p>\n<div id=\"attachment_557410\" style=\"width: 1143px\" class=\"wp-caption alignnone\"><a href=\"https:\/\/www.medellin.gov.co\/es\/wp-content\/uploads\/2026\/08\/ALEJANDRA.jpg\" target=\"_blank\" rel=\"noopener\"><img aria-describedby=\"caption-attachment-557410\" loading=\"lazy\" class=\"wp-image-557410 size-full\" title=\"Alejandra Garc\u00eda, asistente al concierto Colombia, Medell\u00edn Te Quiere\" src=\"https:\/\/www.medellin.gov.co\/es\/wp-content\/uploads\/2026\/08\/ALEJANDRA.jpg\" alt=\"Alejandra Garc\u00eda, asistente al concierto Colombia, Medell\u00edn Te Quiere\" width=\"1133\" height=\"850\" srcset=\"https:\/\/www.medellin.gov.co\/es\/wp-content\/uploads\/2026\/08\/ALEJANDRA.jpg 1133w, https:\/\/www.medellin.gov.co\/es\/wp-content\/uploads\/2026\/08\/ALEJANDRA-300x225.jpg 300w, https:\/\/www.medellin.gov.co\/es\/wp-content\/uploads\/2026\/08\/ALEJANDRA-1024x768.jpg 1024w, https:\/\/www.medellin.gov.co\/es\/wp-content\/uploads\/2026\/08\/ALEJANDRA-150x113.jpg 150w, https:\/\/www.medellin.gov.co\/es\/wp-content\/uploads\/2026\/08\/ALEJANDRA-768x576.jpg 768w\" sizes=\"(max-width: 1133px) 100vw, 1133px\" \/><\/a><p id=\"caption-attachment-557410\" class=\"wp-caption-text\">Alejandra Garc\u00eda, asistente al concierto Colombia, Medell\u00edn Te Quiere<\/p><\/div>\n<p>Finaliz\u00f3 el concierto y los asistentes salieron felices de haber disfrutado de haber visto a sus artistas, pero con el pensamiento y el sentimiento solidario con las familias que est\u00e1n padeciendo esta dura situaci\u00f3n. Por su parte los camiones con donaciones en especie van hacia los pueblos y comunidades golpeadas por el terremoto. Y a cientos de kil\u00f3metros de distancia, la capital antioque\u00f1a abraza con su solidaridad a las miles de familias v\u00edctimas de esta tragedia.<\/p>\n<div id=\"attachment_557353\" style=\"width: 1089px\" class=\"wp-caption alignnone\"><a href=\"https:\/\/www.medellin.gov.co\/es\/wp-content\/uploads\/2026\/08\/Colombia-Medellin-Te-Quiere-el-concierto-en-el-que-miles-de-personas-expresaron-su-solidaridad-3.jpg\" target=\"_blank\" rel=\"noopener\"><img aria-describedby=\"caption-attachment-557353\" loading=\"lazy\" class=\"wp-image-557353 size-full\" title=\"El concierto Colombia, Medell\u00edn Te Quiere, empez\u00f3 a las 12:00 m. y termin\u00f3 a las 8:00 p. m\" src=\"https:\/\/www.medellin.gov.co\/es\/wp-content\/uploads\/2026\/08\/Colombia-Medellin-Te-Quiere-el-concierto-en-el-que-miles-de-personas-expresaron-su-solidaridad-3.jpg\" alt=\"Colombia, Medell\u00edn Te Quiere el concierto en el que miles de personas expresaron su solidaridad (1)\" width=\"1079\" height=\"720\" srcset=\"https:\/\/www.medellin.gov.co\/es\/wp-content\/uploads\/2026\/08\/Colombia-Medellin-Te-Quiere-el-concierto-en-el-que-miles-de-personas-expresaron-su-solidaridad-3.jpg 1079w, https:\/\/www.medellin.gov.co\/es\/wp-content\/uploads\/2026\/08\/Colombia-Medellin-Te-Quiere-el-concierto-en-el-que-miles-de-personas-expresaron-su-solidaridad-3-300x200.jpg 300w, https:\/\/www.medellin.gov.co\/es\/wp-content\/uploads\/2026\/08\/Colombia-Medellin-Te-Quiere-el-concierto-en-el-que-miles-de-personas-expresaron-su-solidaridad-3-1024x683.jpg 1024w, https:\/\/www.medellin.gov.co\/es\/wp-content\/uploads\/2026\/08\/Colombia-Medellin-Te-Quiere-el-concierto-en-el-que-miles-de-personas-expresaron-su-solidaridad-3-150x100.jpg 150w, https:\/\/www.medellin.gov.co\/es\/wp-content\/uploads\/2026\/08\/Colombia-Medellin-Te-Quiere-el-concierto-en-el-que-miles-de-personas-expresaron-su-solidaridad-3-768x512.jpg 768w\" sizes=\"(max-width: 1079px) 100vw, 1079px\" \/><\/a><p id=\"caption-attachment-557353\" class=\"wp-caption-text\">El concierto Colombia, Medell\u00edn Te Quiere, empez\u00f3 a las 12:00 m. y termin\u00f3 a las 8:00 p. m<\/p><\/div>\n<p>Un grano de arena en medio de esta pena que nos acongoja a todos, para llevar esperanza a nuestros paisanos de otras latitudes, lo que nos demuestra que cuando pensamos como pa\u00eds, unidos, sin distingos de ninguna clase, nada nos supera y somos imparables.<\/p>\n<p><div class=\"iframe-container\"><iframe title=\"YouTube video player\" src=\"https:\/\/www.youtube.com\/embed\/JFbam-mf7-8?si=UFaDhHRkNeNzUrFb\" width=\"100%\" height=\"400\" frameborder=\"0\" allowfullscreen=\"allowfullscreen\"><span data-mce-type=\"bookmark\" style=\"display: inline-block; width: 0px; overflow: hidden; line-height: 0;\" class=\"mce_SELRES_start\">\ufeff<\/span><\/iframe><\/div><\/p>\n","protected":false},"excerpt":{"rendered":"<p>El Centro de Eventos La Macarena fue el n\u00facleo de la solidaridad de Medell\u00edn el s\u00e1bado, 15 de agosto. All\u00ed, 25 artistas donaron su talento y miles de asistentes pagaron su entrada al concierto. Otros &#8230;<\/p>\n","protected":false},"author":97,"featured_media":557412,"comment_status":"open","ping_status":"open","sticky":false,"template":"","format":"standard","meta":[],"categories":[285,293,531,1],"tags":[428],"formato_nota":[],"programas_tax":[],"acf":[],"_links":{"self":[{"href":"https:\/\/www.medellin.gov.co\/es\/wp-json\/wp\/v2\/posts\/557335"}],"collection":[{"href":"https:\/\/www.medellin.gov.co\/es\/wp-json\/wp\/v2\/posts"}],"about":[{"href":"https:\/\/www.medellin.gov.co\/es\/wp-json\/wp\/v2\/types\/post"}],"author":[{"embeddable":true,"href":"https:\/\/www.medellin.gov.co\/es\/wp-json\/wp\/v2\/users\/97"}],"replies":[{"embeddable":true,"href":"https:\/\/www.medellin.gov.co\/es\/wp-json\/wp\/v2\/comments?post=557335"}],"version-history":[{"count":8,"href":"https:\/\/www.medellin.gov.co\/es\/wp-json\/wp\/v2\/posts\/557335\/revisions"}],"predecessor-version":[{"id":557450,"href":"https:\/\/www.medellin.gov.co\/es\/wp-json\/wp\/v2\/posts\/557335\/revisions\/557450"}],"wp:featuredmedia":[{"embeddable":true,"href":"https:\/\/www.medellin.gov.co\/es\/wp-json\/wp\/v2\/media\/557412"}],"wp:attachment":[{"href":"https:\/\/www.medellin.gov.co\/es\/wp-json\/wp\/v2\/media?parent=557335"}],"wp:term":[{"taxonomy":"category","embeddable":true,"href":"https:\/\/www.medellin.gov.co\/es\/wp-json\/wp\/v2\/categories?post=557335"},{"taxonomy":"post_tag","embeddable":true,"href":"https:\/\/www.medellin.gov.co\/es\/wp-json\/wp\/v2\/tags?post=557335"},{"taxonomy":"formato_nota","embeddable":true,"href":"https:\/\/www.medellin.gov.co\/es\/wp-json\/wp\/v2\/formato_nota?post=557335"},{"taxonomy":"programas_tax","embeddable":true,"href":"https:\/\/www.medellin.gov.co\/es\/wp-json\/wp\/v2\/programas_tax?post=557335"}],"curies":[{"name":"wp","href":"https:\/\/api.w.org\/{rel}","templated":true}]}}