{"id":562255,"date":"2026-08-30T09:12:50","date_gmt":"2026-08-30T14:12:50","guid":{"rendered":"https:\/\/www.medellin.gov.co\/es\/?p=562255"},"modified":"2026-08-30T19:30:19","modified_gmt":"2026-08-31T00:30:19","slug":"la-alcaldia-de-medellin-ya-construye-el-septimo-de-los-11-megacolegios-el-rodrigo-lara-bonilla-en-manrique","status":"publish","type":"post","link":"https:\/\/www.medellin.gov.co\/es\/sala-de-prensa\/noticias\/la-alcaldia-de-medellin-ya-construye-el-septimo-de-los-11-megacolegios-el-rodrigo-lara-bonilla-en-manrique\/","title":{"rendered":"La Alcald\u00eda de Medell\u00edn ya construye el s\u00e9ptimo de los 11 megacolegios: el Rodrigo Lara Bonilla, en Manrique"},"content":{"rendered":"<ul>\n<li>Esta infraestructura educativa beneficiar\u00e1 a 660 estudiantes, en las jornadas de prescolar, primaria y bachillerato.<\/li>\n<li>Adem\u00e1s de este nuevo equipamiento, en Manrique tambi\u00e9n se construye el megacolegio Hern\u00e1n Toro Agudelo.<\/li>\n<\/ul>\n<!--[if lt IE 9]><script>document.createElement('audio');<\/script><![endif]-->\n\t<div class=\"wp-playlist wp-audio-playlist wp-playlist-light\">\n\t\t\t<div class=\"wp-playlist-current-item\"><\/div>\n\t\t<audio controls=\"controls\" preload=\"none\" width=\"640\"\n\t\t\t><\/audio>\n\t<div class=\"wp-playlist-next\"><\/div>\n\t<div class=\"wp-playlist-prev\"><\/div>\n\t<noscript>\n\t<ol>\n\t\t<li><a href='https:\/\/www.medellin.gov.co\/es\/wp-content\/uploads\/2026\/08\/Declaraciones-secretaria-de-Educacion-Carolina-Franco-Giraldo.mp3'>Declaraciones secretaria de Educaci\u00f3n, Carolina Franco Giraldo<\/a><\/li><li><a href='https:\/\/www.medellin.gov.co\/es\/wp-content\/uploads\/2026\/08\/Declaraciones-gerente-de-la-EDU-Emiro-Valdes-Lopez.mp3'>Declaraciones gerente de la EDU, Emiro Vald\u00e9s L\u00f3pez<\/a><\/li>\t<\/ol>\n\t<\/noscript>\n\t<script type=\"application\/json\" class=\"wp-playlist-script\">{\"type\":\"audio\",\"tracklist\":true,\"tracknumbers\":true,\"images\":true,\"artists\":true,\"tracks\":[{\"src\":\"https:\\\/\\\/www.medellin.gov.co\\\/es\\\/wp-content\\\/uploads\\\/2026\\\/08\\\/Declaraciones-secretaria-de-Educacion-Carolina-Franco-Giraldo.mp3\",\"type\":\"audio\\\/mpeg\",\"title\":\"Declaraciones secretaria de Educaci\\u00f3n, Carolina Franco Giraldo\",\"caption\":\"\",\"description\":\"\\u00abDeclaraciones secretaria de Educaci\\u00f3n, Carolina Franco Giraldo\\u00bb. G\\u00e9nero: Blues.\",\"meta\":{\"genre\":\"Blues\",\"length_formatted\":\"0:44\"},\"image\":{\"src\":\"https:\\\/\\\/www.medellin.gov.co\\\/es\\\/wp-includes\\\/images\\\/media\\\/audio.png\",\"width\":48,\"height\":64},\"thumb\":{\"src\":\"https:\\\/\\\/www.medellin.gov.co\\\/es\\\/wp-includes\\\/images\\\/media\\\/audio.png\",\"width\":48,\"height\":64}},{\"src\":\"https:\\\/\\\/www.medellin.gov.co\\\/es\\\/wp-content\\\/uploads\\\/2026\\\/08\\\/Declaraciones-gerente-de-la-EDU-Emiro-Valdes-Lopez.mp3\",\"type\":\"audio\\\/mpeg\",\"title\":\"Declaraciones gerente de la EDU, Emiro Vald\\u00e9s L\\u00f3pez\",\"caption\":\"\",\"description\":\"\\u00abDeclaraciones gerente de la EDU, Emiro Vald\\u00e9s L\\u00f3pez\\u00bb. G\\u00e9nero: Blues.\",\"meta\":{\"genre\":\"Blues\",\"length_formatted\":\"0:54\"},\"image\":{\"src\":\"https:\\\/\\\/www.medellin.gov.co\\\/es\\\/wp-includes\\\/images\\\/media\\\/audio.png\",\"width\":48,\"height\":64},\"thumb\":{\"src\":\"https:\\\/\\\/www.medellin.gov.co\\\/es\\\/wp-includes\\\/images\\\/media\\\/audio.png\",\"width\":48,\"height\":64}}]}<\/script>\n<\/div>\n\t\n<p>Con el inicio de la construcci\u00f3n de la Secci\u00f3n Escuela Rodrigo Lara Bonilla, ubicada en la comuna 3-Manrique, ya son siete los megacolegios en obra, de los once que se construir\u00e1n en este cuatrienio.<\/p>\n<p>Este nuevo proyecto contar\u00e1 con una inversi\u00f3n superior a los $57.700 millones, tendr\u00e1 6.442 metros cuadrados de \u00e1rea construida distribuidos en seis niveles y ofrecer\u00e1 cupo para 660 estudiantes de preescolar, primaria y bachillerato.<\/p>\n<p><img loading=\"lazy\" class=\"alignnone wp-image-562260 size-full\" title=\"Megacolegios el Rodrigo Lara Bonilla, en Manrique \" src=\"https:\/\/www.medellin.gov.co\/es\/wp-content\/uploads\/2026\/08\/Imagen-megacolegios-el-Rodrigo-Lara-Bonilla-en-Manrique-6.jpg\" alt=\"Imagen megacolegios el Rodrigo Lara Bonilla, en Manrique (6)\" width=\"1280\" height=\"720\" srcset=\"https:\/\/www.medellin.gov.co\/es\/wp-content\/uploads\/2026\/08\/Imagen-megacolegios-el-Rodrigo-Lara-Bonilla-en-Manrique-6.jpg 1280w, https:\/\/www.medellin.gov.co\/es\/wp-content\/uploads\/2026\/08\/Imagen-megacolegios-el-Rodrigo-Lara-Bonilla-en-Manrique-6-300x169.jpg 300w, https:\/\/www.medellin.gov.co\/es\/wp-content\/uploads\/2026\/08\/Imagen-megacolegios-el-Rodrigo-Lara-Bonilla-en-Manrique-6-1024x576.jpg 1024w, https:\/\/www.medellin.gov.co\/es\/wp-content\/uploads\/2026\/08\/Imagen-megacolegios-el-Rodrigo-Lara-Bonilla-en-Manrique-6-150x84.jpg 150w, https:\/\/www.medellin.gov.co\/es\/wp-content\/uploads\/2026\/08\/Imagen-megacolegios-el-Rodrigo-Lara-Bonilla-en-Manrique-6-768x432.jpg 768w\" sizes=\"(max-width: 1280px) 100vw, 1280px\" \/><\/p>\n<p>Su dise\u00f1o responde a las caracter\u00edsticas del terreno y convierte la pronunciada pendiente de Manrique en uno de sus principales atributos arquitect\u00f3nicos, mediante una implantaci\u00f3n escalonada que aprovecha las visuales sobre la ciudad y crea terrazas, plataformas y espacios abiertos para el aprendizaje y la convivencia.<\/p>\n<p>\u201cEste proyecto transformar\u00e1 la infraestructura educativa de la comuna 3 y ampliar\u00e1 las oportunidades de acceso a la educaci\u00f3n para las familias del sector. Esta nueva sede tendr\u00e1 una capacidad para 660 estudiantes, con espacios modernos, seguros y pensados para el aprendizaje\u201d, asegur\u00f3 la secretaria de Educaci\u00f3n, Carolina Franco. La Secci\u00f3n Escuela Rodrigo Lara Bonilla fue concebida como un espacio conectado con su comunidad. Sus terrazas habitables funcionar\u00e1n como plazas de encuentro y miradores, mientras que las circulaciones abiertas favorecer\u00e1n la integraci\u00f3n entre estudiantes, docentes y vecinos del sector.<\/p>\n\n\t\t<style type=\"text\/css\">\n\t\t\t#gallery-1 {\n\t\t\t\tmargin: auto;\n\t\t\t}\n\t\t\t#gallery-1 .gallery-item {\n\t\t\t\tfloat: left;\n\t\t\t\tmargin-top: 10px;\n\t\t\t\ttext-align: center;\n\t\t\t\twidth: 50%;\n\t\t\t}\n\t\t\t#gallery-1 img {\n\t\t\t\tborder: 2px solid #cfcfcf;\n\t\t\t}\n\t\t\t#gallery-1 .gallery-caption {\n\t\t\t\tmargin-left: 0;\n\t\t\t}\n\t\t\t\/* see gallery_shortcode() in wp-includes\/media.php *\/\n\t\t<\/style>\n\t\t<div id='gallery-1' class='gallery galleryid-562255 gallery-columns-2 gallery-size-full'><dl class='gallery-item'>\n\t\t\t<dt class='gallery-icon landscape'>\n\t\t\t\t<a href='https:\/\/www.medellin.gov.co\/es\/sala-de-prensa\/noticias\/la-alcaldia-de-medellin-ya-construye-el-septimo-de-los-11-megacolegios-el-rodrigo-lara-bonilla-en-manrique\/imagen-megacolegios-el-rodrigo-lara-bonilla-en-manrique-4\/'><img width=\"1280\" height=\"720\" src=\"https:\/\/www.medellin.gov.co\/es\/wp-content\/uploads\/2026\/08\/Imagen-megacolegios-el-Rodrigo-Lara-Bonilla-en-Manrique-4.jpg\" class=\"attachment-full size-full\" alt=\"Imagen megacolegios el Rodrigo Lara Bonilla, en Manrique (3)\" loading=\"lazy\" srcset=\"https:\/\/www.medellin.gov.co\/es\/wp-content\/uploads\/2026\/08\/Imagen-megacolegios-el-Rodrigo-Lara-Bonilla-en-Manrique-4.jpg 1280w, https:\/\/www.medellin.gov.co\/es\/wp-content\/uploads\/2026\/08\/Imagen-megacolegios-el-Rodrigo-Lara-Bonilla-en-Manrique-4-300x169.jpg 300w, https:\/\/www.medellin.gov.co\/es\/wp-content\/uploads\/2026\/08\/Imagen-megacolegios-el-Rodrigo-Lara-Bonilla-en-Manrique-4-1024x576.jpg 1024w, https:\/\/www.medellin.gov.co\/es\/wp-content\/uploads\/2026\/08\/Imagen-megacolegios-el-Rodrigo-Lara-Bonilla-en-Manrique-4-150x84.jpg 150w, https:\/\/www.medellin.gov.co\/es\/wp-content\/uploads\/2026\/08\/Imagen-megacolegios-el-Rodrigo-Lara-Bonilla-en-Manrique-4-768x432.jpg 768w\" sizes=\"(max-width: 1280px) 100vw, 1280px\" \/><\/a>\n\t\t\t<\/dt><\/dl><dl class='gallery-item'>\n\t\t\t<dt class='gallery-icon landscape'>\n\t\t\t\t<a href='https:\/\/www.medellin.gov.co\/es\/sala-de-prensa\/noticias\/la-alcaldia-de-medellin-ya-construye-el-septimo-de-los-11-megacolegios-el-rodrigo-lara-bonilla-en-manrique\/imagen-megacolegios-el-rodrigo-lara-bonilla-en-manrique-3\/'><img width=\"1280\" height=\"720\" src=\"https:\/\/www.medellin.gov.co\/es\/wp-content\/uploads\/2026\/08\/Imagen-megacolegios-el-Rodrigo-Lara-Bonilla-en-Manrique-3.jpg\" class=\"attachment-full size-full\" alt=\"Imagen megacolegios el Rodrigo Lara Bonilla, en Manrique (3)\" loading=\"lazy\" srcset=\"https:\/\/www.medellin.gov.co\/es\/wp-content\/uploads\/2026\/08\/Imagen-megacolegios-el-Rodrigo-Lara-Bonilla-en-Manrique-3.jpg 1280w, https:\/\/www.medellin.gov.co\/es\/wp-content\/uploads\/2026\/08\/Imagen-megacolegios-el-Rodrigo-Lara-Bonilla-en-Manrique-3-300x169.jpg 300w, https:\/\/www.medellin.gov.co\/es\/wp-content\/uploads\/2026\/08\/Imagen-megacolegios-el-Rodrigo-Lara-Bonilla-en-Manrique-3-1024x576.jpg 1024w, https:\/\/www.medellin.gov.co\/es\/wp-content\/uploads\/2026\/08\/Imagen-megacolegios-el-Rodrigo-Lara-Bonilla-en-Manrique-3-150x84.jpg 150w, https:\/\/www.medellin.gov.co\/es\/wp-content\/uploads\/2026\/08\/Imagen-megacolegios-el-Rodrigo-Lara-Bonilla-en-Manrique-3-768x432.jpg 768w\" sizes=\"(max-width: 1280px) 100vw, 1280px\" \/><\/a>\n\t\t\t<\/dt><\/dl><br style=\"clear: both\" \/>\n\t\t<\/div>\n\n<p>Adem\u00e1s, contar\u00e1 con tres accesos independientes que facilitar\u00e1n el ingreso seguro de la comunidad educativa y una infraestructura para personas con movilidad reducida. El nuevo megacolegio dispondr\u00e1 de salas de experiencia inicial para la primera infancia, aulas flexibles, laboratorios de ideas, biblioteca, ludoteca, sal\u00f3n de computadores, laboratorios integrados, aulas de tecnolog\u00eda e innovaci\u00f3n, taller de dibujo t\u00e9cnico, cancha multiprop\u00f3sito, \u00e1reas recreativas, comedor, cocina y un ambiente multifuncional dise\u00f1ado para promover nuevas experiencias de aprendizaje. La propuesta tambi\u00e9n incorpora soluciones ambientales que permitir\u00e1n reducir el consumo energ\u00e9tico y mejorar las condiciones de confort dentro de la instituci\u00f3n.<\/p>\n<p>El dise\u00f1o aprovecha la iluminaci\u00f3n natural y la ventilaci\u00f3n cruzada en todos los niveles, con sistemas de protecci\u00f3n solar, de acuerdo con la orientaci\u00f3n de las fachadas, y utiliza vegetaci\u00f3n nativa para generar sombra, fortalecer la biodiversidad y contribuir a la regulaci\u00f3n t\u00e9rmica del entorno.<\/p>\n<p><img loading=\"lazy\" class=\"alignnone wp-image-562266 size-full\" title=\"Megacolegios el Rodrigo Lara Bonilla, en Manrique \" src=\"https:\/\/www.medellin.gov.co\/es\/wp-content\/uploads\/2026\/08\/Imagen-megacolegios-el-Rodrigo-Lara-Bonilla-en-Manrique-2.jpg\" alt=\"Imagen megacolegios el Rodrigo Lara Bonilla, en Manrique (2)\" width=\"1133\" height=\"850\" srcset=\"https:\/\/www.medellin.gov.co\/es\/wp-content\/uploads\/2026\/08\/Imagen-megacolegios-el-Rodrigo-Lara-Bonilla-en-Manrique-2.jpg 1133w, https:\/\/www.medellin.gov.co\/es\/wp-content\/uploads\/2026\/08\/Imagen-megacolegios-el-Rodrigo-Lara-Bonilla-en-Manrique-2-300x225.jpg 300w, https:\/\/www.medellin.gov.co\/es\/wp-content\/uploads\/2026\/08\/Imagen-megacolegios-el-Rodrigo-Lara-Bonilla-en-Manrique-2-1024x768.jpg 1024w, https:\/\/www.medellin.gov.co\/es\/wp-content\/uploads\/2026\/08\/Imagen-megacolegios-el-Rodrigo-Lara-Bonilla-en-Manrique-2-150x113.jpg 150w, https:\/\/www.medellin.gov.co\/es\/wp-content\/uploads\/2026\/08\/Imagen-megacolegios-el-Rodrigo-Lara-Bonilla-en-Manrique-2-768x576.jpg 768w\" sizes=\"(max-width: 1133px) 100vw, 1133px\" \/><\/p>\n<p>\u201cUna solicitud expresa de nuestro alcalde Federico Guti\u00e9rrez es dise\u00f1ar una infraestructura educativa a la altura de los mejores colegios p\u00fablicos y privados del pa\u00eds. Con este megacolegio, no solo vamos a tener una centralidad educativa de las mejores condiciones, sino que estamos mitigando el riesgo para mejorar las condiciones de vida de los vecinos y la comunidad en general\u201d, se\u00f1al\u00f3 el gerente de la EDU, Emiro Vald\u00e9s L\u00f3pez La Secci\u00f3n Escuela Rodrigo Lara Bonilla tambi\u00e9n fortalecer\u00e1 la vida de barrio.<\/p>\n<p>Su cercan\u00eda con la UVA de Los Sue\u00f1os, parques y otros equipamientos comunitarios permitir\u00e1 consolidar un corredor de integraci\u00f3n social y cultural, donde la instituci\u00f3n no solo ser\u00e1 un lugar para aprender, sino tambi\u00e9n un espacio para el encuentro ciudadano y la apropiaci\u00f3n del territorio.<\/p>\n","protected":false},"excerpt":{"rendered":"<p>Esta infraestructura educativa beneficiar\u00e1 a 660 estudiantes, en las jornadas de prescolar, primaria y bachillerato. Adem\u00e1s de este nuevo equipamiento, en Manrique tambi\u00e9n se construye el megacolegio Hern\u00e1n Toro Agudelo. Con el inicio de la &#8230;<\/p>\n","protected":false},"author":95,"featured_media":562269,"comment_status":"open","ping_status":"open","sticky":false,"template":"","format":"standard","meta":[],"categories":[747],"tags":[634],"formato_nota":[],"programas_tax":[],"acf":[],"_links":{"self":[{"href":"https:\/\/www.medellin.gov.co\/es\/wp-json\/wp\/v2\/posts\/562255"}],"collection":[{"href":"https:\/\/www.medellin.gov.co\/es\/wp-json\/wp\/v2\/posts"}],"about":[{"href":"https:\/\/www.medellin.gov.co\/es\/wp-json\/wp\/v2\/types\/post"}],"author":[{"embeddable":true,"href":"https:\/\/www.medellin.gov.co\/es\/wp-json\/wp\/v2\/users\/95"}],"replies":[{"embeddable":true,"href":"https:\/\/www.medellin.gov.co\/es\/wp-json\/wp\/v2\/comments?post=562255"}],"version-history":[{"count":1,"href":"https:\/\/www.medellin.gov.co\/es\/wp-json\/wp\/v2\/posts\/562255\/revisions"}],"predecessor-version":[{"id":562275,"href":"https:\/\/www.medellin.gov.co\/es\/wp-json\/wp\/v2\/posts\/562255\/revisions\/562275"}],"wp:featuredmedia":[{"embeddable":true,"href":"https:\/\/www.medellin.gov.co\/es\/wp-json\/wp\/v2\/media\/562269"}],"wp:attachment":[{"href":"https:\/\/www.medellin.gov.co\/es\/wp-json\/wp\/v2\/media?parent=562255"}],"wp:term":[{"taxonomy":"category","embeddable":true,"href":"https:\/\/www.medellin.gov.co\/es\/wp-json\/wp\/v2\/categories?post=562255"},{"taxonomy":"post_tag","embeddable":true,"href":"https:\/\/www.medellin.gov.co\/es\/wp-json\/wp\/v2\/tags?post=562255"},{"taxonomy":"formato_nota","embeddable":true,"href":"https:\/\/www.medellin.gov.co\/es\/wp-json\/wp\/v2\/formato_nota?post=562255"},{"taxonomy":"programas_tax","embeddable":true,"href":"https:\/\/www.medellin.gov.co\/es\/wp-json\/wp\/v2\/programas_tax?post=562255"}],"curies":[{"name":"wp","href":"https:\/\/api.w.org\/{rel}","templated":true}]}}