{"id":562277,"date":"2026-08-30T09:37:49","date_gmt":"2026-08-30T14:37:49","guid":{"rendered":"https:\/\/www.medellin.gov.co\/es\/?p=562277"},"modified":"2026-08-30T19:38:40","modified_gmt":"2026-08-31T00:38:40","slug":"las-obras-de-la-quebrada-la-sucia-al-suroriente-de-medellin-alcanzan-una-ejecucion-del-58","status":"publish","type":"post","link":"https:\/\/www.medellin.gov.co\/es\/sala-de-prensa\/noticias\/las-obras-de-la-quebrada-la-sucia-al-suroriente-de-medellin-alcanzan-una-ejecucion-del-58\/","title":{"rendered":"Las obras de la quebrada La Sucia, al suroriente de Medell\u00edn, alcanzan una ejecuci\u00f3n del 58 %"},"content":{"rendered":"<ul>\n<li>La intervenci\u00f3n contempla la construcci\u00f3n de una estructura para mejorar la conducci\u00f3n de las aguas de la quebrada.<\/li>\n<li>Ya est\u00e1n terminados cinco de los 13 m\u00f3dulos que conforman la obra.<\/li>\n<\/ul>\n<!--[if lt IE 9]><script>document.createElement('audio');<\/script><![endif]-->\n\t<div class=\"wp-playlist wp-audio-playlist wp-playlist-light\">\n\t\t\t<div class=\"wp-playlist-current-item\"><\/div>\n\t\t<audio controls=\"controls\" preload=\"none\" width=\"640\"\n\t\t\t><\/audio>\n\t<div class=\"wp-playlist-next\"><\/div>\n\t<div class=\"wp-playlist-prev\"><\/div>\n\t<noscript>\n\t<ol>\n\t\t<li><a href='https:\/\/www.medellin.gov.co\/es\/wp-content\/uploads\/2026\/08\/Declaraciones-directora-de-Fonvalmed-Angelica-Maria-Arias-Loza.mp3'>Declaraciones directora de Fonvalmed, Ang\u00e9lica Mar\u00eda Arias Loza<\/a><\/li>\t<\/ol>\n\t<\/noscript>\n\t<script type=\"application\/json\" class=\"wp-playlist-script\">{\"type\":\"audio\",\"tracklist\":true,\"tracknumbers\":true,\"images\":true,\"artists\":true,\"tracks\":[{\"src\":\"https:\\\/\\\/www.medellin.gov.co\\\/es\\\/wp-content\\\/uploads\\\/2026\\\/08\\\/Declaraciones-directora-de-Fonvalmed-Angelica-Maria-Arias-Loza.mp3\",\"type\":\"audio\\\/mpeg\",\"title\":\"Declaraciones directora de Fonvalmed, Ang\\u00e9lica Mar\\u00eda Arias Loza\",\"caption\":\"\",\"description\":\"\\u00abDeclaraciones directora de Fonvalmed, Ang\\u00e9lica Mar\\u00eda Arias Loza\\u00bb. G\\u00e9nero: Blues.\",\"meta\":{\"genre\":\"Blues\",\"length_formatted\":\"1:00\"},\"image\":{\"src\":\"https:\\\/\\\/www.medellin.gov.co\\\/es\\\/wp-includes\\\/images\\\/media\\\/audio.png\",\"width\":48,\"height\":64},\"thumb\":{\"src\":\"https:\\\/\\\/www.medellin.gov.co\\\/es\\\/wp-includes\\\/images\\\/media\\\/audio.png\",\"width\":48,\"height\":64}}]}<\/script>\n<\/div>\n\t\n<p><a href=\"https:\/\/www.instagram.com\/alcaldiademed\/\" target=\"_blank\" rel=\"noopener\">La Alcald\u00eda de Medell\u00edn<\/a>, a trav\u00e9s del Fondo de Valorizaci\u00f3n de Medell\u00edn (Fonvalmed), avanza en las obras de cobertura y canalizaci\u00f3n de la quebrada La Sucia, en el sector de El Poblado, que hace parte de los trabajos asociados al intercambio vial de la avenida 34 con la loma de Los Gonz\u00e1lez.<\/p>\n<p><img loading=\"lazy\" class=\"alignnone wp-image-562285 size-full\" title=\"Obras de la quebrada La Sucia\" src=\"https:\/\/www.medellin.gov.co\/es\/wp-content\/uploads\/2026\/08\/Imagen-obras-de-la-quebrada-La-Sucia-2.jpg\" alt=\"Imagen obras de la quebrada La Sucia (2)\" width=\"1280\" height=\"719\" srcset=\"https:\/\/www.medellin.gov.co\/es\/wp-content\/uploads\/2026\/08\/Imagen-obras-de-la-quebrada-La-Sucia-2.jpg 1280w, https:\/\/www.medellin.gov.co\/es\/wp-content\/uploads\/2026\/08\/Imagen-obras-de-la-quebrada-La-Sucia-2-300x169.jpg 300w, https:\/\/www.medellin.gov.co\/es\/wp-content\/uploads\/2026\/08\/Imagen-obras-de-la-quebrada-La-Sucia-2-1024x575.jpg 1024w, https:\/\/www.medellin.gov.co\/es\/wp-content\/uploads\/2026\/08\/Imagen-obras-de-la-quebrada-La-Sucia-2-150x84.jpg 150w, https:\/\/www.medellin.gov.co\/es\/wp-content\/uploads\/2026\/08\/Imagen-obras-de-la-quebrada-La-Sucia-2-768x431.jpg 768w\" sizes=\"(max-width: 1280px) 100vw, 1280px\" \/><\/p>\n<p>Esto abarca la construcci\u00f3n de un box culvert en concreto reforzado para mejorar la conducci\u00f3n de las aguas de la quebrada y conducirlas de manera segura por debajo de la nueva v\u00eda. La soluci\u00f3n combina tramos de canal abierto y tramos cerrados, de acuerdo con las condiciones de cada sector.<\/p>\n<p>\u201cPresenta un avance de un 58 % y contempla la construcci\u00f3n de 127 metros de longitud, mejorando la conducci\u00f3n hidr\u00e1ulica de la quebrada, que nos permitir\u00e1 atender la fuerte temporada de lluvias y desbordamiento de esta. El box culvert comprende tanto tramo abierto como cerrado, lo que favorecer\u00e1 la conducci\u00f3n del agua debajo de la nueva v\u00eda que estamos construyendo\u201d, explic\u00f3 la directora del Fondo de Valorizaci\u00f3n de Medell\u00edn, Ang\u00e9lica Mar\u00eda Arias Loza.<\/p>\n<p><img loading=\"lazy\" class=\"alignnone wp-image-562280 size-full\" title=\"Obras de la quebrada La Sucia\" src=\"https:\/\/www.medellin.gov.co\/es\/wp-content\/uploads\/2026\/08\/Imagen-obras-de-la-quebrada-La-Sucia-3.jpg\" alt=\"Imagen obras de la quebrada La Sucia (3)\" width=\"1280\" height=\"720\" srcset=\"https:\/\/www.medellin.gov.co\/es\/wp-content\/uploads\/2026\/08\/Imagen-obras-de-la-quebrada-La-Sucia-3.jpg 1280w, https:\/\/www.medellin.gov.co\/es\/wp-content\/uploads\/2026\/08\/Imagen-obras-de-la-quebrada-La-Sucia-3-300x169.jpg 300w, https:\/\/www.medellin.gov.co\/es\/wp-content\/uploads\/2026\/08\/Imagen-obras-de-la-quebrada-La-Sucia-3-1024x576.jpg 1024w, https:\/\/www.medellin.gov.co\/es\/wp-content\/uploads\/2026\/08\/Imagen-obras-de-la-quebrada-La-Sucia-3-150x84.jpg 150w, https:\/\/www.medellin.gov.co\/es\/wp-content\/uploads\/2026\/08\/Imagen-obras-de-la-quebrada-La-Sucia-3-768x432.jpg 768w\" sizes=\"(max-width: 1280px) 100vw, 1280px\" \/><\/p>\n<p>Actualmente, de los 13 m\u00f3dulos que integran la totalidad de la obra, cinco fueron ejecutados al 100 %, mientras que los ocho restantes transcurren en diferentes etapas. Los trabajos incluyen actividades de excavaci\u00f3n, armado de acero de refuerzo, vaciado de losas y muros y colocaci\u00f3n de elementos de drenaje. Esta intervenci\u00f3n optimizar\u00e1 la capacidad de conducci\u00f3n de la quebrada y favorecer\u00e1 la prevenci\u00f3n de posibles inundaciones y afectaciones en el sector, especialmente durante eventos de lluvias intensas.<\/p>\n<p><img loading=\"lazy\" class=\"alignnone wp-image-562278 size-full\" title=\"Obras de la quebrada La Sucia \" src=\"https:\/\/www.medellin.gov.co\/es\/wp-content\/uploads\/2026\/08\/Imagen-obras-de-la-quebrada-La-Sucia-4.jpg\" alt=\"Imagen obras de la quebrada La Sucia (4)\" width=\"1280\" height=\"719\" srcset=\"https:\/\/www.medellin.gov.co\/es\/wp-content\/uploads\/2026\/08\/Imagen-obras-de-la-quebrada-La-Sucia-4.jpg 1280w, https:\/\/www.medellin.gov.co\/es\/wp-content\/uploads\/2026\/08\/Imagen-obras-de-la-quebrada-La-Sucia-4-300x169.jpg 300w, https:\/\/www.medellin.gov.co\/es\/wp-content\/uploads\/2026\/08\/Imagen-obras-de-la-quebrada-La-Sucia-4-1024x575.jpg 1024w, https:\/\/www.medellin.gov.co\/es\/wp-content\/uploads\/2026\/08\/Imagen-obras-de-la-quebrada-La-Sucia-4-150x84.jpg 150w, https:\/\/www.medellin.gov.co\/es\/wp-content\/uploads\/2026\/08\/Imagen-obras-de-la-quebrada-La-Sucia-4-768x431.jpg 768w\" sizes=\"(max-width: 1280px) 100vw, 1280px\" \/><\/p>\n<p>El dise\u00f1o de la estructura contempla una capacidad para evacuar crecientes de hasta 52 metros c\u00fabicos de agua por segundo, de acuerdo con los criterios de dise\u00f1o hidr\u00e1ulico establecidos para la obra. De esta manera, las labores en la quebrada La Sucia contin\u00faan en el marco del intercambio vial de la avenida 34 con la loma de Los Gonz\u00e1lez, con incorporaci\u00f3n de infraestructura para contribuir con el manejo de las aguas y con las condiciones de seguridad del sector.<\/p>\n","protected":false},"excerpt":{"rendered":"<p>La intervenci\u00f3n contempla la construcci\u00f3n de una estructura para mejorar la conducci\u00f3n de las aguas de la quebrada. Ya est\u00e1n terminados cinco de los 13 m\u00f3dulos que conforman la obra. La Alcald\u00eda de Medell\u00edn, a &#8230;<\/p>\n","protected":false},"author":95,"featured_media":562283,"comment_status":"open","ping_status":"open","sticky":false,"template":"","format":"standard","meta":[],"categories":[747],"tags":[634],"formato_nota":[],"programas_tax":[],"acf":[],"_links":{"self":[{"href":"https:\/\/www.medellin.gov.co\/es\/wp-json\/wp\/v2\/posts\/562277"}],"collection":[{"href":"https:\/\/www.medellin.gov.co\/es\/wp-json\/wp\/v2\/posts"}],"about":[{"href":"https:\/\/www.medellin.gov.co\/es\/wp-json\/wp\/v2\/types\/post"}],"author":[{"embeddable":true,"href":"https:\/\/www.medellin.gov.co\/es\/wp-json\/wp\/v2\/users\/95"}],"replies":[{"embeddable":true,"href":"https:\/\/www.medellin.gov.co\/es\/wp-json\/wp\/v2\/comments?post=562277"}],"version-history":[{"count":1,"href":"https:\/\/www.medellin.gov.co\/es\/wp-json\/wp\/v2\/posts\/562277\/revisions"}],"predecessor-version":[{"id":562289,"href":"https:\/\/www.medellin.gov.co\/es\/wp-json\/wp\/v2\/posts\/562277\/revisions\/562289"}],"wp:featuredmedia":[{"embeddable":true,"href":"https:\/\/www.medellin.gov.co\/es\/wp-json\/wp\/v2\/media\/562283"}],"wp:attachment":[{"href":"https:\/\/www.medellin.gov.co\/es\/wp-json\/wp\/v2\/media?parent=562277"}],"wp:term":[{"taxonomy":"category","embeddable":true,"href":"https:\/\/www.medellin.gov.co\/es\/wp-json\/wp\/v2\/categories?post=562277"},{"taxonomy":"post_tag","embeddable":true,"href":"https:\/\/www.medellin.gov.co\/es\/wp-json\/wp\/v2\/tags?post=562277"},{"taxonomy":"formato_nota","embeddable":true,"href":"https:\/\/www.medellin.gov.co\/es\/wp-json\/wp\/v2\/formato_nota?post=562277"},{"taxonomy":"programas_tax","embeddable":true,"href":"https:\/\/www.medellin.gov.co\/es\/wp-json\/wp\/v2\/programas_tax?post=562277"}],"curies":[{"name":"wp","href":"https:\/\/api.w.org\/{rel}","templated":true}]}}