{"id":562303,"date":"2026-08-30T09:56:52","date_gmt":"2026-08-30T14:56:52","guid":{"rendered":"https:\/\/www.medellin.gov.co\/es\/?p=562303"},"modified":"2026-08-30T19:52:31","modified_gmt":"2026-08-31T00:52:31","slug":"instituciones-educativas-de-medellin-reciben-nuevas-herramientas-para-fortalecer-la-convivencia-escolar","status":"publish","type":"post","link":"https:\/\/www.medellin.gov.co\/es\/sala-de-prensa\/noticias\/instituciones-educativas-de-medellin-reciben-nuevas-herramientas-para-fortalecer-la-convivencia-escolar\/","title":{"rendered":"Instituciones educativas de Medell\u00edn reciben nuevas herramientas para fortalecer la convivencia escolar"},"content":{"rendered":"<ul>\n<li>Las publicaciones conforman una caja de herramientas para apoyar a los Comit\u00e9s Escolares de Convivencia en la planeaci\u00f3n, prevenci\u00f3n y seguimiento de sus acciones.<\/li>\n<li>Los establecimientos educativos privados tambi\u00e9n recibir\u00e1n copias digitales para que puedan consultar y utilizar estos contenidos.<\/li>\n<\/ul>\n<!--[if lt IE 9]><script>document.createElement('audio');<\/script><![endif]-->\n\t<div class=\"wp-playlist wp-audio-playlist wp-playlist-light\">\n\t\t\t<div class=\"wp-playlist-current-item\"><\/div>\n\t\t<audio controls=\"controls\" preload=\"none\" width=\"640\"\n\t\t\t><\/audio>\n\t<div class=\"wp-playlist-next\"><\/div>\n\t<div class=\"wp-playlist-prev\"><\/div>\n\t<noscript>\n\t<ol>\n\t\t<li><a href='https:\/\/www.medellin.gov.co\/es\/wp-content\/uploads\/2026\/08\/Declaraciones-secretaria-de-Educacion-Carolina-Franco-Giraldo-1.mp3'>Declaraciones secretaria de Educaci\u00f3n, Carolina Franco Giraldo<\/a><\/li>\t<\/ol>\n\t<\/noscript>\n\t<script type=\"application\/json\" class=\"wp-playlist-script\">{\"type\":\"audio\",\"tracklist\":true,\"tracknumbers\":true,\"images\":true,\"artists\":true,\"tracks\":[{\"src\":\"https:\\\/\\\/www.medellin.gov.co\\\/es\\\/wp-content\\\/uploads\\\/2026\\\/08\\\/Declaraciones-secretaria-de-Educacion-Carolina-Franco-Giraldo-1.mp3\",\"type\":\"audio\\\/mpeg\",\"title\":\"Declaraciones secretaria de Educaci\\u00f3n, Carolina Franco Giraldo\",\"caption\":\"\",\"description\":\"\\u00abDeclaraciones secretaria de Educaci\\u00f3n, Carolina Franco Giraldo\\u00bb. G\\u00e9nero: Blues.\",\"meta\":{\"genre\":\"Blues\",\"length_formatted\":\"0:55\"},\"image\":{\"src\":\"https:\\\/\\\/www.medellin.gov.co\\\/es\\\/wp-includes\\\/images\\\/media\\\/audio.png\",\"width\":48,\"height\":64},\"thumb\":{\"src\":\"https:\\\/\\\/www.medellin.gov.co\\\/es\\\/wp-includes\\\/images\\\/media\\\/audio.png\",\"width\":48,\"height\":64}}]}<\/script>\n<\/div>\n\t\n<p><a href=\"https:\/\/www.instagram.com\/alcaldiademed\/\" target=\"_blank\" rel=\"noopener\">La Alcald\u00eda de Medell\u00edn<\/a>, a trav\u00e9s de la Secretar\u00eda de Educaci\u00f3n y el programa Escuela Entorno Protector, entreg\u00f3 seis nuevas cartillas pedag\u00f3gicas para acompa\u00f1ar a las comunidades educativas en la gesti\u00f3n de la convivencia escolar.<\/p>\n\n\t\t<style type=\"text\/css\">\n\t\t\t#gallery-1 {\n\t\t\t\tmargin: auto;\n\t\t\t}\n\t\t\t#gallery-1 .gallery-item {\n\t\t\t\tfloat: left;\n\t\t\t\tmargin-top: 10px;\n\t\t\t\ttext-align: center;\n\t\t\t\twidth: 50%;\n\t\t\t}\n\t\t\t#gallery-1 img {\n\t\t\t\tborder: 2px solid #cfcfcf;\n\t\t\t}\n\t\t\t#gallery-1 .gallery-caption {\n\t\t\t\tmargin-left: 0;\n\t\t\t}\n\t\t\t\/* see gallery_shortcode() in wp-includes\/media.php *\/\n\t\t<\/style>\n\t\t<div id='gallery-1' class='gallery galleryid-562303 gallery-columns-2 gallery-size-full'><dl class='gallery-item'>\n\t\t\t<dt class='gallery-icon landscape'>\n\t\t\t\t<a href='https:\/\/www.medellin.gov.co\/es\/sala-de-prensa\/noticias\/instituciones-educativas-de-medellin-reciben-nuevas-herramientas-para-fortalecer-la-convivencia-escolar\/imagen-instituciones-educativas-reciben-nuevas-herramientas-para-fortalecer-la-convivencia-escolar-2\/'><img width=\"1276\" height=\"850\" src=\"https:\/\/www.medellin.gov.co\/es\/wp-content\/uploads\/2026\/08\/Imagen-Instituciones-educativas-reciben-nuevas-herramientas-para-fortalecer-la-convivencia-escolar-2.jpg\" class=\"attachment-full size-full\" alt=\"Imagen Instituciones educativas reciben nuevas herramientas para fortalecer la convivencia escolar (3)\" loading=\"lazy\" srcset=\"https:\/\/www.medellin.gov.co\/es\/wp-content\/uploads\/2026\/08\/Imagen-Instituciones-educativas-reciben-nuevas-herramientas-para-fortalecer-la-convivencia-escolar-2.jpg 1276w, https:\/\/www.medellin.gov.co\/es\/wp-content\/uploads\/2026\/08\/Imagen-Instituciones-educativas-reciben-nuevas-herramientas-para-fortalecer-la-convivencia-escolar-2-300x200.jpg 300w, https:\/\/www.medellin.gov.co\/es\/wp-content\/uploads\/2026\/08\/Imagen-Instituciones-educativas-reciben-nuevas-herramientas-para-fortalecer-la-convivencia-escolar-2-1024x682.jpg 1024w, https:\/\/www.medellin.gov.co\/es\/wp-content\/uploads\/2026\/08\/Imagen-Instituciones-educativas-reciben-nuevas-herramientas-para-fortalecer-la-convivencia-escolar-2-150x100.jpg 150w, https:\/\/www.medellin.gov.co\/es\/wp-content\/uploads\/2026\/08\/Imagen-Instituciones-educativas-reciben-nuevas-herramientas-para-fortalecer-la-convivencia-escolar-2-768x512.jpg 768w\" sizes=\"(max-width: 1276px) 100vw, 1276px\" \/><\/a>\n\t\t\t<\/dt><\/dl><dl class='gallery-item'>\n\t\t\t<dt class='gallery-icon landscape'>\n\t\t\t\t<a href='https:\/\/www.medellin.gov.co\/es\/sala-de-prensa\/noticias\/instituciones-educativas-de-medellin-reciben-nuevas-herramientas-para-fortalecer-la-convivencia-escolar\/imagen-instituciones-educativas-reciben-nuevas-herramientas-para-fortalecer-la-convivencia-escolar-3\/'><img width=\"1276\" height=\"850\" src=\"https:\/\/www.medellin.gov.co\/es\/wp-content\/uploads\/2026\/08\/Imagen-Instituciones-educativas-reciben-nuevas-herramientas-para-fortalecer-la-convivencia-escolar-3.jpg\" class=\"attachment-full size-full\" alt=\"Imagen Instituciones educativas reciben nuevas herramientas para fortalecer la convivencia escolar (3)\" loading=\"lazy\" srcset=\"https:\/\/www.medellin.gov.co\/es\/wp-content\/uploads\/2026\/08\/Imagen-Instituciones-educativas-reciben-nuevas-herramientas-para-fortalecer-la-convivencia-escolar-3.jpg 1276w, https:\/\/www.medellin.gov.co\/es\/wp-content\/uploads\/2026\/08\/Imagen-Instituciones-educativas-reciben-nuevas-herramientas-para-fortalecer-la-convivencia-escolar-3-300x200.jpg 300w, https:\/\/www.medellin.gov.co\/es\/wp-content\/uploads\/2026\/08\/Imagen-Instituciones-educativas-reciben-nuevas-herramientas-para-fortalecer-la-convivencia-escolar-3-1024x682.jpg 1024w, https:\/\/www.medellin.gov.co\/es\/wp-content\/uploads\/2026\/08\/Imagen-Instituciones-educativas-reciben-nuevas-herramientas-para-fortalecer-la-convivencia-escolar-3-150x100.jpg 150w, https:\/\/www.medellin.gov.co\/es\/wp-content\/uploads\/2026\/08\/Imagen-Instituciones-educativas-reciben-nuevas-herramientas-para-fortalecer-la-convivencia-escolar-3-768x512.jpg 768w\" sizes=\"(max-width: 1276px) 100vw, 1276px\" \/><\/a>\n\t\t\t<\/dt><\/dl><br style=\"clear: both\" \/>\n\t\t<\/div>\n\n<p>Las publicaciones fueron entregadas a las 229 instituciones educativas oficiales del Distrito y estar\u00e1n disponibles en formato digital para los establecimientos educativos privados, con el prop\u00f3sito de ampliar su alcance y facilitar su uso en diferentes contextos escolares.<\/p>\n<p>\u201cEstas herramientas buscan fortalecer el trabajo de los comit\u00e9s escolares de convivencia para que puedan identificar mejor las situaciones que se presentan en cada instituci\u00f3n, tomar decisiones y convertirlas en acciones concretas. Tambi\u00e9n brindan orientaci\u00f3n para la construcci\u00f3n del plan de convivencia, la actualizaci\u00f3n de los manuales de convivencia y el desarrollo de estrategias de prevenci\u00f3n, cuidado y participaci\u00f3n en las familias. Porque una escuela que aprende a convivir tambi\u00e9n es una escuela que protege, acompa\u00f1a y ense\u00f1a mejor\u201d, explic\u00f3 la secretaria de Educaci\u00f3n, Carolina Franco Giraldo.<\/p>\n<p><img loading=\"lazy\" class=\"alignnone wp-image-562307 size-full\" title=\"Instituciones educativas reciben nuevas herramientas para fortalecer la convivencia escolar \" src=\"https:\/\/www.medellin.gov.co\/es\/wp-content\/uploads\/2026\/08\/Imagen-Instituciones-educativas-reciben-nuevas-herramientas-para-fortalecer-la-convivencia-escolar-4.jpg\" alt=\"Imagen Instituciones educativas reciben nuevas herramientas para fortalecer la convivencia escolar (4)\" width=\"1276\" height=\"850\" srcset=\"https:\/\/www.medellin.gov.co\/es\/wp-content\/uploads\/2026\/08\/Imagen-Instituciones-educativas-reciben-nuevas-herramientas-para-fortalecer-la-convivencia-escolar-4.jpg 1276w, https:\/\/www.medellin.gov.co\/es\/wp-content\/uploads\/2026\/08\/Imagen-Instituciones-educativas-reciben-nuevas-herramientas-para-fortalecer-la-convivencia-escolar-4-300x200.jpg 300w, https:\/\/www.medellin.gov.co\/es\/wp-content\/uploads\/2026\/08\/Imagen-Instituciones-educativas-reciben-nuevas-herramientas-para-fortalecer-la-convivencia-escolar-4-1024x682.jpg 1024w, https:\/\/www.medellin.gov.co\/es\/wp-content\/uploads\/2026\/08\/Imagen-Instituciones-educativas-reciben-nuevas-herramientas-para-fortalecer-la-convivencia-escolar-4-150x100.jpg 150w, https:\/\/www.medellin.gov.co\/es\/wp-content\/uploads\/2026\/08\/Imagen-Instituciones-educativas-reciben-nuevas-herramientas-para-fortalecer-la-convivencia-escolar-4-768x512.jpg 768w\" sizes=\"(max-width: 1276px) 100vw, 1276px\" \/><\/p>\n<p>M\u00e1s que documentos independientes, las seis publicaciones fueron dise\u00f1adas como una caja de herramientas pr\u00e1ctica, para que cada instituci\u00f3n pueda identificar qu\u00e9 necesita fortalecer y encontrar orientaciones para hacerlo. Tres de las cartillas se enfocan directamente en el trabajo de los Comit\u00e9s Escolares de Convivencia.<\/p>\n<p>Operativizaci\u00f3n del Comit\u00e9 Escolar de Convivencia orienta su organizaci\u00f3n, funcionamiento y seguimiento; Plan de Convivencia ayuda a convertir el diagn\u00f3stico de cada instituci\u00f3n en acciones concretas, con responsables y tiempos definidos; y Actualizaci\u00f3n de Manuales de Convivencia Escolar brinda herramientas para revisar estos documentos desde una mirada pedag\u00f3gica y de derechos.<\/p>\n\n\t\t<style type=\"text\/css\">\n\t\t\t#gallery-2 {\n\t\t\t\tmargin: auto;\n\t\t\t}\n\t\t\t#gallery-2 .gallery-item {\n\t\t\t\tfloat: left;\n\t\t\t\tmargin-top: 10px;\n\t\t\t\ttext-align: center;\n\t\t\t\twidth: 50%;\n\t\t\t}\n\t\t\t#gallery-2 img {\n\t\t\t\tborder: 2px solid #cfcfcf;\n\t\t\t}\n\t\t\t#gallery-2 .gallery-caption {\n\t\t\t\tmargin-left: 0;\n\t\t\t}\n\t\t\t\/* see gallery_shortcode() in wp-includes\/media.php *\/\n\t\t<\/style>\n\t\t<div id='gallery-2' class='gallery galleryid-562303 gallery-columns-2 gallery-size-full'><dl class='gallery-item'>\n\t\t\t<dt class='gallery-icon landscape'>\n\t\t\t\t<a href='https:\/\/www.medellin.gov.co\/es\/sala-de-prensa\/noticias\/instituciones-educativas-de-medellin-reciben-nuevas-herramientas-para-fortalecer-la-convivencia-escolar\/imagen-instituciones-educativas-reciben-nuevas-herramientas-para-fortalecer-la-convivencia-escolar-5\/'><img width=\"1276\" height=\"850\" src=\"https:\/\/www.medellin.gov.co\/es\/wp-content\/uploads\/2026\/08\/Imagen-Instituciones-educativas-reciben-nuevas-herramientas-para-fortalecer-la-convivencia-escolar-5.jpg\" class=\"attachment-full size-full\" alt=\"Imagen Instituciones educativas reciben nuevas herramientas para fortalecer la convivencia escolar (6)\" loading=\"lazy\" srcset=\"https:\/\/www.medellin.gov.co\/es\/wp-content\/uploads\/2026\/08\/Imagen-Instituciones-educativas-reciben-nuevas-herramientas-para-fortalecer-la-convivencia-escolar-5.jpg 1276w, https:\/\/www.medellin.gov.co\/es\/wp-content\/uploads\/2026\/08\/Imagen-Instituciones-educativas-reciben-nuevas-herramientas-para-fortalecer-la-convivencia-escolar-5-300x200.jpg 300w, https:\/\/www.medellin.gov.co\/es\/wp-content\/uploads\/2026\/08\/Imagen-Instituciones-educativas-reciben-nuevas-herramientas-para-fortalecer-la-convivencia-escolar-5-1024x682.jpg 1024w, https:\/\/www.medellin.gov.co\/es\/wp-content\/uploads\/2026\/08\/Imagen-Instituciones-educativas-reciben-nuevas-herramientas-para-fortalecer-la-convivencia-escolar-5-150x100.jpg 150w, https:\/\/www.medellin.gov.co\/es\/wp-content\/uploads\/2026\/08\/Imagen-Instituciones-educativas-reciben-nuevas-herramientas-para-fortalecer-la-convivencia-escolar-5-768x512.jpg 768w\" sizes=\"(max-width: 1276px) 100vw, 1276px\" \/><\/a>\n\t\t\t<\/dt><\/dl><dl class='gallery-item'>\n\t\t\t<dt class='gallery-icon landscape'>\n\t\t\t\t<a href='https:\/\/www.medellin.gov.co\/es\/sala-de-prensa\/noticias\/instituciones-educativas-de-medellin-reciben-nuevas-herramientas-para-fortalecer-la-convivencia-escolar\/imagen-instituciones-educativas-reciben-nuevas-herramientas-para-fortalecer-la-convivencia-escolar-6\/'><img width=\"1276\" height=\"850\" src=\"https:\/\/www.medellin.gov.co\/es\/wp-content\/uploads\/2026\/08\/Imagen-Instituciones-educativas-reciben-nuevas-herramientas-para-fortalecer-la-convivencia-escolar-6.jpg\" class=\"attachment-full size-full\" alt=\"Imagen Instituciones educativas reciben nuevas herramientas para fortalecer la convivencia escolar (6)\" loading=\"lazy\" srcset=\"https:\/\/www.medellin.gov.co\/es\/wp-content\/uploads\/2026\/08\/Imagen-Instituciones-educativas-reciben-nuevas-herramientas-para-fortalecer-la-convivencia-escolar-6.jpg 1276w, https:\/\/www.medellin.gov.co\/es\/wp-content\/uploads\/2026\/08\/Imagen-Instituciones-educativas-reciben-nuevas-herramientas-para-fortalecer-la-convivencia-escolar-6-300x200.jpg 300w, https:\/\/www.medellin.gov.co\/es\/wp-content\/uploads\/2026\/08\/Imagen-Instituciones-educativas-reciben-nuevas-herramientas-para-fortalecer-la-convivencia-escolar-6-1024x682.jpg 1024w, https:\/\/www.medellin.gov.co\/es\/wp-content\/uploads\/2026\/08\/Imagen-Instituciones-educativas-reciben-nuevas-herramientas-para-fortalecer-la-convivencia-escolar-6-150x100.jpg 150w, https:\/\/www.medellin.gov.co\/es\/wp-content\/uploads\/2026\/08\/Imagen-Instituciones-educativas-reciben-nuevas-herramientas-para-fortalecer-la-convivencia-escolar-6-768x512.jpg 768w\" sizes=\"(max-width: 1276px) 100vw, 1276px\" \/><\/a>\n\t\t\t<\/dt><\/dl><br style=\"clear: both\" \/>\n\t\t<\/div>\n\n<p>La caja se complementa con Prevenir para Proteger, enfocada en la prevenci\u00f3n del consumo de sustancias psicoactivas y otras adicciones; Alianza Familia Escuela, que promueve una mayor participaci\u00f3n de las familias en los procesos de convivencia, cuidado y protecci\u00f3n; y la l\u00ednea estrat\u00e9gica Mirarte, que utiliza el arte y la cultura para fortalecer los v\u00ednculos y la construcci\u00f3n de comunidad.<\/p>\n<p>Estas herramientas responden a las necesidades identificadas por la Secretar\u00eda de Educaci\u00f3n en la caracterizaci\u00f3n de los establecimientos educativos y buscan que los Comit\u00e9s Escolares de Convivencia no solo est\u00e9n conformados, sino que cuenten con recursos para analizar sus realidades, tomar decisiones y hacer seguimiento a las acciones que desarrollan.<\/p>\n","protected":false},"excerpt":{"rendered":"<p>Las publicaciones conforman una caja de herramientas para apoyar a los Comit\u00e9s Escolares de Convivencia en la planeaci\u00f3n, prevenci\u00f3n y seguimiento de sus acciones. Los establecimientos educativos privados tambi\u00e9n recibir\u00e1n copias digitales para que puedan &#8230;<\/p>\n","protected":false},"author":95,"featured_media":562313,"comment_status":"open","ping_status":"open","sticky":false,"template":"","format":"standard","meta":[],"categories":[4],"tags":[431],"formato_nota":[],"programas_tax":[],"acf":[],"_links":{"self":[{"href":"https:\/\/www.medellin.gov.co\/es\/wp-json\/wp\/v2\/posts\/562303"}],"collection":[{"href":"https:\/\/www.medellin.gov.co\/es\/wp-json\/wp\/v2\/posts"}],"about":[{"href":"https:\/\/www.medellin.gov.co\/es\/wp-json\/wp\/v2\/types\/post"}],"author":[{"embeddable":true,"href":"https:\/\/www.medellin.gov.co\/es\/wp-json\/wp\/v2\/users\/95"}],"replies":[{"embeddable":true,"href":"https:\/\/www.medellin.gov.co\/es\/wp-json\/wp\/v2\/comments?post=562303"}],"version-history":[{"count":1,"href":"https:\/\/www.medellin.gov.co\/es\/wp-json\/wp\/v2\/posts\/562303\/revisions"}],"predecessor-version":[{"id":562319,"href":"https:\/\/www.medellin.gov.co\/es\/wp-json\/wp\/v2\/posts\/562303\/revisions\/562319"}],"wp:featuredmedia":[{"embeddable":true,"href":"https:\/\/www.medellin.gov.co\/es\/wp-json\/wp\/v2\/media\/562313"}],"wp:attachment":[{"href":"https:\/\/www.medellin.gov.co\/es\/wp-json\/wp\/v2\/media?parent=562303"}],"wp:term":[{"taxonomy":"category","embeddable":true,"href":"https:\/\/www.medellin.gov.co\/es\/wp-json\/wp\/v2\/categories?post=562303"},{"taxonomy":"post_tag","embeddable":true,"href":"https:\/\/www.medellin.gov.co\/es\/wp-json\/wp\/v2\/tags?post=562303"},{"taxonomy":"formato_nota","embeddable":true,"href":"https:\/\/www.medellin.gov.co\/es\/wp-json\/wp\/v2\/formato_nota?post=562303"},{"taxonomy":"programas_tax","embeddable":true,"href":"https:\/\/www.medellin.gov.co\/es\/wp-json\/wp\/v2\/programas_tax?post=562303"}],"curies":[{"name":"wp","href":"https:\/\/api.w.org\/{rel}","templated":true}]}}