{"id":562322,"date":"2026-08-30T10:12:41","date_gmt":"2026-08-30T15:12:41","guid":{"rendered":"https:\/\/www.medellin.gov.co\/es\/?p=562322"},"modified":"2026-08-30T19:59:18","modified_gmt":"2026-08-31T00:59:18","slug":"medellin-comparte-su-experiencia-en-eficiencia-energetica-con-bogota-cali-y-barranquilla","status":"publish","type":"post","link":"https:\/\/www.medellin.gov.co\/es\/sala-de-prensa\/noticias\/medellin-comparte-su-experiencia-en-eficiencia-energetica-con-bogota-cali-y-barranquilla\/","title":{"rendered":"Medell\u00edn comparte su experiencia en eficiencia energ\u00e9tica con Bogot\u00e1, Cali y Barranquilla"},"content":{"rendered":"<ul>\n<li>Delegaciones de las tres ciudades, acompa\u00f1adas por la agencia alemana GIZ, conocieron las estrategias implementadas por el Distrito en sus edificaciones p\u00fablicas.<\/li>\n<li>El modelo de la capital antioque\u00f1a ya genera resultados medibles y hoy es ejemplo para otras ciudades de Colombia y del mundo.<\/li>\n<\/ul>\n<!--[if lt IE 9]><script>document.createElement('audio');<\/script><![endif]-->\n\t<div class=\"wp-playlist wp-audio-playlist wp-playlist-light\">\n\t\t\t<div class=\"wp-playlist-current-item\"><\/div>\n\t\t<audio controls=\"controls\" preload=\"none\" width=\"640\"\n\t\t\t><\/audio>\n\t<div class=\"wp-playlist-next\"><\/div>\n\t<div class=\"wp-playlist-prev\"><\/div>\n\t<noscript>\n\t<ol>\n\t\t<li><a href='https:\/\/www.medellin.gov.co\/es\/wp-content\/uploads\/2026\/08\/Declaraciones-subsecretaria-de-Gestion-de-Bienes-del-Distrito-Catalina-Jaramillo.mp3'>Declaraciones subsecretaria de Gesti\u00f3n de Bienes del Distrito, Catalina Jaramillo<\/a><\/li><li><a href='https:\/\/www.medellin.gov.co\/es\/wp-content\/uploads\/2026\/08\/Declaraciones-directora-del-proyecto-SolER-de-la-agencia-GIZ-Carolina-Hernandez.mp3'>Declaraciones directora del proyecto SolER de la agencia GIZ, Carolina Hern\u00e1ndez<\/a><\/li><li><a href='https:\/\/www.medellin.gov.co\/es\/wp-content\/uploads\/2026\/08\/Declaraciones-subdirector-Ecourbanismo-y-Construccion-Sostenible-de-la-Secretaria-de-Planeacion-de-Bogota-Alejandro-Gomez.mp3'>Declaraciones subdirector Ecourbanismo y Construcci\u00f3n Sostenible de la Secretar\u00eda de Planeaci\u00f3n de Bogot\u00e1, Alejandro G\u00f3mez<\/a><\/li>\t<\/ol>\n\t<\/noscript>\n\t<script type=\"application\/json\" class=\"wp-playlist-script\">{\"type\":\"audio\",\"tracklist\":true,\"tracknumbers\":true,\"images\":true,\"artists\":true,\"tracks\":[{\"src\":\"https:\\\/\\\/www.medellin.gov.co\\\/es\\\/wp-content\\\/uploads\\\/2026\\\/08\\\/Declaraciones-subsecretaria-de-Gestion-de-Bienes-del-Distrito-Catalina-Jaramillo.mp3\",\"type\":\"audio\\\/mpeg\",\"title\":\"Declaraciones subsecretaria de Gesti\\u00f3n de Bienes del Distrito, Catalina Jaramillo\",\"caption\":\"\",\"description\":\"\\u00abDeclaraciones subsecretaria de Gesti\\u00f3n de Bienes del Distrito, Catalina Jaramillo\\u00bb. G\\u00e9nero: Blues.\",\"meta\":{\"genre\":\"Blues\",\"length_formatted\":\"1:01\"},\"image\":{\"src\":\"https:\\\/\\\/www.medellin.gov.co\\\/es\\\/wp-includes\\\/images\\\/media\\\/audio.png\",\"width\":48,\"height\":64},\"thumb\":{\"src\":\"https:\\\/\\\/www.medellin.gov.co\\\/es\\\/wp-includes\\\/images\\\/media\\\/audio.png\",\"width\":48,\"height\":64}},{\"src\":\"https:\\\/\\\/www.medellin.gov.co\\\/es\\\/wp-content\\\/uploads\\\/2026\\\/08\\\/Declaraciones-directora-del-proyecto-SolER-de-la-agencia-GIZ-Carolina-Hernandez.mp3\",\"type\":\"audio\\\/mpeg\",\"title\":\"Declaraciones directora del proyecto SolER de la agencia GIZ, Carolina Hern\\u00e1ndez\",\"caption\":\"\",\"description\":\"\\u00abDeclaraciones directora del proyecto SolER de la agencia GIZ, Carolina Hern\\u00e1ndez\\u00bb. G\\u00e9nero: Blues.\",\"meta\":{\"genre\":\"Blues\",\"length_formatted\":\"0:34\"},\"image\":{\"src\":\"https:\\\/\\\/www.medellin.gov.co\\\/es\\\/wp-includes\\\/images\\\/media\\\/audio.png\",\"width\":48,\"height\":64},\"thumb\":{\"src\":\"https:\\\/\\\/www.medellin.gov.co\\\/es\\\/wp-includes\\\/images\\\/media\\\/audio.png\",\"width\":48,\"height\":64}},{\"src\":\"https:\\\/\\\/www.medellin.gov.co\\\/es\\\/wp-content\\\/uploads\\\/2026\\\/08\\\/Declaraciones-subdirector-Ecourbanismo-y-Construccion-Sostenible-de-la-Secretaria-de-Planeacion-de-Bogota-Alejandro-Gomez.mp3\",\"type\":\"audio\\\/mpeg\",\"title\":\"Declaraciones subdirector Ecourbanismo y Construcci\\u00f3n Sostenible de la Secretar\\u00eda de Planeaci\\u00f3n de Bogot\\u00e1, Alejandro G\\u00f3mez\",\"caption\":\"\",\"description\":\"\\u00abDeclaraciones subdirector Ecourbanismo y Construcci\\u00f3n Sostenible de la Secretar\\u00eda de Planeaci\\u00f3n de Bogot\\u00e1, Alejandro G\\u00f3mez\\u00bb. G\\u00e9nero: Blues.\",\"meta\":{\"genre\":\"Blues\",\"length_formatted\":\"0:58\"},\"image\":{\"src\":\"https:\\\/\\\/www.medellin.gov.co\\\/es\\\/wp-includes\\\/images\\\/media\\\/audio.png\",\"width\":48,\"height\":64},\"thumb\":{\"src\":\"https:\\\/\\\/www.medellin.gov.co\\\/es\\\/wp-includes\\\/images\\\/media\\\/audio.png\",\"width\":48,\"height\":64}}]}<\/script>\n<\/div>\n\t\n<p>En un momento en el que el pa\u00eds enfrenta los desaf\u00edos asociados al fen\u00f3meno de El Ni\u00f1o y la necesidad de hacer un uso m\u00e1s eficiente de los recursos, <a href=\"https:\/\/www.instagram.com\/alcaldiademed\/\" target=\"_blank\" rel=\"noopener\">Medell\u00edn<\/a> se consolida como un referente de inter\u00e9s nacional en eficiencia energ\u00e9tica y descarbonizaci\u00f3n de edificaciones p\u00fablicas. As\u00ed qued\u00f3 evidenciado con la visita de delegaciones de Bogot\u00e1, Cali y Barranquilla que conocieron el modelo de la capital antioque\u00f1a.<\/p>\n<p><img loading=\"lazy\" class=\"alignnone wp-image-562327 size-full\" title=\"Medell\u00edn comparte experiencia en eficiencia energ\u00e9tica con Bogot\u00e1, Cali y Barranquilla\" src=\"https:\/\/www.medellin.gov.co\/es\/wp-content\/uploads\/2026\/08\/Imagen-Medellin-comparte-experiencia-en-eficiencia-energetica-con-Bogota-Cali-y-Barranquilla-1.jpg\" alt=\"Imagen Medell\u00edn comparte experiencia en eficiencia energ\u00e9tica con Bogot\u00e1, Cali y Barranquilla (1)\" width=\"1280\" height=\"798\" srcset=\"https:\/\/www.medellin.gov.co\/es\/wp-content\/uploads\/2026\/08\/Imagen-Medellin-comparte-experiencia-en-eficiencia-energetica-con-Bogota-Cali-y-Barranquilla-1.jpg 1280w, https:\/\/www.medellin.gov.co\/es\/wp-content\/uploads\/2026\/08\/Imagen-Medellin-comparte-experiencia-en-eficiencia-energetica-con-Bogota-Cali-y-Barranquilla-1-300x187.jpg 300w, https:\/\/www.medellin.gov.co\/es\/wp-content\/uploads\/2026\/08\/Imagen-Medellin-comparte-experiencia-en-eficiencia-energetica-con-Bogota-Cali-y-Barranquilla-1-1024x638.jpg 1024w, https:\/\/www.medellin.gov.co\/es\/wp-content\/uploads\/2026\/08\/Imagen-Medellin-comparte-experiencia-en-eficiencia-energetica-con-Bogota-Cali-y-Barranquilla-1-150x94.jpg 150w, https:\/\/www.medellin.gov.co\/es\/wp-content\/uploads\/2026\/08\/Imagen-Medellin-comparte-experiencia-en-eficiencia-energetica-con-Bogota-Cali-y-Barranquilla-1-768x479.jpg 768w\" sizes=\"(max-width: 1280px) 100vw, 1280px\" \/><\/p>\n<p>Uno de los principales referentes fue el Centro Administrativo Distrital (CAD), en La Alpujarra, donde funcionan 319 paneles solares que entre 2024 y 2025 generaron 519.705 kilovatios hora de energ\u00eda limpia, utilizada para la iluminaci\u00f3n del edificio y el funcionamiento de los ascensores.<\/p>\n<p>\u201cMedell\u00edn tiene un plan de descarbonizaci\u00f3n de edificaciones p\u00fablicas y eficiencia energ\u00e9tica y tenemos otras acciones como estar conectados a Distrito T\u00e9rmico para generar el enfriamiento de los edificios. Por eso, Medell\u00edn es ejemplo a nivel nacional e internacional\u201d, manifest\u00f3 la subsecretaria de Gesti\u00f3n de Bienes del Distrito, Catalina Jaramillo.<\/p>\n<p>El intercambio de experiencias se realiz\u00f3 con el acompa\u00f1amiento de la GIZ, agencia alemana que promueve el desarrollo sostenible a nivel mundial, que conoci\u00f3, adem\u00e1s, otras acciones implementadas como la instalaci\u00f3n de iluminaci\u00f3n led, el apagado de oficinas y la suspensi\u00f3n de equipos de c\u00f3mputo cuando no est\u00e1n en uso.\u00a0 Este modelo se ha extendido a otras sedes del Distrito: cinco casas de justicia, la sede de la Secretar\u00eda de Movilidad en Caribe y los edificios V\u00e1squez y Carr\u00e9.<\/p>\n<p><img loading=\"lazy\" class=\"alignnone wp-image-562326 size-full\" title=\"Medell\u00edn comparte experiencia en eficiencia energ\u00e9tica con Bogot\u00e1, Cali y Barranquill\" src=\"https:\/\/www.medellin.gov.co\/es\/wp-content\/uploads\/2026\/08\/Imagen-Medellin-comparte-experiencia-en-eficiencia-energetica-con-Bogota-Cali-y-Barranquilla-3.jpg\" alt=\"Imagen Medell\u00edn comparte experiencia en eficiencia energ\u00e9tica con Bogot\u00e1, Cali y Barranquilla (3)\" width=\"1276\" height=\"850\" srcset=\"https:\/\/www.medellin.gov.co\/es\/wp-content\/uploads\/2026\/08\/Imagen-Medellin-comparte-experiencia-en-eficiencia-energetica-con-Bogota-Cali-y-Barranquilla-3.jpg 1276w, https:\/\/www.medellin.gov.co\/es\/wp-content\/uploads\/2026\/08\/Imagen-Medellin-comparte-experiencia-en-eficiencia-energetica-con-Bogota-Cali-y-Barranquilla-3-300x200.jpg 300w, https:\/\/www.medellin.gov.co\/es\/wp-content\/uploads\/2026\/08\/Imagen-Medellin-comparte-experiencia-en-eficiencia-energetica-con-Bogota-Cali-y-Barranquilla-3-1024x682.jpg 1024w, https:\/\/www.medellin.gov.co\/es\/wp-content\/uploads\/2026\/08\/Imagen-Medellin-comparte-experiencia-en-eficiencia-energetica-con-Bogota-Cali-y-Barranquilla-3-150x100.jpg 150w, https:\/\/www.medellin.gov.co\/es\/wp-content\/uploads\/2026\/08\/Imagen-Medellin-comparte-experiencia-en-eficiencia-energetica-con-Bogota-Cali-y-Barranquilla-3-768x512.jpg 768w\" sizes=\"(max-width: 1276px) 100vw, 1276px\" \/><\/p>\n<p>\u201cMedell\u00edn es una ciudad que est\u00e1 a la vanguardia de estos temas y esperamos que, con nuestra contribuci\u00f3n, las dem\u00e1s ciudades puedan aprender y replicar estas experiencias tan novedosas que tiene la ciudad en la descarbonizaci\u00f3n de edificaciones p\u00fablicas\u201d, expres\u00f3 la directora del proyecto SolER de la agencia GIZ, Carolina Hern\u00e1ndez.<\/p>\n<p>Por su parte, el subdirector Ecourbanismo y Construcci\u00f3n Sostenible de la Secretar\u00eda Distrital de Planeaci\u00f3n de Bogot\u00e1, Alejandro G\u00f3mez, manifest\u00f3 que: \u201ceste intercambio nos ha parecido maravilloso para compartir todos los retos que tenemos en la organizaci\u00f3n, desde lo p\u00fablico, en nuestras edificaciones para tener una mejor eficiencia energ\u00e9tica y aceptar esos retos de la transici\u00f3n que requieren, por ejemplo, el uso de fuentes no convencionales de energ\u00eda renovable\u201d. Finalmente, el compromiso con la sostenibilidad del Distrito tambi\u00e9n se refleja en la manera en que adelanta sus procesos de contrataci\u00f3n p\u00fablica.<\/p>\n<p><img loading=\"lazy\" class=\"alignnone wp-image-562325 size-full\" title=\"Medell\u00edn comparte experiencia en eficiencia energ\u00e9tica con Bogot\u00e1, Cali y Barranquilla\" src=\"https:\/\/www.medellin.gov.co\/es\/wp-content\/uploads\/2026\/08\/Imagen-Medellin-comparte-experiencia-en-eficiencia-energetica-con-Bogota-Cali-y-Barranquilla-4.jpg\" alt=\"Imagen Medell\u00edn comparte experiencia en eficiencia energ\u00e9tica con Bogot\u00e1, Cali y Barranquilla (4)\" width=\"1276\" height=\"850\" srcset=\"https:\/\/www.medellin.gov.co\/es\/wp-content\/uploads\/2026\/08\/Imagen-Medellin-comparte-experiencia-en-eficiencia-energetica-con-Bogota-Cali-y-Barranquilla-4.jpg 1276w, https:\/\/www.medellin.gov.co\/es\/wp-content\/uploads\/2026\/08\/Imagen-Medellin-comparte-experiencia-en-eficiencia-energetica-con-Bogota-Cali-y-Barranquilla-4-300x200.jpg 300w, https:\/\/www.medellin.gov.co\/es\/wp-content\/uploads\/2026\/08\/Imagen-Medellin-comparte-experiencia-en-eficiencia-energetica-con-Bogota-Cali-y-Barranquilla-4-1024x682.jpg 1024w, https:\/\/www.medellin.gov.co\/es\/wp-content\/uploads\/2026\/08\/Imagen-Medellin-comparte-experiencia-en-eficiencia-energetica-con-Bogota-Cali-y-Barranquilla-4-150x100.jpg 150w, https:\/\/www.medellin.gov.co\/es\/wp-content\/uploads\/2026\/08\/Imagen-Medellin-comparte-experiencia-en-eficiencia-energetica-con-Bogota-Cali-y-Barranquilla-4-768x512.jpg 768w\" sizes=\"(max-width: 1276px) 100vw, 1276px\" \/><\/p>\n<p>En estos se incorporan criterios ambientales en los que, por su naturaleza, es posible generar impactos positivos sobre el entorno, de manera que las consideraciones medioambientales hagan parte de las decisiones desde la planeaci\u00f3n y estructuraci\u00f3n de los contratos.<\/p>\n","protected":false},"excerpt":{"rendered":"<p>Delegaciones de las tres ciudades, acompa\u00f1adas por la agencia alemana GIZ, conocieron las estrategias implementadas por el Distrito en sus edificaciones p\u00fablicas. El modelo de la capital antioque\u00f1a ya genera resultados medibles y hoy es &#8230;<\/p>\n","protected":false},"author":95,"featured_media":562328,"comment_status":"open","ping_status":"open","sticky":false,"template":"","format":"standard","meta":[],"categories":[22],"tags":[455],"formato_nota":[],"programas_tax":[],"acf":[],"_links":{"self":[{"href":"https:\/\/www.medellin.gov.co\/es\/wp-json\/wp\/v2\/posts\/562322"}],"collection":[{"href":"https:\/\/www.medellin.gov.co\/es\/wp-json\/wp\/v2\/posts"}],"about":[{"href":"https:\/\/www.medellin.gov.co\/es\/wp-json\/wp\/v2\/types\/post"}],"author":[{"embeddable":true,"href":"https:\/\/www.medellin.gov.co\/es\/wp-json\/wp\/v2\/users\/95"}],"replies":[{"embeddable":true,"href":"https:\/\/www.medellin.gov.co\/es\/wp-json\/wp\/v2\/comments?post=562322"}],"version-history":[{"count":1,"href":"https:\/\/www.medellin.gov.co\/es\/wp-json\/wp\/v2\/posts\/562322\/revisions"}],"predecessor-version":[{"id":562335,"href":"https:\/\/www.medellin.gov.co\/es\/wp-json\/wp\/v2\/posts\/562322\/revisions\/562335"}],"wp:featuredmedia":[{"embeddable":true,"href":"https:\/\/www.medellin.gov.co\/es\/wp-json\/wp\/v2\/media\/562328"}],"wp:attachment":[{"href":"https:\/\/www.medellin.gov.co\/es\/wp-json\/wp\/v2\/media?parent=562322"}],"wp:term":[{"taxonomy":"category","embeddable":true,"href":"https:\/\/www.medellin.gov.co\/es\/wp-json\/wp\/v2\/categories?post=562322"},{"taxonomy":"post_tag","embeddable":true,"href":"https:\/\/www.medellin.gov.co\/es\/wp-json\/wp\/v2\/tags?post=562322"},{"taxonomy":"formato_nota","embeddable":true,"href":"https:\/\/www.medellin.gov.co\/es\/wp-json\/wp\/v2\/formato_nota?post=562322"},{"taxonomy":"programas_tax","embeddable":true,"href":"https:\/\/www.medellin.gov.co\/es\/wp-json\/wp\/v2\/programas_tax?post=562322"}],"curies":[{"name":"wp","href":"https:\/\/api.w.org\/{rel}","templated":true}]}}