{"id":562338,"date":"2026-08-30T10:23:27","date_gmt":"2026-08-30T15:23:27","guid":{"rendered":"https:\/\/www.medellin.gov.co\/es\/?p=562338"},"modified":"2026-08-30T20:07:19","modified_gmt":"2026-08-31T01:07:19","slug":"medellin-supera-los-46-000-matriculados-en-sus-instituciones-de-educacion-superior","status":"publish","type":"post","link":"https:\/\/www.medellin.gov.co\/es\/sala-de-prensa\/noticias\/medellin-supera-los-46-000-matriculados-en-sus-instituciones-de-educacion-superior\/","title":{"rendered":"Medell\u00edn supera los 46.000 matriculados en sus instituciones de educaci\u00f3n superior"},"content":{"rendered":"<ul>\n<li>El ITM, el Pascual Bravo y el Colegio Mayor aumentaron su cobertura este semestre en comparaci\u00f3n con el mismo periodo de 2025.<\/li>\n<li>Gran parte de la poblaci\u00f3n estudiantil cuenta con el respaldo de Matr\u00edcula Cero y los Fondos Sapiencia para garantizar la gratuidad acad\u00e9mica y apoyos de sostenimiento.<\/li>\n<\/ul>\n<!--[if lt IE 9]><script>document.createElement('audio');<\/script><![endif]-->\n\t<div class=\"wp-playlist wp-audio-playlist wp-playlist-light\">\n\t\t\t<div class=\"wp-playlist-current-item\"><\/div>\n\t\t<audio controls=\"controls\" preload=\"none\" width=\"640\"\n\t\t\t><\/audio>\n\t<div class=\"wp-playlist-next\"><\/div>\n\t<div class=\"wp-playlist-prev\"><\/div>\n\t<noscript>\n\t<ol>\n\t\t<li><a href='https:\/\/www.medellin.gov.co\/es\/wp-content\/uploads\/2026\/08\/Declaraciones-director-general-de-Sapiencia-Salomon-Cruz-Zirene-2.mp3'>Declaraciones director general de Sapiencia, Salom\u00f3n Cruz Zirene<\/a><\/li><li><a href='https:\/\/www.medellin.gov.co\/es\/wp-content\/uploads\/2026\/08\/Declaraciones-rector-del-ITM-Alejandro-Villa-Gomez.mp3'>Declaraciones rector del ITM, Alejandro Villa G\u00f3mez<\/a><\/li>\t<\/ol>\n\t<\/noscript>\n\t<script type=\"application\/json\" class=\"wp-playlist-script\">{\"type\":\"audio\",\"tracklist\":true,\"tracknumbers\":true,\"images\":true,\"artists\":true,\"tracks\":[{\"src\":\"https:\\\/\\\/www.medellin.gov.co\\\/es\\\/wp-content\\\/uploads\\\/2026\\\/08\\\/Declaraciones-director-general-de-Sapiencia-Salomon-Cruz-Zirene-2.mp3\",\"type\":\"audio\\\/mpeg\",\"title\":\"Declaraciones director general de Sapiencia, Salom\\u00f3n Cruz Zirene\",\"caption\":\"\",\"description\":\"\\u00abDeclaraciones director general de Sapiencia, Salom\\u00f3n Cruz Zirene\\u00bb. G\\u00e9nero: Blues.\",\"meta\":{\"genre\":\"Blues\",\"length_formatted\":\"1:21\"},\"image\":{\"src\":\"https:\\\/\\\/www.medellin.gov.co\\\/es\\\/wp-includes\\\/images\\\/media\\\/audio.png\",\"width\":48,\"height\":64},\"thumb\":{\"src\":\"https:\\\/\\\/www.medellin.gov.co\\\/es\\\/wp-includes\\\/images\\\/media\\\/audio.png\",\"width\":48,\"height\":64}},{\"src\":\"https:\\\/\\\/www.medellin.gov.co\\\/es\\\/wp-content\\\/uploads\\\/2026\\\/08\\\/Declaraciones-rector-del-ITM-Alejandro-Villa-Gomez.mp3\",\"type\":\"audio\\\/mpeg\",\"title\":\"Declaraciones rector del ITM, Alejandro Villa G\\u00f3mez\",\"caption\":\"\",\"description\":\"\\u00abDeclaraciones rector del ITM, Alejandro Villa G\\u00f3mez\\u00bb. G\\u00e9nero: Blues.\",\"meta\":{\"genre\":\"Blues\",\"length_formatted\":\"0:45\"},\"image\":{\"src\":\"https:\\\/\\\/www.medellin.gov.co\\\/es\\\/wp-includes\\\/images\\\/media\\\/audio.png\",\"width\":48,\"height\":64},\"thumb\":{\"src\":\"https:\\\/\\\/www.medellin.gov.co\\\/es\\\/wp-includes\\\/images\\\/media\\\/audio.png\",\"width\":48,\"height\":64}}]}<\/script>\n<\/div>\n\t\n<p><a href=\"https:\/\/www.instagram.com\/alcaldiademed\/\" target=\"_blank\" rel=\"noopener\">La Alcald\u00eda de Medell\u00edn<\/a> aumenta las oportunidades de acceso a una educaci\u00f3n superior p\u00fablica, incluyente y de calidad. Para el segundo semestre de 2026, 46.430 estudiantes se matricularon en las tres instituciones universitarias adscritas al Distrito: el Instituto Tecnol\u00f3gico Metropolitano (ITM), la Instituci\u00f3n Universitaria Pascual Bravo y el Colegio Mayor de Antioquia.<\/p>\n\n\t\t<style type=\"text\/css\">\n\t\t\t#gallery-1 {\n\t\t\t\tmargin: auto;\n\t\t\t}\n\t\t\t#gallery-1 .gallery-item {\n\t\t\t\tfloat: left;\n\t\t\t\tmargin-top: 10px;\n\t\t\t\ttext-align: center;\n\t\t\t\twidth: 50%;\n\t\t\t}\n\t\t\t#gallery-1 img {\n\t\t\t\tborder: 2px solid #cfcfcf;\n\t\t\t}\n\t\t\t#gallery-1 .gallery-caption {\n\t\t\t\tmargin-left: 0;\n\t\t\t}\n\t\t\t\/* see gallery_shortcode() in wp-includes\/media.php *\/\n\t\t<\/style>\n\t\t<div id='gallery-1' class='gallery galleryid-562338 gallery-columns-2 gallery-size-full'><dl class='gallery-item'>\n\t\t\t<dt class='gallery-icon landscape'>\n\t\t\t\t<a href='https:\/\/www.medellin.gov.co\/es\/sala-de-prensa\/noticias\/medellin-supera-los-46-000-matriculados-en-sus-instituciones-de-educacion-superior\/imagen-medellin-supera-los-46-000-matriculados-en-sus-instituciones-de-educacion-superior-2\/'><img width=\"1280\" height=\"720\" src=\"https:\/\/www.medellin.gov.co\/es\/wp-content\/uploads\/2026\/08\/Imagen-Medellin-supera-los-46.000-matriculados-en-sus-instituciones-de-educacion-superior-2.jpg\" class=\"attachment-full size-full\" alt=\"Imagen Medell\u00edn supera los 46.000 matriculados en sus instituciones de educaci\u00f3n superior (3)\" loading=\"lazy\" srcset=\"https:\/\/www.medellin.gov.co\/es\/wp-content\/uploads\/2026\/08\/Imagen-Medellin-supera-los-46.000-matriculados-en-sus-instituciones-de-educacion-superior-2.jpg 1280w, https:\/\/www.medellin.gov.co\/es\/wp-content\/uploads\/2026\/08\/Imagen-Medellin-supera-los-46.000-matriculados-en-sus-instituciones-de-educacion-superior-2-300x169.jpg 300w, https:\/\/www.medellin.gov.co\/es\/wp-content\/uploads\/2026\/08\/Imagen-Medellin-supera-los-46.000-matriculados-en-sus-instituciones-de-educacion-superior-2-1024x576.jpg 1024w, https:\/\/www.medellin.gov.co\/es\/wp-content\/uploads\/2026\/08\/Imagen-Medellin-supera-los-46.000-matriculados-en-sus-instituciones-de-educacion-superior-2-150x84.jpg 150w, https:\/\/www.medellin.gov.co\/es\/wp-content\/uploads\/2026\/08\/Imagen-Medellin-supera-los-46.000-matriculados-en-sus-instituciones-de-educacion-superior-2-768x432.jpg 768w\" sizes=\"(max-width: 1280px) 100vw, 1280px\" \/><\/a>\n\t\t\t<\/dt><\/dl><dl class='gallery-item'>\n\t\t\t<dt class='gallery-icon landscape'>\n\t\t\t\t<a href='https:\/\/www.medellin.gov.co\/es\/sala-de-prensa\/noticias\/medellin-supera-los-46-000-matriculados-en-sus-instituciones-de-educacion-superior\/imagen-medellin-supera-los-46-000-matriculados-en-sus-instituciones-de-educacion-superior-3\/'><img width=\"1280\" height=\"720\" src=\"https:\/\/www.medellin.gov.co\/es\/wp-content\/uploads\/2026\/08\/Imagen-Medellin-supera-los-46.000-matriculados-en-sus-instituciones-de-educacion-superior-3.jpg\" class=\"attachment-full size-full\" alt=\"Imagen Medell\u00edn supera los 46.000 matriculados en sus instituciones de educaci\u00f3n superior (3)\" loading=\"lazy\" srcset=\"https:\/\/www.medellin.gov.co\/es\/wp-content\/uploads\/2026\/08\/Imagen-Medellin-supera-los-46.000-matriculados-en-sus-instituciones-de-educacion-superior-3.jpg 1280w, https:\/\/www.medellin.gov.co\/es\/wp-content\/uploads\/2026\/08\/Imagen-Medellin-supera-los-46.000-matriculados-en-sus-instituciones-de-educacion-superior-3-300x169.jpg 300w, https:\/\/www.medellin.gov.co\/es\/wp-content\/uploads\/2026\/08\/Imagen-Medellin-supera-los-46.000-matriculados-en-sus-instituciones-de-educacion-superior-3-1024x576.jpg 1024w, https:\/\/www.medellin.gov.co\/es\/wp-content\/uploads\/2026\/08\/Imagen-Medellin-supera-los-46.000-matriculados-en-sus-instituciones-de-educacion-superior-3-150x84.jpg 150w, https:\/\/www.medellin.gov.co\/es\/wp-content\/uploads\/2026\/08\/Imagen-Medellin-supera-los-46.000-matriculados-en-sus-instituciones-de-educacion-superior-3-768x432.jpg 768w\" sizes=\"(max-width: 1280px) 100vw, 1280px\" \/><\/a>\n\t\t\t<\/dt><\/dl><br style=\"clear: both\" \/>\n\t\t<\/div>\n\n<p>Gran parte de estos j\u00f3venes y adultos adelantar\u00e1 su formaci\u00f3n con Matr\u00edcula Cero y los Fondos Sapiencia. En comparaci\u00f3n con el segundo semestre de 2025, las tres IES del Distrito incrementaron su cobertura educativa. El ITM aument\u00f3 su poblaci\u00f3n estudiantil al pasar de 28.107 a 29.755 matriculados; la Instituci\u00f3n Universitaria Pascual Bravo ascendi\u00f3 de 9.931 a 10.056 estudiantes; y el Colegio Mayor de Antioquia registr\u00f3 un incremento, al pasar de 5.763 a 6.619 estudiantes en sus aulas.<\/p>\n<p>\u201cEn Medell\u00edn la educaci\u00f3n sigue siendo la herramienta m\u00e1s poderosa de transformaci\u00f3n social. Este crecimiento en la matr\u00edcula demuestra la confianza de las familias en la calidad de nuestra educaci\u00f3n p\u00fablica. Desde Sapiencia reafirmamos nuestro compromiso de acompa\u00f1ar estos sue\u00f1os a trav\u00e9s de Matr\u00edcula Cero y los Fondos Sapiencia, garantizando no solo que ingresen a la universidad, sino que permanezcan y se grad\u00faen sin que el factor econ\u00f3mico sea una barrera\u201d, destac\u00f3 el director general de Sapiencia, Salom\u00f3n Cruz Zirene.<\/p>\n<p><img loading=\"lazy\" class=\"alignnone wp-image-562347 size-full\" title=\"Medell\u00edn supera los 46.000 matriculados en sus instituciones de educaci\u00f3n superior \" src=\"https:\/\/www.medellin.gov.co\/es\/wp-content\/uploads\/2026\/08\/Imagen-Medellin-supera-los-46.000-matriculados-en-sus-instituciones-de-educacion-superior-4.jpg\" alt=\"Imagen Medell\u00edn supera los 46.000 matriculados en sus instituciones de educaci\u00f3n superior (4)\" width=\"1274\" height=\"850\" srcset=\"https:\/\/www.medellin.gov.co\/es\/wp-content\/uploads\/2026\/08\/Imagen-Medellin-supera-los-46.000-matriculados-en-sus-instituciones-de-educacion-superior-4.jpg 1274w, https:\/\/www.medellin.gov.co\/es\/wp-content\/uploads\/2026\/08\/Imagen-Medellin-supera-los-46.000-matriculados-en-sus-instituciones-de-educacion-superior-4-300x200.jpg 300w, https:\/\/www.medellin.gov.co\/es\/wp-content\/uploads\/2026\/08\/Imagen-Medellin-supera-los-46.000-matriculados-en-sus-instituciones-de-educacion-superior-4-1024x683.jpg 1024w, https:\/\/www.medellin.gov.co\/es\/wp-content\/uploads\/2026\/08\/Imagen-Medellin-supera-los-46.000-matriculados-en-sus-instituciones-de-educacion-superior-4-150x100.jpg 150w, https:\/\/www.medellin.gov.co\/es\/wp-content\/uploads\/2026\/08\/Imagen-Medellin-supera-los-46.000-matriculados-en-sus-instituciones-de-educacion-superior-4-768x512.jpg 768w\" sizes=\"(max-width: 1274px) 100vw, 1274px\" \/><\/p>\n<p>Cada una de las IES adscritas al Distrito aporta al desarrollo cient\u00edfico, tecnol\u00f3gico y social de Medell\u00edn y la regi\u00f3n. El ITM cuenta con una oferta de 60 programas entre pregrado y posgrado, con apuestas de vanguardia como el doctorado en Ciencia y Tecnolog\u00eda. Por su parte, la Instituci\u00f3n Universitaria Pascual Bravo dispone de 42 programas acad\u00e9micos y un modelo que extiende su impacto m\u00e1s all\u00e1 del Valle de Aburr\u00e1, llegando a diversas subregiones de Antioquia. Asimismo, el Colegio Mayor de Antioquia ofrece cerca de 40 programas en campos como Arquitectura, Biotecnolog\u00eda, Microbiolog\u00eda y la especializaci\u00f3n en Construcci\u00f3n Sostenible.<\/p>\n<p><img loading=\"lazy\" class=\"alignnone wp-image-562344 size-full\" title=\"Medell\u00edn supera los 46.000 matriculados en sus instituciones de educaci\u00f3n superior\" src=\"https:\/\/www.medellin.gov.co\/es\/wp-content\/uploads\/2026\/08\/Imagen-Medellin-supera-los-46.000-matriculados-en-sus-instituciones-de-educacion-superior-5.jpg\" alt=\"Imagen Medell\u00edn supera los 46.000 matriculados en sus instituciones de educaci\u00f3n superior (5)\" width=\"1137\" height=\"850\" srcset=\"https:\/\/www.medellin.gov.co\/es\/wp-content\/uploads\/2026\/08\/Imagen-Medellin-supera-los-46.000-matriculados-en-sus-instituciones-de-educacion-superior-5.jpg 1137w, https:\/\/www.medellin.gov.co\/es\/wp-content\/uploads\/2026\/08\/Imagen-Medellin-supera-los-46.000-matriculados-en-sus-instituciones-de-educacion-superior-5-300x224.jpg 300w, https:\/\/www.medellin.gov.co\/es\/wp-content\/uploads\/2026\/08\/Imagen-Medellin-supera-los-46.000-matriculados-en-sus-instituciones-de-educacion-superior-5-1024x766.jpg 1024w, https:\/\/www.medellin.gov.co\/es\/wp-content\/uploads\/2026\/08\/Imagen-Medellin-supera-los-46.000-matriculados-en-sus-instituciones-de-educacion-superior-5-150x112.jpg 150w, https:\/\/www.medellin.gov.co\/es\/wp-content\/uploads\/2026\/08\/Imagen-Medellin-supera-los-46.000-matriculados-en-sus-instituciones-de-educacion-superior-5-768x574.jpg 768w\" sizes=\"(max-width: 1137px) 100vw, 1137px\" \/><\/p>\n<p>\u201cTener este n\u00famero de matr\u00edculas nos permite mantener unas l\u00edneas de trabajo muy fuertes de acceso, de difusi\u00f3n de lo que es el ITM, de nueva oferta acad\u00e9mica y de modernizaci\u00f3n constante de los servicios para la comunidad estudiantil\u201d, a\u00f1adi\u00f3 el rector del ITM, Alejandro Villa G\u00f3mez.<\/p>\n<p>Un alto porcentaje de los estudiantes matriculados en estas instituciones cuenta con el beneficio de Matr\u00edcula Cero, estrategia con la que la Administraci\u00f3n Distrital cubre el 100 % del costo de la liquidaci\u00f3n de la matr\u00edcula. Muestra de ello es que, entre 2024 y el primer semestre de 2026, el programa ha beneficiado a 36.600 personas en este conglomerado universitario: 29.624 en el ITM, 5.123 en el Pascual Bravo y 1.853 en el Colegio Mayor.<\/p>\n<p><img loading=\"lazy\" class=\"alignnone wp-image-562341 size-full\" title=\"Medell\u00edn supera los 46.000 matriculados en sus instituciones de educaci\u00f3n superior\" src=\"https:\/\/www.medellin.gov.co\/es\/wp-content\/uploads\/2026\/08\/Imagen-Medellin-supera-los-46.000-matriculados-en-sus-instituciones-de-educacion-superior-6.jpg\" alt=\"Imagen Medell\u00edn supera los 46.000 matriculados en sus instituciones de educaci\u00f3n superior (6)\" width=\"1280\" height=\"720\" srcset=\"https:\/\/www.medellin.gov.co\/es\/wp-content\/uploads\/2026\/08\/Imagen-Medellin-supera-los-46.000-matriculados-en-sus-instituciones-de-educacion-superior-6.jpg 1280w, https:\/\/www.medellin.gov.co\/es\/wp-content\/uploads\/2026\/08\/Imagen-Medellin-supera-los-46.000-matriculados-en-sus-instituciones-de-educacion-superior-6-300x169.jpg 300w, https:\/\/www.medellin.gov.co\/es\/wp-content\/uploads\/2026\/08\/Imagen-Medellin-supera-los-46.000-matriculados-en-sus-instituciones-de-educacion-superior-6-1024x576.jpg 1024w, https:\/\/www.medellin.gov.co\/es\/wp-content\/uploads\/2026\/08\/Imagen-Medellin-supera-los-46.000-matriculados-en-sus-instituciones-de-educacion-superior-6-150x84.jpg 150w, https:\/\/www.medellin.gov.co\/es\/wp-content\/uploads\/2026\/08\/Imagen-Medellin-supera-los-46.000-matriculados-en-sus-instituciones-de-educacion-superior-6-768x432.jpg 768w\" sizes=\"(max-width: 1280px) 100vw, 1280px\" \/><\/p>\n<p>De igual forma, mediante los Fondos Sapiencia, se otorgan apoyos de sostenimiento que contribuyen a cubrir gastos de transporte, materiales y manutenci\u00f3n.<\/p>\n","protected":false},"excerpt":{"rendered":"<p>El ITM, el Pascual Bravo y el Colegio Mayor aumentaron su cobertura este semestre en comparaci\u00f3n con el mismo periodo de 2025. Gran parte de la poblaci\u00f3n estudiantil cuenta con el respaldo de Matr\u00edcula Cero &#8230;<\/p>\n","protected":false},"author":95,"featured_media":562351,"comment_status":"open","ping_status":"open","sticky":false,"template":"","format":"standard","meta":[],"categories":[747],"tags":[634],"formato_nota":[],"programas_tax":[],"acf":[],"_links":{"self":[{"href":"https:\/\/www.medellin.gov.co\/es\/wp-json\/wp\/v2\/posts\/562338"}],"collection":[{"href":"https:\/\/www.medellin.gov.co\/es\/wp-json\/wp\/v2\/posts"}],"about":[{"href":"https:\/\/www.medellin.gov.co\/es\/wp-json\/wp\/v2\/types\/post"}],"author":[{"embeddable":true,"href":"https:\/\/www.medellin.gov.co\/es\/wp-json\/wp\/v2\/users\/95"}],"replies":[{"embeddable":true,"href":"https:\/\/www.medellin.gov.co\/es\/wp-json\/wp\/v2\/comments?post=562338"}],"version-history":[{"count":2,"href":"https:\/\/www.medellin.gov.co\/es\/wp-json\/wp\/v2\/posts\/562338\/revisions"}],"predecessor-version":[{"id":562389,"href":"https:\/\/www.medellin.gov.co\/es\/wp-json\/wp\/v2\/posts\/562338\/revisions\/562389"}],"wp:featuredmedia":[{"embeddable":true,"href":"https:\/\/www.medellin.gov.co\/es\/wp-json\/wp\/v2\/media\/562351"}],"wp:attachment":[{"href":"https:\/\/www.medellin.gov.co\/es\/wp-json\/wp\/v2\/media?parent=562338"}],"wp:term":[{"taxonomy":"category","embeddable":true,"href":"https:\/\/www.medellin.gov.co\/es\/wp-json\/wp\/v2\/categories?post=562338"},{"taxonomy":"post_tag","embeddable":true,"href":"https:\/\/www.medellin.gov.co\/es\/wp-json\/wp\/v2\/tags?post=562338"},{"taxonomy":"formato_nota","embeddable":true,"href":"https:\/\/www.medellin.gov.co\/es\/wp-json\/wp\/v2\/formato_nota?post=562338"},{"taxonomy":"programas_tax","embeddable":true,"href":"https:\/\/www.medellin.gov.co\/es\/wp-json\/wp\/v2\/programas_tax?post=562338"}],"curies":[{"name":"wp","href":"https:\/\/api.w.org\/{rel}","templated":true}]}}