{"id":562359,"date":"2026-08-30T11:10:42","date_gmt":"2026-08-30T16:10:42","guid":{"rendered":"https:\/\/www.medellin.gov.co\/es\/?p=562359"},"modified":"2026-08-30T20:15:44","modified_gmt":"2026-08-31T01:15:44","slug":"el-mes-del-patrimonio-se-celebra-en-medellin-con-mas-de-60-actividades-que-tienen-entrada-libre","status":"publish","type":"post","link":"https:\/\/www.medellin.gov.co\/es\/sala-de-prensa\/noticias\/el-mes-del-patrimonio-se-celebra-en-medellin-con-mas-de-60-actividades-que-tienen-entrada-libre\/","title":{"rendered":"El Mes del Patrimonio se celebra en Medell\u00edn con m\u00e1s de 60 actividades que tienen entrada libre"},"content":{"rendered":"<ul>\n<li>Ciudadanos y visitantes podr\u00e1n disfrutar de recorridos patrimoniales, charlas, exposiciones y carreras de observaci\u00f3n.<\/li>\n<li>Este a\u00f1o se conmemoran los 100 a\u00f1os del barrio Prado y se exalta la labor de los colectivos y portadores de saberes en la historia de la ciudad.<\/li>\n<\/ul>\n<!--[if lt IE 9]><script>document.createElement('audio');<\/script><![endif]-->\n\t<div class=\"wp-playlist wp-audio-playlist wp-playlist-light\">\n\t\t\t<div class=\"wp-playlist-current-item\"><\/div>\n\t\t<audio controls=\"controls\" preload=\"none\" width=\"640\"\n\t\t\t><\/audio>\n\t<div class=\"wp-playlist-next\"><\/div>\n\t<div class=\"wp-playlist-prev\"><\/div>\n\t<noscript>\n\t<ol>\n\t\t<li><a href='https:\/\/www.medellin.gov.co\/es\/wp-content\/uploads\/2026\/08\/Declaraciones-secretario-de-Cultura-Ciudadana-Santiago-Silva-Jaramillo-2.mp3'>Declaraciones secretario de Cultura Ciudadana, Santiago Silva Jaramillo<\/a><\/li><li><a href='https:\/\/www.medellin.gov.co\/es\/wp-content\/uploads\/2026\/08\/Declaraciones-subdirectora-de-Gestion-Inmobiliaria-de-la-Agencia-APP-Luisa-Fernanda-Gutierrez-Maya.mp3'>Declaraciones subdirectora de Gesti\u00f3n Inmobiliaria de la Agencia APP, Luisa Fernanda Guti\u00e9rrez Maya<\/a><\/li><li><a href='https:\/\/www.medellin.gov.co\/es\/wp-content\/uploads\/2026\/08\/Declaraciones-integrante-del-grupo-y-colectivo-Patrimonio-Creativo-Ana-Carolina-Naranjo.mp3'>Declaraciones integrante del grupo y colectivo Patrimonio Creativo, Ana Carolina Naranjo<\/a><\/li>\t<\/ol>\n\t<\/noscript>\n\t<script type=\"application\/json\" class=\"wp-playlist-script\">{\"type\":\"audio\",\"tracklist\":true,\"tracknumbers\":true,\"images\":true,\"artists\":true,\"tracks\":[{\"src\":\"https:\\\/\\\/www.medellin.gov.co\\\/es\\\/wp-content\\\/uploads\\\/2026\\\/08\\\/Declaraciones-secretario-de-Cultura-Ciudadana-Santiago-Silva-Jaramillo-2.mp3\",\"type\":\"audio\\\/mpeg\",\"title\":\"Declaraciones secretario de Cultura Ciudadana, Santiago Silva Jaramillo\",\"caption\":\"\",\"description\":\"\\u00abDeclaraciones secretario de Cultura Ciudadana, Santiago Silva Jaramillo\\u00bb. G\\u00e9nero: Blues.\",\"meta\":{\"genre\":\"Blues\",\"length_formatted\":\"0:53\"},\"image\":{\"src\":\"https:\\\/\\\/www.medellin.gov.co\\\/es\\\/wp-includes\\\/images\\\/media\\\/audio.png\",\"width\":48,\"height\":64},\"thumb\":{\"src\":\"https:\\\/\\\/www.medellin.gov.co\\\/es\\\/wp-includes\\\/images\\\/media\\\/audio.png\",\"width\":48,\"height\":64}},{\"src\":\"https:\\\/\\\/www.medellin.gov.co\\\/es\\\/wp-content\\\/uploads\\\/2026\\\/08\\\/Declaraciones-subdirectora-de-Gestion-Inmobiliaria-de-la-Agencia-APP-Luisa-Fernanda-Gutierrez-Maya.mp3\",\"type\":\"audio\\\/mpeg\",\"title\":\"Declaraciones subdirectora de Gesti\\u00f3n Inmobiliaria de la Agencia APP, Luisa Fernanda Guti\\u00e9rrez Maya\",\"caption\":\"\",\"description\":\"\\u00abDeclaraciones subdirectora de Gesti\\u00f3n Inmobiliaria de la Agencia APP, Luisa Fernanda Guti\\u00e9rrez Maya\\u00bb. G\\u00e9nero: Blues.\",\"meta\":{\"genre\":\"Blues\",\"length_formatted\":\"0:44\"},\"image\":{\"src\":\"https:\\\/\\\/www.medellin.gov.co\\\/es\\\/wp-includes\\\/images\\\/media\\\/audio.png\",\"width\":48,\"height\":64},\"thumb\":{\"src\":\"https:\\\/\\\/www.medellin.gov.co\\\/es\\\/wp-includes\\\/images\\\/media\\\/audio.png\",\"width\":48,\"height\":64}},{\"src\":\"https:\\\/\\\/www.medellin.gov.co\\\/es\\\/wp-content\\\/uploads\\\/2026\\\/08\\\/Declaraciones-integrante-del-grupo-y-colectivo-Patrimonio-Creativo-Ana-Carolina-Naranjo.mp3\",\"type\":\"audio\\\/mpeg\",\"title\":\"Declaraciones integrante del grupo y colectivo Patrimonio Creativo, Ana Carolina Naranjo\",\"caption\":\"\",\"description\":\"\\u00abDeclaraciones integrante del grupo y colectivo Patrimonio Creativo, Ana Carolina Naranjo\\u00bb. G\\u00e9nero: Blues.\",\"meta\":{\"genre\":\"Blues\",\"length_formatted\":\"0:32\"},\"image\":{\"src\":\"https:\\\/\\\/www.medellin.gov.co\\\/es\\\/wp-includes\\\/images\\\/media\\\/audio.png\",\"width\":48,\"height\":64},\"thumb\":{\"src\":\"https:\\\/\\\/www.medellin.gov.co\\\/es\\\/wp-includes\\\/images\\\/media\\\/audio.png\",\"width\":48,\"height\":64}}]}<\/script>\n<\/div>\n\t\n<p>En septiembre, la <a href=\"https:\/\/www.instagram.com\/alcaldiademed\/\" target=\"_blank\" rel=\"noopener\">Alcald\u00eda de Medell\u00edn<\/a> celebra el Mes del Patrimonio con cerca de 60 actividades, entre ellas, recorridos patrimoniales, charlas, exposiciones y carreras de observaci\u00f3n con entrada libre y dise\u00f1adas para habitantes y visitantes de todas las edades.<\/p>\n<p><img loading=\"lazy\" class=\"alignnone wp-image-562377 size-full\" title=\"Mes del Patrimonio \" src=\"https:\/\/www.medellin.gov.co\/es\/wp-content\/uploads\/2026\/08\/Imagen-Mes-del-Patrimonio-1.jpg\" alt=\"Imagen Mes del Patrimonio (3)\" width=\"1280\" height=\"718\" srcset=\"https:\/\/www.medellin.gov.co\/es\/wp-content\/uploads\/2026\/08\/Imagen-Mes-del-Patrimonio-1.jpg 1280w, https:\/\/www.medellin.gov.co\/es\/wp-content\/uploads\/2026\/08\/Imagen-Mes-del-Patrimonio-1-300x168.jpg 300w, https:\/\/www.medellin.gov.co\/es\/wp-content\/uploads\/2026\/08\/Imagen-Mes-del-Patrimonio-1-1024x574.jpg 1024w, https:\/\/www.medellin.gov.co\/es\/wp-content\/uploads\/2026\/08\/Imagen-Mes-del-Patrimonio-1-150x84.jpg 150w, https:\/\/www.medellin.gov.co\/es\/wp-content\/uploads\/2026\/08\/Imagen-Mes-del-Patrimonio-1-768x431.jpg 768w\" sizes=\"(max-width: 1280px) 100vw, 1280px\" \/><\/p>\n<p>En el marco de esta celebraci\u00f3n, desde el Programa de Memoria, Patrimonio y Archivo Hist\u00f3rico, junto a los integrantes de la Espiral de Memorias y Patrimonios Culturales de Medell\u00edn, la Agencia para la Gesti\u00f3n del Paisaje, el Patrimonio y las Alianzas P\u00fablico-Privadas (APP), el Aeropuerto Olaya Herrera y otras dependencias del Distrito, ofrecer\u00e1n una programaci\u00f3n que invita a explorar la ciudad desde una mirada patrimonial.<\/p>\n<p>\u201cMedell\u00edn es una ciudad construida a partir de muchas historias, memorias, saberes y tradiciones. Una ciudad que se ha enriquecido con las comunidades que la habitan y con las expresiones culturales que, generaci\u00f3n tras generaci\u00f3n, han ayudado a construir nuestra identidad. Todo eso hace parte de un patrimonio que nos permite reconocernos, entender de d\u00f3nde venimos y seguir construyendo juntos la ciudad que queremos\u201d, mencion\u00f3 el secretario de Cultura Ciudadana, Santiago Silva Jaramillo.<\/p>\n\n\t\t<style type=\"text\/css\">\n\t\t\t#gallery-1 {\n\t\t\t\tmargin: auto;\n\t\t\t}\n\t\t\t#gallery-1 .gallery-item {\n\t\t\t\tfloat: left;\n\t\t\t\tmargin-top: 10px;\n\t\t\t\ttext-align: center;\n\t\t\t\twidth: 50%;\n\t\t\t}\n\t\t\t#gallery-1 img {\n\t\t\t\tborder: 2px solid #cfcfcf;\n\t\t\t}\n\t\t\t#gallery-1 .gallery-caption {\n\t\t\t\tmargin-left: 0;\n\t\t\t}\n\t\t\t\/* see gallery_shortcode() in wp-includes\/media.php *\/\n\t\t<\/style>\n\t\t<div id='gallery-1' class='gallery galleryid-562359 gallery-columns-2 gallery-size-full'><dl class='gallery-item'>\n\t\t\t<dt class='gallery-icon landscape'>\n\t\t\t\t<a href='https:\/\/www.medellin.gov.co\/es\/sala-de-prensa\/noticias\/el-mes-del-patrimonio-se-celebra-en-medellin-con-mas-de-60-actividades-que-tienen-entrada-libre\/imagen-mes-del-patrimonio-3\/'><img width=\"1276\" height=\"850\" src=\"https:\/\/www.medellin.gov.co\/es\/wp-content\/uploads\/2026\/08\/Imagen-Mes-del-Patrimonio-3.jpg\" class=\"attachment-full size-full\" alt=\"Imagen Mes del Patrimonio (3)\" loading=\"lazy\" srcset=\"https:\/\/www.medellin.gov.co\/es\/wp-content\/uploads\/2026\/08\/Imagen-Mes-del-Patrimonio-3.jpg 1276w, https:\/\/www.medellin.gov.co\/es\/wp-content\/uploads\/2026\/08\/Imagen-Mes-del-Patrimonio-3-300x200.jpg 300w, https:\/\/www.medellin.gov.co\/es\/wp-content\/uploads\/2026\/08\/Imagen-Mes-del-Patrimonio-3-1024x682.jpg 1024w, https:\/\/www.medellin.gov.co\/es\/wp-content\/uploads\/2026\/08\/Imagen-Mes-del-Patrimonio-3-150x100.jpg 150w, https:\/\/www.medellin.gov.co\/es\/wp-content\/uploads\/2026\/08\/Imagen-Mes-del-Patrimonio-3-768x512.jpg 768w\" sizes=\"(max-width: 1276px) 100vw, 1276px\" \/><\/a>\n\t\t\t<\/dt><\/dl><dl class='gallery-item'>\n\t\t\t<dt class='gallery-icon landscape'>\n\t\t\t\t<a href='https:\/\/www.medellin.gov.co\/es\/sala-de-prensa\/noticias\/el-mes-del-patrimonio-se-celebra-en-medellin-con-mas-de-60-actividades-que-tienen-entrada-libre\/imagen-mes-del-patrimonio-2\/'><img width=\"1276\" height=\"850\" src=\"https:\/\/www.medellin.gov.co\/es\/wp-content\/uploads\/2026\/08\/Imagen-Mes-del-Patrimonio-2.jpg\" class=\"attachment-full size-full\" alt=\"Imagen Mes del Patrimonio (2)\" loading=\"lazy\" srcset=\"https:\/\/www.medellin.gov.co\/es\/wp-content\/uploads\/2026\/08\/Imagen-Mes-del-Patrimonio-2.jpg 1276w, https:\/\/www.medellin.gov.co\/es\/wp-content\/uploads\/2026\/08\/Imagen-Mes-del-Patrimonio-2-300x200.jpg 300w, https:\/\/www.medellin.gov.co\/es\/wp-content\/uploads\/2026\/08\/Imagen-Mes-del-Patrimonio-2-1024x682.jpg 1024w, https:\/\/www.medellin.gov.co\/es\/wp-content\/uploads\/2026\/08\/Imagen-Mes-del-Patrimonio-2-150x100.jpg 150w, https:\/\/www.medellin.gov.co\/es\/wp-content\/uploads\/2026\/08\/Imagen-Mes-del-Patrimonio-2-768x512.jpg 768w\" sizes=\"(max-width: 1276px) 100vw, 1276px\" \/><\/a>\n\t\t\t<\/dt><\/dl><br style=\"clear: both\" \/>\n\t\t<\/div>\n\n<p>Por su parte, el Programa de Memoria, Patrimonio y Archivo Hist\u00f3rico fortalece el trabajo de organizaciones y colectivos que divulgan estos conocimientos. Cabe destacar que la Convocatoria de Fomento y Est\u00edmulos para el Arte y la Cultura permitir\u00e1 que los beneficiarios del \u00e1rea de Patrimonio ofrezcan alrededor de 17 experiencias con cultores y portadores de saberes en oficios como el bordado, la modister\u00eda y la alfarer\u00eda. Asimismo, brindar\u00e1n experiencias que promueven las buenas pr\u00e1cticas de salvaguardia de la cultura silletera.<\/p>\n<p>Este a\u00f1o se conmemoran los 100 a\u00f1os del barrio Prado, referente patrimonial de Medell\u00edn desde su urbanizaci\u00f3n en 1926 por el industrial Ricardo Olano. A lo largo de su historia, este barrio ha sido escenario de transformaciones urbanas, como la construcci\u00f3n de la Avenida Oriental en 1970, que lo separ\u00f3 del Parque de Bol\u00edvar. Para esta celebraci\u00f3n, la Casa del Patrimonio ser\u00e1 el referente simb\u00f3lico de la conmemoraci\u00f3n.<\/p>\n\n\t\t<style type=\"text\/css\">\n\t\t\t#gallery-2 {\n\t\t\t\tmargin: auto;\n\t\t\t}\n\t\t\t#gallery-2 .gallery-item {\n\t\t\t\tfloat: left;\n\t\t\t\tmargin-top: 10px;\n\t\t\t\ttext-align: center;\n\t\t\t\twidth: 50%;\n\t\t\t}\n\t\t\t#gallery-2 img {\n\t\t\t\tborder: 2px solid #cfcfcf;\n\t\t\t}\n\t\t\t#gallery-2 .gallery-caption {\n\t\t\t\tmargin-left: 0;\n\t\t\t}\n\t\t\t\/* see gallery_shortcode() in wp-includes\/media.php *\/\n\t\t<\/style>\n\t\t<div id='gallery-2' class='gallery galleryid-562359 gallery-columns-2 gallery-size-full'><dl class='gallery-item'>\n\t\t\t<dt class='gallery-icon landscape'>\n\t\t\t\t<a href='https:\/\/www.medellin.gov.co\/es\/sala-de-prensa\/noticias\/el-mes-del-patrimonio-se-celebra-en-medellin-con-mas-de-60-actividades-que-tienen-entrada-libre\/imagen-mes-del-patrimonio-6\/'><img width=\"1280\" height=\"725\" src=\"https:\/\/www.medellin.gov.co\/es\/wp-content\/uploads\/2026\/08\/Imagen-Mes-del-Patrimonio-6.jpg\" class=\"attachment-full size-full\" alt=\"Imagen Mes del Patrimonio (6)\" loading=\"lazy\" srcset=\"https:\/\/www.medellin.gov.co\/es\/wp-content\/uploads\/2026\/08\/Imagen-Mes-del-Patrimonio-6.jpg 1280w, https:\/\/www.medellin.gov.co\/es\/wp-content\/uploads\/2026\/08\/Imagen-Mes-del-Patrimonio-6-300x170.jpg 300w, https:\/\/www.medellin.gov.co\/es\/wp-content\/uploads\/2026\/08\/Imagen-Mes-del-Patrimonio-6-1024x580.jpg 1024w, https:\/\/www.medellin.gov.co\/es\/wp-content\/uploads\/2026\/08\/Imagen-Mes-del-Patrimonio-6-150x85.jpg 150w, https:\/\/www.medellin.gov.co\/es\/wp-content\/uploads\/2026\/08\/Imagen-Mes-del-Patrimonio-6-768x435.jpg 768w\" sizes=\"(max-width: 1280px) 100vw, 1280px\" \/><\/a>\n\t\t\t<\/dt><\/dl><dl class='gallery-item'>\n\t\t\t<dt class='gallery-icon landscape'>\n\t\t\t\t<a href='https:\/\/www.medellin.gov.co\/es\/sala-de-prensa\/noticias\/el-mes-del-patrimonio-se-celebra-en-medellin-con-mas-de-60-actividades-que-tienen-entrada-libre\/imagen-mes-del-patrimonio-7\/'><img width=\"1280\" height=\"725\" src=\"https:\/\/www.medellin.gov.co\/es\/wp-content\/uploads\/2026\/08\/Imagen-Mes-del-Patrimonio-7.jpg\" class=\"attachment-full size-full\" alt=\"Imagen Mes del Patrimonio (7)\" loading=\"lazy\" srcset=\"https:\/\/www.medellin.gov.co\/es\/wp-content\/uploads\/2026\/08\/Imagen-Mes-del-Patrimonio-7.jpg 1280w, https:\/\/www.medellin.gov.co\/es\/wp-content\/uploads\/2026\/08\/Imagen-Mes-del-Patrimonio-7-300x170.jpg 300w, https:\/\/www.medellin.gov.co\/es\/wp-content\/uploads\/2026\/08\/Imagen-Mes-del-Patrimonio-7-1024x580.jpg 1024w, https:\/\/www.medellin.gov.co\/es\/wp-content\/uploads\/2026\/08\/Imagen-Mes-del-Patrimonio-7-150x85.jpg 150w, https:\/\/www.medellin.gov.co\/es\/wp-content\/uploads\/2026\/08\/Imagen-Mes-del-Patrimonio-7-768x435.jpg 768w\" sizes=\"(max-width: 1280px) 100vw, 1280px\" \/><\/a>\n\t\t\t<\/dt><\/dl><br style=\"clear: both\" \/>\n\t\t<\/div>\n\n<p>\u201cPrado es un territorio que hace parte de la memoria y la identidad de Medell\u00edn, y celebrar sus 100 a\u00f1os es tambi\u00e9n reconocer el valor de conservarlo, habitarlo y proyectarlo hacia el futuro. Desde la Agencia APP, como operador del barrio Prado, trabajamos para fortalecer su vocaci\u00f3n patrimonial y promover su revitalizaci\u00f3n, mediante la articulaci\u00f3n de acciones y la implementaci\u00f3n de instrumentos y mecanismos que faciliten a propietarios y vecinos la conservaci\u00f3n y puesta en valor del patrimonio particular y colectivo, para que este sector siga siendo un lugar vivo, conectado con la ciudadan\u00eda y con las nuevas generaciones\u201d, afirm\u00f3 la subdirectora de Gesti\u00f3n Inmobiliaria\u00a0 de la Agencia APP, Luisa Fernanda Guti\u00e9rrez Maya.<\/p>\n<p><img loading=\"lazy\" class=\"alignnone wp-image-562360 size-full\" title=\"Mes del Patrimonio\" src=\"https:\/\/www.medellin.gov.co\/es\/wp-content\/uploads\/2026\/08\/Imagen-Mes-del-Patrimonio-8.jpg\" alt=\"Imagen Mes del Patrimonio (8)\" width=\"1276\" height=\"850\" srcset=\"https:\/\/www.medellin.gov.co\/es\/wp-content\/uploads\/2026\/08\/Imagen-Mes-del-Patrimonio-8.jpg 1276w, https:\/\/www.medellin.gov.co\/es\/wp-content\/uploads\/2026\/08\/Imagen-Mes-del-Patrimonio-8-300x200.jpg 300w, https:\/\/www.medellin.gov.co\/es\/wp-content\/uploads\/2026\/08\/Imagen-Mes-del-Patrimonio-8-1024x682.jpg 1024w, https:\/\/www.medellin.gov.co\/es\/wp-content\/uploads\/2026\/08\/Imagen-Mes-del-Patrimonio-8-150x100.jpg 150w, https:\/\/www.medellin.gov.co\/es\/wp-content\/uploads\/2026\/08\/Imagen-Mes-del-Patrimonio-8-768x512.jpg 768w\" sizes=\"(max-width: 1276px) 100vw, 1276px\" \/><\/p>\n<p>Tambi\u00e9n se estrenar\u00e1 en <a href=\"https:\/\/play.patrimoniomedellin.gov.co\/\" target=\"_blank\" rel=\"noopener\">https:\/\/play.patrimoniomedellin.gov.co\/<\/a>, una serie que busca reconocer el trabajo de las personas, colectivos, grupos de vig\u00edas y dem\u00e1s integrantes de la Espiral. Una estrategia donde convergen iniciativas ciudadanas que visibilizan el patrimonio en las diferentes comunas de la capital antioque\u00f1a. La programaci\u00f3n est\u00e1 disponible en: <a href=\"https:\/\/agenda.patrimoniomedellin.gov.co\/\" target=\"_blank\" rel=\"noopener\">https:\/\/agenda.patrimoniomedellin.gov.co\/<\/a> o en las redes de @cultura.med.<\/p>\n","protected":false},"excerpt":{"rendered":"<p>Ciudadanos y visitantes podr\u00e1n disfrutar de recorridos patrimoniales, charlas, exposiciones y carreras de observaci\u00f3n. Este a\u00f1o se conmemoran los 100 a\u00f1os del barrio Prado y se exalta la labor de los colectivos y portadores de &#8230;<\/p>\n","protected":false},"author":95,"featured_media":562370,"comment_status":"open","ping_status":"open","sticky":false,"template":"","format":"standard","meta":[],"categories":[31],"tags":[444],"formato_nota":[],"programas_tax":[],"acf":[],"_links":{"self":[{"href":"https:\/\/www.medellin.gov.co\/es\/wp-json\/wp\/v2\/posts\/562359"}],"collection":[{"href":"https:\/\/www.medellin.gov.co\/es\/wp-json\/wp\/v2\/posts"}],"about":[{"href":"https:\/\/www.medellin.gov.co\/es\/wp-json\/wp\/v2\/types\/post"}],"author":[{"embeddable":true,"href":"https:\/\/www.medellin.gov.co\/es\/wp-json\/wp\/v2\/users\/95"}],"replies":[{"embeddable":true,"href":"https:\/\/www.medellin.gov.co\/es\/wp-json\/wp\/v2\/comments?post=562359"}],"version-history":[{"count":1,"href":"https:\/\/www.medellin.gov.co\/es\/wp-json\/wp\/v2\/posts\/562359\/revisions"}],"predecessor-version":[{"id":562386,"href":"https:\/\/www.medellin.gov.co\/es\/wp-json\/wp\/v2\/posts\/562359\/revisions\/562386"}],"wp:featuredmedia":[{"embeddable":true,"href":"https:\/\/www.medellin.gov.co\/es\/wp-json\/wp\/v2\/media\/562370"}],"wp:attachment":[{"href":"https:\/\/www.medellin.gov.co\/es\/wp-json\/wp\/v2\/media?parent=562359"}],"wp:term":[{"taxonomy":"category","embeddable":true,"href":"https:\/\/www.medellin.gov.co\/es\/wp-json\/wp\/v2\/categories?post=562359"},{"taxonomy":"post_tag","embeddable":true,"href":"https:\/\/www.medellin.gov.co\/es\/wp-json\/wp\/v2\/tags?post=562359"},{"taxonomy":"formato_nota","embeddable":true,"href":"https:\/\/www.medellin.gov.co\/es\/wp-json\/wp\/v2\/formato_nota?post=562359"},{"taxonomy":"programas_tax","embeddable":true,"href":"https:\/\/www.medellin.gov.co\/es\/wp-json\/wp\/v2\/programas_tax?post=562359"}],"curies":[{"name":"wp","href":"https:\/\/api.w.org\/{rel}","templated":true}]}}