{"id":562408,"date":"2026-08-30T16:20:33","date_gmt":"2026-08-30T21:20:33","guid":{"rendered":"https:\/\/www.medellin.gov.co\/es\/?p=562408"},"modified":"2026-08-30T20:31:13","modified_gmt":"2026-08-31T01:31:13","slug":"los-taxistas-seran-embajadores-de-ciudad-gracias-a-una-alianza-entre-el-distrito-y-la-camara-de-comercio-de-medellin","status":"publish","type":"post","link":"https:\/\/www.medellin.gov.co\/es\/sala-de-prensa\/noticias\/los-taxistas-seran-embajadores-de-ciudad-gracias-a-una-alianza-entre-el-distrito-y-la-camara-de-comercio-de-medellin\/","title":{"rendered":"Los taxistas ser\u00e1n embajadores de ciudad, gracias a una alianza entre el Distrito y la C\u00e1mara de Comercio de Medell\u00edn"},"content":{"rendered":"<ul>\n<li>Conductores de Tax Individual, Coopebombas y Asemptaxis recibir\u00e1n formaci\u00f3n para mejorar la atenci\u00f3n a turistas y visitantes.<\/li>\n<li>El programa incluye capacitaci\u00f3n, experiencias inmersivas en atractivos tur\u00edsticos y certificaci\u00f3n como Embajadores de Ciudad.<\/li>\n<\/ul>\n<!--[if lt IE 9]><script>document.createElement('audio');<\/script><![endif]-->\n\t<div class=\"wp-playlist wp-audio-playlist wp-playlist-light\">\n\t\t\t<div class=\"wp-playlist-current-item\"><\/div>\n\t\t<audio controls=\"controls\" preload=\"none\" width=\"640\"\n\t\t\t><\/audio>\n\t<div class=\"wp-playlist-next\"><\/div>\n\t<div class=\"wp-playlist-prev\"><\/div>\n\t<noscript>\n\t<ol>\n\t\t<li><a href='https:\/\/www.medellin.gov.co\/es\/wp-content\/uploads\/2026\/08\/Declaraciones-secretaria-de-Turismo-y-Entretenimiento-Ana-Maria-Lopez-Acosta.mp3'>Declaraciones secretaria de Turismo y Entretenimiento, Ana Mar\u00eda L\u00f3pez Acosta<\/a><\/li>\t<\/ol>\n\t<\/noscript>\n\t<script type=\"application\/json\" class=\"wp-playlist-script\">{\"type\":\"audio\",\"tracklist\":true,\"tracknumbers\":true,\"images\":true,\"artists\":true,\"tracks\":[{\"src\":\"https:\\\/\\\/www.medellin.gov.co\\\/es\\\/wp-content\\\/uploads\\\/2026\\\/08\\\/Declaraciones-secretaria-de-Turismo-y-Entretenimiento-Ana-Maria-Lopez-Acosta.mp3\",\"type\":\"audio\\\/mpeg\",\"title\":\"Declaraciones secretaria de Turismo y Entretenimiento, Ana Mar\\u00eda L\\u00f3pez Acosta\",\"caption\":\"\",\"description\":\"\\u00abDeclaraciones secretaria de Turismo y Entretenimiento, Ana Mar\\u00eda L\\u00f3pez Acosta\\u00bb. G\\u00e9nero: Blues.\",\"meta\":{\"genre\":\"Blues\",\"length_formatted\":\"0:29\"},\"image\":{\"src\":\"https:\\\/\\\/www.medellin.gov.co\\\/es\\\/wp-includes\\\/images\\\/media\\\/audio.png\",\"width\":48,\"height\":64},\"thumb\":{\"src\":\"https:\\\/\\\/www.medellin.gov.co\\\/es\\\/wp-includes\\\/images\\\/media\\\/audio.png\",\"width\":48,\"height\":64}}]}<\/script>\n<\/div>\n\t\n<p>El Distrito, en alianza con la C\u00e1mara de Comercio de <a href=\"https:\/\/www.instagram.com\/alcaldiademed\/\" target=\"_blank\" rel=\"noopener\">Medell\u00edn<\/a> para Antioquia y con las empresas Tax Individual, Coopebombas y Asemptaxis, pondr\u00e1 en marcha el programa \u201cConductores de Taxi, Embajadores de Ciudad\u201d, una estrategia que afianza competencias para mejorar la experiencia de quienes visitan la ciudad.<\/p>\n<p><img loading=\"lazy\" class=\"alignnone wp-image-562418 size-full\" title=\"Taxistas ser\u00e1n embajadores de ciudad\" src=\"https:\/\/www.medellin.gov.co\/es\/wp-content\/uploads\/2026\/08\/Imagen-taxistas-seran-embajadores-de-ciudad-1.jpg\" alt=\"Imagen taxistas ser\u00e1n embajadores de ciudad (1)\" width=\"1280\" height=\"778\" srcset=\"https:\/\/www.medellin.gov.co\/es\/wp-content\/uploads\/2026\/08\/Imagen-taxistas-seran-embajadores-de-ciudad-1.jpg 1280w, https:\/\/www.medellin.gov.co\/es\/wp-content\/uploads\/2026\/08\/Imagen-taxistas-seran-embajadores-de-ciudad-1-300x182.jpg 300w, https:\/\/www.medellin.gov.co\/es\/wp-content\/uploads\/2026\/08\/Imagen-taxistas-seran-embajadores-de-ciudad-1-1024x622.jpg 1024w, https:\/\/www.medellin.gov.co\/es\/wp-content\/uploads\/2026\/08\/Imagen-taxistas-seran-embajadores-de-ciudad-1-150x91.jpg 150w, https:\/\/www.medellin.gov.co\/es\/wp-content\/uploads\/2026\/08\/Imagen-taxistas-seran-embajadores-de-ciudad-1-768x467.jpg 768w\" sizes=\"(max-width: 1280px) 100vw, 1280px\" \/><\/p>\n<p>\u201cSabemos que la labor de nuestros conductores de taxi es fundamental para el turismo. A trav\u00e9s del programa de Embajadores de Ciudad, queremos fortalecer sus competencias, que se apropien de nuestra identidad, que cada d\u00eda sean los mejores anfitriones y que en cada uno de sus recorridos, el servicio siempre sea c\u00e1lido, seguro y de calidad para consolidar la confianza de turistas y locales\u201d, explic\u00f3 la secretaria de Turismo y Entretenimiento, Ana Mar\u00eda L\u00f3pez Acosta.<\/p>\n\n\t\t<style type=\"text\/css\">\n\t\t\t#gallery-1 {\n\t\t\t\tmargin: auto;\n\t\t\t}\n\t\t\t#gallery-1 .gallery-item {\n\t\t\t\tfloat: left;\n\t\t\t\tmargin-top: 10px;\n\t\t\t\ttext-align: center;\n\t\t\t\twidth: 50%;\n\t\t\t}\n\t\t\t#gallery-1 img {\n\t\t\t\tborder: 2px solid #cfcfcf;\n\t\t\t}\n\t\t\t#gallery-1 .gallery-caption {\n\t\t\t\tmargin-left: 0;\n\t\t\t}\n\t\t\t\/* see gallery_shortcode() in wp-includes\/media.php *\/\n\t\t<\/style>\n\t\t<div id='gallery-1' class='gallery galleryid-562408 gallery-columns-2 gallery-size-full'><dl class='gallery-item'>\n\t\t\t<dt class='gallery-icon landscape'>\n\t\t\t\t<a href='https:\/\/www.medellin.gov.co\/es\/sala-de-prensa\/noticias\/los-taxistas-seran-embajadores-de-ciudad-gracias-a-una-alianza-entre-el-distrito-y-la-camara-de-comercio-de-medellin\/imagen-taxistas-seran-embajadores-de-ciudad-5\/'><img width=\"1133\" height=\"850\" src=\"https:\/\/www.medellin.gov.co\/es\/wp-content\/uploads\/2026\/08\/Imagen-taxistas-seran-embajadores-de-ciudad-5.jpg\" class=\"attachment-full size-full\" alt=\"Imagen taxistas ser\u00e1n embajadores de ciudad (3)\" loading=\"lazy\" srcset=\"https:\/\/www.medellin.gov.co\/es\/wp-content\/uploads\/2026\/08\/Imagen-taxistas-seran-embajadores-de-ciudad-5.jpg 1133w, https:\/\/www.medellin.gov.co\/es\/wp-content\/uploads\/2026\/08\/Imagen-taxistas-seran-embajadores-de-ciudad-5-300x225.jpg 300w, https:\/\/www.medellin.gov.co\/es\/wp-content\/uploads\/2026\/08\/Imagen-taxistas-seran-embajadores-de-ciudad-5-1024x768.jpg 1024w, https:\/\/www.medellin.gov.co\/es\/wp-content\/uploads\/2026\/08\/Imagen-taxistas-seran-embajadores-de-ciudad-5-150x113.jpg 150w, https:\/\/www.medellin.gov.co\/es\/wp-content\/uploads\/2026\/08\/Imagen-taxistas-seran-embajadores-de-ciudad-5-768x576.jpg 768w\" sizes=\"(max-width: 1133px) 100vw, 1133px\" \/><\/a>\n\t\t\t<\/dt><\/dl><dl class='gallery-item'>\n\t\t\t<dt class='gallery-icon landscape'>\n\t\t\t\t<a href='https:\/\/www.medellin.gov.co\/es\/sala-de-prensa\/noticias\/los-taxistas-seran-embajadores-de-ciudad-gracias-a-una-alianza-entre-el-distrito-y-la-camara-de-comercio-de-medellin\/imagen-taxistas-seran-embajadores-de-ciudad-3\/'><img width=\"1133\" height=\"850\" src=\"https:\/\/www.medellin.gov.co\/es\/wp-content\/uploads\/2026\/08\/Imagen-taxistas-seran-embajadores-de-ciudad-3.jpg\" class=\"attachment-full size-full\" alt=\"Imagen taxistas ser\u00e1n embajadores de ciudad (3)\" loading=\"lazy\" srcset=\"https:\/\/www.medellin.gov.co\/es\/wp-content\/uploads\/2026\/08\/Imagen-taxistas-seran-embajadores-de-ciudad-3.jpg 1133w, https:\/\/www.medellin.gov.co\/es\/wp-content\/uploads\/2026\/08\/Imagen-taxistas-seran-embajadores-de-ciudad-3-300x225.jpg 300w, https:\/\/www.medellin.gov.co\/es\/wp-content\/uploads\/2026\/08\/Imagen-taxistas-seran-embajadores-de-ciudad-3-1024x768.jpg 1024w, https:\/\/www.medellin.gov.co\/es\/wp-content\/uploads\/2026\/08\/Imagen-taxistas-seran-embajadores-de-ciudad-3-150x113.jpg 150w, https:\/\/www.medellin.gov.co\/es\/wp-content\/uploads\/2026\/08\/Imagen-taxistas-seran-embajadores-de-ciudad-3-768x576.jpg 768w\" sizes=\"(max-width: 1133px) 100vw, 1133px\" \/><\/a>\n\t\t\t<\/dt><\/dl><br style=\"clear: both\" \/>\n\t\t<\/div>\n\n<p>La iniciativa impactar\u00e1 a 360 taxistas, a trav\u00e9s de tres componentes principales. El primero es el formativo donde conocer\u00e1n sobre identidad y territorio, innovaci\u00f3n y transformaci\u00f3n, atractivos tur\u00edsticos y agenda de ciudad; adem\u00e1s aprender\u00e1n sobre habilidades blandas, servicio al cliente, seguridad del pasajero, cuidado y sostenibilidad del destino, pedagog\u00eda vial y bienestar del conductor. El segundo componente del programa son las experiencias inmersivas para que los conductores conozcan, exploren y disfruten los atractivos tur\u00edsticos de la ciudad como visitantes. Algunos de los lugares que podr\u00e1n recorrer son el Parque Arv\u00ed, Explora, Constelaciones en la comuna 3 \u2013 Manrique y fincas silleteras en Santa Elena.<\/p>\n<p>Por \u00faltimo, el programa contempla una ceremonia de cierre para cada una de las empresas participantes, un evento para reconocer la labor y el compromiso de cada uno de los conductores de taxi que ser\u00e1n certificados como \u201cEmbajadores de Ciudad\u201d. Se estima que la iniciativa culminar\u00e1 en noviembre. Entre 2024 y 2025, la administraci\u00f3n ya hab\u00eda capacitado a 256 conductores en turismo responsable, servicio al cliente, prevenci\u00f3n de la explotaci\u00f3n sexual comercial de ni\u00f1as, ni\u00f1os y adolescentes, marca ciudad e ingl\u00e9s b\u00e1sico.<\/p>\n<p><img loading=\"lazy\" class=\"alignnone wp-image-562414 size-full\" title=\"Taxistas ser\u00e1n embajadores de ciudad \" src=\"https:\/\/www.medellin.gov.co\/es\/wp-content\/uploads\/2026\/08\/Imagen-taxistas-seran-embajadores-de-ciudad-2.jpg\" alt=\"Imagen taxistas ser\u00e1n embajadores de ciudad (2)\" width=\"1223\" height=\"850\" srcset=\"https:\/\/www.medellin.gov.co\/es\/wp-content\/uploads\/2026\/08\/Imagen-taxistas-seran-embajadores-de-ciudad-2.jpg 1223w, https:\/\/www.medellin.gov.co\/es\/wp-content\/uploads\/2026\/08\/Imagen-taxistas-seran-embajadores-de-ciudad-2-300x209.jpg 300w, https:\/\/www.medellin.gov.co\/es\/wp-content\/uploads\/2026\/08\/Imagen-taxistas-seran-embajadores-de-ciudad-2-1024x712.jpg 1024w, https:\/\/www.medellin.gov.co\/es\/wp-content\/uploads\/2026\/08\/Imagen-taxistas-seran-embajadores-de-ciudad-2-150x104.jpg 150w, https:\/\/www.medellin.gov.co\/es\/wp-content\/uploads\/2026\/08\/Imagen-taxistas-seran-embajadores-de-ciudad-2-768x534.jpg 768w\" sizes=\"(max-width: 1223px) 100vw, 1223px\" \/><\/p>\n<p>Con esta nueva cohorte, Medell\u00edn consolida una red de actores que contribuyen a proyectar una imagen positiva del destino, con informaci\u00f3n confiable, atenci\u00f3n de calidad y un servicio m\u00e1s cercano a turistas y ciudadanos.<\/p>\n","protected":false},"excerpt":{"rendered":"<p>Conductores de Tax Individual, Coopebombas y Asemptaxis recibir\u00e1n formaci\u00f3n para mejorar la atenci\u00f3n a turistas y visitantes. El programa incluye capacitaci\u00f3n, experiencias inmersivas en atractivos tur\u00edsticos y certificaci\u00f3n como Embajadores de Ciudad. El Distrito, en &#8230;<\/p>\n","protected":false},"author":95,"featured_media":562411,"comment_status":"open","ping_status":"open","sticky":false,"template":"","format":"standard","meta":[],"categories":[690],"tags":[430],"formato_nota":[],"programas_tax":[],"acf":[],"_links":{"self":[{"href":"https:\/\/www.medellin.gov.co\/es\/wp-json\/wp\/v2\/posts\/562408"}],"collection":[{"href":"https:\/\/www.medellin.gov.co\/es\/wp-json\/wp\/v2\/posts"}],"about":[{"href":"https:\/\/www.medellin.gov.co\/es\/wp-json\/wp\/v2\/types\/post"}],"author":[{"embeddable":true,"href":"https:\/\/www.medellin.gov.co\/es\/wp-json\/wp\/v2\/users\/95"}],"replies":[{"embeddable":true,"href":"https:\/\/www.medellin.gov.co\/es\/wp-json\/wp\/v2\/comments?post=562408"}],"version-history":[{"count":1,"href":"https:\/\/www.medellin.gov.co\/es\/wp-json\/wp\/v2\/posts\/562408\/revisions"}],"predecessor-version":[{"id":562421,"href":"https:\/\/www.medellin.gov.co\/es\/wp-json\/wp\/v2\/posts\/562408\/revisions\/562421"}],"wp:featuredmedia":[{"embeddable":true,"href":"https:\/\/www.medellin.gov.co\/es\/wp-json\/wp\/v2\/media\/562411"}],"wp:attachment":[{"href":"https:\/\/www.medellin.gov.co\/es\/wp-json\/wp\/v2\/media?parent=562408"}],"wp:term":[{"taxonomy":"category","embeddable":true,"href":"https:\/\/www.medellin.gov.co\/es\/wp-json\/wp\/v2\/categories?post=562408"},{"taxonomy":"post_tag","embeddable":true,"href":"https:\/\/www.medellin.gov.co\/es\/wp-json\/wp\/v2\/tags?post=562408"},{"taxonomy":"formato_nota","embeddable":true,"href":"https:\/\/www.medellin.gov.co\/es\/wp-json\/wp\/v2\/formato_nota?post=562408"},{"taxonomy":"programas_tax","embeddable":true,"href":"https:\/\/www.medellin.gov.co\/es\/wp-json\/wp\/v2\/programas_tax?post=562408"}],"curies":[{"name":"wp","href":"https:\/\/api.w.org\/{rel}","templated":true}]}}