{"id":562432,"date":"2026-08-31T14:02:35","date_gmt":"2026-08-31T19:02:35","guid":{"rendered":"https:\/\/www.medellin.gov.co\/es\/?p=562432"},"modified":"2026-08-31T11:39:36","modified_gmt":"2026-08-31T16:39:36","slug":"volver-a-empezar-tambien-es-una-oportunidad-carlos-y-el-comienzo-de-una-nueva-historia-en-medellin","status":"publish","type":"post","link":"https:\/\/www.medellin.gov.co\/es\/sala-de-prensa\/noticias\/volver-a-empezar-tambien-es-una-oportunidad-carlos-y-el-comienzo-de-una-nueva-historia-en-medellin\/","title":{"rendered":"Volver a empezar tambi\u00e9n es una oportunidad: Carlos y el comienzo de una nueva historia en Medell\u00edn"},"content":{"rendered":"<blockquote><p><em>Hay historias que llegan y que despu\u00e9s de escucharlas, nos obligan a detenernos y pensar en lo que realmente significa tener una segunda oportunidad. Esta es sin duda una de ellas.<\/em><\/p><\/blockquote>\n<p>A los 12 a\u00f1os, la vida de Carlos Alberto Ortiz tom\u00f3 un rumbo que \u00e9l nunca eligi\u00f3. Mientras otros ni\u00f1os de su edad corr\u00edan detr\u00e1s de un bal\u00f3n, jugaban en la calle, hac\u00edan amigos e iban al colegio, Carlos tuvo que aprender a hacer algo que ning\u00fan ni\u00f1o deber\u00eda aprender y menos por obligaci\u00f3n: cargar un arma y enfrentarse a un enemigo, as\u00ed como \u00e9l lo llama.<\/p>\n<h4><strong>Su pasado<\/strong><\/h4>\n<p>Le toc\u00f3 dejar atr\u00e1s su casa, su familia y su infancia para entrar en una guerra que no escogi\u00f3. Habla de compa\u00f1eros muertos, de personas heridas, e incluso de civiles que tambi\u00e9n terminaban en medio del conflicto y del cruce de balas que parec\u00eda no cesar. Lo cuenta sin adornos, como alguien que ha tenido que aprender a vivir con recuerdos demasiado impactantes para la edad que ten\u00eda cuando ocurrieron.<\/p>\n<p>Seg\u00fan recuerda Carlos, fue recuperado por el Ej\u00e9rcito y entregado a la Cruz Roja. Su camino lo llev\u00f3 primero a Cali y posteriormente a <a href=\"https:\/\/www.instagram.com\/alcaldiademed\/\" target=\"_blank\" rel=\"noopener\">Medell\u00edn<\/a>, donde permaneci\u00f3 durante varios a\u00f1os bajo protecci\u00f3n institucional hasta alcanzar la edad que le permiti\u00f3 comenzar a tomar sus propias decisiones.<\/p>\n\n\t\t<style type=\"text\/css\">\n\t\t\t#gallery-1 {\n\t\t\t\tmargin: auto;\n\t\t\t}\n\t\t\t#gallery-1 .gallery-item {\n\t\t\t\tfloat: left;\n\t\t\t\tmargin-top: 10px;\n\t\t\t\ttext-align: center;\n\t\t\t\twidth: 50%;\n\t\t\t}\n\t\t\t#gallery-1 img {\n\t\t\t\tborder: 2px solid #cfcfcf;\n\t\t\t}\n\t\t\t#gallery-1 .gallery-caption {\n\t\t\t\tmargin-left: 0;\n\t\t\t}\n\t\t\t\/* see gallery_shortcode() in wp-includes\/media.php *\/\n\t\t<\/style>\n\t\t<div id='gallery-1' class='gallery galleryid-562432 gallery-columns-2 gallery-size-full'><dl class='gallery-item'>\n\t\t\t<dt class='gallery-icon landscape'>\n\t\t\t\t<a href='https:\/\/www.medellin.gov.co\/es\/sala-de-prensa\/noticias\/volver-a-empezar-tambien-es-una-oportunidad-carlos-y-el-comienzo-de-una-nueva-historia-en-medellin\/imagen-el-comienzo-de-una-nueva-historia-en-medellin-foto-3\/'><img width=\"1280\" height=\"720\" src=\"https:\/\/www.medellin.gov.co\/es\/wp-content\/uploads\/2026\/08\/Imagen-el-comienzo-de-una-nueva-historia-en-Medellin-Foto-3.jpg\" class=\"attachment-full size-full\" alt=\"Imagen el comienzo de una nueva historia en Medell\u00edn Foto 1\" loading=\"lazy\" srcset=\"https:\/\/www.medellin.gov.co\/es\/wp-content\/uploads\/2026\/08\/Imagen-el-comienzo-de-una-nueva-historia-en-Medellin-Foto-3.jpg 1280w, https:\/\/www.medellin.gov.co\/es\/wp-content\/uploads\/2026\/08\/Imagen-el-comienzo-de-una-nueva-historia-en-Medellin-Foto-3-300x169.jpg 300w, https:\/\/www.medellin.gov.co\/es\/wp-content\/uploads\/2026\/08\/Imagen-el-comienzo-de-una-nueva-historia-en-Medellin-Foto-3-1024x576.jpg 1024w, https:\/\/www.medellin.gov.co\/es\/wp-content\/uploads\/2026\/08\/Imagen-el-comienzo-de-una-nueva-historia-en-Medellin-Foto-3-150x84.jpg 150w, https:\/\/www.medellin.gov.co\/es\/wp-content\/uploads\/2026\/08\/Imagen-el-comienzo-de-una-nueva-historia-en-Medellin-Foto-3-768x432.jpg 768w\" sizes=\"(max-width: 1280px) 100vw, 1280px\" \/><\/a>\n\t\t\t<\/dt><\/dl><dl class='gallery-item'>\n\t\t\t<dt class='gallery-icon landscape'>\n\t\t\t\t<a href='https:\/\/www.medellin.gov.co\/es\/sala-de-prensa\/noticias\/volver-a-empezar-tambien-es-una-oportunidad-carlos-y-el-comienzo-de-una-nueva-historia-en-medellin\/imagen-el-comienzo-de-una-nueva-historia-en-medellin-foto-1\/'><img width=\"1280\" height=\"720\" src=\"https:\/\/www.medellin.gov.co\/es\/wp-content\/uploads\/2026\/08\/Imagen-el-comienzo-de-una-nueva-historia-en-Medellin-Foto-1.jpg\" class=\"attachment-full size-full\" alt=\"Imagen el comienzo de una nueva historia en Medell\u00edn Foto 1\" loading=\"lazy\" srcset=\"https:\/\/www.medellin.gov.co\/es\/wp-content\/uploads\/2026\/08\/Imagen-el-comienzo-de-una-nueva-historia-en-Medellin-Foto-1.jpg 1280w, https:\/\/www.medellin.gov.co\/es\/wp-content\/uploads\/2026\/08\/Imagen-el-comienzo-de-una-nueva-historia-en-Medellin-Foto-1-300x169.jpg 300w, https:\/\/www.medellin.gov.co\/es\/wp-content\/uploads\/2026\/08\/Imagen-el-comienzo-de-una-nueva-historia-en-Medellin-Foto-1-1024x576.jpg 1024w, https:\/\/www.medellin.gov.co\/es\/wp-content\/uploads\/2026\/08\/Imagen-el-comienzo-de-una-nueva-historia-en-Medellin-Foto-1-150x84.jpg 150w, https:\/\/www.medellin.gov.co\/es\/wp-content\/uploads\/2026\/08\/Imagen-el-comienzo-de-una-nueva-historia-en-Medellin-Foto-1-768x432.jpg 768w\" sizes=\"(max-width: 1280px) 100vw, 1280px\" \/><\/a>\n\t\t\t<\/dt><\/dl><br style=\"clear: both\" \/>\n\t\t<\/div>\n\n<h4><strong>Sus metas<\/strong><\/h4>\n<p>Hoy, a sus 20 a\u00f1os, Carlos tiene la posibilidad de mirar hacia el futuro y volver a so\u00f1ar. Una segunda oportunidad le permite imaginar una casa propia y una vida tranquila junto a su mam\u00e1. Sue\u00f1a tambi\u00e9n con tener una camioneta, terminar sus estudios y prepararse para trabajar en alturas. Habla de sus metas con la convicci\u00f3n de quien sabe que todav\u00eda tiene mucho camino por recorrer, pero tambi\u00e9n con la tranquilidad de quien siente que puede decidir hacia d\u00f3nde quiere ir.<\/p>\n<p>Despu\u00e9s de una infancia que le fue arrebatada demasiado pronto, hoy Carlos comienza a construir su propia historia\u2026 cuando mira hacia atr\u00e1s y habla de su pasado lo hace con nostalgia por los d\u00edas y experiencias vividas, pero tambi\u00e9n con alivio, esperanza y la voluntad por comenzar de nuevo y de no repetir su pasado: \u201c<em>eso ya no me lo permito. Yo no se lo permito a nadie que vaya para all\u00e1. La verdad, no\u201d.<\/em><\/p>\n\n\t\t<style type=\"text\/css\">\n\t\t\t#gallery-2 {\n\t\t\t\tmargin: auto;\n\t\t\t}\n\t\t\t#gallery-2 .gallery-item {\n\t\t\t\tfloat: left;\n\t\t\t\tmargin-top: 10px;\n\t\t\t\ttext-align: center;\n\t\t\t\twidth: 50%;\n\t\t\t}\n\t\t\t#gallery-2 img {\n\t\t\t\tborder: 2px solid #cfcfcf;\n\t\t\t}\n\t\t\t#gallery-2 .gallery-caption {\n\t\t\t\tmargin-left: 0;\n\t\t\t}\n\t\t\t\/* see gallery_shortcode() in wp-includes\/media.php *\/\n\t\t<\/style>\n\t\t<div id='gallery-2' class='gallery galleryid-562432 gallery-columns-2 gallery-size-full'><dl class='gallery-item'>\n\t\t\t<dt class='gallery-icon landscape'>\n\t\t\t\t<a href='https:\/\/www.medellin.gov.co\/es\/sala-de-prensa\/noticias\/volver-a-empezar-tambien-es-una-oportunidad-carlos-y-el-comienzo-de-una-nueva-historia-en-medellin\/imagen-el-comienzo-de-una-nueva-historia-en-medellin-foto-5\/'><img width=\"1280\" height=\"720\" src=\"https:\/\/www.medellin.gov.co\/es\/wp-content\/uploads\/2026\/08\/Imagen-el-comienzo-de-una-nueva-historia-en-Medellin-Foto-5.jpg\" class=\"attachment-full size-full\" alt=\"Imagen el comienzo de una nueva historia en Medell\u00edn\" loading=\"lazy\" srcset=\"https:\/\/www.medellin.gov.co\/es\/wp-content\/uploads\/2026\/08\/Imagen-el-comienzo-de-una-nueva-historia-en-Medellin-Foto-5.jpg 1280w, https:\/\/www.medellin.gov.co\/es\/wp-content\/uploads\/2026\/08\/Imagen-el-comienzo-de-una-nueva-historia-en-Medellin-Foto-5-300x169.jpg 300w, https:\/\/www.medellin.gov.co\/es\/wp-content\/uploads\/2026\/08\/Imagen-el-comienzo-de-una-nueva-historia-en-Medellin-Foto-5-1024x576.jpg 1024w, https:\/\/www.medellin.gov.co\/es\/wp-content\/uploads\/2026\/08\/Imagen-el-comienzo-de-una-nueva-historia-en-Medellin-Foto-5-150x84.jpg 150w, https:\/\/www.medellin.gov.co\/es\/wp-content\/uploads\/2026\/08\/Imagen-el-comienzo-de-una-nueva-historia-en-Medellin-Foto-5-768x432.jpg 768w\" sizes=\"(max-width: 1280px) 100vw, 1280px\" \/><\/a>\n\t\t\t<\/dt><\/dl><dl class='gallery-item'>\n\t\t\t<dt class='gallery-icon landscape'>\n\t\t\t\t<a href='https:\/\/www.medellin.gov.co\/es\/sala-de-prensa\/noticias\/volver-a-empezar-tambien-es-una-oportunidad-carlos-y-el-comienzo-de-una-nueva-historia-en-medellin\/imagen-el-comienzo-de-una-nueva-historia-en-medellin-foto-6\/'><img width=\"1280\" height=\"720\" src=\"https:\/\/www.medellin.gov.co\/es\/wp-content\/uploads\/2026\/08\/Imagen-el-comienzo-de-una-nueva-historia-en-Medellin-Foto-6.jpg\" class=\"attachment-full size-full\" alt=\"Imagen el comienzo\" loading=\"lazy\" srcset=\"https:\/\/www.medellin.gov.co\/es\/wp-content\/uploads\/2026\/08\/Imagen-el-comienzo-de-una-nueva-historia-en-Medellin-Foto-6.jpg 1280w, https:\/\/www.medellin.gov.co\/es\/wp-content\/uploads\/2026\/08\/Imagen-el-comienzo-de-una-nueva-historia-en-Medellin-Foto-6-300x169.jpg 300w, https:\/\/www.medellin.gov.co\/es\/wp-content\/uploads\/2026\/08\/Imagen-el-comienzo-de-una-nueva-historia-en-Medellin-Foto-6-1024x576.jpg 1024w, https:\/\/www.medellin.gov.co\/es\/wp-content\/uploads\/2026\/08\/Imagen-el-comienzo-de-una-nueva-historia-en-Medellin-Foto-6-150x84.jpg 150w, https:\/\/www.medellin.gov.co\/es\/wp-content\/uploads\/2026\/08\/Imagen-el-comienzo-de-una-nueva-historia-en-Medellin-Foto-6-768x432.jpg 768w\" sizes=\"(max-width: 1280px) 100vw, 1280px\" \/><\/a>\n\t\t\t<\/dt><\/dl><br style=\"clear: both\" \/>\n\t\t<\/div>\n\n<h4><strong>Su presente<\/strong><\/h4>\n<p>Hace pocos meses lleg\u00f3 a Medell\u00edn y hoy hace parte del equipo de promotores de Tacita de Plata. Una oportunidad que no solo le abri\u00f3 las puertas al mundo laboral, sino que tambi\u00e9n le ha permitido conocer nuevas personas, hacer amigos y comenzar a sentirse parte de un lugar seguro, sin ser recriminado ni juzgado por su pasado.<\/p>\n<p>Para Carlos, cada d\u00eda de trabajo representa tambi\u00e9n un paso m\u00e1s hacia los sue\u00f1os que ahora tiene, pero detr\u00e1s de su deseo de tener una casa, una camioneta o terminar sus estudios, hay algo que lo motiva a\u00fan m\u00e1s, y es salir adelante y poder ofrecerle a su mam\u00e1 la tranquilidad que tanto ha deseado. Habla de su mam\u00e1 con un agradecimiento profundo. Es quien, seg\u00fan dice, siempre lo ha impulsado a buscar trabajo, estudiar y seguir adelante. Por eso, cada d\u00eda de trabajo tiene tambi\u00e9n un prop\u00f3sito: poder ayudarla, responder por ella y devolverle un poco de todo lo que le ha dado: <em>\u201cmi mam\u00e1 es la que me dice que trabaje, que busque trabajo, que estudie, mejor dicho, de todo\u201d.<\/em><\/p>\n\n\t\t<style type=\"text\/css\">\n\t\t\t#gallery-3 {\n\t\t\t\tmargin: auto;\n\t\t\t}\n\t\t\t#gallery-3 .gallery-item {\n\t\t\t\tfloat: left;\n\t\t\t\tmargin-top: 10px;\n\t\t\t\ttext-align: center;\n\t\t\t\twidth: 50%;\n\t\t\t}\n\t\t\t#gallery-3 img {\n\t\t\t\tborder: 2px solid #cfcfcf;\n\t\t\t}\n\t\t\t#gallery-3 .gallery-caption {\n\t\t\t\tmargin-left: 0;\n\t\t\t}\n\t\t\t\/* see gallery_shortcode() in wp-includes\/media.php *\/\n\t\t<\/style>\n\t\t<div id='gallery-3' class='gallery galleryid-562432 gallery-columns-2 gallery-size-full'><dl class='gallery-item'>\n\t\t\t<dt class='gallery-icon landscape'>\n\t\t\t\t<a href='https:\/\/www.medellin.gov.co\/es\/sala-de-prensa\/noticias\/volver-a-empezar-tambien-es-una-oportunidad-carlos-y-el-comienzo-de-una-nueva-historia-en-medellin\/imagen-el-comienzo-de-una-nueva-historia-en-medellin-foto-7\/'><img width=\"1280\" height=\"720\" src=\"https:\/\/www.medellin.gov.co\/es\/wp-content\/uploads\/2026\/08\/Imagen-el-comienzo-de-una-nueva-historia-en-Medellin-Foto-7.jpg\" class=\"attachment-full size-full\" alt=\"Imagen el comienzo\" loading=\"lazy\" srcset=\"https:\/\/www.medellin.gov.co\/es\/wp-content\/uploads\/2026\/08\/Imagen-el-comienzo-de-una-nueva-historia-en-Medellin-Foto-7.jpg 1280w, https:\/\/www.medellin.gov.co\/es\/wp-content\/uploads\/2026\/08\/Imagen-el-comienzo-de-una-nueva-historia-en-Medellin-Foto-7-300x169.jpg 300w, https:\/\/www.medellin.gov.co\/es\/wp-content\/uploads\/2026\/08\/Imagen-el-comienzo-de-una-nueva-historia-en-Medellin-Foto-7-1024x576.jpg 1024w, https:\/\/www.medellin.gov.co\/es\/wp-content\/uploads\/2026\/08\/Imagen-el-comienzo-de-una-nueva-historia-en-Medellin-Foto-7-150x84.jpg 150w, https:\/\/www.medellin.gov.co\/es\/wp-content\/uploads\/2026\/08\/Imagen-el-comienzo-de-una-nueva-historia-en-Medellin-Foto-7-768x432.jpg 768w\" sizes=\"(max-width: 1280px) 100vw, 1280px\" \/><\/a>\n\t\t\t<\/dt><\/dl><dl class='gallery-item'>\n\t\t\t<dt class='gallery-icon landscape'>\n\t\t\t\t<a href='https:\/\/www.medellin.gov.co\/es\/sala-de-prensa\/noticias\/volver-a-empezar-tambien-es-una-oportunidad-carlos-y-el-comienzo-de-una-nueva-historia-en-medellin\/imagen-el-comienzo-de-una-nueva-historia-en-medellin-foto-8\/'><img width=\"1280\" height=\"720\" src=\"https:\/\/www.medellin.gov.co\/es\/wp-content\/uploads\/2026\/08\/Imagen-el-comienzo-de-una-nueva-historia-en-Medellin-Foto-8.jpg\" class=\"attachment-full size-full\" alt=\"Imagen el comienzo\" loading=\"lazy\" srcset=\"https:\/\/www.medellin.gov.co\/es\/wp-content\/uploads\/2026\/08\/Imagen-el-comienzo-de-una-nueva-historia-en-Medellin-Foto-8.jpg 1280w, https:\/\/www.medellin.gov.co\/es\/wp-content\/uploads\/2026\/08\/Imagen-el-comienzo-de-una-nueva-historia-en-Medellin-Foto-8-300x169.jpg 300w, https:\/\/www.medellin.gov.co\/es\/wp-content\/uploads\/2026\/08\/Imagen-el-comienzo-de-una-nueva-historia-en-Medellin-Foto-8-1024x576.jpg 1024w, https:\/\/www.medellin.gov.co\/es\/wp-content\/uploads\/2026\/08\/Imagen-el-comienzo-de-una-nueva-historia-en-Medellin-Foto-8-150x84.jpg 150w, https:\/\/www.medellin.gov.co\/es\/wp-content\/uploads\/2026\/08\/Imagen-el-comienzo-de-una-nueva-historia-en-Medellin-Foto-8-768x432.jpg 768w\" sizes=\"(max-width: 1280px) 100vw, 1280px\" \/><\/a>\n\t\t\t<\/dt><\/dl><br style=\"clear: both\" \/>\n\t\t<\/div>\n\n<p>En Tacita de Plata ha encontrado, adem\u00e1s, algo que durante mucho tiempo no estuvo presente en su vida: la posibilidad de compartir con otros, conocer personas y sentirse parte de un equipo. Y es as\u00ed como despu\u00e9s de una vida que comenz\u00f3 demasiado pronto entre la violencia y el miedo, Carlos est\u00e1 aprendiendo algo que durante mucho tiempo le fue negado: la posibilidad de elegir su propio camino.<\/p>\n<p>Las horas pasaron mientras Carlos terminaba de contar su historia y, despu\u00e9s de escucharlo, era dif\u00edcil imaginar que aquel hombre que hoy habla de sus sue\u00f1os, de su trabajo y de su mam\u00e1, alguna vez fue un ni\u00f1o que tuvo que crecer entre el miedo y la incertidumbre. Hoy este nuevo hombre que busca comenzar desde cero nos deja claro que no podemos borrar lo sucedido, pero si hacer algo distinto, ser mejores cada d\u00eda y volver a comenzar las veces que sea necesario.<\/p>\n","protected":false},"excerpt":{"rendered":"<p>Hay historias que llegan y que despu\u00e9s de escucharlas, nos obligan a detenernos y pensar en lo que realmente significa tener una segunda oportunidad. Esta es sin duda una de ellas. A los 12 a\u00f1os, &#8230;<\/p>\n","protected":false},"author":97,"featured_media":562441,"comment_status":"open","ping_status":"open","sticky":false,"template":"","format":"standard","meta":[],"categories":[531,13],"tags":[436],"formato_nota":[],"programas_tax":[],"acf":[],"_links":{"self":[{"href":"https:\/\/www.medellin.gov.co\/es\/wp-json\/wp\/v2\/posts\/562432"}],"collection":[{"href":"https:\/\/www.medellin.gov.co\/es\/wp-json\/wp\/v2\/posts"}],"about":[{"href":"https:\/\/www.medellin.gov.co\/es\/wp-json\/wp\/v2\/types\/post"}],"author":[{"embeddable":true,"href":"https:\/\/www.medellin.gov.co\/es\/wp-json\/wp\/v2\/users\/97"}],"replies":[{"embeddable":true,"href":"https:\/\/www.medellin.gov.co\/es\/wp-json\/wp\/v2\/comments?post=562432"}],"version-history":[{"count":1,"href":"https:\/\/www.medellin.gov.co\/es\/wp-json\/wp\/v2\/posts\/562432\/revisions"}],"predecessor-version":[{"id":562444,"href":"https:\/\/www.medellin.gov.co\/es\/wp-json\/wp\/v2\/posts\/562432\/revisions\/562444"}],"wp:featuredmedia":[{"embeddable":true,"href":"https:\/\/www.medellin.gov.co\/es\/wp-json\/wp\/v2\/media\/562441"}],"wp:attachment":[{"href":"https:\/\/www.medellin.gov.co\/es\/wp-json\/wp\/v2\/media?parent=562432"}],"wp:term":[{"taxonomy":"category","embeddable":true,"href":"https:\/\/www.medellin.gov.co\/es\/wp-json\/wp\/v2\/categories?post=562432"},{"taxonomy":"post_tag","embeddable":true,"href":"https:\/\/www.medellin.gov.co\/es\/wp-json\/wp\/v2\/tags?post=562432"},{"taxonomy":"formato_nota","embeddable":true,"href":"https:\/\/www.medellin.gov.co\/es\/wp-json\/wp\/v2\/formato_nota?post=562432"},{"taxonomy":"programas_tax","embeddable":true,"href":"https:\/\/www.medellin.gov.co\/es\/wp-json\/wp\/v2\/programas_tax?post=562432"}],"curies":[{"name":"wp","href":"https:\/\/api.w.org\/{rel}","templated":true}]}}