{"id":562726,"date":"2026-08-31T10:13:22","date_gmt":"2026-08-31T15:13:22","guid":{"rendered":"https:\/\/www.medellin.gov.co\/es\/?p=562726"},"modified":"2026-08-31T17:17:42","modified_gmt":"2026-08-31T22:17:42","slug":"la-alcaldia-de-medellin-suspendio-cuatro-construcciones-sin-licencia-en-area-protegida-de-santa-elena","status":"publish","type":"post","link":"https:\/\/www.medellin.gov.co\/es\/sala-de-prensa\/noticias\/la-alcaldia-de-medellin-suspendio-cuatro-construcciones-sin-licencia-en-area-protegida-de-santa-elena\/","title":{"rendered":"La Alcald\u00eda de Medell\u00edn suspendi\u00f3 cuatro construcciones sin licencia en \u00e1rea protegida de Santa Elena"},"content":{"rendered":"<ul>\n<li>Durante el recorrido fueron identificadas 85 edificaciones con posibles incumplimientos urban\u00edsticos, cuyos casos ser\u00e1n documentados y remitidos a la Corregidur\u00eda de Santa Elena.<\/li>\n<li>Se busca establecer si detr\u00e1s de las construcciones y ocupaciones identificadas, existen posibles procesos de loteo y venta irregular de terrenos.<\/li>\n<\/ul>\n<!--[if lt IE 9]><script>document.createElement('audio');<\/script><![endif]-->\n\t<div class=\"wp-playlist wp-audio-playlist wp-playlist-light\">\n\t\t\t<div class=\"wp-playlist-current-item\"><\/div>\n\t\t<audio controls=\"controls\" preload=\"none\" width=\"640\"\n\t\t\t><\/audio>\n\t<div class=\"wp-playlist-next\"><\/div>\n\t<div class=\"wp-playlist-prev\"><\/div>\n\t<noscript>\n\t<ol>\n\t\t<li><a href='https:\/\/www.medellin.gov.co\/es\/wp-content\/uploads\/2026\/08\/Declaraciones-secretario-de-Gestion-y-Control-Territorial-Juan-Manuel-Velasquez-Correa-1.mp3'>Declaraciones secretario de Gesti\u00f3n y Control Territorial, Juan Manuel Vel\u00e1squez Correa<\/a><\/li>\t<\/ol>\n\t<\/noscript>\n\t<script type=\"application\/json\" class=\"wp-playlist-script\">{\"type\":\"audio\",\"tracklist\":true,\"tracknumbers\":true,\"images\":true,\"artists\":true,\"tracks\":[{\"src\":\"https:\\\/\\\/www.medellin.gov.co\\\/es\\\/wp-content\\\/uploads\\\/2026\\\/08\\\/Declaraciones-secretario-de-Gestion-y-Control-Territorial-Juan-Manuel-Velasquez-Correa-1.mp3\",\"type\":\"audio\\\/mpeg\",\"title\":\"Declaraciones secretario de Gesti\\u00f3n y Control Territorial, Juan Manuel Vel\\u00e1squez Correa\",\"caption\":\"\",\"description\":\"\\u00abDeclaraciones secretario de Gesti\\u00f3n y Control Territorial, Juan Manuel Vel\\u00e1squez Correa\\u00bb. G\\u00e9nero: Blues.\",\"meta\":{\"genre\":\"Blues\",\"length_formatted\":\"0:52\"},\"image\":{\"src\":\"https:\\\/\\\/www.medellin.gov.co\\\/es\\\/wp-includes\\\/images\\\/media\\\/audio.png\",\"width\":48,\"height\":64},\"thumb\":{\"src\":\"https:\\\/\\\/www.medellin.gov.co\\\/es\\\/wp-includes\\\/images\\\/media\\\/audio.png\",\"width\":48,\"height\":64}}]}<\/script>\n<\/div>\n\t\n<p><a href=\"https:\/\/www.instagram.com\/alcaldiademed\/\" target=\"_blank\" rel=\"noopener\">El Distrito<\/a> suspendi\u00f3 cuatro construcciones que se adelantaban sin licencia en la vereda Piedras Blancas-Matasano, sector Alto de la Mora, en Santa Elena. La intervenci\u00f3n se realiz\u00f3 en un territorio con especial valor ambiental y patrimonial, donde confluyen la Reserva Forestal Protectora del R\u00edo Nare y una zona arqueol\u00f3gica de la cuenca alta de la quebrada Piedras Blancas.<\/p>\n<p>Durante el recorrido, la Subsecretar\u00eda de Control Urban\u00edstico, adscrita a la Secretar\u00eda de Gesti\u00f3n y Control Territorial, levant\u00f3 informaci\u00f3n de 85 edificaciones en las que se identificaron posibles incumplimientos de las normas urban\u00edsticas.<\/p>\n\n\t\t<style type=\"text\/css\">\n\t\t\t#gallery-1 {\n\t\t\t\tmargin: auto;\n\t\t\t}\n\t\t\t#gallery-1 .gallery-item {\n\t\t\t\tfloat: left;\n\t\t\t\tmargin-top: 10px;\n\t\t\t\ttext-align: center;\n\t\t\t\twidth: 50%;\n\t\t\t}\n\t\t\t#gallery-1 img {\n\t\t\t\tborder: 2px solid #cfcfcf;\n\t\t\t}\n\t\t\t#gallery-1 .gallery-caption {\n\t\t\t\tmargin-left: 0;\n\t\t\t}\n\t\t\t\/* see gallery_shortcode() in wp-includes\/media.php *\/\n\t\t<\/style>\n\t\t<div id='gallery-1' class='gallery galleryid-562726 gallery-columns-2 gallery-size-full'><dl class='gallery-item'>\n\t\t\t<dt class='gallery-icon landscape'>\n\t\t\t\t<a href='https:\/\/www.medellin.gov.co\/es\/sala-de-prensa\/noticias\/la-alcaldia-de-medellin-suspendio-cuatro-construcciones-sin-licencia-en-area-protegida-de-santa-elena\/imagen-alcaldia-de-medellin-suspendio-cuatro-construcciones-sin-licencia-en-santa-elena-2\/'><img width=\"1280\" height=\"720\" src=\"https:\/\/www.medellin.gov.co\/es\/wp-content\/uploads\/2026\/08\/Imagen-Alcaldia-de-Medellin-suspendio-cuatro-construcciones-sin-licencia-en-Santa-Elena-2.jpg\" class=\"attachment-full size-full\" alt=\"Imagen Alcald\u00eda de Medell\u00edn suspendi\u00f3 cuatro construcciones sin licencia en Santa Elena (1)\" loading=\"lazy\" srcset=\"https:\/\/www.medellin.gov.co\/es\/wp-content\/uploads\/2026\/08\/Imagen-Alcaldia-de-Medellin-suspendio-cuatro-construcciones-sin-licencia-en-Santa-Elena-2.jpg 1280w, https:\/\/www.medellin.gov.co\/es\/wp-content\/uploads\/2026\/08\/Imagen-Alcaldia-de-Medellin-suspendio-cuatro-construcciones-sin-licencia-en-Santa-Elena-2-300x169.jpg 300w, https:\/\/www.medellin.gov.co\/es\/wp-content\/uploads\/2026\/08\/Imagen-Alcaldia-de-Medellin-suspendio-cuatro-construcciones-sin-licencia-en-Santa-Elena-2-1024x576.jpg 1024w, https:\/\/www.medellin.gov.co\/es\/wp-content\/uploads\/2026\/08\/Imagen-Alcaldia-de-Medellin-suspendio-cuatro-construcciones-sin-licencia-en-Santa-Elena-2-150x84.jpg 150w, https:\/\/www.medellin.gov.co\/es\/wp-content\/uploads\/2026\/08\/Imagen-Alcaldia-de-Medellin-suspendio-cuatro-construcciones-sin-licencia-en-Santa-Elena-2-768x432.jpg 768w\" sizes=\"(max-width: 1280px) 100vw, 1280px\" \/><\/a>\n\t\t\t<\/dt><\/dl><dl class='gallery-item'>\n\t\t\t<dt class='gallery-icon landscape'>\n\t\t\t\t<a href='https:\/\/www.medellin.gov.co\/es\/sala-de-prensa\/noticias\/la-alcaldia-de-medellin-suspendio-cuatro-construcciones-sin-licencia-en-area-protegida-de-santa-elena\/imagen-alcaldia-de-medellin-suspendio-cuatro-construcciones-sin-licencia-en-santa-elena-1\/'><img width=\"1280\" height=\"720\" src=\"https:\/\/www.medellin.gov.co\/es\/wp-content\/uploads\/2026\/08\/Imagen-Alcaldia-de-Medellin-suspendio-cuatro-construcciones-sin-licencia-en-Santa-Elena-1.jpg\" class=\"attachment-full size-full\" alt=\"Imagen Alcald\u00eda de Medell\u00edn suspendi\u00f3 cuatro construcciones sin licencia en Santa Elena (1)\" loading=\"lazy\" srcset=\"https:\/\/www.medellin.gov.co\/es\/wp-content\/uploads\/2026\/08\/Imagen-Alcaldia-de-Medellin-suspendio-cuatro-construcciones-sin-licencia-en-Santa-Elena-1.jpg 1280w, https:\/\/www.medellin.gov.co\/es\/wp-content\/uploads\/2026\/08\/Imagen-Alcaldia-de-Medellin-suspendio-cuatro-construcciones-sin-licencia-en-Santa-Elena-1-300x169.jpg 300w, https:\/\/www.medellin.gov.co\/es\/wp-content\/uploads\/2026\/08\/Imagen-Alcaldia-de-Medellin-suspendio-cuatro-construcciones-sin-licencia-en-Santa-Elena-1-1024x576.jpg 1024w, https:\/\/www.medellin.gov.co\/es\/wp-content\/uploads\/2026\/08\/Imagen-Alcaldia-de-Medellin-suspendio-cuatro-construcciones-sin-licencia-en-Santa-Elena-1-150x84.jpg 150w, https:\/\/www.medellin.gov.co\/es\/wp-content\/uploads\/2026\/08\/Imagen-Alcaldia-de-Medellin-suspendio-cuatro-construcciones-sin-licencia-en-Santa-Elena-1-768x432.jpg 768w\" sizes=\"(max-width: 1280px) 100vw, 1280px\" \/><\/a>\n\t\t\t<\/dt><\/dl><br style=\"clear: both\" \/>\n\t\t<\/div>\n\n<p>Cada caso ser\u00e1 revisado y documentado para establecer las condiciones en las que se realizaron las construcciones y remitir los informes a la Corregidur\u00eda de Santa Elena, encargada de adelantar las actuaciones correspondientes.<\/p>\n<p>\u201cEste no es un sector cualquiera de Santa Elena. Estamos hablando de un territorio que hace parte de la Reserva Forestal Protectora del R\u00edo Nare, que adem\u00e1s tiene riqueza arqueol\u00f3gica y fuentes h\u00eddricas que debemos cuidar. Una construcci\u00f3n que avance sin cumplir las normas puede generar afectaciones sobre espacios que tienen un valor ambiental y patrimonial para toda la ciudad y la regi\u00f3n. Por eso nuestra presencia en estos lugares busca anticiparnos, identificar a tiempo las ocupaciones irregulares y evitar que se consoliden. Estamos atentos a posibles loteos ilegales, porque detr\u00e1s de una construcci\u00f3n puede existir una problem\u00e1tica mucho mayor de ocupaci\u00f3n del territorio\u201d, afirm\u00f3 el secretario de Gesti\u00f3n y Control Territorial, Juan Manuel Vel\u00e1squez Correa.<\/p>\n\n\t\t<style type=\"text\/css\">\n\t\t\t#gallery-2 {\n\t\t\t\tmargin: auto;\n\t\t\t}\n\t\t\t#gallery-2 .gallery-item {\n\t\t\t\tfloat: left;\n\t\t\t\tmargin-top: 10px;\n\t\t\t\ttext-align: center;\n\t\t\t\twidth: 50%;\n\t\t\t}\n\t\t\t#gallery-2 img {\n\t\t\t\tborder: 2px solid #cfcfcf;\n\t\t\t}\n\t\t\t#gallery-2 .gallery-caption {\n\t\t\t\tmargin-left: 0;\n\t\t\t}\n\t\t\t\/* see gallery_shortcode() in wp-includes\/media.php *\/\n\t\t<\/style>\n\t\t<div id='gallery-2' class='gallery galleryid-562726 gallery-columns-2 gallery-size-full'><dl class='gallery-item'>\n\t\t\t<dt class='gallery-icon landscape'>\n\t\t\t\t<a href='https:\/\/www.medellin.gov.co\/es\/sala-de-prensa\/noticias\/la-alcaldia-de-medellin-suspendio-cuatro-construcciones-sin-licencia-en-area-protegida-de-santa-elena\/imagen-alcaldia-de-medellin-suspendio-cuatro-construcciones-sin-licencia-en-santa-elena-4\/'><img width=\"1280\" height=\"720\" src=\"https:\/\/www.medellin.gov.co\/es\/wp-content\/uploads\/2026\/08\/Imagen-Alcaldia-de-Medellin-suspendio-cuatro-construcciones-sin-licencia-en-Santa-Elena-4.jpg\" class=\"attachment-full size-full\" alt=\"Imagen Alcald\u00eda de Medell\u00edn suspendi\u00f3 cuatro construcciones sin licencia en Santa Elena (5)\" loading=\"lazy\" srcset=\"https:\/\/www.medellin.gov.co\/es\/wp-content\/uploads\/2026\/08\/Imagen-Alcaldia-de-Medellin-suspendio-cuatro-construcciones-sin-licencia-en-Santa-Elena-4.jpg 1280w, https:\/\/www.medellin.gov.co\/es\/wp-content\/uploads\/2026\/08\/Imagen-Alcaldia-de-Medellin-suspendio-cuatro-construcciones-sin-licencia-en-Santa-Elena-4-300x169.jpg 300w, https:\/\/www.medellin.gov.co\/es\/wp-content\/uploads\/2026\/08\/Imagen-Alcaldia-de-Medellin-suspendio-cuatro-construcciones-sin-licencia-en-Santa-Elena-4-1024x576.jpg 1024w, https:\/\/www.medellin.gov.co\/es\/wp-content\/uploads\/2026\/08\/Imagen-Alcaldia-de-Medellin-suspendio-cuatro-construcciones-sin-licencia-en-Santa-Elena-4-150x84.jpg 150w, https:\/\/www.medellin.gov.co\/es\/wp-content\/uploads\/2026\/08\/Imagen-Alcaldia-de-Medellin-suspendio-cuatro-construcciones-sin-licencia-en-Santa-Elena-4-768x432.jpg 768w\" sizes=\"(max-width: 1280px) 100vw, 1280px\" \/><\/a>\n\t\t\t<\/dt><\/dl><dl class='gallery-item'>\n\t\t\t<dt class='gallery-icon landscape'>\n\t\t\t\t<a href='https:\/\/www.medellin.gov.co\/es\/sala-de-prensa\/noticias\/la-alcaldia-de-medellin-suspendio-cuatro-construcciones-sin-licencia-en-area-protegida-de-santa-elena\/imagen-alcaldia-de-medellin-suspendio-cuatro-construcciones-sin-licencia-en-santa-elena-5\/'><img width=\"1280\" height=\"720\" src=\"https:\/\/www.medellin.gov.co\/es\/wp-content\/uploads\/2026\/08\/Imagen-Alcaldia-de-Medellin-suspendio-cuatro-construcciones-sin-licencia-en-Santa-Elena-5.jpg\" class=\"attachment-full size-full\" alt=\"Imagen Alcald\u00eda de Medell\u00edn suspendi\u00f3 cuatro construcciones sin licencia en Santa Elena (5)\" loading=\"lazy\" srcset=\"https:\/\/www.medellin.gov.co\/es\/wp-content\/uploads\/2026\/08\/Imagen-Alcaldia-de-Medellin-suspendio-cuatro-construcciones-sin-licencia-en-Santa-Elena-5.jpg 1280w, https:\/\/www.medellin.gov.co\/es\/wp-content\/uploads\/2026\/08\/Imagen-Alcaldia-de-Medellin-suspendio-cuatro-construcciones-sin-licencia-en-Santa-Elena-5-300x169.jpg 300w, https:\/\/www.medellin.gov.co\/es\/wp-content\/uploads\/2026\/08\/Imagen-Alcaldia-de-Medellin-suspendio-cuatro-construcciones-sin-licencia-en-Santa-Elena-5-1024x576.jpg 1024w, https:\/\/www.medellin.gov.co\/es\/wp-content\/uploads\/2026\/08\/Imagen-Alcaldia-de-Medellin-suspendio-cuatro-construcciones-sin-licencia-en-Santa-Elena-5-150x84.jpg 150w, https:\/\/www.medellin.gov.co\/es\/wp-content\/uploads\/2026\/08\/Imagen-Alcaldia-de-Medellin-suspendio-cuatro-construcciones-sin-licencia-en-Santa-Elena-5-768x432.jpg 768w\" sizes=\"(max-width: 1280px) 100vw, 1280px\" \/><\/a>\n\t\t\t<\/dt><\/dl><br style=\"clear: both\" \/>\n\t\t<\/div>\n\n<p>Durante el recorrido se identificaron edificaciones dentro de las franjas de protecci\u00f3n de las quebradas La Castro, La Caneca y Juan Alberto. Estos espacios deben mantenerse libres de construcciones para proteger los cauces, conservar sus condiciones naturales y reducir las afectaciones que puede generar la ocupaci\u00f3n de sus alrededores. Alto de la Mora tambi\u00e9n tiene antecedentes de movimientos en masa.<\/p>\n<p>En 2021, un deslizamiento de tierra afect\u00f3 varias viviendas del lugar, situaci\u00f3n que motiv\u00f3 la atenci\u00f3n de diferentes entidades. Desde a\u00f1os anteriores, adem\u00e1s, se han realizado acciones de control frente a la ocupaci\u00f3n y las construcciones en este sector. La Unidad de Enajenaciones y Sociedades Intervenidas realiz\u00f3 seis entrevistas para recopilar informaci\u00f3n que permita establecer si existen posibles procesos de loteo o venta irregular de terrenos.<\/p>\n<p><img loading=\"lazy\" class=\"alignnone wp-image-562729 size-full\" title=\"Alcald\u00eda de Medell\u00edn suspendi\u00f3 cuatro construcciones sin licencia en Santa Elena\" src=\"https:\/\/www.medellin.gov.co\/es\/wp-content\/uploads\/2026\/08\/Imagen-Alcaldia-de-Medellin-suspendio-cuatro-construcciones-sin-licencia-en-Santa-Elena-6.jpg\" alt=\"Imagen Alcald\u00eda de Medell\u00edn suspendi\u00f3 cuatro construcciones sin licencia en Santa Elena (6)\" width=\"1280\" height=\"720\" srcset=\"https:\/\/www.medellin.gov.co\/es\/wp-content\/uploads\/2026\/08\/Imagen-Alcaldia-de-Medellin-suspendio-cuatro-construcciones-sin-licencia-en-Santa-Elena-6.jpg 1280w, https:\/\/www.medellin.gov.co\/es\/wp-content\/uploads\/2026\/08\/Imagen-Alcaldia-de-Medellin-suspendio-cuatro-construcciones-sin-licencia-en-Santa-Elena-6-300x169.jpg 300w, https:\/\/www.medellin.gov.co\/es\/wp-content\/uploads\/2026\/08\/Imagen-Alcaldia-de-Medellin-suspendio-cuatro-construcciones-sin-licencia-en-Santa-Elena-6-1024x576.jpg 1024w, https:\/\/www.medellin.gov.co\/es\/wp-content\/uploads\/2026\/08\/Imagen-Alcaldia-de-Medellin-suspendio-cuatro-construcciones-sin-licencia-en-Santa-Elena-6-150x84.jpg 150w, https:\/\/www.medellin.gov.co\/es\/wp-content\/uploads\/2026\/08\/Imagen-Alcaldia-de-Medellin-suspendio-cuatro-construcciones-sin-licencia-en-Santa-Elena-6-768x432.jpg 768w\" sizes=\"(max-width: 1280px) 100vw, 1280px\" \/><\/p>\n<p>La jornada cont\u00f3 con el acompa\u00f1amiento de la Polic\u00eda Nacional, la Personer\u00eda Distrital y la Corregidur\u00eda de Santa Elena. El Distrito continuar\u00e1 con el seguimiento para prevenir nuevas ocupaciones y proteger las condiciones ambientales y patrimoniales de este sector.<\/p>\n","protected":false},"excerpt":{"rendered":"<p>Durante el recorrido fueron identificadas 85 edificaciones con posibles incumplimientos urban\u00edsticos, cuyos casos ser\u00e1n documentados y remitidos a la Corregidur\u00eda de Santa Elena. Se busca establecer si detr\u00e1s de las construcciones y ocupaciones identificadas, existen &#8230;<\/p>\n","protected":false},"author":95,"featured_media":562734,"comment_status":"open","ping_status":"open","sticky":false,"template":"","format":"standard","meta":[],"categories":[7],"tags":[455],"formato_nota":[],"programas_tax":[],"acf":[],"_links":{"self":[{"href":"https:\/\/www.medellin.gov.co\/es\/wp-json\/wp\/v2\/posts\/562726"}],"collection":[{"href":"https:\/\/www.medellin.gov.co\/es\/wp-json\/wp\/v2\/posts"}],"about":[{"href":"https:\/\/www.medellin.gov.co\/es\/wp-json\/wp\/v2\/types\/post"}],"author":[{"embeddable":true,"href":"https:\/\/www.medellin.gov.co\/es\/wp-json\/wp\/v2\/users\/95"}],"replies":[{"embeddable":true,"href":"https:\/\/www.medellin.gov.co\/es\/wp-json\/wp\/v2\/comments?post=562726"}],"version-history":[{"count":1,"href":"https:\/\/www.medellin.gov.co\/es\/wp-json\/wp\/v2\/posts\/562726\/revisions"}],"predecessor-version":[{"id":562740,"href":"https:\/\/www.medellin.gov.co\/es\/wp-json\/wp\/v2\/posts\/562726\/revisions\/562740"}],"wp:featuredmedia":[{"embeddable":true,"href":"https:\/\/www.medellin.gov.co\/es\/wp-json\/wp\/v2\/media\/562734"}],"wp:attachment":[{"href":"https:\/\/www.medellin.gov.co\/es\/wp-json\/wp\/v2\/media?parent=562726"}],"wp:term":[{"taxonomy":"category","embeddable":true,"href":"https:\/\/www.medellin.gov.co\/es\/wp-json\/wp\/v2\/categories?post=562726"},{"taxonomy":"post_tag","embeddable":true,"href":"https:\/\/www.medellin.gov.co\/es\/wp-json\/wp\/v2\/tags?post=562726"},{"taxonomy":"formato_nota","embeddable":true,"href":"https:\/\/www.medellin.gov.co\/es\/wp-json\/wp\/v2\/formato_nota?post=562726"},{"taxonomy":"programas_tax","embeddable":true,"href":"https:\/\/www.medellin.gov.co\/es\/wp-json\/wp\/v2\/programas_tax?post=562726"}],"curies":[{"name":"wp","href":"https:\/\/api.w.org\/{rel}","templated":true}]}}