{"id":562770,"date":"2026-08-31T14:20:21","date_gmt":"2026-08-31T19:20:21","guid":{"rendered":"https:\/\/www.medellin.gov.co\/es\/?p=562770"},"modified":"2026-08-31T17:35:53","modified_gmt":"2026-08-31T22:35:53","slug":"abierta-otra-convocatoria-en-medellin-para-formar-a-mas-de-2-200-personas-en-ingles-para-el-trabajo","status":"publish","type":"post","link":"https:\/\/www.medellin.gov.co\/es\/sala-de-prensa\/noticias\/abierta-otra-convocatoria-en-medellin-para-formar-a-mas-de-2-200-personas-en-ingles-para-el-trabajo\/","title":{"rendered":"Abierta otra convocatoria en Medell\u00edn para formar a m\u00e1s de 2.200 personas en ingl\u00e9s para el trabajo"},"content":{"rendered":"<ul>\n<li>La convocatoria hace parte del proyecto estrat\u00e9gico Medellinglish, que busca certificar el ingl\u00e9s como segunda lengua en la ciudad.<\/li>\n<li>La formaci\u00f3n est\u00e1 dirigida a sectores como el turismo, salud, gastrobar, servicios BPO e Industrias Creativas y Culturales.<\/li>\n<\/ul>\n<!--[if lt IE 9]><script>document.createElement('audio');<\/script><![endif]-->\n\t<div class=\"wp-playlist wp-audio-playlist wp-playlist-light\">\n\t\t\t<div class=\"wp-playlist-current-item\"><\/div>\n\t\t<audio controls=\"controls\" preload=\"none\" width=\"640\"\n\t\t\t><\/audio>\n\t<div class=\"wp-playlist-next\"><\/div>\n\t<div class=\"wp-playlist-prev\"><\/div>\n\t<noscript>\n\t<ol>\n\t\t<li><a href='https:\/\/www.medellin.gov.co\/es\/wp-content\/uploads\/2026\/08\/Declaraciones-secretaria-de-Desarrollo-Economico-Maria-Fernanda-Galeano-Rojo-1.mp3'>Declaraciones secretaria de Desarrollo Econ\u00f3mico, Mar\u00eda Fernanda Galeano Rojo<\/a><\/li>\t<\/ol>\n\t<\/noscript>\n\t<script type=\"application\/json\" class=\"wp-playlist-script\">{\"type\":\"audio\",\"tracklist\":true,\"tracknumbers\":true,\"images\":true,\"artists\":true,\"tracks\":[{\"src\":\"https:\\\/\\\/www.medellin.gov.co\\\/es\\\/wp-content\\\/uploads\\\/2026\\\/08\\\/Declaraciones-secretaria-de-Desarrollo-Economico-Maria-Fernanda-Galeano-Rojo-1.mp3\",\"type\":\"audio\\\/mpeg\",\"title\":\"Declaraciones secretaria de Desarrollo Econ\\u00f3mico, Mar\\u00eda Fernanda Galeano Rojo\",\"caption\":\"\",\"description\":\"\\u00abDeclaraciones secretaria de Desarrollo Econ\\u00f3mico, Mar\\u00eda Fernanda Galeano Rojo\\u00bb. G\\u00e9nero: Blues.\",\"meta\":{\"genre\":\"Blues\",\"length_formatted\":\"0:40\"},\"image\":{\"src\":\"https:\\\/\\\/www.medellin.gov.co\\\/es\\\/wp-includes\\\/images\\\/media\\\/audio.png\",\"width\":48,\"height\":64},\"thumb\":{\"src\":\"https:\\\/\\\/www.medellin.gov.co\\\/es\\\/wp-includes\\\/images\\\/media\\\/audio.png\",\"width\":48,\"height\":64}}]}<\/script>\n<\/div>\n\t\n<p>Con el objetivo de generar oportunidades de empleo apalancadas por el conocimiento de una segunda lengua, la <a href=\"https:\/\/www.instagram.com\/alcaldiademed\/\" target=\"_blank\" rel=\"noopener\">Alcald\u00eda de Medell\u00edn<\/a> formar\u00e1 a 2.251 personas en ingl\u00e9s especializado, orientado a las necesidades de diferentes sectores productivos, entre ellos turismo, salud, gastrobar, servicios BPO e Industrias Creativas y Culturales.<\/p>\n<p>Esta estrategia, que hace parte el proyecto estrat\u00e9gico Medellinglish, busca responder a las necesidades actuales del mercado laboral y facilitar el acceso de la ciudadan\u00eda a nuevas oportunidades de empleo y desarrollo profesional.<\/p>\n\n\t\t<style type=\"text\/css\">\n\t\t\t#gallery-1 {\n\t\t\t\tmargin: auto;\n\t\t\t}\n\t\t\t#gallery-1 .gallery-item {\n\t\t\t\tfloat: left;\n\t\t\t\tmargin-top: 10px;\n\t\t\t\ttext-align: center;\n\t\t\t\twidth: 50%;\n\t\t\t}\n\t\t\t#gallery-1 img {\n\t\t\t\tborder: 2px solid #cfcfcf;\n\t\t\t}\n\t\t\t#gallery-1 .gallery-caption {\n\t\t\t\tmargin-left: 0;\n\t\t\t}\n\t\t\t\/* see gallery_shortcode() in wp-includes\/media.php *\/\n\t\t<\/style>\n\t\t<div id='gallery-1' class='gallery galleryid-562770 gallery-columns-2 gallery-size-full'><dl class='gallery-item'>\n\t\t\t<dt class='gallery-icon landscape'>\n\t\t\t\t<a href='https:\/\/www.medellin.gov.co\/es\/sala-de-prensa\/noticias\/abierta-otra-convocatoria-en-medellin-para-formar-a-mas-de-2-200-personas-en-ingles-para-el-trabajo\/imagen-convocatoria-para-formar-a-mas-de-2-200-personas-en-ingles-para-el-trabajo-2\/'><img width=\"1276\" height=\"850\" src=\"https:\/\/www.medellin.gov.co\/es\/wp-content\/uploads\/2026\/08\/Imagen-convocatoria-para-formar-a-mas-de-2.200-personas-en-ingles-para-el-trabajo-2.jpg\" class=\"attachment-full size-full\" alt=\"Imagen convocatoria para formar a m\u00e1s de 2.200 personas en ingl\u00e9s para el trabajo (1)\" loading=\"lazy\" srcset=\"https:\/\/www.medellin.gov.co\/es\/wp-content\/uploads\/2026\/08\/Imagen-convocatoria-para-formar-a-mas-de-2.200-personas-en-ingles-para-el-trabajo-2.jpg 1276w, https:\/\/www.medellin.gov.co\/es\/wp-content\/uploads\/2026\/08\/Imagen-convocatoria-para-formar-a-mas-de-2.200-personas-en-ingles-para-el-trabajo-2-300x200.jpg 300w, https:\/\/www.medellin.gov.co\/es\/wp-content\/uploads\/2026\/08\/Imagen-convocatoria-para-formar-a-mas-de-2.200-personas-en-ingles-para-el-trabajo-2-1024x682.jpg 1024w, https:\/\/www.medellin.gov.co\/es\/wp-content\/uploads\/2026\/08\/Imagen-convocatoria-para-formar-a-mas-de-2.200-personas-en-ingles-para-el-trabajo-2-150x100.jpg 150w, https:\/\/www.medellin.gov.co\/es\/wp-content\/uploads\/2026\/08\/Imagen-convocatoria-para-formar-a-mas-de-2.200-personas-en-ingles-para-el-trabajo-2-768x512.jpg 768w\" sizes=\"(max-width: 1276px) 100vw, 1276px\" \/><\/a>\n\t\t\t<\/dt><\/dl><dl class='gallery-item'>\n\t\t\t<dt class='gallery-icon landscape'>\n\t\t\t\t<a href='https:\/\/www.medellin.gov.co\/es\/sala-de-prensa\/noticias\/abierta-otra-convocatoria-en-medellin-para-formar-a-mas-de-2-200-personas-en-ingles-para-el-trabajo\/imagen-convocatoria-para-formar-a-mas-de-2-200-personas-en-ingles-para-el-trabajo-1\/'><img width=\"1276\" height=\"850\" src=\"https:\/\/www.medellin.gov.co\/es\/wp-content\/uploads\/2026\/08\/Imagen-convocatoria-para-formar-a-mas-de-2.200-personas-en-ingles-para-el-trabajo-1.jpg\" class=\"attachment-full size-full\" alt=\"Imagen convocatoria para formar a m\u00e1s de 2.200 personas en ingl\u00e9s para el trabajo (1)\" loading=\"lazy\" srcset=\"https:\/\/www.medellin.gov.co\/es\/wp-content\/uploads\/2026\/08\/Imagen-convocatoria-para-formar-a-mas-de-2.200-personas-en-ingles-para-el-trabajo-1.jpg 1276w, https:\/\/www.medellin.gov.co\/es\/wp-content\/uploads\/2026\/08\/Imagen-convocatoria-para-formar-a-mas-de-2.200-personas-en-ingles-para-el-trabajo-1-300x200.jpg 300w, https:\/\/www.medellin.gov.co\/es\/wp-content\/uploads\/2026\/08\/Imagen-convocatoria-para-formar-a-mas-de-2.200-personas-en-ingles-para-el-trabajo-1-1024x682.jpg 1024w, https:\/\/www.medellin.gov.co\/es\/wp-content\/uploads\/2026\/08\/Imagen-convocatoria-para-formar-a-mas-de-2.200-personas-en-ingles-para-el-trabajo-1-150x100.jpg 150w, https:\/\/www.medellin.gov.co\/es\/wp-content\/uploads\/2026\/08\/Imagen-convocatoria-para-formar-a-mas-de-2.200-personas-en-ingles-para-el-trabajo-1-768x512.jpg 768w\" sizes=\"(max-width: 1276px) 100vw, 1276px\" \/><\/a>\n\t\t\t<\/dt><\/dl><br style=\"clear: both\" \/>\n\t\t<\/div>\n\n<p>\u00ab&#8216;Medellinglish es una apuesta de la Alcald\u00eda de Medell\u00edn para conectar el talento de nuestra gente con las oportunidades reales del mercado laboral. Con esta iniciativa, no solo ense\u00f1amos un idioma, sino que estamos abriendo puertas para que los ciudadanos se capaciten en un ingl\u00e9s especializado, dise\u00f1ado a la medida de lo que hoy necesitan los sectores productivos. Invitamos a todos los interesados a inscribirse antes del 15 de octubre; esta es una oportunidad \u00fanica para fortalecer el perfil laboral, potenciar el desarrollo profesional y seguir consolidando a Medell\u00edn como un Distrito de oportunidades para nuestro talento\u00bb, dijo la secretaria de Desarrollo Econ\u00f3mico, Mar\u00eda Fernanda Galeano Rojo.<\/p>\n<p>La estrategia, aunque tendr\u00e1 presencia en todo el Distrito, priorizar\u00e1 acciones de formaci\u00f3n en la comuna 11-Laureles y en el corregimiento de San Sebasti\u00e1n de Palmitas, sectores que priorizaron la formaci\u00f3n en segunda lengua con \u00e9nfasis en el trabajo a trav\u00e9s de recursos de Presupuesto Participativo.\u00a0 Adem\u00e1s, la estrategia de formaci\u00f3n tambi\u00e9n contempla la capacitaci\u00f3n de m\u00e1s de 900 personas en habilidades para el empleo, a trav\u00e9s de programas de formaci\u00f3n laboral y educaci\u00f3n informal, que incluyen cursos cortos dise\u00f1ados de acuerdo con las necesidades actuales de los sectores productivos como belleza, gastrobar e Industrias Creativas y Culturales.<\/p>\n\n\t\t<style type=\"text\/css\">\n\t\t\t#gallery-2 {\n\t\t\t\tmargin: auto;\n\t\t\t}\n\t\t\t#gallery-2 .gallery-item {\n\t\t\t\tfloat: left;\n\t\t\t\tmargin-top: 10px;\n\t\t\t\ttext-align: center;\n\t\t\t\twidth: 50%;\n\t\t\t}\n\t\t\t#gallery-2 img {\n\t\t\t\tborder: 2px solid #cfcfcf;\n\t\t\t}\n\t\t\t#gallery-2 .gallery-caption {\n\t\t\t\tmargin-left: 0;\n\t\t\t}\n\t\t\t\/* see gallery_shortcode() in wp-includes\/media.php *\/\n\t\t<\/style>\n\t\t<div id='gallery-2' class='gallery galleryid-562770 gallery-columns-2 gallery-size-full'><dl class='gallery-item'>\n\t\t\t<dt class='gallery-icon landscape'>\n\t\t\t\t<a href='https:\/\/www.medellin.gov.co\/es\/sala-de-prensa\/noticias\/abierta-otra-convocatoria-en-medellin-para-formar-a-mas-de-2-200-personas-en-ingles-para-el-trabajo\/imagen-convocatoria-para-formar-a-mas-de-2-200-personas-en-ingles-para-el-trabajo-3\/'><img width=\"1280\" height=\"720\" src=\"https:\/\/www.medellin.gov.co\/es\/wp-content\/uploads\/2026\/08\/Imagen-convocatoria-para-formar-a-mas-de-2.200-personas-en-ingles-para-el-trabajo-3.jpg\" class=\"attachment-full size-full\" alt=\"Imagen convocatoria para formar a m\u00e1s de 2.200 personas en ingl\u00e9s para el trabajo (5)\" loading=\"lazy\" srcset=\"https:\/\/www.medellin.gov.co\/es\/wp-content\/uploads\/2026\/08\/Imagen-convocatoria-para-formar-a-mas-de-2.200-personas-en-ingles-para-el-trabajo-3.jpg 1280w, https:\/\/www.medellin.gov.co\/es\/wp-content\/uploads\/2026\/08\/Imagen-convocatoria-para-formar-a-mas-de-2.200-personas-en-ingles-para-el-trabajo-3-300x169.jpg 300w, https:\/\/www.medellin.gov.co\/es\/wp-content\/uploads\/2026\/08\/Imagen-convocatoria-para-formar-a-mas-de-2.200-personas-en-ingles-para-el-trabajo-3-1024x576.jpg 1024w, https:\/\/www.medellin.gov.co\/es\/wp-content\/uploads\/2026\/08\/Imagen-convocatoria-para-formar-a-mas-de-2.200-personas-en-ingles-para-el-trabajo-3-150x84.jpg 150w, https:\/\/www.medellin.gov.co\/es\/wp-content\/uploads\/2026\/08\/Imagen-convocatoria-para-formar-a-mas-de-2.200-personas-en-ingles-para-el-trabajo-3-768x432.jpg 768w\" sizes=\"(max-width: 1280px) 100vw, 1280px\" \/><\/a>\n\t\t\t<\/dt><\/dl><dl class='gallery-item'>\n\t\t\t<dt class='gallery-icon landscape'>\n\t\t\t\t<a href='https:\/\/www.medellin.gov.co\/es\/sala-de-prensa\/noticias\/abierta-otra-convocatoria-en-medellin-para-formar-a-mas-de-2-200-personas-en-ingles-para-el-trabajo\/imagen-convocatoria-para-formar-a-mas-de-2-200-personas-en-ingles-para-el-trabajo-5\/'><img width=\"1280\" height=\"718\" src=\"https:\/\/www.medellin.gov.co\/es\/wp-content\/uploads\/2026\/08\/Imagen-convocatoria-para-formar-a-mas-de-2.200-personas-en-ingles-para-el-trabajo-5.jpg\" class=\"attachment-full size-full\" alt=\"Imagen convocatoria para formar a m\u00e1s de 2.200 personas en ingl\u00e9s para el trabajo (5)\" loading=\"lazy\" srcset=\"https:\/\/www.medellin.gov.co\/es\/wp-content\/uploads\/2026\/08\/Imagen-convocatoria-para-formar-a-mas-de-2.200-personas-en-ingles-para-el-trabajo-5.jpg 1280w, https:\/\/www.medellin.gov.co\/es\/wp-content\/uploads\/2026\/08\/Imagen-convocatoria-para-formar-a-mas-de-2.200-personas-en-ingles-para-el-trabajo-5-300x168.jpg 300w, https:\/\/www.medellin.gov.co\/es\/wp-content\/uploads\/2026\/08\/Imagen-convocatoria-para-formar-a-mas-de-2.200-personas-en-ingles-para-el-trabajo-5-1024x574.jpg 1024w, https:\/\/www.medellin.gov.co\/es\/wp-content\/uploads\/2026\/08\/Imagen-convocatoria-para-formar-a-mas-de-2.200-personas-en-ingles-para-el-trabajo-5-150x84.jpg 150w, https:\/\/www.medellin.gov.co\/es\/wp-content\/uploads\/2026\/08\/Imagen-convocatoria-para-formar-a-mas-de-2.200-personas-en-ingles-para-el-trabajo-5-768x431.jpg 768w\" sizes=\"(max-width: 1280px) 100vw, 1280px\" \/><\/a>\n\t\t\t<\/dt><\/dl><br style=\"clear: both\" \/>\n\t\t<\/div>\n\n<p>Los contenidos buscan fortalecer conocimientos pr\u00e1cticos, competencias laborales y capacidades que puedan ser aplicadas en diferentes escenarios productivos. Las personas interesadas podr\u00e1n participar en las diferentes convocatorias de formaci\u00f3n y consultar la informaci\u00f3n relacionada con los programas, requisitos y procesos de inscripci\u00f3n a trav\u00e9s del <a href=\"https:\/\/www.medellin.gov.co\/es\/secretaria-desarrollo-economico\/\" target=\"_blank\" rel=\"noopener\">https:\/\/www.medellin.gov.co\/es\/secretaria-desarrollo-economico\/<\/a>.<\/p>\n<p>Las inscripciones estar\u00e1n abiertas hasta el jueves 15 de octubre de 2026.\u00a0 Con esta estrategia, la Administraci\u00f3n Distrital reafirma su compromiso con la generaci\u00f3n de oportunidades de formaci\u00f3n que permitan a los ciudadanos fortalecer sus competencias, mejorar su perfil laboral y prepararse para las nuevas demandas de los sectores productivos.<\/p>\n","protected":false},"excerpt":{"rendered":"<p>La convocatoria hace parte del proyecto estrat\u00e9gico Medellinglish, que busca certificar el ingl\u00e9s como segunda lengua en la ciudad. La formaci\u00f3n est\u00e1 dirigida a sectores como el turismo, salud, gastrobar, servicios BPO e Industrias Creativas &#8230;<\/p>\n","protected":false},"author":95,"featured_media":562773,"comment_status":"open","ping_status":"open","sticky":false,"template":"","format":"standard","meta":[],"categories":[3],"tags":[455],"formato_nota":[],"programas_tax":[],"acf":[],"_links":{"self":[{"href":"https:\/\/www.medellin.gov.co\/es\/wp-json\/wp\/v2\/posts\/562770"}],"collection":[{"href":"https:\/\/www.medellin.gov.co\/es\/wp-json\/wp\/v2\/posts"}],"about":[{"href":"https:\/\/www.medellin.gov.co\/es\/wp-json\/wp\/v2\/types\/post"}],"author":[{"embeddable":true,"href":"https:\/\/www.medellin.gov.co\/es\/wp-json\/wp\/v2\/users\/95"}],"replies":[{"embeddable":true,"href":"https:\/\/www.medellin.gov.co\/es\/wp-json\/wp\/v2\/comments?post=562770"}],"version-history":[{"count":1,"href":"https:\/\/www.medellin.gov.co\/es\/wp-json\/wp\/v2\/posts\/562770\/revisions"}],"predecessor-version":[{"id":562780,"href":"https:\/\/www.medellin.gov.co\/es\/wp-json\/wp\/v2\/posts\/562770\/revisions\/562780"}],"wp:featuredmedia":[{"embeddable":true,"href":"https:\/\/www.medellin.gov.co\/es\/wp-json\/wp\/v2\/media\/562773"}],"wp:attachment":[{"href":"https:\/\/www.medellin.gov.co\/es\/wp-json\/wp\/v2\/media?parent=562770"}],"wp:term":[{"taxonomy":"category","embeddable":true,"href":"https:\/\/www.medellin.gov.co\/es\/wp-json\/wp\/v2\/categories?post=562770"},{"taxonomy":"post_tag","embeddable":true,"href":"https:\/\/www.medellin.gov.co\/es\/wp-json\/wp\/v2\/tags?post=562770"},{"taxonomy":"formato_nota","embeddable":true,"href":"https:\/\/www.medellin.gov.co\/es\/wp-json\/wp\/v2\/formato_nota?post=562770"},{"taxonomy":"programas_tax","embeddable":true,"href":"https:\/\/www.medellin.gov.co\/es\/wp-json\/wp\/v2\/programas_tax?post=562770"}],"curies":[{"name":"wp","href":"https:\/\/api.w.org\/{rel}","templated":true}]}}