{"id":562782,"date":"2026-08-31T14:37:58","date_gmt":"2026-08-31T19:37:58","guid":{"rendered":"https:\/\/www.medellin.gov.co\/es\/?p=562782"},"modified":"2026-08-31T17:41:41","modified_gmt":"2026-08-31T22:41:41","slug":"cayo-alias-hermes-senalado-de-enviar-toneladas-de-cocaina-a-europa-y-de-usar-como-fachada-una-empresa-de-confecciones-ubicada-en-medellin","status":"publish","type":"post","link":"https:\/\/www.medellin.gov.co\/es\/sala-de-prensa\/noticias\/cayo-alias-hermes-senalado-de-enviar-toneladas-de-cocaina-a-europa-y-de-usar-como-fachada-una-empresa-de-confecciones-ubicada-en-medellin\/","title":{"rendered":"Cay\u00f3 alias \u2018Hermes\u2019, se\u00f1alado de enviar toneladas de coca\u00edna a Europa y de usar como fachada una empresa de confecciones ubicada en Medell\u00edn"},"content":{"rendered":"<ul>\n<li>Alias \u2018Hermes\u2019, de 46 a\u00f1os, capturado con fines de extradici\u00f3n en Rionegro.<\/li>\n<li>Requerido por las autoridades judiciales de Luxemburgo por delitos relacionados con narcotr\u00e1fico.<\/li>\n<li>Habr\u00eda enviado cerca de dos toneladas de coca\u00edna mensuales y generado rentas estimadas en $578.000 millones.<\/li>\n<\/ul>\n<!--[if lt IE 9]><script>document.createElement('audio');<\/script><![endif]-->\n\t<div class=\"wp-playlist wp-audio-playlist wp-playlist-light\">\n\t\t\t<div class=\"wp-playlist-current-item\"><\/div>\n\t\t<audio controls=\"controls\" preload=\"none\" width=\"640\"\n\t\t\t><\/audio>\n\t<div class=\"wp-playlist-next\"><\/div>\n\t<div class=\"wp-playlist-prev\"><\/div>\n\t<noscript>\n\t<ol>\n\t\t<li><a href='https:\/\/www.medellin.gov.co\/es\/wp-content\/uploads\/2026\/08\/Declaraciones-secretario-de-Seguridad-y-Convivencia-Manuel-Villa-Mejia-2.mp3'>Declaraciones secretario de Seguridad y Convivencia, Manuel Villa Mej\u00eda<\/a><\/li>\t<\/ol>\n\t<\/noscript>\n\t<script type=\"application\/json\" class=\"wp-playlist-script\">{\"type\":\"audio\",\"tracklist\":true,\"tracknumbers\":true,\"images\":true,\"artists\":true,\"tracks\":[{\"src\":\"https:\\\/\\\/www.medellin.gov.co\\\/es\\\/wp-content\\\/uploads\\\/2026\\\/08\\\/Declaraciones-secretario-de-Seguridad-y-Convivencia-Manuel-Villa-Mejia-2.mp3\",\"type\":\"audio\\\/mpeg\",\"title\":\"Declaraciones secretario de Seguridad y Convivencia, Manuel Villa Mej\\u00eda\",\"caption\":\"\",\"description\":\"\\u00abDeclaraciones secretario de Seguridad y Convivencia, Manuel Villa Mej\\u00eda\\u00bb. G\\u00e9nero: Blues.\",\"meta\":{\"genre\":\"Blues\",\"length_formatted\":\"1:29\"},\"image\":{\"src\":\"https:\\\/\\\/www.medellin.gov.co\\\/es\\\/wp-includes\\\/images\\\/media\\\/audio.png\",\"width\":48,\"height\":64},\"thumb\":{\"src\":\"https:\\\/\\\/www.medellin.gov.co\\\/es\\\/wp-includes\\\/images\\\/media\\\/audio.png\",\"width\":48,\"height\":64}}]}<\/script>\n<\/div>\n\t\n<p>La articulaci\u00f3n de las autoridades en <a href=\"https:\/\/www.instagram.com\/alcaldiademed\/\" target=\"_blank\" rel=\"noopener\">Medell\u00edn<\/a> deriv\u00f3 en un nuevo golpe contra el narcotr\u00e1fico transnacional: Hermes Juli\u00e1n Garc\u00eda P\u00e9rez, alias \u2018Hermes\u2019, fue capturado con fines de extradici\u00f3n, tras ser requerido por la justicia de Luxemburgo por los delitos de tr\u00e1fico, posesi\u00f3n y venta de estupefacientes.<\/p>\n<p><img loading=\"lazy\" class=\"alignnone wp-image-562791 size-full\" title=\"Capturado alias \u2018Hermes\u2019 \" src=\"https:\/\/www.medellin.gov.co\/es\/wp-content\/uploads\/2026\/08\/Imagen-capturado-alias-\u2018Hermes-1.jpg\" alt=\"Imagen capturado alias \u2018Hermes\u2019 (1)\" width=\"1275\" height=\"850\" srcset=\"https:\/\/www.medellin.gov.co\/es\/wp-content\/uploads\/2026\/08\/Imagen-capturado-alias-\u2018Hermes-1.jpg 1275w, https:\/\/www.medellin.gov.co\/es\/wp-content\/uploads\/2026\/08\/Imagen-capturado-alias-\u2018Hermes-1-300x200.jpg 300w, https:\/\/www.medellin.gov.co\/es\/wp-content\/uploads\/2026\/08\/Imagen-capturado-alias-\u2018Hermes-1-1024x683.jpg 1024w, https:\/\/www.medellin.gov.co\/es\/wp-content\/uploads\/2026\/08\/Imagen-capturado-alias-\u2018Hermes-1-150x100.jpg 150w, https:\/\/www.medellin.gov.co\/es\/wp-content\/uploads\/2026\/08\/Imagen-capturado-alias-\u2018Hermes-1-768x512.jpg 768w\" sizes=\"(max-width: 1275px) 100vw, 1275px\" \/><\/p>\n<p>El trabajo de inteligencia permiti\u00f3 ubicar a este hombre de 46 a\u00f1os en el corregimiento San Antonio de Pereira, de Rionegro, en el Oriente antioque\u00f1o, donde fue capturado mientras paseaba a su perro, en una operaci\u00f3n coordinada con Europol y Ameripol. De acuerdo con las indagaciones preliminares, alias \u2018Hermes\u2019 estar\u00eda vinculado al env\u00edo de clorhidrato de coca\u00edna desde Colombia hacia Europa, con el puerto de Cartagena como punto de salida y Amberes, B\u00e9lgica, como destino.<\/p>\n<p>La investigaci\u00f3n tambi\u00e9n se\u00f1ala una presunta alianza con integrantes del denominado Cartel de los Balcanes para coordinar el tr\u00e1fico de estupefacientes hacia el continente europeo. Seg\u00fan la informaci\u00f3n recolectada, habr\u00eda llegado a enviar cerca de dos toneladas de coca\u00edna mensuales, con rentas criminales estimadas en $578.000 millones.<\/p>\n<p><img loading=\"lazy\" class=\"alignnone wp-image-562788 size-full\" title=\"Capturado alias \u2018Hermes\u2019\" src=\"https:\/\/www.medellin.gov.co\/es\/wp-content\/uploads\/2026\/08\/Imagen-capturado-alias-\u2018Hermes-2.jpg\" alt=\"Imagen capturado alias \u2018Hermes\u2019 (2)\" width=\"1275\" height=\"850\" srcset=\"https:\/\/www.medellin.gov.co\/es\/wp-content\/uploads\/2026\/08\/Imagen-capturado-alias-\u2018Hermes-2.jpg 1275w, https:\/\/www.medellin.gov.co\/es\/wp-content\/uploads\/2026\/08\/Imagen-capturado-alias-\u2018Hermes-2-300x200.jpg 300w, https:\/\/www.medellin.gov.co\/es\/wp-content\/uploads\/2026\/08\/Imagen-capturado-alias-\u2018Hermes-2-1024x683.jpg 1024w, https:\/\/www.medellin.gov.co\/es\/wp-content\/uploads\/2026\/08\/Imagen-capturado-alias-\u2018Hermes-2-150x100.jpg 150w, https:\/\/www.medellin.gov.co\/es\/wp-content\/uploads\/2026\/08\/Imagen-capturado-alias-\u2018Hermes-2-768x512.jpg 768w\" sizes=\"(max-width: 1275px) 100vw, 1275px\" \/><\/p>\n<p>\u201cSeguimos fortaleciendo la articulaci\u00f3n con las autoridades de seguridad e investigaci\u00f3n criminal para enfrentar de manera contundente las estructuras dedicadas al narcotr\u00e1fico y sus econom\u00edas il\u00edcitas. Este resultado demuestra que el trabajo coordinado, la inteligencia y la cooperaci\u00f3n institucional permiten identificar, ubicar y llevar ante la justicia a quienes hacen parte de estas redes criminales. En Medell\u00edn seguiremos trabajando para golpear no solo a quienes cometen los delitos, sino tambi\u00e9n las estructuras y los recursos que sostienen sus econom\u00edas ilegales\u201d, dijo el secretario de Seguridad, Manuel Villa Mej\u00eda.<\/p>\n<p>Seg\u00fan la investigaci\u00f3n, alias \u2018Hermes\u2019 habr\u00eda utilizado como fachada una empresa de confecciones ubicada en Medell\u00edn, de la cual figura como representante legal, para realizar operaciones orientadas al lavado de activos provenientes del narcotr\u00e1fico. El procedimiento tambi\u00e9n tiene relevancia internacional porque, de acuerdo con la informaci\u00f3n suministrada, ser\u00eda el primer ciudadano colombiano judicializado por narcotr\u00e1fico en Luxemburgo mediante una orden de extradici\u00f3n.<\/p>\n<p><img loading=\"lazy\" class=\"alignnone wp-image-562785 size-full\" title=\"Capturado alias \u2018Hermes\u2019 \" src=\"https:\/\/www.medellin.gov.co\/es\/wp-content\/uploads\/2026\/08\/Imagen-capturado-alias-\u2018Hermes-4.jpg\" alt=\"Imagen capturado alias \u2018Hermes\u2019 (4)\" width=\"1275\" height=\"850\" srcset=\"https:\/\/www.medellin.gov.co\/es\/wp-content\/uploads\/2026\/08\/Imagen-capturado-alias-\u2018Hermes-4.jpg 1275w, https:\/\/www.medellin.gov.co\/es\/wp-content\/uploads\/2026\/08\/Imagen-capturado-alias-\u2018Hermes-4-300x200.jpg 300w, https:\/\/www.medellin.gov.co\/es\/wp-content\/uploads\/2026\/08\/Imagen-capturado-alias-\u2018Hermes-4-1024x683.jpg 1024w, https:\/\/www.medellin.gov.co\/es\/wp-content\/uploads\/2026\/08\/Imagen-capturado-alias-\u2018Hermes-4-150x100.jpg 150w, https:\/\/www.medellin.gov.co\/es\/wp-content\/uploads\/2026\/08\/Imagen-capturado-alias-\u2018Hermes-4-768x512.jpg 768w\" sizes=\"(max-width: 1275px) 100vw, 1275px\" \/><\/p>\n<p>Este hombre qued\u00f3 a disposici\u00f3n de las autoridades competentes, mientras que en Luxemburgo se adelantan los tr\u00e1mites correspondientes para su extradici\u00f3n y posterior comparecencia ante la justicia de ese pa\u00eds. La Alcald\u00eda de Medell\u00edn mantendr\u00e1 el trabajo de cooperaci\u00f3n internacional y las investigaciones dirigidas a afectar las estructuras y los recursos que sostienen las econom\u00edas il\u00edcitas.<\/p>\n","protected":false},"excerpt":{"rendered":"<p>Alias \u2018Hermes\u2019, de 46 a\u00f1os, capturado con fines de extradici\u00f3n en Rionegro. Requerido por las autoridades judiciales de Luxemburgo por delitos relacionados con narcotr\u00e1fico. Habr\u00eda enviado cerca de dos toneladas de coca\u00edna mensuales y generado &#8230;<\/p>\n","protected":false},"author":95,"featured_media":562787,"comment_status":"open","ping_status":"open","sticky":false,"template":"","format":"standard","meta":[],"categories":[21],"tags":[619],"formato_nota":[],"programas_tax":[],"acf":[],"_links":{"self":[{"href":"https:\/\/www.medellin.gov.co\/es\/wp-json\/wp\/v2\/posts\/562782"}],"collection":[{"href":"https:\/\/www.medellin.gov.co\/es\/wp-json\/wp\/v2\/posts"}],"about":[{"href":"https:\/\/www.medellin.gov.co\/es\/wp-json\/wp\/v2\/types\/post"}],"author":[{"embeddable":true,"href":"https:\/\/www.medellin.gov.co\/es\/wp-json\/wp\/v2\/users\/95"}],"replies":[{"embeddable":true,"href":"https:\/\/www.medellin.gov.co\/es\/wp-json\/wp\/v2\/comments?post=562782"}],"version-history":[{"count":1,"href":"https:\/\/www.medellin.gov.co\/es\/wp-json\/wp\/v2\/posts\/562782\/revisions"}],"predecessor-version":[{"id":562794,"href":"https:\/\/www.medellin.gov.co\/es\/wp-json\/wp\/v2\/posts\/562782\/revisions\/562794"}],"wp:featuredmedia":[{"embeddable":true,"href":"https:\/\/www.medellin.gov.co\/es\/wp-json\/wp\/v2\/media\/562787"}],"wp:attachment":[{"href":"https:\/\/www.medellin.gov.co\/es\/wp-json\/wp\/v2\/media?parent=562782"}],"wp:term":[{"taxonomy":"category","embeddable":true,"href":"https:\/\/www.medellin.gov.co\/es\/wp-json\/wp\/v2\/categories?post=562782"},{"taxonomy":"post_tag","embeddable":true,"href":"https:\/\/www.medellin.gov.co\/es\/wp-json\/wp\/v2\/tags?post=562782"},{"taxonomy":"formato_nota","embeddable":true,"href":"https:\/\/www.medellin.gov.co\/es\/wp-json\/wp\/v2\/formato_nota?post=562782"},{"taxonomy":"programas_tax","embeddable":true,"href":"https:\/\/www.medellin.gov.co\/es\/wp-json\/wp\/v2\/programas_tax?post=562782"}],"curies":[{"name":"wp","href":"https:\/\/api.w.org\/{rel}","templated":true}]}}