{"id":562795,"date":"2026-08-31T15:03:02","date_gmt":"2026-08-31T20:03:02","guid":{"rendered":"https:\/\/www.medellin.gov.co\/es\/?p=562795"},"modified":"2026-08-31T17:47:20","modified_gmt":"2026-08-31T22:47:20","slug":"con-nuevos-sentidos-viales-y-cruces-semaforizados-mejora-la-movilidad-en-el-centro-oriente-de-medellin","status":"publish","type":"post","link":"https:\/\/www.medellin.gov.co\/es\/sala-de-prensa\/noticias\/con-nuevos-sentidos-viales-y-cruces-semaforizados-mejora-la-movilidad-en-el-centro-oriente-de-medellin\/","title":{"rendered":"Con nuevos sentidos viales y cruces semaforizados mejora la movilidad en el centro oriente de Medell\u00edn"},"content":{"rendered":"<ul>\n<li>La intervenci\u00f3n contempla tres nuevas intersecciones semaforizadas, 19 tramos viales en un solo sentido y 97 nuevas se\u00f1ales verticales.<\/li>\n<li>Los cambios buscan mejorar la circulaci\u00f3n, fortalecer la seguridad de peatones y ciclistas y organizar el parqueo en La Toma y Buenos Aires.<\/li>\n<\/ul>\n<!--[if lt IE 9]><script>document.createElement('audio');<\/script><![endif]-->\n\t<div class=\"wp-playlist wp-audio-playlist wp-playlist-light\">\n\t\t\t<div class=\"wp-playlist-current-item\"><\/div>\n\t\t<audio controls=\"controls\" preload=\"none\" width=\"640\"\n\t\t\t><\/audio>\n\t<div class=\"wp-playlist-next\"><\/div>\n\t<div class=\"wp-playlist-prev\"><\/div>\n\t<noscript>\n\t<ol>\n\t\t<li><a href='https:\/\/www.medellin.gov.co\/es\/wp-content\/uploads\/2026\/08\/Declaraciones-secretario-de-Movilidad-Pablo-Ruiz-1.mp3'>Declaraciones secretario de Movilidad, Pablo Ruiz<\/a><\/li>\t<\/ol>\n\t<\/noscript>\n\t<script type=\"application\/json\" class=\"wp-playlist-script\">{\"type\":\"audio\",\"tracklist\":true,\"tracknumbers\":true,\"images\":true,\"artists\":true,\"tracks\":[{\"src\":\"https:\\\/\\\/www.medellin.gov.co\\\/es\\\/wp-content\\\/uploads\\\/2026\\\/08\\\/Declaraciones-secretario-de-Movilidad-Pablo-Ruiz-1.mp3\",\"type\":\"audio\\\/mpeg\",\"title\":\"Declaraciones secretario de Movilidad, Pablo Ruiz\",\"caption\":\"\",\"description\":\"\\u00abDeclaraciones secretario de Movilidad, Pablo Ruiz\\u00bb. G\\u00e9nero: Blues.\",\"meta\":{\"genre\":\"Blues\",\"length_formatted\":\"0:58\"},\"image\":{\"src\":\"https:\\\/\\\/www.medellin.gov.co\\\/es\\\/wp-includes\\\/images\\\/media\\\/audio.png\",\"width\":48,\"height\":64},\"thumb\":{\"src\":\"https:\\\/\\\/www.medellin.gov.co\\\/es\\\/wp-includes\\\/images\\\/media\\\/audio.png\",\"width\":48,\"height\":64}}]}<\/script>\n<\/div>\n\t\n<p>El <a href=\"https:\/\/www.instagram.com\/alcaldiademed\/\" target=\"_blank\" rel=\"noopener\">Distrito<\/a>, a trav\u00e9s de la Secretar\u00eda de Movilidad, avanza en la implementaci\u00f3n de medidas para mejorar la circulaci\u00f3n en los sectores de La Toma y Buenos Aires, para consolidar una movilidad m\u00e1s segura, ordenada y eficiente.<\/p>\n\n\t\t<style type=\"text\/css\">\n\t\t\t#gallery-1 {\n\t\t\t\tmargin: auto;\n\t\t\t}\n\t\t\t#gallery-1 .gallery-item {\n\t\t\t\tfloat: left;\n\t\t\t\tmargin-top: 10px;\n\t\t\t\ttext-align: center;\n\t\t\t\twidth: 50%;\n\t\t\t}\n\t\t\t#gallery-1 img {\n\t\t\t\tborder: 2px solid #cfcfcf;\n\t\t\t}\n\t\t\t#gallery-1 .gallery-caption {\n\t\t\t\tmargin-left: 0;\n\t\t\t}\n\t\t\t\/* see gallery_shortcode() in wp-includes\/media.php *\/\n\t\t<\/style>\n\t\t<div id='gallery-1' class='gallery galleryid-562795 gallery-columns-2 gallery-size-full'><dl class='gallery-item'>\n\t\t\t<dt class='gallery-icon landscape'>\n\t\t\t\t<a href='https:\/\/www.medellin.gov.co\/es\/sala-de-prensa\/noticias\/con-nuevos-sentidos-viales-y-cruces-semaforizados-mejora-la-movilidad-en-el-centro-oriente-de-medellin\/imagen-nuevos-sentidos-viales-y-cruces-semaforizados-mejora-la-movilidad-en-el-centro-oriente-2\/'><img width=\"1133\" height=\"850\" src=\"https:\/\/www.medellin.gov.co\/es\/wp-content\/uploads\/2026\/08\/Imagen-nuevos-sentidos-viales-y-cruces-semaforizados-mejora-la-movilidad-en-el-centro-oriente-2.jpg\" class=\"attachment-full size-full\" alt=\"Imagen nuevos sentidos viales y cruces semaforizados mejora la movilidad en el centro oriente (3)\" loading=\"lazy\" srcset=\"https:\/\/www.medellin.gov.co\/es\/wp-content\/uploads\/2026\/08\/Imagen-nuevos-sentidos-viales-y-cruces-semaforizados-mejora-la-movilidad-en-el-centro-oriente-2.jpg 1133w, https:\/\/www.medellin.gov.co\/es\/wp-content\/uploads\/2026\/08\/Imagen-nuevos-sentidos-viales-y-cruces-semaforizados-mejora-la-movilidad-en-el-centro-oriente-2-300x225.jpg 300w, https:\/\/www.medellin.gov.co\/es\/wp-content\/uploads\/2026\/08\/Imagen-nuevos-sentidos-viales-y-cruces-semaforizados-mejora-la-movilidad-en-el-centro-oriente-2-1024x768.jpg 1024w, https:\/\/www.medellin.gov.co\/es\/wp-content\/uploads\/2026\/08\/Imagen-nuevos-sentidos-viales-y-cruces-semaforizados-mejora-la-movilidad-en-el-centro-oriente-2-150x113.jpg 150w, https:\/\/www.medellin.gov.co\/es\/wp-content\/uploads\/2026\/08\/Imagen-nuevos-sentidos-viales-y-cruces-semaforizados-mejora-la-movilidad-en-el-centro-oriente-2-768x576.jpg 768w\" sizes=\"(max-width: 1133px) 100vw, 1133px\" \/><\/a>\n\t\t\t<\/dt><\/dl><dl class='gallery-item'>\n\t\t\t<dt class='gallery-icon landscape'>\n\t\t\t\t<a href='https:\/\/www.medellin.gov.co\/es\/sala-de-prensa\/noticias\/con-nuevos-sentidos-viales-y-cruces-semaforizados-mejora-la-movilidad-en-el-centro-oriente-de-medellin\/imagen-nuevos-sentidos-viales-y-cruces-semaforizados-mejora-la-movilidad-en-el-centro-oriente-3\/'><img width=\"1133\" height=\"850\" src=\"https:\/\/www.medellin.gov.co\/es\/wp-content\/uploads\/2026\/08\/Imagen-nuevos-sentidos-viales-y-cruces-semaforizados-mejora-la-movilidad-en-el-centro-oriente-3.jpg\" class=\"attachment-full size-full\" alt=\"Imagen nuevos sentidos viales y cruces semaforizados mejora la movilidad en el centro oriente (3)\" loading=\"lazy\" srcset=\"https:\/\/www.medellin.gov.co\/es\/wp-content\/uploads\/2026\/08\/Imagen-nuevos-sentidos-viales-y-cruces-semaforizados-mejora-la-movilidad-en-el-centro-oriente-3.jpg 1133w, https:\/\/www.medellin.gov.co\/es\/wp-content\/uploads\/2026\/08\/Imagen-nuevos-sentidos-viales-y-cruces-semaforizados-mejora-la-movilidad-en-el-centro-oriente-3-300x225.jpg 300w, https:\/\/www.medellin.gov.co\/es\/wp-content\/uploads\/2026\/08\/Imagen-nuevos-sentidos-viales-y-cruces-semaforizados-mejora-la-movilidad-en-el-centro-oriente-3-1024x768.jpg 1024w, https:\/\/www.medellin.gov.co\/es\/wp-content\/uploads\/2026\/08\/Imagen-nuevos-sentidos-viales-y-cruces-semaforizados-mejora-la-movilidad-en-el-centro-oriente-3-150x113.jpg 150w, https:\/\/www.medellin.gov.co\/es\/wp-content\/uploads\/2026\/08\/Imagen-nuevos-sentidos-viales-y-cruces-semaforizados-mejora-la-movilidad-en-el-centro-oriente-3-768x576.jpg 768w\" sizes=\"(max-width: 1133px) 100vw, 1133px\" \/><\/a>\n\t\t\t<\/dt><\/dl><br style=\"clear: both\" \/>\n\t\t<\/div>\n\n<p>La intervenci\u00f3n contempla 19 tramos viales nuevos en un solo sentido, mientras que otras v\u00edas mantendr\u00e1n su funcionamiento actual, tanto unidireccional como bidireccional. Estos cambios permitir\u00e1n optimizar la infraestructura existente y facilitar los desplazamientos en el sector. Adem\u00e1s, se habilitar\u00e1n tres nuevas intersecciones semaforizadas, ubicadas en la carrera 29 con calle 47, la carrera 26A con calle 49 y la carrera 28 con calle 52.<\/p>\n<p>Tambi\u00e9n se realizar\u00e1 el cierre del separador de la carrera 27A con calle 49, para ordenar los movimientos vehiculares y reducir puntos de conflicto. \u201cPor esta raz\u00f3n, invitamos a toda la comunidad a sumarse a este cambio acatando la nueva se\u00f1alizaci\u00f3n, respetando los sentidos de las v\u00edas y evitando el estacionamiento en sitios no autorizados. Cada una de estas medidas nos permitir\u00e1 mejorar los tiempos de circulaci\u00f3n y brindar una mayor protecci\u00f3n a los actores m\u00e1s vulnerables de la v\u00eda, especialmente a peatones y ciclistas\u201d, asegur\u00f3 el secretario de Movilidad, Pablo Ruiz.<\/p>\n\n\t\t<style type=\"text\/css\">\n\t\t\t#gallery-2 {\n\t\t\t\tmargin: auto;\n\t\t\t}\n\t\t\t#gallery-2 .gallery-item {\n\t\t\t\tfloat: left;\n\t\t\t\tmargin-top: 10px;\n\t\t\t\ttext-align: center;\n\t\t\t\twidth: 50%;\n\t\t\t}\n\t\t\t#gallery-2 img {\n\t\t\t\tborder: 2px solid #cfcfcf;\n\t\t\t}\n\t\t\t#gallery-2 .gallery-caption {\n\t\t\t\tmargin-left: 0;\n\t\t\t}\n\t\t\t\/* see gallery_shortcode() in wp-includes\/media.php *\/\n\t\t<\/style>\n\t\t<div id='gallery-2' class='gallery galleryid-562795 gallery-columns-2 gallery-size-full'><dl class='gallery-item'>\n\t\t\t<dt class='gallery-icon landscape'>\n\t\t\t\t<a href='https:\/\/www.medellin.gov.co\/es\/sala-de-prensa\/noticias\/con-nuevos-sentidos-viales-y-cruces-semaforizados-mejora-la-movilidad-en-el-centro-oriente-de-medellin\/imagen-nuevos-sentidos-viales-y-cruces-semaforizados-mejora-la-movilidad-en-el-centro-oriente-4\/'><img width=\"1133\" height=\"850\" src=\"https:\/\/www.medellin.gov.co\/es\/wp-content\/uploads\/2026\/08\/Imagen-nuevos-sentidos-viales-y-cruces-semaforizados-mejora-la-movilidad-en-el-centro-oriente-4.jpg\" class=\"attachment-full size-full\" alt=\"Imagen nuevos sentidos viales y cruces semaforizados mejora la movilidad en el centro oriente (6)\" loading=\"lazy\" srcset=\"https:\/\/www.medellin.gov.co\/es\/wp-content\/uploads\/2026\/08\/Imagen-nuevos-sentidos-viales-y-cruces-semaforizados-mejora-la-movilidad-en-el-centro-oriente-4.jpg 1133w, https:\/\/www.medellin.gov.co\/es\/wp-content\/uploads\/2026\/08\/Imagen-nuevos-sentidos-viales-y-cruces-semaforizados-mejora-la-movilidad-en-el-centro-oriente-4-300x225.jpg 300w, https:\/\/www.medellin.gov.co\/es\/wp-content\/uploads\/2026\/08\/Imagen-nuevos-sentidos-viales-y-cruces-semaforizados-mejora-la-movilidad-en-el-centro-oriente-4-1024x768.jpg 1024w, https:\/\/www.medellin.gov.co\/es\/wp-content\/uploads\/2026\/08\/Imagen-nuevos-sentidos-viales-y-cruces-semaforizados-mejora-la-movilidad-en-el-centro-oriente-4-150x113.jpg 150w, https:\/\/www.medellin.gov.co\/es\/wp-content\/uploads\/2026\/08\/Imagen-nuevos-sentidos-viales-y-cruces-semaforizados-mejora-la-movilidad-en-el-centro-oriente-4-768x576.jpg 768w\" sizes=\"(max-width: 1133px) 100vw, 1133px\" \/><\/a>\n\t\t\t<\/dt><\/dl><dl class='gallery-item'>\n\t\t\t<dt class='gallery-icon landscape'>\n\t\t\t\t<a href='https:\/\/www.medellin.gov.co\/es\/sala-de-prensa\/noticias\/con-nuevos-sentidos-viales-y-cruces-semaforizados-mejora-la-movilidad-en-el-centro-oriente-de-medellin\/imagen-nuevos-sentidos-viales-y-cruces-semaforizados-mejora-la-movilidad-en-el-centro-oriente-6\/'><img width=\"1133\" height=\"850\" src=\"https:\/\/www.medellin.gov.co\/es\/wp-content\/uploads\/2026\/08\/Imagen-nuevos-sentidos-viales-y-cruces-semaforizados-mejora-la-movilidad-en-el-centro-oriente-6.jpg\" class=\"attachment-full size-full\" alt=\"Imagen nuevos sentidos viales y cruces semaforizados mejora la movilidad en el centro oriente (6)\" loading=\"lazy\" srcset=\"https:\/\/www.medellin.gov.co\/es\/wp-content\/uploads\/2026\/08\/Imagen-nuevos-sentidos-viales-y-cruces-semaforizados-mejora-la-movilidad-en-el-centro-oriente-6.jpg 1133w, https:\/\/www.medellin.gov.co\/es\/wp-content\/uploads\/2026\/08\/Imagen-nuevos-sentidos-viales-y-cruces-semaforizados-mejora-la-movilidad-en-el-centro-oriente-6-300x225.jpg 300w, https:\/\/www.medellin.gov.co\/es\/wp-content\/uploads\/2026\/08\/Imagen-nuevos-sentidos-viales-y-cruces-semaforizados-mejora-la-movilidad-en-el-centro-oriente-6-1024x768.jpg 1024w, https:\/\/www.medellin.gov.co\/es\/wp-content\/uploads\/2026\/08\/Imagen-nuevos-sentidos-viales-y-cruces-semaforizados-mejora-la-movilidad-en-el-centro-oriente-6-150x113.jpg 150w, https:\/\/www.medellin.gov.co\/es\/wp-content\/uploads\/2026\/08\/Imagen-nuevos-sentidos-viales-y-cruces-semaforizados-mejora-la-movilidad-en-el-centro-oriente-6-768x576.jpg 768w\" sizes=\"(max-width: 1133px) 100vw, 1133px\" \/><\/a>\n\t\t\t<\/dt><\/dl><br style=\"clear: both\" \/>\n\t\t<\/div>\n\n<p>Las obras incluyen 97 nuevas se\u00f1ales viales verticales y 108 metros de nueva red caminera, para mejorar los desplazamientos y cruces peatonales. Asimismo, se implementar\u00e1n 10 cambios en rutas de transporte p\u00fablico, de acuerdo con las nuevas condiciones de circulaci\u00f3n. Tambi\u00e9n se habilitar\u00e1n celdas de parqueo sin cobro para carros y motocicletas, que permitir\u00e1n organizar el estacionamiento en los costados autorizados y evitar afectaciones a la movilidad.<\/p>\n","protected":false},"excerpt":{"rendered":"<p>La intervenci\u00f3n contempla tres nuevas intersecciones semaforizadas, 19 tramos viales en un solo sentido y 97 nuevas se\u00f1ales verticales. Los cambios buscan mejorar la circulaci\u00f3n, fortalecer la seguridad de peatones y ciclistas y organizar el &#8230;<\/p>\n","protected":false},"author":95,"featured_media":562799,"comment_status":"open","ping_status":"open","sticky":false,"template":"","format":"standard","meta":[],"categories":[14],"tags":[447],"formato_nota":[],"programas_tax":[],"acf":[],"_links":{"self":[{"href":"https:\/\/www.medellin.gov.co\/es\/wp-json\/wp\/v2\/posts\/562795"}],"collection":[{"href":"https:\/\/www.medellin.gov.co\/es\/wp-json\/wp\/v2\/posts"}],"about":[{"href":"https:\/\/www.medellin.gov.co\/es\/wp-json\/wp\/v2\/types\/post"}],"author":[{"embeddable":true,"href":"https:\/\/www.medellin.gov.co\/es\/wp-json\/wp\/v2\/users\/95"}],"replies":[{"embeddable":true,"href":"https:\/\/www.medellin.gov.co\/es\/wp-json\/wp\/v2\/comments?post=562795"}],"version-history":[{"count":1,"href":"https:\/\/www.medellin.gov.co\/es\/wp-json\/wp\/v2\/posts\/562795\/revisions"}],"predecessor-version":[{"id":562811,"href":"https:\/\/www.medellin.gov.co\/es\/wp-json\/wp\/v2\/posts\/562795\/revisions\/562811"}],"wp:featuredmedia":[{"embeddable":true,"href":"https:\/\/www.medellin.gov.co\/es\/wp-json\/wp\/v2\/media\/562799"}],"wp:attachment":[{"href":"https:\/\/www.medellin.gov.co\/es\/wp-json\/wp\/v2\/media?parent=562795"}],"wp:term":[{"taxonomy":"category","embeddable":true,"href":"https:\/\/www.medellin.gov.co\/es\/wp-json\/wp\/v2\/categories?post=562795"},{"taxonomy":"post_tag","embeddable":true,"href":"https:\/\/www.medellin.gov.co\/es\/wp-json\/wp\/v2\/tags?post=562795"},{"taxonomy":"formato_nota","embeddable":true,"href":"https:\/\/www.medellin.gov.co\/es\/wp-json\/wp\/v2\/formato_nota?post=562795"},{"taxonomy":"programas_tax","embeddable":true,"href":"https:\/\/www.medellin.gov.co\/es\/wp-json\/wp\/v2\/programas_tax?post=562795"}],"curies":[{"name":"wp","href":"https:\/\/api.w.org\/{rel}","templated":true}]}}