{"id":562831,"date":"2026-08-31T16:01:56","date_gmt":"2026-08-31T21:01:56","guid":{"rendered":"https:\/\/www.medellin.gov.co\/es\/?p=562831"},"modified":"2026-08-31T18:01:25","modified_gmt":"2026-08-31T23:01:25","slug":"despues-de-seis-anos-medellin-recupero-el-festival-de-descenso-y-adrenalina","status":"publish","type":"post","link":"https:\/\/www.medellin.gov.co\/es\/sala-de-prensa\/noticias\/despues-de-seis-anos-medellin-recupero-el-festival-de-descenso-y-adrenalina\/","title":{"rendered":"Despu\u00e9s de seis a\u00f1os, Medell\u00edn recuper\u00f3 el Festival de Descenso y Adrenalina"},"content":{"rendered":"<ul>\n<li>M\u00e1s de 800 deportistas participaron en las siete modalidades de descenso durante el recorrido de siete kil\u00f3metros.<\/li>\n<li>Esta, la evoluci\u00f3n del Festival de Carros de Rodillos, se retoma despu\u00e9s de seis a\u00f1os con una nueva oferta deportiva, recreativa y cultural.<\/li>\n<li>Se trat\u00f3 de la edici\u00f3n 31 de una competencia que naci\u00f3 hace m\u00e1s de tres d\u00e9cadas en barrios y corregimientos.<\/li>\n<\/ul>\n<!--[if lt IE 9]><script>document.createElement('audio');<\/script><![endif]-->\n\t<div class=\"wp-playlist wp-audio-playlist wp-playlist-light\">\n\t\t\t<div class=\"wp-playlist-current-item\"><\/div>\n\t\t<audio controls=\"controls\" preload=\"none\" width=\"640\"\n\t\t\t><\/audio>\n\t<div class=\"wp-playlist-next\"><\/div>\n\t<div class=\"wp-playlist-prev\"><\/div>\n\t<noscript>\n\t<ol>\n\t\t<li><a href='https:\/\/www.medellin.gov.co\/es\/wp-content\/uploads\/2026\/08\/Declaraciones-subdirectora-e-Fomento-Inder-Catalina-Velasquez.mp3'>Declaraciones subdirectora (e) Fomento Inder, Catalina Vel\u00e1squez<\/a><\/li>\t<\/ol>\n\t<\/noscript>\n\t<script type=\"application\/json\" class=\"wp-playlist-script\">{\"type\":\"audio\",\"tracklist\":true,\"tracknumbers\":true,\"images\":true,\"artists\":true,\"tracks\":[{\"src\":\"https:\\\/\\\/www.medellin.gov.co\\\/es\\\/wp-content\\\/uploads\\\/2026\\\/08\\\/Declaraciones-subdirectora-e-Fomento-Inder-Catalina-Velasquez.mp3\",\"type\":\"audio\\\/mpeg\",\"title\":\"Declaraciones subdirectora (e) Fomento Inder, Catalina Vel\\u00e1squez\",\"caption\":\"\",\"description\":\"\\u00abDeclaraciones subdirectora (e) Fomento Inder, Catalina Vel\\u00e1squez\\u00bb. G\\u00e9nero: Blues.\",\"meta\":{\"genre\":\"Blues\",\"length_formatted\":\"0:27\"},\"image\":{\"src\":\"https:\\\/\\\/www.medellin.gov.co\\\/es\\\/wp-includes\\\/images\\\/media\\\/audio.png\",\"width\":48,\"height\":64},\"thumb\":{\"src\":\"https:\\\/\\\/www.medellin.gov.co\\\/es\\\/wp-includes\\\/images\\\/media\\\/audio.png\",\"width\":48,\"height\":64}}]}<\/script>\n<\/div>\n\t\n<p>El Festival de Descenso y Adrenalina, evoluci\u00f3n del tradicional Festival de Carros de Rodillos, se realiz\u00f3 este 30 de agosto con m\u00e1s de 800 deportistas en un recorrido de aproximadamente siete kil\u00f3metros, entre el Estadero El Ping\u00fcino y el Centro Comercial La Central. La jornada incluy\u00f3 las modalidades de Carros Artesanales, Speed Down (Carrilanas), Longboard, Street Luge, Gravity Bike, Rollers Descenso y Drift Trikes, en la que participaron alrededor de 100 carros decorados.<\/p>\n\n\t\t<style type=\"text\/css\">\n\t\t\t#gallery-1 {\n\t\t\t\tmargin: auto;\n\t\t\t}\n\t\t\t#gallery-1 .gallery-item {\n\t\t\t\tfloat: left;\n\t\t\t\tmargin-top: 10px;\n\t\t\t\ttext-align: center;\n\t\t\t\twidth: 50%;\n\t\t\t}\n\t\t\t#gallery-1 img {\n\t\t\t\tborder: 2px solid #cfcfcf;\n\t\t\t}\n\t\t\t#gallery-1 .gallery-caption {\n\t\t\t\tmargin-left: 0;\n\t\t\t}\n\t\t\t\/* see gallery_shortcode() in wp-includes\/media.php *\/\n\t\t<\/style>\n\t\t<div id='gallery-1' class='gallery galleryid-562831 gallery-columns-2 gallery-size-full'><dl class='gallery-item'>\n\t\t\t<dt class='gallery-icon landscape'>\n\t\t\t\t<a href='https:\/\/www.medellin.gov.co\/es\/sala-de-prensa\/noticias\/despues-de-seis-anos-medellin-recupero-el-festival-de-descenso-y-adrenalina\/imagen-festival-de-descenso-y-adrenalina-6\/'><img width=\"1206\" height=\"850\" src=\"https:\/\/www.medellin.gov.co\/es\/wp-content\/uploads\/2026\/08\/Imagen-Festival-de-Descenso-y-Adrenalina-6.jpg\" class=\"attachment-full size-full\" alt=\"\" loading=\"lazy\" srcset=\"https:\/\/www.medellin.gov.co\/es\/wp-content\/uploads\/2026\/08\/Imagen-Festival-de-Descenso-y-Adrenalina-6.jpg 1206w, https:\/\/www.medellin.gov.co\/es\/wp-content\/uploads\/2026\/08\/Imagen-Festival-de-Descenso-y-Adrenalina-6-300x211.jpg 300w, https:\/\/www.medellin.gov.co\/es\/wp-content\/uploads\/2026\/08\/Imagen-Festival-de-Descenso-y-Adrenalina-6-1024x722.jpg 1024w, https:\/\/www.medellin.gov.co\/es\/wp-content\/uploads\/2026\/08\/Imagen-Festival-de-Descenso-y-Adrenalina-6-150x106.jpg 150w, https:\/\/www.medellin.gov.co\/es\/wp-content\/uploads\/2026\/08\/Imagen-Festival-de-Descenso-y-Adrenalina-6-768x541.jpg 768w\" sizes=\"(max-width: 1206px) 100vw, 1206px\" \/><\/a>\n\t\t\t<\/dt><\/dl><dl class='gallery-item'>\n\t\t\t<dt class='gallery-icon landscape'>\n\t\t\t\t<a href='https:\/\/www.medellin.gov.co\/es\/sala-de-prensa\/noticias\/despues-de-seis-anos-medellin-recupero-el-festival-de-descenso-y-adrenalina\/imagen-festival-de-descenso-y-adrenalina-3\/'><img width=\"1206\" height=\"850\" src=\"https:\/\/www.medellin.gov.co\/es\/wp-content\/uploads\/2026\/08\/Imagen-Festival-de-Descenso-y-Adrenalina-3.jpg\" class=\"attachment-full size-full\" alt=\"\" loading=\"lazy\" srcset=\"https:\/\/www.medellin.gov.co\/es\/wp-content\/uploads\/2026\/08\/Imagen-Festival-de-Descenso-y-Adrenalina-3.jpg 1206w, https:\/\/www.medellin.gov.co\/es\/wp-content\/uploads\/2026\/08\/Imagen-Festival-de-Descenso-y-Adrenalina-3-300x211.jpg 300w, https:\/\/www.medellin.gov.co\/es\/wp-content\/uploads\/2026\/08\/Imagen-Festival-de-Descenso-y-Adrenalina-3-1024x722.jpg 1024w, https:\/\/www.medellin.gov.co\/es\/wp-content\/uploads\/2026\/08\/Imagen-Festival-de-Descenso-y-Adrenalina-3-150x106.jpg 150w, https:\/\/www.medellin.gov.co\/es\/wp-content\/uploads\/2026\/08\/Imagen-Festival-de-Descenso-y-Adrenalina-3-768x541.jpg 768w\" sizes=\"(max-width: 1206px) 100vw, 1206px\" \/><\/a>\n\t\t\t<\/dt><\/dl><br style=\"clear: both\" \/>\n\t\t<\/div>\n\n<p>\u201cRegresamos con los eventos de Ciudad. Tuvimos nuestro Festival de Descenso de Adrenalina, el que no se realizaba hace seis a\u00f1os. Fue un \u00e9xito porque la comunidad particip\u00f3 activamente. La premiaci\u00f3n estuvo caracterizada no s\u00f3lo por el que llegara primero, sino porque cumpl\u00eda con los criterios de seguridad y creatividad. Fue una experiencia inolvidable\u201d, coment\u00f3 la subdirectora (e) Fomento Inder, Catalina Vel\u00e1squez.<\/p>\n<p>El festival tiene su origen en una iniciativa que surgi\u00f3 hace m\u00e1s de tres d\u00e9cadas en los barrios y corregimientos de Medell\u00edn. Posteriormente fue incorporada a la programaci\u00f3n oficial de la Feria de las Flores mediante un acuerdo municipal. En esta edici\u00f3n, el evento regres\u00f3 a la ciudad como resultado de una iniciativa de Planeaci\u00f3n Local y Presupuesto Participativo, votada por habitantes de la comuna 9-Buenos Aires y el corregimiento 90-Santa Elena.<\/p>\n<p><img loading=\"lazy\" class=\"alignnone wp-image-562842 size-full\" title=\"Festival de Descenso y Adrenalina\" src=\"https:\/\/www.medellin.gov.co\/es\/wp-content\/uploads\/2026\/08\/Imagen-Festival-de-Descenso-y-Adrenalina-2.jpg\" alt=\"Imagen Festival de Descenso y Adrenalina (2)\" width=\"1251\" height=\"850\" srcset=\"https:\/\/www.medellin.gov.co\/es\/wp-content\/uploads\/2026\/08\/Imagen-Festival-de-Descenso-y-Adrenalina-2.jpg 1251w, https:\/\/www.medellin.gov.co\/es\/wp-content\/uploads\/2026\/08\/Imagen-Festival-de-Descenso-y-Adrenalina-2-300x204.jpg 300w, https:\/\/www.medellin.gov.co\/es\/wp-content\/uploads\/2026\/08\/Imagen-Festival-de-Descenso-y-Adrenalina-2-1024x696.jpg 1024w, https:\/\/www.medellin.gov.co\/es\/wp-content\/uploads\/2026\/08\/Imagen-Festival-de-Descenso-y-Adrenalina-2-150x102.jpg 150w, https:\/\/www.medellin.gov.co\/es\/wp-content\/uploads\/2026\/08\/Imagen-Festival-de-Descenso-y-Adrenalina-2-768x522.jpg 768w\" sizes=\"(max-width: 1251px) 100vw, 1251px\" \/><\/p>\n<p>La jornada ampli\u00f3 la oferta alrededor de la competencia con actividades recreativas y culturales en el punto de llegada, en el Centro Comercial La Central. Adem\u00e1s, se implementaron medidas de seguridad para los participantes y para la conservaci\u00f3n de la v\u00eda, entre ellas nuevas especificaciones t\u00e9cnicas para los veh\u00edculos artesanales, que deb\u00edan utilizar ruedas de caucho o goma. En el Festival de Descenso y Adrenalina tambi\u00e9n participaron habitantes de Buenos Aires y Santa Elena, antes de extender las inscripciones a las dem\u00e1s comunas y corregimientos. Como parte de la jornada, se habilit\u00f3 un punto de donaci\u00f3n para apoyar a las personas afectadas por el terremoto.<\/p>\n<p><img loading=\"lazy\" class=\"alignnone wp-image-562838 size-full\" title=\"Festival de Descenso y Adrenalina\" src=\"https:\/\/www.medellin.gov.co\/es\/wp-content\/uploads\/2026\/08\/Imagen-Festival-de-Descenso-y-Adrenalina-5.jpg\" alt=\"Imagen Festival de Descenso y Adrenalina (5)\" width=\"1197\" height=\"850\" srcset=\"https:\/\/www.medellin.gov.co\/es\/wp-content\/uploads\/2026\/08\/Imagen-Festival-de-Descenso-y-Adrenalina-5.jpg 1197w, https:\/\/www.medellin.gov.co\/es\/wp-content\/uploads\/2026\/08\/Imagen-Festival-de-Descenso-y-Adrenalina-5-300x213.jpg 300w, https:\/\/www.medellin.gov.co\/es\/wp-content\/uploads\/2026\/08\/Imagen-Festival-de-Descenso-y-Adrenalina-5-1024x727.jpg 1024w, https:\/\/www.medellin.gov.co\/es\/wp-content\/uploads\/2026\/08\/Imagen-Festival-de-Descenso-y-Adrenalina-5-150x107.jpg 150w, https:\/\/www.medellin.gov.co\/es\/wp-content\/uploads\/2026\/08\/Imagen-Festival-de-Descenso-y-Adrenalina-5-768x545.jpg 768w\" sizes=\"(max-width: 1197px) 100vw, 1197px\" \/><\/p>\n<p>Con esta edici\u00f3n, la Administraci\u00f3n Distrital retom\u00f3 un evento propio de ciudad y abri\u00f3 una nueva etapa de la historia deportiva y recreativa de Medell\u00edn. La proyecci\u00f3n es fortalecer espacios institucionales y generar condiciones para participar en los encuentros tradicionales.<\/p>\n","protected":false},"excerpt":{"rendered":"<p>M\u00e1s de 800 deportistas participaron en las siete modalidades de descenso durante el recorrido de siete kil\u00f3metros. Esta, la evoluci\u00f3n del Festival de Carros de Rodillos, se retoma despu\u00e9s de seis a\u00f1os con una nueva &#8230;<\/p>\n","protected":false},"author":95,"featured_media":562833,"comment_status":"open","ping_status":"open","sticky":false,"template":"","format":"standard","meta":[],"categories":[747],"tags":[634],"formato_nota":[],"programas_tax":[],"acf":[],"_links":{"self":[{"href":"https:\/\/www.medellin.gov.co\/es\/wp-json\/wp\/v2\/posts\/562831"}],"collection":[{"href":"https:\/\/www.medellin.gov.co\/es\/wp-json\/wp\/v2\/posts"}],"about":[{"href":"https:\/\/www.medellin.gov.co\/es\/wp-json\/wp\/v2\/types\/post"}],"author":[{"embeddable":true,"href":"https:\/\/www.medellin.gov.co\/es\/wp-json\/wp\/v2\/users\/95"}],"replies":[{"embeddable":true,"href":"https:\/\/www.medellin.gov.co\/es\/wp-json\/wp\/v2\/comments?post=562831"}],"version-history":[{"count":1,"href":"https:\/\/www.medellin.gov.co\/es\/wp-json\/wp\/v2\/posts\/562831\/revisions"}],"predecessor-version":[{"id":562850,"href":"https:\/\/www.medellin.gov.co\/es\/wp-json\/wp\/v2\/posts\/562831\/revisions\/562850"}],"wp:featuredmedia":[{"embeddable":true,"href":"https:\/\/www.medellin.gov.co\/es\/wp-json\/wp\/v2\/media\/562833"}],"wp:attachment":[{"href":"https:\/\/www.medellin.gov.co\/es\/wp-json\/wp\/v2\/media?parent=562831"}],"wp:term":[{"taxonomy":"category","embeddable":true,"href":"https:\/\/www.medellin.gov.co\/es\/wp-json\/wp\/v2\/categories?post=562831"},{"taxonomy":"post_tag","embeddable":true,"href":"https:\/\/www.medellin.gov.co\/es\/wp-json\/wp\/v2\/tags?post=562831"},{"taxonomy":"formato_nota","embeddable":true,"href":"https:\/\/www.medellin.gov.co\/es\/wp-json\/wp\/v2\/formato_nota?post=562831"},{"taxonomy":"programas_tax","embeddable":true,"href":"https:\/\/www.medellin.gov.co\/es\/wp-json\/wp\/v2\/programas_tax?post=562831"}],"curies":[{"name":"wp","href":"https:\/\/api.w.org\/{rel}","templated":true}]}}