{"id":562852,"date":"2026-08-31T16:35:19","date_gmt":"2026-08-31T21:35:19","guid":{"rendered":"https:\/\/www.medellin.gov.co\/es\/?p=562852"},"modified":"2026-08-31T18:06:35","modified_gmt":"2026-08-31T23:06:35","slug":"federico-gutierrez-entrega-al-fbi-informacion-sobre-la-presunta-ruta-del-dinero-de-la-corrupcion-de-los-hermanitos-q-desde-medellin-hasta-miami","status":"publish","type":"post","link":"https:\/\/www.medellin.gov.co\/es\/sala-de-prensa\/noticias\/federico-gutierrez-entrega-al-fbi-informacion-sobre-la-presunta-ruta-del-dinero-de-la-corrupcion-de-los-hermanitos-q-desde-medellin-hasta-miami\/","title":{"rendered":"Federico Guti\u00e9rrez entrega al FBI informaci\u00f3n sobre la presunta ruta del dinero de la corrupci\u00f3n de los \u00abHermanitos Q\u00bb desde Medell\u00edn hasta Miami"},"content":{"rendered":"<ul>\n<li>En Colombia ya hay 55 personas imputadas por estos casos de corrupci\u00f3n, m\u00e1s de 13.000 pruebas documentales, al igual que capturas, extinciones de dominio y cuatro principios de oportunidad.<\/li>\n<li>Durante su visita a EE. UU., el alcalde tambi\u00e9n resalt\u00f3 el trabajo conjunto que ha permitido aumentar en un 1.100 % las capturas de extranjeros por explotaci\u00f3n sexual de ni\u00f1as, ni\u00f1os y adolescentes.<\/li>\n<li>Adem\u00e1s, reiter\u00f3 la necesidad de seguir luchando contra las estructuras criminales de Colombia, como el ELN, las Farc y el Clan del Golfo.<\/li>\n<\/ul>\n<!--[if lt IE 9]><script>document.createElement('audio');<\/script><![endif]-->\n\t<div class=\"wp-playlist wp-audio-playlist wp-playlist-light\">\n\t\t\t<div class=\"wp-playlist-current-item\"><\/div>\n\t\t<audio controls=\"controls\" preload=\"none\" width=\"640\"\n\t\t\t><\/audio>\n\t<div class=\"wp-playlist-next\"><\/div>\n\t<div class=\"wp-playlist-prev\"><\/div>\n\t<noscript>\n\t<ol>\n\t\t<li><a href='https:\/\/www.medellin.gov.co\/es\/wp-content\/uploads\/2026\/08\/Declaraciones-alcalde-de-Medellin-Federico-Gutierrez.mp3'>Declaraciones alcalde de Medell\u00edn, Federico Guti\u00e9rrez<\/a><\/li>\t<\/ol>\n\t<\/noscript>\n\t<script type=\"application\/json\" class=\"wp-playlist-script\">{\"type\":\"audio\",\"tracklist\":true,\"tracknumbers\":true,\"images\":true,\"artists\":true,\"tracks\":[{\"src\":\"https:\\\/\\\/www.medellin.gov.co\\\/es\\\/wp-content\\\/uploads\\\/2026\\\/08\\\/Declaraciones-alcalde-de-Medellin-Federico-Gutierrez.mp3\",\"type\":\"audio\\\/mpeg\",\"title\":\"Declaraciones alcalde de Medell\\u00edn, Federico Guti\\u00e9rrez\",\"caption\":\"\",\"description\":\"\\u00abDeclaraciones alcalde de Medell\\u00edn, Federico Guti\\u00e9rrez\\u00bb. G\\u00e9nero: Blues.\",\"meta\":{\"genre\":\"Blues\",\"length_formatted\":\"4:45\"},\"image\":{\"src\":\"https:\\\/\\\/www.medellin.gov.co\\\/es\\\/wp-includes\\\/images\\\/media\\\/audio.png\",\"width\":48,\"height\":64},\"thumb\":{\"src\":\"https:\\\/\\\/www.medellin.gov.co\\\/es\\\/wp-includes\\\/images\\\/media\\\/audio.png\",\"width\":48,\"height\":64}}]}<\/script>\n<\/div>\n\t\n<p>El alcalde Federico Guti\u00e9rrez Zuluaga culmin\u00f3 la reuni\u00f3n con el FBI, en Miami, Florida, donde entreg\u00f3 informaci\u00f3n relevante sobre las investigaciones relacionadas con presunta corrupci\u00f3n e irregularidades en el manejo de los recursos p\u00fablicos durante la anterior administraci\u00f3n de <a href=\"https:\/\/www.instagram.com\/alcaldiademed\/\" target=\"_blank\" rel=\"noopener\">Medell\u00edn<\/a>.<\/p>\n<p>Los documentos radicados por el mandatario local en la agencia estadounidense incluyen nombres de personas, empresas y direcciones de presuntos testaferros utilizados para desviar dineros hacia el exterior, recursos que habr\u00edan sido lavados tras el robo a la ciudad entre 2020 y 2023. Tal como lo anunci\u00f3 en d\u00edas pasados al emprender su visita a Estados Unidos, la intenci\u00f3n del alcalde es que justicia de ese pa\u00eds investigue estos hechos.<\/p>\n<p>\u201c\u00bfC\u00f3mo habr\u00edan sacado la plata? Desde Medell\u00edn hasta Panam\u00e1 y luego desde Panam\u00e1 hasta Estados Unidos, particularmente hasta Miami. Hay personas que viven ac\u00e1 en Miami como unos reyes, producto del robo que le hicieron a Medell\u00edn. Ya no solo tendr\u00e1n que responder ante la justicia colombiana, sino tambi\u00e9n ante las autoridades de los Estados Unidos. No importa si entraron un d\u00f3lar o un mill\u00f3n de d\u00f3lares. No importa el monto: eso se llama lavado de activos y es un delito penalizado con c\u00e1rcel\u201d, indic\u00f3 Guti\u00e9rrez Zuluaga.<\/p>\n<p>Parte de las pruebas que entreg\u00f3 el alcalde al FBI incluye datos sobre 13.000 pruebas documentales, cuatro principios de oportunidad por estos hechos y las imputaciones contra 55 exfuncionarios de la anterior administraci\u00f3n de Medell\u00edn sobre quienes podr\u00edan caer medidas de solicitud de extradici\u00f3n. Este lunes 31 de agosto, est\u00e1 programada la audiencia de imputaci\u00f3n de cargos contra Miguel Quintero, hermano del exalcalde Daniel Quintero, por presuntos hechos relacionados con corrupci\u00f3n.\u00a0 Asimismo, el alcalde reiter\u00f3 su compromiso con la lucha contra la explotaci\u00f3n sexual comercial de ni\u00f1as, ni\u00f1os y adolescentes, y resalt\u00f3 el trabajo conjunto con las autoridades de Estados Unidos para proteger a la ni\u00f1ez. Antes de llegar a Miami, Guti\u00e9rrez Zuluaga estuvo en Phoenix, Arizona, donde sostuvo encuentros con representantes de Homeland Security Investigations (HSI), una de las agencias con las que se mantiene una fuerte cooperaci\u00f3n para este fin. Entre los resultados del trabajo articulado, el alcalde resalt\u00f3 un aumento del 1.100 % en las capturas de extranjeros relacionados con abuso y explotaci\u00f3n sexual de menores de edad en Medell\u00edn, que se suman a dos cadenas perpetuas en Estados Unidos contra responsables de estos hechos.<\/p>\n<p><img loading=\"lazy\" class=\"alignnone wp-image-562853 size-full\" title=\"Alcalde Federico Guti\u00e9rrez\" src=\"https:\/\/www.medellin.gov.co\/es\/wp-content\/uploads\/2026\/08\/Imagen-alcalde-Federico-Gutierrez.jpg\" alt=\"Imagen alcalde Federico Guti\u00e9rrez\" width=\"1133\" height=\"850\" srcset=\"https:\/\/www.medellin.gov.co\/es\/wp-content\/uploads\/2026\/08\/Imagen-alcalde-Federico-Gutierrez.jpg 1133w, https:\/\/www.medellin.gov.co\/es\/wp-content\/uploads\/2026\/08\/Imagen-alcalde-Federico-Gutierrez-300x225.jpg 300w, https:\/\/www.medellin.gov.co\/es\/wp-content\/uploads\/2026\/08\/Imagen-alcalde-Federico-Gutierrez-1024x768.jpg 1024w, https:\/\/www.medellin.gov.co\/es\/wp-content\/uploads\/2026\/08\/Imagen-alcalde-Federico-Gutierrez-150x113.jpg 150w, https:\/\/www.medellin.gov.co\/es\/wp-content\/uploads\/2026\/08\/Imagen-alcalde-Federico-Gutierrez-768x576.jpg 768w\" sizes=\"(max-width: 1133px) 100vw, 1133px\" \/><\/p>\n<p>Phoenix cuenta con uno de los centros m\u00e1s sofisticados del mundo en la investigaci\u00f3n de delitos cibern\u00e9ticos contra ni\u00f1as, ni\u00f1os y adolescentes. All\u00ed se ha establecido la identidad de varias personas se\u00f1aladas de pertenecer a redes de trata de personas y que est\u00e1n relacionadas con delitos sexuales a menores de edad en la capital antioque\u00f1a y otras zonas de Colombia.\u00a0 \u201cA m\u00ed no me sirve hablar simplemente de una reducci\u00f3n del 20, 30, 40 o 50 %. A la sociedad colombiana y al mundo lo \u00fanico que le servir\u00eda es que este delito se erradique de una vez por todas. Ya hemos logrado resultados en Estados Unidos, no solo de capturas, sino tambi\u00e9n de condenas a cadena perpetua\u201d, dijo el mandatario local.<\/p>\n<p>Adicionalmente, en las oficinas del FBI, el mandatario local tambi\u00e9n se refiri\u00f3 a la lucha contra el terrorismo en Colombia y a c\u00f3mo la pol\u00edtica de paz total del Gobierno Nacional anterior otorg\u00f3 garant\u00edas y beneficios a grupos armados organizados como las disidencias de las Farc, el ELN y el Clan del Golfo, entre otras estructuras criminales, incluidas aquellas que atentan contra la tranquilidad y la seguridad de Medell\u00edn.<\/p>\n<p>\u201cEn Colombia no hay guerrilla, hay estructuras criminales dedicadas al terrorismo, al narcotr\u00e1fico, al oro ilegal, a acabar con el medio ambiente, a secuestrar a la extorsi\u00f3n. No le sigan metiendo ideolog\u00eda a esto, simplemente hay que combatirlos, son los que se dedican todos los d\u00edas a intoxicar a nuestros ni\u00f1os y j\u00f3venes con drogas, son bandidos puros y duros, hay que combatirlos y la colaboraci\u00f3n del gobierno de los Estados Unidos con Colombia es fundamental\u201d, agreg\u00f3 Guti\u00e9rrez.<\/p>\n<p>La agenda que cumpli\u00f3 el alcalde en el pa\u00eds norteamericano forma parte de las acciones de cooperaci\u00f3n internacional que se han fortalecido en esta administraci\u00f3n, en especial con agencias de seguridad y justicia, lo que ha dejado importantes avances en los resultados contra el crimen organizado transnacional. La reuni\u00f3n en el FBI fue el \u00faltimo encuentro del mandatario local en su visita a los Estados Unidos antes de regresar hacia Medell\u00edn.<\/p>\n","protected":false},"excerpt":{"rendered":"<p>En Colombia ya hay 55 personas imputadas por estos casos de corrupci\u00f3n, m\u00e1s de 13.000 pruebas documentales, al igual que capturas, extinciones de dominio y cuatro principios de oportunidad. Durante su visita a EE. UU., &#8230;<\/p>\n","protected":false},"author":95,"featured_media":562853,"comment_status":"open","ping_status":"open","sticky":false,"template":"","format":"standard","meta":[],"categories":[1],"tags":[455],"formato_nota":[],"programas_tax":[],"acf":[],"_links":{"self":[{"href":"https:\/\/www.medellin.gov.co\/es\/wp-json\/wp\/v2\/posts\/562852"}],"collection":[{"href":"https:\/\/www.medellin.gov.co\/es\/wp-json\/wp\/v2\/posts"}],"about":[{"href":"https:\/\/www.medellin.gov.co\/es\/wp-json\/wp\/v2\/types\/post"}],"author":[{"embeddable":true,"href":"https:\/\/www.medellin.gov.co\/es\/wp-json\/wp\/v2\/users\/95"}],"replies":[{"embeddable":true,"href":"https:\/\/www.medellin.gov.co\/es\/wp-json\/wp\/v2\/comments?post=562852"}],"version-history":[{"count":1,"href":"https:\/\/www.medellin.gov.co\/es\/wp-json\/wp\/v2\/posts\/562852\/revisions"}],"predecessor-version":[{"id":562855,"href":"https:\/\/www.medellin.gov.co\/es\/wp-json\/wp\/v2\/posts\/562852\/revisions\/562855"}],"wp:featuredmedia":[{"embeddable":true,"href":"https:\/\/www.medellin.gov.co\/es\/wp-json\/wp\/v2\/media\/562853"}],"wp:attachment":[{"href":"https:\/\/www.medellin.gov.co\/es\/wp-json\/wp\/v2\/media?parent=562852"}],"wp:term":[{"taxonomy":"category","embeddable":true,"href":"https:\/\/www.medellin.gov.co\/es\/wp-json\/wp\/v2\/categories?post=562852"},{"taxonomy":"post_tag","embeddable":true,"href":"https:\/\/www.medellin.gov.co\/es\/wp-json\/wp\/v2\/tags?post=562852"},{"taxonomy":"formato_nota","embeddable":true,"href":"https:\/\/www.medellin.gov.co\/es\/wp-json\/wp\/v2\/formato_nota?post=562852"},{"taxonomy":"programas_tax","embeddable":true,"href":"https:\/\/www.medellin.gov.co\/es\/wp-json\/wp\/v2\/programas_tax?post=562852"}],"curies":[{"name":"wp","href":"https:\/\/api.w.org\/{rel}","templated":true}]}}