{"id":562863,"date":"2026-08-31T17:03:54","date_gmt":"2026-08-31T22:03:54","guid":{"rendered":"https:\/\/www.medellin.gov.co\/es\/?p=562863"},"modified":"2026-08-31T18:19:24","modified_gmt":"2026-08-31T23:19:24","slug":"nuevamente-medellin-y-su-area-metropolitana-se-posicionan-como-la-region-con-menos-desocupacion-de-colombia","status":"publish","type":"post","link":"https:\/\/www.medellin.gov.co\/es\/sala-de-prensa\/noticias\/nuevamente-medellin-y-su-area-metropolitana-se-posicionan-como-la-region-con-menos-desocupacion-de-colombia\/","title":{"rendered":"Nuevamente Medell\u00edn y su \u00e1rea metropolitana se posicionan como la regi\u00f3n con menos desocupaci\u00f3n de Colombia"},"content":{"rendered":"<ul>\n<li>Seg\u00fan el m\u00e1s reciente reporte del DANE para el trimestre mayo\u2013julio de 2026, Medell\u00edn y su \u00e1rea metropolitana lidera el panorama nacional de ocupaci\u00f3n.<\/li>\n<li>Administraci\u00f3n p\u00fablica, alojamiento y servicios de comida y construcci\u00f3n fueron los sectores que m\u00e1s dinamizaron el empleo en la regi\u00f3n.<\/li>\n<\/ul>\n<!--[if lt IE 9]><script>document.createElement('audio');<\/script><![endif]-->\n\t<div class=\"wp-playlist wp-audio-playlist wp-playlist-light\">\n\t\t\t<div class=\"wp-playlist-current-item\"><\/div>\n\t\t<audio controls=\"controls\" preload=\"none\" width=\"640\"\n\t\t\t><\/audio>\n\t<div class=\"wp-playlist-next\"><\/div>\n\t<div class=\"wp-playlist-prev\"><\/div>\n\t<noscript>\n\t<ol>\n\t\t<li><a href='https:\/\/www.medellin.gov.co\/es\/wp-content\/uploads\/2026\/08\/Declaraciones-secretaria-de-Desarrollo-Economico-Maria-Fernanda-Galeano-Rojo-2.mp3'>Declaraciones secretaria de Desarrollo Econ\u00f3mico, Maria Fernanda Galeano Rojo<\/a><\/li>\t<\/ol>\n\t<\/noscript>\n\t<script type=\"application\/json\" class=\"wp-playlist-script\">{\"type\":\"audio\",\"tracklist\":true,\"tracknumbers\":true,\"images\":true,\"artists\":true,\"tracks\":[{\"src\":\"https:\\\/\\\/www.medellin.gov.co\\\/es\\\/wp-content\\\/uploads\\\/2026\\\/08\\\/Declaraciones-secretaria-de-Desarrollo-Economico-Maria-Fernanda-Galeano-Rojo-2.mp3\",\"type\":\"audio\\\/mpeg\",\"title\":\"Declaraciones secretaria de Desarrollo Econ\\u00f3mico, Maria Fernanda Galeano Rojo\",\"caption\":\"\",\"description\":\"\\u00abDeclaraciones secretaria de Desarrollo Econ\\u00f3mico, Maria Fernanda Galeano Rojo\\u00bb. G\\u00e9nero: Blues.\",\"meta\":{\"genre\":\"Blues\",\"length_formatted\":\"0:40\"},\"image\":{\"src\":\"https:\\\/\\\/www.medellin.gov.co\\\/es\\\/wp-includes\\\/images\\\/media\\\/audio.png\",\"width\":48,\"height\":64},\"thumb\":{\"src\":\"https:\\\/\\\/www.medellin.gov.co\\\/es\\\/wp-includes\\\/images\\\/media\\\/audio.png\",\"width\":48,\"height\":64}}]}<\/script>\n<\/div>\n\t\n<p>El mercado laboral de <a href=\"https:\/\/www.instagram.com\/alcaldiademed\/\" target=\"_blank\" rel=\"noopener\">Medell\u00edn<\/a> y su \u00e1rea metropolitana reafirma un comportamiento de liderazgo a nivel nacional. De acuerdo con las cifras publicadas por el Departamento Administrativo Nacional de Estad\u00edstica (DANE) para el trimestre m\u00f3vil mayo\u2013julio de 2026, la regi\u00f3n se posicion\u00f3 en el primer lugar con la menor tasa de desocupaci\u00f3n entre las 23 ciudades y \u00e1reas metropolitanas de Colombia.<\/p>\n<p><img loading=\"lazy\" class=\"alignnone wp-image-562870 size-full\" title=\"Medell\u00edn y su \u00e1rea metropolitana se posicionan como la regi\u00f3n con menos desocupaci\u00f3n de Colombia\" src=\"https:\/\/www.medellin.gov.co\/es\/wp-content\/uploads\/2026\/08\/Imagen-Medellin-y-su-area-metropolitana-se-posicionan-como-la-region-con-menos-desocupacion-de-Colombia-2.jpg\" alt=\"Imagen Medell\u00edn y su \u00e1rea metropolitana se posicionan como la regi\u00f3n con menos desocupaci\u00f3n de Colombia (2)\" width=\"1276\" height=\"850\" srcset=\"https:\/\/www.medellin.gov.co\/es\/wp-content\/uploads\/2026\/08\/Imagen-Medellin-y-su-area-metropolitana-se-posicionan-como-la-region-con-menos-desocupacion-de-Colombia-2.jpg 1276w, https:\/\/www.medellin.gov.co\/es\/wp-content\/uploads\/2026\/08\/Imagen-Medellin-y-su-area-metropolitana-se-posicionan-como-la-region-con-menos-desocupacion-de-Colombia-2-300x200.jpg 300w, https:\/\/www.medellin.gov.co\/es\/wp-content\/uploads\/2026\/08\/Imagen-Medellin-y-su-area-metropolitana-se-posicionan-como-la-region-con-menos-desocupacion-de-Colombia-2-1024x682.jpg 1024w, https:\/\/www.medellin.gov.co\/es\/wp-content\/uploads\/2026\/08\/Imagen-Medellin-y-su-area-metropolitana-se-posicionan-como-la-region-con-menos-desocupacion-de-Colombia-2-150x100.jpg 150w, https:\/\/www.medellin.gov.co\/es\/wp-content\/uploads\/2026\/08\/Imagen-Medellin-y-su-area-metropolitana-se-posicionan-como-la-region-con-menos-desocupacion-de-Colombia-2-768x512.jpg 768w\" sizes=\"(max-width: 1276px) 100vw, 1276px\" \/><\/p>\n<p>El Valle de Aburr\u00e1 registr\u00f3 una tasa de desocupaci\u00f3n del 7,0 %, lo que representa una disminuci\u00f3n de 0,4 puntos porcentuales frente al mismo periodo del a\u00f1o anterior, cuando se ubic\u00f3 en el 7,3 %. Con este resultado, Medell\u00edn y su \u00e1rea metropolitana se posicionan por la eficiencia en la reducci\u00f3n de la desocupaci\u00f3n en todo el pa\u00eds, seguida por Bucaramanga y Pereira. Por su parte, para Medell\u00edn como ciudad, la tasa de desocupaci\u00f3n cay\u00f3 del 7,9 % al 7,4 %, una reducci\u00f3n de 0,5 puntos porcentuales.<\/p>\n<p>Esta cifra ubica a la capital antioque\u00f1a con la tercera menor tasa de desocupaci\u00f3n entre las ocho ciudades principales del pa\u00eds. En cuanto al panorama nacional el pa\u00eds pas\u00f3 de 8,8 % a 8,1 %.\u00a0 \u00abRecibimos con enorme orgullo el \u00faltimo reporte del DANE en el que Medell\u00edn y su \u00e1rea metropolitana ocupan el primer lugar nacional con la menor tasa de desocupaci\u00f3n, alcanzando 7 %. Este logro no es una casualidad; es el resultado de la confianza del sector empresarial, el acompa\u00f1amiento a nuestro talento y de una articulaci\u00f3n decidida con el sector privado y las universidades.<\/p>\n<p><img loading=\"lazy\" class=\"alignnone wp-image-562867 size-full\" title=\"Medell\u00edn y su \u00e1rea metropolitana se posicionan como la regi\u00f3n con menos desocupaci\u00f3n de Colombia\" src=\"https:\/\/www.medellin.gov.co\/es\/wp-content\/uploads\/2026\/08\/Imagen-Medellin-y-su-area-metropolitana-se-posicionan-como-la-region-con-menos-desocupacion-de-Colombia-1.jpg\" alt=\"Imagen Medell\u00edn y su \u00e1rea metropolitana se posicionan como la regi\u00f3n con menos desocupaci\u00f3n de Colombia (1)\" width=\"1276\" height=\"850\" srcset=\"https:\/\/www.medellin.gov.co\/es\/wp-content\/uploads\/2026\/08\/Imagen-Medellin-y-su-area-metropolitana-se-posicionan-como-la-region-con-menos-desocupacion-de-Colombia-1.jpg 1276w, https:\/\/www.medellin.gov.co\/es\/wp-content\/uploads\/2026\/08\/Imagen-Medellin-y-su-area-metropolitana-se-posicionan-como-la-region-con-menos-desocupacion-de-Colombia-1-300x200.jpg 300w, https:\/\/www.medellin.gov.co\/es\/wp-content\/uploads\/2026\/08\/Imagen-Medellin-y-su-area-metropolitana-se-posicionan-como-la-region-con-menos-desocupacion-de-Colombia-1-1024x682.jpg 1024w, https:\/\/www.medellin.gov.co\/es\/wp-content\/uploads\/2026\/08\/Imagen-Medellin-y-su-area-metropolitana-se-posicionan-como-la-region-con-menos-desocupacion-de-Colombia-1-150x100.jpg 150w, https:\/\/www.medellin.gov.co\/es\/wp-content\/uploads\/2026\/08\/Imagen-Medellin-y-su-area-metropolitana-se-posicionan-como-la-region-con-menos-desocupacion-de-Colombia-1-768x512.jpg 768w\" sizes=\"(max-width: 1276px) 100vw, 1276px\" \/><\/p>\n<p>M\u00e1s de 68.000 personas se sumaron a la fuerza laboral en el \u00faltimo a\u00f1o, liderados por sectores clave como la construcci\u00f3n, el alojamiento y la administraci\u00f3n p\u00fablica y defensa, educaci\u00f3n y salud humana\u201d, dijo la secretaria de Desarrollo Econ\u00f3mico, Maria Fernanda Galeano Rojo.\u00a0 En Medell\u00edn y su \u00e1rea metropolitana se tienen 2.237.546 personas ocupadas, lo que significa que 68.353 personas m\u00e1s encontraron empleo en comparaci\u00f3n con el mismo trimestre de 2025.<\/p>\n<p>Este crecimiento econ\u00f3mico estuvo impulsado principalmente por tres sectores clave que dinamizaron la contrataci\u00f3n en la regi\u00f3n: con 23.791 nuevos ocupados, alojamiento y servicios de comida con 22.978 nuevos ocupados y construcci\u00f3n con 22.803.<\/p>\n<p><img loading=\"lazy\" class=\"alignnone wp-image-562866 size-full\" title=\"Medell\u00edn y su \u00e1rea metropolitana se posicionan como la regi\u00f3n con menos desocupaci\u00f3n de Colombia\" src=\"https:\/\/www.medellin.gov.co\/es\/wp-content\/uploads\/2026\/08\/Imagen-Medellin-y-su-area-metropolitana-se-posicionan-como-la-region-con-menos-desocupacion-de-Colombia-3.jpg\" alt=\"Imagen Medell\u00edn y su \u00e1rea metropolitana se posicionan como la regi\u00f3n con menos desocupaci\u00f3n de Colombia (3)\" width=\"1276\" height=\"850\" srcset=\"https:\/\/www.medellin.gov.co\/es\/wp-content\/uploads\/2026\/08\/Imagen-Medellin-y-su-area-metropolitana-se-posicionan-como-la-region-con-menos-desocupacion-de-Colombia-3.jpg 1276w, https:\/\/www.medellin.gov.co\/es\/wp-content\/uploads\/2026\/08\/Imagen-Medellin-y-su-area-metropolitana-se-posicionan-como-la-region-con-menos-desocupacion-de-Colombia-3-300x200.jpg 300w, https:\/\/www.medellin.gov.co\/es\/wp-content\/uploads\/2026\/08\/Imagen-Medellin-y-su-area-metropolitana-se-posicionan-como-la-region-con-menos-desocupacion-de-Colombia-3-1024x682.jpg 1024w, https:\/\/www.medellin.gov.co\/es\/wp-content\/uploads\/2026\/08\/Imagen-Medellin-y-su-area-metropolitana-se-posicionan-como-la-region-con-menos-desocupacion-de-Colombia-3-150x100.jpg 150w, https:\/\/www.medellin.gov.co\/es\/wp-content\/uploads\/2026\/08\/Imagen-Medellin-y-su-area-metropolitana-se-posicionan-como-la-region-con-menos-desocupacion-de-Colombia-3-768x512.jpg 768w\" sizes=\"(max-width: 1276px) 100vw, 1276px\" \/><\/p>\n<p>Estos resultados confirman la solidez de la econom\u00eda local, la confianza del sector empresarial y la efectividad de las sinergias p\u00fablico-privadas para mantener a Medell\u00edn y su \u00e1rea metropolitana como el motor de empleo m\u00e1s fuerte de Colombia.<\/p>\n","protected":false},"excerpt":{"rendered":"<p>Seg\u00fan el m\u00e1s reciente reporte del DANE para el trimestre mayo\u2013julio de 2026, Medell\u00edn y su \u00e1rea metropolitana lidera el panorama nacional de ocupaci\u00f3n. Administraci\u00f3n p\u00fablica, alojamiento y servicios de comida y construcci\u00f3n fueron los &#8230;<\/p>\n","protected":false},"author":95,"featured_media":562864,"comment_status":"open","ping_status":"open","sticky":false,"template":"","format":"standard","meta":[],"categories":[3],"tags":[455],"formato_nota":[],"programas_tax":[],"acf":[],"_links":{"self":[{"href":"https:\/\/www.medellin.gov.co\/es\/wp-json\/wp\/v2\/posts\/562863"}],"collection":[{"href":"https:\/\/www.medellin.gov.co\/es\/wp-json\/wp\/v2\/posts"}],"about":[{"href":"https:\/\/www.medellin.gov.co\/es\/wp-json\/wp\/v2\/types\/post"}],"author":[{"embeddable":true,"href":"https:\/\/www.medellin.gov.co\/es\/wp-json\/wp\/v2\/users\/95"}],"replies":[{"embeddable":true,"href":"https:\/\/www.medellin.gov.co\/es\/wp-json\/wp\/v2\/comments?post=562863"}],"version-history":[{"count":1,"href":"https:\/\/www.medellin.gov.co\/es\/wp-json\/wp\/v2\/posts\/562863\/revisions"}],"predecessor-version":[{"id":562874,"href":"https:\/\/www.medellin.gov.co\/es\/wp-json\/wp\/v2\/posts\/562863\/revisions\/562874"}],"wp:featuredmedia":[{"embeddable":true,"href":"https:\/\/www.medellin.gov.co\/es\/wp-json\/wp\/v2\/media\/562864"}],"wp:attachment":[{"href":"https:\/\/www.medellin.gov.co\/es\/wp-json\/wp\/v2\/media?parent=562863"}],"wp:term":[{"taxonomy":"category","embeddable":true,"href":"https:\/\/www.medellin.gov.co\/es\/wp-json\/wp\/v2\/categories?post=562863"},{"taxonomy":"post_tag","embeddable":true,"href":"https:\/\/www.medellin.gov.co\/es\/wp-json\/wp\/v2\/tags?post=562863"},{"taxonomy":"formato_nota","embeddable":true,"href":"https:\/\/www.medellin.gov.co\/es\/wp-json\/wp\/v2\/formato_nota?post=562863"},{"taxonomy":"programas_tax","embeddable":true,"href":"https:\/\/www.medellin.gov.co\/es\/wp-json\/wp\/v2\/programas_tax?post=562863"}],"curies":[{"name":"wp","href":"https:\/\/api.w.org\/{rel}","templated":true}]}}