{"id":562873,"date":"2026-08-31T17:19:27","date_gmt":"2026-08-31T22:19:27","guid":{"rendered":"https:\/\/www.medellin.gov.co\/es\/?p=562873"},"modified":"2026-08-31T18:26:24","modified_gmt":"2026-08-31T23:26:24","slug":"el-museo-casa-de-la-memoria-de-medellin-renovo-una-de-sus-experiencias-para-honrar-a-las-victimas-de-desaparicion-forzada","status":"publish","type":"post","link":"https:\/\/www.medellin.gov.co\/es\/sala-de-prensa\/noticias\/el-museo-casa-de-la-memoria-de-medellin-renovo-una-de-sus-experiencias-para-honrar-a-las-victimas-de-desaparicion-forzada\/","title":{"rendered":"El Museo Casa de la Memoria de Medell\u00edn renov\u00f3 una de sus experiencias para honrar a las v\u00edctimas de desaparici\u00f3n forzada"},"content":{"rendered":"<p>La Alcald\u00eda de Medell\u00edn, a trav\u00e9s del <a href=\"https:\/\/www.museocasadelamemoria.gov.co\/\" target=\"_blank\" rel=\"noopener\">Museo Casa de la Memoria<\/a>, reafirma su compromiso con las v\u00edctimas del conflicto y las violencias de la ciudad.<\/p>\n<!--[if lt IE 9]><script>document.createElement('audio');<\/script><![endif]-->\n\t<div class=\"wp-playlist wp-audio-playlist wp-playlist-light\">\n\t\t\t<div class=\"wp-playlist-current-item\"><\/div>\n\t\t<audio controls=\"controls\" preload=\"none\" width=\"640\"\n\t\t\t><\/audio>\n\t<div class=\"wp-playlist-next\"><\/div>\n\t<div class=\"wp-playlist-prev\"><\/div>\n\t<noscript>\n\t<ol>\n\t\t<li><a href='https:\/\/www.medellin.gov.co\/es\/wp-content\/uploads\/2026\/08\/Declaraciones-director-del-Museo-Casa-de-la-Memoria-Luis-Eduardo-Vieco-Maya.mp3'>Declaraciones director del Museo Casa de la Memoria, Luis Eduardo Vieco Maya<\/a><\/li>\t<\/ol>\n\t<\/noscript>\n\t<script type=\"application\/json\" class=\"wp-playlist-script\">{\"type\":\"audio\",\"tracklist\":true,\"tracknumbers\":true,\"images\":true,\"artists\":true,\"tracks\":[{\"src\":\"https:\\\/\\\/www.medellin.gov.co\\\/es\\\/wp-content\\\/uploads\\\/2026\\\/08\\\/Declaraciones-director-del-Museo-Casa-de-la-Memoria-Luis-Eduardo-Vieco-Maya.mp3\",\"type\":\"audio\\\/mpeg\",\"title\":\"Declaraciones director del Museo Casa de la Memoria, Luis Eduardo Vieco Maya\",\"caption\":\"\",\"description\":\"\\u00abDeclaraciones director del Museo Casa de la Memoria, Luis Eduardo Vieco Maya\\u00bb. G\\u00e9nero: Blues.\",\"meta\":{\"genre\":\"Blues\",\"length_formatted\":\"0:50\"},\"image\":{\"src\":\"https:\\\/\\\/www.medellin.gov.co\\\/es\\\/wp-includes\\\/images\\\/media\\\/audio.png\",\"width\":48,\"height\":64},\"thumb\":{\"src\":\"https:\\\/\\\/www.medellin.gov.co\\\/es\\\/wp-includes\\\/images\\\/media\\\/audio.png\",\"width\":48,\"height\":64}}]}<\/script>\n<\/div>\n\t\n<p>En el marco de la conmemoraci\u00f3n del D\u00eda Internacional de las V\u00edctimas de Desapariciones Forzadas, el museo renov\u00f3 una de sus experiencias mediante la instalaci\u00f3n de 60 pantallas y la actualizaci\u00f3n de su plataforma tecnol\u00f3gica, con recursos por m\u00e1s de $70 millones.<\/p>\n<p><img loading=\"lazy\" class=\"alignnone wp-image-562877 size-full\" title=\"Museo Casa de la Memoria honra a v\u00edctimas de desaparici\u00f3n forzada\" src=\"https:\/\/www.medellin.gov.co\/es\/wp-content\/uploads\/2026\/08\/Imagen-Museo-Casa-de-la-Memoria-honra-a-victimas-de-desaparicion-forzada-4.jpg\" alt=\"Imagen Museo Casa de la Memoria honra a v\u00edctimas de desaparici\u00f3n forzada (4)\" width=\"1280\" height=\"832\" srcset=\"https:\/\/www.medellin.gov.co\/es\/wp-content\/uploads\/2026\/08\/Imagen-Museo-Casa-de-la-Memoria-honra-a-victimas-de-desaparicion-forzada-4.jpg 1280w, https:\/\/www.medellin.gov.co\/es\/wp-content\/uploads\/2026\/08\/Imagen-Museo-Casa-de-la-Memoria-honra-a-victimas-de-desaparicion-forzada-4-300x195.jpg 300w, https:\/\/www.medellin.gov.co\/es\/wp-content\/uploads\/2026\/08\/Imagen-Museo-Casa-de-la-Memoria-honra-a-victimas-de-desaparicion-forzada-4-1024x666.jpg 1024w, https:\/\/www.medellin.gov.co\/es\/wp-content\/uploads\/2026\/08\/Imagen-Museo-Casa-de-la-Memoria-honra-a-victimas-de-desaparicion-forzada-4-150x98.jpg 150w, https:\/\/www.medellin.gov.co\/es\/wp-content\/uploads\/2026\/08\/Imagen-Museo-Casa-de-la-Memoria-honra-a-victimas-de-desaparicion-forzada-4-768x499.jpg 768w\" sizes=\"(max-width: 1280px) 100vw, 1280px\" \/><\/p>\n<p>Esta intervenci\u00f3n garantiza la continuidad de un espacio que, durante m\u00e1s de 13 a\u00f1os, ha preservado la memoria de las v\u00edctimas de desaparici\u00f3n forzada a trav\u00e9s de los rostros, las historias y los v\u00ednculos que all\u00ed se evocan. La experiencia, llamada Recinto de la Memoria, re\u00fane fotograf\u00edas familiares de personas desaparecidas, que muestran momentos cotidianos como reuniones, celebraciones, paseos, actividades comunitarias o actos religiosos.<\/p>\n<p>A trav\u00e9s de estos retratos, el espacio busca recordar a quienes fueron desaparecidos desde su dimensi\u00f3n humana y familiar, resaltar las vidas, afectos y proyectos que fueron interrumpidos por este crimen.<\/p>\n\n\t\t<style type=\"text\/css\">\n\t\t\t#gallery-1 {\n\t\t\t\tmargin: auto;\n\t\t\t}\n\t\t\t#gallery-1 .gallery-item {\n\t\t\t\tfloat: left;\n\t\t\t\tmargin-top: 10px;\n\t\t\t\ttext-align: center;\n\t\t\t\twidth: 50%;\n\t\t\t}\n\t\t\t#gallery-1 img {\n\t\t\t\tborder: 2px solid #cfcfcf;\n\t\t\t}\n\t\t\t#gallery-1 .gallery-caption {\n\t\t\t\tmargin-left: 0;\n\t\t\t}\n\t\t\t\/* see gallery_shortcode() in wp-includes\/media.php *\/\n\t\t<\/style>\n\t\t<div id='gallery-1' class='gallery galleryid-562873 gallery-columns-2 gallery-size-full'><dl class='gallery-item'>\n\t\t\t<dt class='gallery-icon landscape'>\n\t\t\t\t<a href='https:\/\/www.medellin.gov.co\/es\/sala-de-prensa\/noticias\/el-museo-casa-de-la-memoria-de-medellin-renovo-una-de-sus-experiencias-para-honrar-a-las-victimas-de-desaparicion-forzada\/imagen-museo-casa-de-la-memoria-honra-a-victimas-de-desaparicion-forzada-1\/'><img width=\"1275\" height=\"850\" src=\"https:\/\/www.medellin.gov.co\/es\/wp-content\/uploads\/2026\/08\/Imagen-Museo-Casa-de-la-Memoria-honra-a-victimas-de-desaparicion-forzada-1.jpg\" class=\"attachment-full size-full\" alt=\"Imagen Museo Casa de la Memoria honra a v\u00edctimas de desaparici\u00f3n forzada (3)\" loading=\"lazy\" srcset=\"https:\/\/www.medellin.gov.co\/es\/wp-content\/uploads\/2026\/08\/Imagen-Museo-Casa-de-la-Memoria-honra-a-victimas-de-desaparicion-forzada-1.jpg 1275w, https:\/\/www.medellin.gov.co\/es\/wp-content\/uploads\/2026\/08\/Imagen-Museo-Casa-de-la-Memoria-honra-a-victimas-de-desaparicion-forzada-1-300x200.jpg 300w, https:\/\/www.medellin.gov.co\/es\/wp-content\/uploads\/2026\/08\/Imagen-Museo-Casa-de-la-Memoria-honra-a-victimas-de-desaparicion-forzada-1-1024x683.jpg 1024w, https:\/\/www.medellin.gov.co\/es\/wp-content\/uploads\/2026\/08\/Imagen-Museo-Casa-de-la-Memoria-honra-a-victimas-de-desaparicion-forzada-1-150x100.jpg 150w, https:\/\/www.medellin.gov.co\/es\/wp-content\/uploads\/2026\/08\/Imagen-Museo-Casa-de-la-Memoria-honra-a-victimas-de-desaparicion-forzada-1-768x512.jpg 768w\" sizes=\"(max-width: 1275px) 100vw, 1275px\" \/><\/a>\n\t\t\t<\/dt><\/dl><dl class='gallery-item'>\n\t\t\t<dt class='gallery-icon landscape'>\n\t\t\t\t<a href='https:\/\/www.medellin.gov.co\/es\/sala-de-prensa\/noticias\/el-museo-casa-de-la-memoria-de-medellin-renovo-una-de-sus-experiencias-para-honrar-a-las-victimas-de-desaparicion-forzada\/imagen-museo-casa-de-la-memoria-honra-a-victimas-de-desaparicion-forzada-3\/'><img width=\"1275\" height=\"850\" src=\"https:\/\/www.medellin.gov.co\/es\/wp-content\/uploads\/2026\/08\/Imagen-Museo-Casa-de-la-Memoria-honra-a-victimas-de-desaparicion-forzada-3.jpg\" class=\"attachment-full size-full\" alt=\"Imagen Museo Casa de la Memoria honra a v\u00edctimas de desaparici\u00f3n forzada (3)\" loading=\"lazy\" srcset=\"https:\/\/www.medellin.gov.co\/es\/wp-content\/uploads\/2026\/08\/Imagen-Museo-Casa-de-la-Memoria-honra-a-victimas-de-desaparicion-forzada-3.jpg 1275w, https:\/\/www.medellin.gov.co\/es\/wp-content\/uploads\/2026\/08\/Imagen-Museo-Casa-de-la-Memoria-honra-a-victimas-de-desaparicion-forzada-3-300x200.jpg 300w, https:\/\/www.medellin.gov.co\/es\/wp-content\/uploads\/2026\/08\/Imagen-Museo-Casa-de-la-Memoria-honra-a-victimas-de-desaparicion-forzada-3-1024x683.jpg 1024w, https:\/\/www.medellin.gov.co\/es\/wp-content\/uploads\/2026\/08\/Imagen-Museo-Casa-de-la-Memoria-honra-a-victimas-de-desaparicion-forzada-3-150x100.jpg 150w, https:\/\/www.medellin.gov.co\/es\/wp-content\/uploads\/2026\/08\/Imagen-Museo-Casa-de-la-Memoria-honra-a-victimas-de-desaparicion-forzada-3-768x512.jpg 768w\" sizes=\"(max-width: 1275px) 100vw, 1275px\" \/><\/a>\n\t\t\t<\/dt><\/dl><br style=\"clear: both\" \/>\n\t\t<\/div>\n\n<p>El Recinto de la Memoria no hab\u00eda sido intervenido desde su puesta en funcionamiento en 2013, tiempo en que oper\u00f3 de manera ininterrumpida, lo que gener\u00f3 el desgaste de sus componentes y la obsolescencia de la plataforma tecnol\u00f3gica. De esta manera, la sala continuar\u00e1 abierta, con herramientas que facilitar\u00e1n su actualizaci\u00f3n, gracias a la implementaci\u00f3n de un nuevo software.<\/p>\n","protected":false},"excerpt":{"rendered":"<p>La Alcald\u00eda de Medell\u00edn, a trav\u00e9s del Museo Casa de la Memoria, reafirma su compromiso con las v\u00edctimas del conflicto y las violencias de la ciudad. En el marco de la conmemoraci\u00f3n del D\u00eda Internacional &#8230;<\/p>\n","protected":false},"author":95,"featured_media":562885,"comment_status":"open","ping_status":"open","sticky":false,"template":"","format":"standard","meta":[],"categories":[747],"tags":[634],"formato_nota":[],"programas_tax":[],"acf":[],"_links":{"self":[{"href":"https:\/\/www.medellin.gov.co\/es\/wp-json\/wp\/v2\/posts\/562873"}],"collection":[{"href":"https:\/\/www.medellin.gov.co\/es\/wp-json\/wp\/v2\/posts"}],"about":[{"href":"https:\/\/www.medellin.gov.co\/es\/wp-json\/wp\/v2\/types\/post"}],"author":[{"embeddable":true,"href":"https:\/\/www.medellin.gov.co\/es\/wp-json\/wp\/v2\/users\/95"}],"replies":[{"embeddable":true,"href":"https:\/\/www.medellin.gov.co\/es\/wp-json\/wp\/v2\/comments?post=562873"}],"version-history":[{"count":1,"href":"https:\/\/www.medellin.gov.co\/es\/wp-json\/wp\/v2\/posts\/562873\/revisions"}],"predecessor-version":[{"id":562889,"href":"https:\/\/www.medellin.gov.co\/es\/wp-json\/wp\/v2\/posts\/562873\/revisions\/562889"}],"wp:featuredmedia":[{"embeddable":true,"href":"https:\/\/www.medellin.gov.co\/es\/wp-json\/wp\/v2\/media\/562885"}],"wp:attachment":[{"href":"https:\/\/www.medellin.gov.co\/es\/wp-json\/wp\/v2\/media?parent=562873"}],"wp:term":[{"taxonomy":"category","embeddable":true,"href":"https:\/\/www.medellin.gov.co\/es\/wp-json\/wp\/v2\/categories?post=562873"},{"taxonomy":"post_tag","embeddable":true,"href":"https:\/\/www.medellin.gov.co\/es\/wp-json\/wp\/v2\/tags?post=562873"},{"taxonomy":"formato_nota","embeddable":true,"href":"https:\/\/www.medellin.gov.co\/es\/wp-json\/wp\/v2\/formato_nota?post=562873"},{"taxonomy":"programas_tax","embeddable":true,"href":"https:\/\/www.medellin.gov.co\/es\/wp-json\/wp\/v2\/programas_tax?post=562873"}],"curies":[{"name":"wp","href":"https:\/\/api.w.org\/{rel}","templated":true}]}}