{"id":563157,"date":"2026-09-01T11:09:13","date_gmt":"2026-09-01T16:09:13","guid":{"rendered":"https:\/\/www.medellin.gov.co\/es\/?p=563157"},"modified":"2026-09-01T11:09:13","modified_gmt":"2026-09-01T16:09:13","slug":"en-buen-comienzo-medellin-emiliano-da-sus-primeros-pasos","status":"publish","type":"post","link":"https:\/\/www.medellin.gov.co\/es\/sala-de-prensa\/noticias\/en-buen-comienzo-medellin-emiliano-da-sus-primeros-pasos\/","title":{"rendered":"En Buen Comienzo Medell\u00edn, Emiliano da sus primeros pasos"},"content":{"rendered":"<blockquote><p><em>La ilusi\u00f3n derrot\u00f3 a la adversidad. Ese es el caso de Emiliano, un ni\u00f1o de apenas dos a\u00f1os que, junto a <\/em><strong><em>Buen Comienzo Medell\u00edn<\/em><\/strong><em>, <\/em><em>rompe las barreras de la discapacidad.<\/em><\/p><\/blockquote>\n<p>Alegre, inquieto y con ganas de correr, Emiliano, un ni\u00f1o que naci\u00f3 con s\u00edndrome de bandas amni\u00f3ticas, supera l\u00edmites con una pr\u00f3tesis y una f\u00e9rula que, poco a poco, le han permitido aprender a caminar. <em>\u201cHa sido un proceso de adaptaci\u00f3n y de reconocimiento para \u00e9l. Por ejemplo, cuando vamos a salir, ya sabe que se debe poner la pr\u00f3tesis\u201d<\/em>, resalta emocionada la mam\u00e1, Esmeralda Puerta, con una tierna mirada y una caricia en su cabello.<\/p>\n<h4><strong>El empuje de Emiliano<\/strong><\/h4>\n\n\t\t<style type=\"text\/css\">\n\t\t\t#gallery-1 {\n\t\t\t\tmargin: auto;\n\t\t\t}\n\t\t\t#gallery-1 .gallery-item {\n\t\t\t\tfloat: left;\n\t\t\t\tmargin-top: 10px;\n\t\t\t\ttext-align: center;\n\t\t\t\twidth: 50%;\n\t\t\t}\n\t\t\t#gallery-1 img {\n\t\t\t\tborder: 2px solid #cfcfcf;\n\t\t\t}\n\t\t\t#gallery-1 .gallery-caption {\n\t\t\t\tmargin-left: 0;\n\t\t\t}\n\t\t\t\/* see gallery_shortcode() in wp-includes\/media.php *\/\n\t\t<\/style>\n\t\t<div id='gallery-1' class='gallery galleryid-563157 gallery-columns-2 gallery-size-full'><dl class='gallery-item'>\n\t\t\t<dt class='gallery-icon landscape'>\n\t\t\t\t<a href='https:\/\/www.medellin.gov.co\/es\/sala-de-prensa\/noticias\/en-buen-comienzo-medellin-emiliano-da-sus-primeros-pasos\/imagen-emiliano-da-sus-primeros-pasos-1\/'><img width=\"1080\" height=\"720\" src=\"https:\/\/www.medellin.gov.co\/es\/wp-content\/uploads\/2026\/09\/Imagen-Emiliano-da-sus-primeros-pasos-1.jpg\" class=\"attachment-full size-full\" alt=\"Emiliano da sus primeros pasos 2\" loading=\"lazy\" srcset=\"https:\/\/www.medellin.gov.co\/es\/wp-content\/uploads\/2026\/09\/Imagen-Emiliano-da-sus-primeros-pasos-1.jpg 1080w, https:\/\/www.medellin.gov.co\/es\/wp-content\/uploads\/2026\/09\/Imagen-Emiliano-da-sus-primeros-pasos-1-300x200.jpg 300w, https:\/\/www.medellin.gov.co\/es\/wp-content\/uploads\/2026\/09\/Imagen-Emiliano-da-sus-primeros-pasos-1-1024x683.jpg 1024w, https:\/\/www.medellin.gov.co\/es\/wp-content\/uploads\/2026\/09\/Imagen-Emiliano-da-sus-primeros-pasos-1-150x100.jpg 150w, https:\/\/www.medellin.gov.co\/es\/wp-content\/uploads\/2026\/09\/Imagen-Emiliano-da-sus-primeros-pasos-1-768x512.jpg 768w\" sizes=\"(max-width: 1080px) 100vw, 1080px\" \/><\/a>\n\t\t\t<\/dt><\/dl><dl class='gallery-item'>\n\t\t\t<dt class='gallery-icon landscape'>\n\t\t\t\t<a href='https:\/\/www.medellin.gov.co\/es\/sala-de-prensa\/noticias\/en-buen-comienzo-medellin-emiliano-da-sus-primeros-pasos\/emiliano-da-sus-primeros-pasos-2\/'><img width=\"1080\" height=\"720\" src=\"https:\/\/www.medellin.gov.co\/es\/wp-content\/uploads\/2026\/09\/Emiliano-da-sus-primeros-pasos-2.jpg\" class=\"attachment-full size-full\" alt=\"Emiliano da sus primeros pasos 2\" loading=\"lazy\" srcset=\"https:\/\/www.medellin.gov.co\/es\/wp-content\/uploads\/2026\/09\/Emiliano-da-sus-primeros-pasos-2.jpg 1080w, https:\/\/www.medellin.gov.co\/es\/wp-content\/uploads\/2026\/09\/Emiliano-da-sus-primeros-pasos-2-300x200.jpg 300w, https:\/\/www.medellin.gov.co\/es\/wp-content\/uploads\/2026\/09\/Emiliano-da-sus-primeros-pasos-2-1024x683.jpg 1024w, https:\/\/www.medellin.gov.co\/es\/wp-content\/uploads\/2026\/09\/Emiliano-da-sus-primeros-pasos-2-150x100.jpg 150w, https:\/\/www.medellin.gov.co\/es\/wp-content\/uploads\/2026\/09\/Emiliano-da-sus-primeros-pasos-2-768x512.jpg 768w\" sizes=\"(max-width: 1080px) 100vw, 1080px\" \/><\/a>\n\t\t\t<\/dt><\/dl><br style=\"clear: both\" \/>\n\t\t<\/div>\n\n<p>El s\u00edndrome de bandas amni\u00f3ticas se evidencia por un conjunto poco frecuente de malformaciones cong\u00e9nitas causadas por el desprendimiento de hebras del saco amni\u00f3tico. Sin embargo, esta condici\u00f3n no detiene sus ganas de caminar, correr, patear un bal\u00f3n o estar a la par de sus dem\u00e1s compa\u00f1eros del Jard\u00edn Infantil Carpinelo. En este espacio, gracias a la estrategia <strong>Buen Comienzo Sin Barreras<\/strong> y de la mano de las agentes educativas, se ha integrado con \u00e9xito. <em>\u201cYa se para solo, va detr\u00e1s de una silla, intentando caminar por cuenta propia\u201d,<\/em> revela Esmeralda con satisfacci\u00f3n.<\/p>\n<p>As\u00ed lo siente su t\u00eda, Evelyn Echeverri, quien apoya a su hermana Esmeralda, en el cuidado del ni\u00f1o: <em>\u201cDesde que \u00e9l ingres\u00f3 al jard\u00edn se le ha notado m\u00e1s independencia; se desarrolla m\u00e1s r\u00e1pido en los juegos. Ac\u00e1 lo comprenden mucho, le tienen paciencia y lo incluyen en los procesos que sean necesarios. En eso veo que se destaca <\/em><a href=\"https:\/\/www.medellin.gov.co\/es\/unidad-administrativa-especial-buen-comienzo\/\" target=\"_blank\" rel=\"noopener\"><strong><em>Buen Comienzo<\/em><\/strong><\/a><em>: en la inclusi\u00f3n\u201d<\/em>.<\/p>\n\n\t\t<style type=\"text\/css\">\n\t\t\t#gallery-2 {\n\t\t\t\tmargin: auto;\n\t\t\t}\n\t\t\t#gallery-2 .gallery-item {\n\t\t\t\tfloat: left;\n\t\t\t\tmargin-top: 10px;\n\t\t\t\ttext-align: center;\n\t\t\t\twidth: 50%;\n\t\t\t}\n\t\t\t#gallery-2 img {\n\t\t\t\tborder: 2px solid #cfcfcf;\n\t\t\t}\n\t\t\t#gallery-2 .gallery-caption {\n\t\t\t\tmargin-left: 0;\n\t\t\t}\n\t\t\t\/* see gallery_shortcode() in wp-includes\/media.php *\/\n\t\t<\/style>\n\t\t<div id='gallery-2' class='gallery galleryid-563157 gallery-columns-2 gallery-size-full'><dl class='gallery-item'>\n\t\t\t<dt class='gallery-icon landscape'>\n\t\t\t\t<a href='https:\/\/www.medellin.gov.co\/es\/sala-de-prensa\/noticias\/en-buen-comienzo-medellin-emiliano-da-sus-primeros-pasos\/emiliano-da-sus-primeros-pasos-4\/'><img width=\"1080\" height=\"720\" src=\"https:\/\/www.medellin.gov.co\/es\/wp-content\/uploads\/2026\/09\/Emiliano-da-sus-primeros-pasos-4.jpg\" class=\"attachment-full size-full\" alt=\"Emiliano da sus primeros pasos\" loading=\"lazy\" srcset=\"https:\/\/www.medellin.gov.co\/es\/wp-content\/uploads\/2026\/09\/Emiliano-da-sus-primeros-pasos-4.jpg 1080w, https:\/\/www.medellin.gov.co\/es\/wp-content\/uploads\/2026\/09\/Emiliano-da-sus-primeros-pasos-4-300x200.jpg 300w, https:\/\/www.medellin.gov.co\/es\/wp-content\/uploads\/2026\/09\/Emiliano-da-sus-primeros-pasos-4-1024x683.jpg 1024w, https:\/\/www.medellin.gov.co\/es\/wp-content\/uploads\/2026\/09\/Emiliano-da-sus-primeros-pasos-4-150x100.jpg 150w, https:\/\/www.medellin.gov.co\/es\/wp-content\/uploads\/2026\/09\/Emiliano-da-sus-primeros-pasos-4-768x512.jpg 768w\" sizes=\"(max-width: 1080px) 100vw, 1080px\" \/><\/a>\n\t\t\t<\/dt><\/dl><dl class='gallery-item'>\n\t\t\t<dt class='gallery-icon landscape'>\n\t\t\t\t<a href='https:\/\/www.medellin.gov.co\/es\/sala-de-prensa\/noticias\/en-buen-comienzo-medellin-emiliano-da-sus-primeros-pasos\/emiliano-da-sus-primeros-pasos-3\/'><img width=\"1080\" height=\"720\" src=\"https:\/\/www.medellin.gov.co\/es\/wp-content\/uploads\/2026\/09\/Emiliano-da-sus-primeros-pasos-3.jpg\" class=\"attachment-full size-full\" alt=\"Emiliano da sus primeros pasos\" loading=\"lazy\" srcset=\"https:\/\/www.medellin.gov.co\/es\/wp-content\/uploads\/2026\/09\/Emiliano-da-sus-primeros-pasos-3.jpg 1080w, https:\/\/www.medellin.gov.co\/es\/wp-content\/uploads\/2026\/09\/Emiliano-da-sus-primeros-pasos-3-300x200.jpg 300w, https:\/\/www.medellin.gov.co\/es\/wp-content\/uploads\/2026\/09\/Emiliano-da-sus-primeros-pasos-3-1024x683.jpg 1024w, https:\/\/www.medellin.gov.co\/es\/wp-content\/uploads\/2026\/09\/Emiliano-da-sus-primeros-pasos-3-150x100.jpg 150w, https:\/\/www.medellin.gov.co\/es\/wp-content\/uploads\/2026\/09\/Emiliano-da-sus-primeros-pasos-3-768x512.jpg 768w\" sizes=\"(max-width: 1080px) 100vw, 1080px\" \/><\/a>\n\t\t\t<\/dt><\/dl><br style=\"clear: both\" \/>\n\t\t<\/div>\n\n<p>El ni\u00f1o desconoce los l\u00edmites de su condici\u00f3n. Para \u00e9l, todo lo que vive hace parte del proceso. Pero es su familia, que con amor y resiliencia ha logrado acompa\u00f1ar, apoyar y contener las barreras sociales, puesto que las f\u00edsicas no han sido obst\u00e1culos para Emiliano. Su t\u00eda, as\u00ed lo ratifica: \u201c<em>fue muy complicado. \u00c9l trataba de sostenerse y de pararse, pero, al no tener el otro pie, se frustraba y lloraba por no poder hacerlo. Igual, ha tenido mucha estabilidad \u00a1y una fuerza en el piecito!\u201d,<\/em> suspir\u00f3 tras destacarlo orgullosa.<\/p>\n<h4><strong>Sin l\u00edmites<\/strong><\/h4>\n<p>Mientras hac\u00edamos esta entrevista, Emiliano no paraba de jugar. Con una enorme energ\u00eda y gran impulso quer\u00eda patear un bal\u00f3n. Para lograr una foto, las agentes educativas intentaron entretenerlo con burbujas, pero se dispers\u00f3 a\u00fan m\u00e1s.<\/p>\n\n\t\t<style type=\"text\/css\">\n\t\t\t#gallery-3 {\n\t\t\t\tmargin: auto;\n\t\t\t}\n\t\t\t#gallery-3 .gallery-item {\n\t\t\t\tfloat: left;\n\t\t\t\tmargin-top: 10px;\n\t\t\t\ttext-align: center;\n\t\t\t\twidth: 50%;\n\t\t\t}\n\t\t\t#gallery-3 img {\n\t\t\t\tborder: 2px solid #cfcfcf;\n\t\t\t}\n\t\t\t#gallery-3 .gallery-caption {\n\t\t\t\tmargin-left: 0;\n\t\t\t}\n\t\t\t\/* see gallery_shortcode() in wp-includes\/media.php *\/\n\t\t<\/style>\n\t\t<div id='gallery-3' class='gallery galleryid-563157 gallery-columns-2 gallery-size-full'><dl class='gallery-item'>\n\t\t\t<dt class='gallery-icon landscape'>\n\t\t\t\t<a href='https:\/\/www.medellin.gov.co\/es\/sala-de-prensa\/noticias\/en-buen-comienzo-medellin-emiliano-da-sus-primeros-pasos\/emiliano-da-sus-primeros-pasos-2-2\/'><img width=\"1080\" height=\"720\" src=\"https:\/\/www.medellin.gov.co\/es\/wp-content\/uploads\/2026\/09\/Emiliano-da-sus-primeros-pasos-2-1.jpg\" class=\"attachment-full size-full\" alt=\"Emiliano da sus primeros pasos\" loading=\"lazy\" srcset=\"https:\/\/www.medellin.gov.co\/es\/wp-content\/uploads\/2026\/09\/Emiliano-da-sus-primeros-pasos-2-1.jpg 1080w, https:\/\/www.medellin.gov.co\/es\/wp-content\/uploads\/2026\/09\/Emiliano-da-sus-primeros-pasos-2-1-300x200.jpg 300w, https:\/\/www.medellin.gov.co\/es\/wp-content\/uploads\/2026\/09\/Emiliano-da-sus-primeros-pasos-2-1-1024x683.jpg 1024w, https:\/\/www.medellin.gov.co\/es\/wp-content\/uploads\/2026\/09\/Emiliano-da-sus-primeros-pasos-2-1-150x100.jpg 150w, https:\/\/www.medellin.gov.co\/es\/wp-content\/uploads\/2026\/09\/Emiliano-da-sus-primeros-pasos-2-1-768x512.jpg 768w\" sizes=\"(max-width: 1080px) 100vw, 1080px\" \/><\/a>\n\t\t\t<\/dt><\/dl><dl class='gallery-item'>\n\t\t\t<dt class='gallery-icon landscape'>\n\t\t\t\t<a href='https:\/\/www.medellin.gov.co\/es\/sala-de-prensa\/noticias\/en-buen-comienzo-medellin-emiliano-da-sus-primeros-pasos\/emiliano-da-sus-primeros-pasos-4-2\/'><img width=\"1080\" height=\"720\" src=\"https:\/\/www.medellin.gov.co\/es\/wp-content\/uploads\/2026\/09\/Emiliano-da-sus-primeros-pasos-4-1.jpg\" class=\"attachment-full size-full\" alt=\"Emiliano da sus primeros pasos\" loading=\"lazy\" srcset=\"https:\/\/www.medellin.gov.co\/es\/wp-content\/uploads\/2026\/09\/Emiliano-da-sus-primeros-pasos-4-1.jpg 1080w, https:\/\/www.medellin.gov.co\/es\/wp-content\/uploads\/2026\/09\/Emiliano-da-sus-primeros-pasos-4-1-300x200.jpg 300w, https:\/\/www.medellin.gov.co\/es\/wp-content\/uploads\/2026\/09\/Emiliano-da-sus-primeros-pasos-4-1-1024x683.jpg 1024w, https:\/\/www.medellin.gov.co\/es\/wp-content\/uploads\/2026\/09\/Emiliano-da-sus-primeros-pasos-4-1-150x100.jpg 150w, https:\/\/www.medellin.gov.co\/es\/wp-content\/uploads\/2026\/09\/Emiliano-da-sus-primeros-pasos-4-1-768x512.jpg 768w\" sizes=\"(max-width: 1080px) 100vw, 1080px\" \/><\/a>\n\t\t\t<\/dt><\/dl><br style=\"clear: both\" \/><dl class='gallery-item'>\n\t\t\t<dt class='gallery-icon landscape'>\n\t\t\t\t<a href='https:\/\/www.medellin.gov.co\/es\/sala-de-prensa\/noticias\/en-buen-comienzo-medellin-emiliano-da-sus-primeros-pasos\/emiliano-da-sus-primeros-pasos-5\/'><img width=\"1080\" height=\"720\" src=\"https:\/\/www.medellin.gov.co\/es\/wp-content\/uploads\/2026\/09\/Emiliano-da-sus-primeros-pasos-5.jpg\" class=\"attachment-full size-full\" alt=\"Emiliano da sus primeros pasos\" loading=\"lazy\" srcset=\"https:\/\/www.medellin.gov.co\/es\/wp-content\/uploads\/2026\/09\/Emiliano-da-sus-primeros-pasos-5.jpg 1080w, https:\/\/www.medellin.gov.co\/es\/wp-content\/uploads\/2026\/09\/Emiliano-da-sus-primeros-pasos-5-300x200.jpg 300w, https:\/\/www.medellin.gov.co\/es\/wp-content\/uploads\/2026\/09\/Emiliano-da-sus-primeros-pasos-5-1024x683.jpg 1024w, https:\/\/www.medellin.gov.co\/es\/wp-content\/uploads\/2026\/09\/Emiliano-da-sus-primeros-pasos-5-150x100.jpg 150w, https:\/\/www.medellin.gov.co\/es\/wp-content\/uploads\/2026\/09\/Emiliano-da-sus-primeros-pasos-5-768x512.jpg 768w\" sizes=\"(max-width: 1080px) 100vw, 1080px\" \/><\/a>\n\t\t\t<\/dt><\/dl><dl class='gallery-item'>\n\t\t\t<dt class='gallery-icon landscape'>\n\t\t\t\t<a href='https:\/\/www.medellin.gov.co\/es\/sala-de-prensa\/noticias\/en-buen-comienzo-medellin-emiliano-da-sus-primeros-pasos\/emiliano-da-sus-primeros-pasos-5-2\/'><img width=\"1080\" height=\"720\" src=\"https:\/\/www.medellin.gov.co\/es\/wp-content\/uploads\/2026\/09\/Emiliano-da-sus-primeros-pasos-5-1.jpg\" class=\"attachment-full size-full\" alt=\"Emiliano da sus primeros pasos\" loading=\"lazy\" srcset=\"https:\/\/www.medellin.gov.co\/es\/wp-content\/uploads\/2026\/09\/Emiliano-da-sus-primeros-pasos-5-1.jpg 1080w, https:\/\/www.medellin.gov.co\/es\/wp-content\/uploads\/2026\/09\/Emiliano-da-sus-primeros-pasos-5-1-300x200.jpg 300w, https:\/\/www.medellin.gov.co\/es\/wp-content\/uploads\/2026\/09\/Emiliano-da-sus-primeros-pasos-5-1-1024x683.jpg 1024w, https:\/\/www.medellin.gov.co\/es\/wp-content\/uploads\/2026\/09\/Emiliano-da-sus-primeros-pasos-5-1-150x100.jpg 150w, https:\/\/www.medellin.gov.co\/es\/wp-content\/uploads\/2026\/09\/Emiliano-da-sus-primeros-pasos-5-1-768x512.jpg 768w\" sizes=\"(max-width: 1080px) 100vw, 1080px\" \/><\/a>\n\t\t\t<\/dt><\/dl><br style=\"clear: both\" \/><dl class='gallery-item'>\n\t\t\t<dt class='gallery-icon landscape'>\n\t\t\t\t<a href='https:\/\/www.medellin.gov.co\/es\/sala-de-prensa\/noticias\/en-buen-comienzo-medellin-emiliano-da-sus-primeros-pasos\/emiliano-da-sus-primeros-pasos-6\/'><img width=\"1080\" height=\"720\" src=\"https:\/\/www.medellin.gov.co\/es\/wp-content\/uploads\/2026\/09\/Emiliano-da-sus-primeros-pasos-6.jpg\" class=\"attachment-full size-full\" alt=\"Emiliano da sus primeros pasos\" loading=\"lazy\" srcset=\"https:\/\/www.medellin.gov.co\/es\/wp-content\/uploads\/2026\/09\/Emiliano-da-sus-primeros-pasos-6.jpg 1080w, https:\/\/www.medellin.gov.co\/es\/wp-content\/uploads\/2026\/09\/Emiliano-da-sus-primeros-pasos-6-300x200.jpg 300w, https:\/\/www.medellin.gov.co\/es\/wp-content\/uploads\/2026\/09\/Emiliano-da-sus-primeros-pasos-6-1024x683.jpg 1024w, https:\/\/www.medellin.gov.co\/es\/wp-content\/uploads\/2026\/09\/Emiliano-da-sus-primeros-pasos-6-150x100.jpg 150w, https:\/\/www.medellin.gov.co\/es\/wp-content\/uploads\/2026\/09\/Emiliano-da-sus-primeros-pasos-6-768x512.jpg 768w\" sizes=\"(max-width: 1080px) 100vw, 1080px\" \/><\/a>\n\t\t\t<\/dt><\/dl><dl class='gallery-item'>\n\t\t\t<dt class='gallery-icon landscape'>\n\t\t\t\t<a href='https:\/\/www.medellin.gov.co\/es\/sala-de-prensa\/noticias\/en-buen-comienzo-medellin-emiliano-da-sus-primeros-pasos\/emiliano-da-sus-primeros-pasos-9\/'><img width=\"1080\" height=\"720\" src=\"https:\/\/www.medellin.gov.co\/es\/wp-content\/uploads\/2026\/09\/Emiliano-da-sus-primeros-pasos-9.jpg\" class=\"attachment-full size-full\" alt=\"Emiliano da sus primeros pasos\" loading=\"lazy\" srcset=\"https:\/\/www.medellin.gov.co\/es\/wp-content\/uploads\/2026\/09\/Emiliano-da-sus-primeros-pasos-9.jpg 1080w, https:\/\/www.medellin.gov.co\/es\/wp-content\/uploads\/2026\/09\/Emiliano-da-sus-primeros-pasos-9-300x200.jpg 300w, https:\/\/www.medellin.gov.co\/es\/wp-content\/uploads\/2026\/09\/Emiliano-da-sus-primeros-pasos-9-1024x683.jpg 1024w, https:\/\/www.medellin.gov.co\/es\/wp-content\/uploads\/2026\/09\/Emiliano-da-sus-primeros-pasos-9-150x100.jpg 150w, https:\/\/www.medellin.gov.co\/es\/wp-content\/uploads\/2026\/09\/Emiliano-da-sus-primeros-pasos-9-768x512.jpg 768w\" sizes=\"(max-width: 1080px) 100vw, 1080px\" \/><\/a>\n\t\t\t<\/dt><\/dl><br style=\"clear: both\" \/>\n\t\t<\/div>\n\n<p>\u00c9l solo quer\u00eda hacer lo que su esencia y esp\u00edritu demandan: ser un ni\u00f1o, sin l\u00edmites ni barreras. Mientras, Esmeralda est\u00e1 segura de que Emiliano pronto caminar\u00e1 solo, gracias al apoyo brindado por la estrategia <strong>Buen Comienzo Sin Barreras implementada por la <a href=\"https:\/\/www.instagram.com\/alcaldiademed\/\" target=\"_blank\" rel=\"noopener\">Alcald\u00eda de Medell\u00edn<\/a>.<\/strong><\/p>\n","protected":false},"excerpt":{"rendered":"<p>La ilusi\u00f3n derrot\u00f3 a la adversidad. Ese es el caso de Emiliano, un ni\u00f1o de apenas dos a\u00f1os que, junto a Buen Comienzo Medell\u00edn, rompe las barreras de la discapacidad. Alegre, inquieto y con ganas &#8230;<\/p>\n","protected":false},"author":97,"featured_media":563231,"comment_status":"open","ping_status":"open","sticky":false,"template":"","format":"standard","meta":[],"categories":[531,533],"tags":[437,451,704,725],"formato_nota":[],"programas_tax":[],"acf":[],"_links":{"self":[{"href":"https:\/\/www.medellin.gov.co\/es\/wp-json\/wp\/v2\/posts\/563157"}],"collection":[{"href":"https:\/\/www.medellin.gov.co\/es\/wp-json\/wp\/v2\/posts"}],"about":[{"href":"https:\/\/www.medellin.gov.co\/es\/wp-json\/wp\/v2\/types\/post"}],"author":[{"embeddable":true,"href":"https:\/\/www.medellin.gov.co\/es\/wp-json\/wp\/v2\/users\/97"}],"replies":[{"embeddable":true,"href":"https:\/\/www.medellin.gov.co\/es\/wp-json\/wp\/v2\/comments?post=563157"}],"version-history":[{"count":1,"href":"https:\/\/www.medellin.gov.co\/es\/wp-json\/wp\/v2\/posts\/563157\/revisions"}],"predecessor-version":[{"id":563233,"href":"https:\/\/www.medellin.gov.co\/es\/wp-json\/wp\/v2\/posts\/563157\/revisions\/563233"}],"wp:featuredmedia":[{"embeddable":true,"href":"https:\/\/www.medellin.gov.co\/es\/wp-json\/wp\/v2\/media\/563231"}],"wp:attachment":[{"href":"https:\/\/www.medellin.gov.co\/es\/wp-json\/wp\/v2\/media?parent=563157"}],"wp:term":[{"taxonomy":"category","embeddable":true,"href":"https:\/\/www.medellin.gov.co\/es\/wp-json\/wp\/v2\/categories?post=563157"},{"taxonomy":"post_tag","embeddable":true,"href":"https:\/\/www.medellin.gov.co\/es\/wp-json\/wp\/v2\/tags?post=563157"},{"taxonomy":"formato_nota","embeddable":true,"href":"https:\/\/www.medellin.gov.co\/es\/wp-json\/wp\/v2\/formato_nota?post=563157"},{"taxonomy":"programas_tax","embeddable":true,"href":"https:\/\/www.medellin.gov.co\/es\/wp-json\/wp\/v2\/programas_tax?post=563157"}],"curies":[{"name":"wp","href":"https:\/\/api.w.org\/{rel}","templated":true}]}}