{"id":563278,"date":"2026-09-01T11:31:52","date_gmt":"2026-09-01T16:31:52","guid":{"rendered":"https:\/\/www.medellin.gov.co\/es\/?p=563278"},"modified":"2026-09-01T11:35:21","modified_gmt":"2026-09-01T16:35:21","slug":"la-memoria-audiovisual-llega-al-recreo-cultural-de-ciudad-del-rio-alli-estara-la-cinemateca-distrital-de-medellin","status":"publish","type":"post","link":"https:\/\/www.medellin.gov.co\/es\/sala-de-prensa\/noticias\/la-memoria-audiovisual-llega-al-recreo-cultural-de-ciudad-del-rio-alli-estara-la-cinemateca-distrital-de-medellin\/","title":{"rendered":"La memoria audiovisual llega al Recreo Cultural de Ciudad del R\u00edo: all\u00ed estar\u00e1 la Cinemateca Distrital de Medell\u00edn"},"content":{"rendered":"<ul>\n<li>Ser\u00e1 una moderna infraestructura de 11 pisos y cerca de 10.000 metros cuadrados construidos.<\/li>\n<li>Salas de cine, laboratorio de archivo f\u00edlmico, bodega de instrumentos, galer\u00eda y locales comerciales son algunos de los espacios que tendr\u00e1.<\/li>\n<li>Con las obras se proyectan m\u00e1s de 300 empleos.<\/li>\n<\/ul>\n<!--[if lt IE 9]><script>document.createElement('audio');<\/script><![endif]-->\n\t<div class=\"wp-playlist wp-audio-playlist wp-playlist-light\">\n\t\t\t<div class=\"wp-playlist-current-item\"><\/div>\n\t\t<audio controls=\"controls\" preload=\"none\" width=\"640\"\n\t\t\t><\/audio>\n\t<div class=\"wp-playlist-next\"><\/div>\n\t<div class=\"wp-playlist-prev\"><\/div>\n\t<noscript>\n\t<ol>\n\t\t<li><a href='https:\/\/www.medellin.gov.co\/es\/wp-content\/uploads\/2026\/09\/Declaraciones-gerente-de-la-EDU-Emiro-Valdes-Lopez.mp3'>Declaraciones gerente de la EDU, Emiro Vald\u00e9s L\u00f3pez<\/a><\/li>\t<\/ol>\n\t<\/noscript>\n\t<script type=\"application\/json\" class=\"wp-playlist-script\">{\"type\":\"audio\",\"tracklist\":true,\"tracknumbers\":true,\"images\":true,\"artists\":true,\"tracks\":[{\"src\":\"https:\\\/\\\/www.medellin.gov.co\\\/es\\\/wp-content\\\/uploads\\\/2026\\\/09\\\/Declaraciones-gerente-de-la-EDU-Emiro-Valdes-Lopez.mp3\",\"type\":\"audio\\\/mpeg\",\"title\":\"Declaraciones gerente de la EDU, Emiro Vald\\u00e9s L\\u00f3pez\",\"caption\":\"\",\"description\":\"\\u00abDeclaraciones gerente de la EDU, Emiro Vald\\u00e9s L\\u00f3pez\\u00bb. G\\u00e9nero: Blues.\",\"meta\":{\"genre\":\"Blues\",\"length_formatted\":\"0:49\"},\"image\":{\"src\":\"https:\\\/\\\/www.medellin.gov.co\\\/es\\\/wp-includes\\\/images\\\/media\\\/audio.png\",\"width\":48,\"height\":64},\"thumb\":{\"src\":\"https:\\\/\\\/www.medellin.gov.co\\\/es\\\/wp-includes\\\/images\\\/media\\\/audio.png\",\"width\":48,\"height\":64}}]}<\/script>\n<\/div>\n\t\n<p>Con movimientos de tierra y excavaciones, el <a href=\"https:\/\/www.instagram.com\/alcaldiademed\/\" target=\"_blank\" rel=\"noopener\">Distrito<\/a> inici\u00f3 las labores de construcci\u00f3n del Recreo Cultural Ciudad del R\u00edo, un equipamiento para la industria cultural y audiovisual de la capital antioque\u00f1a, y el m\u00e1s grande de los 12 recreos que se construyen en el cuatrienio.<\/p>\n<p><img loading=\"lazy\" class=\"alignnone wp-image-563287 size-full\" title=\"Recreo Cultural de Ciudad del R\u00edo\" src=\"https:\/\/www.medellin.gov.co\/es\/wp-content\/uploads\/2026\/09\/Imagen-Recreo-Cultural-de-Ciudad-del-Rio-3.jpg\" alt=\"Imagen Recreo Cultural de Ciudad del R\u00edo (3)\" width=\"1280\" height=\"720\" srcset=\"https:\/\/www.medellin.gov.co\/es\/wp-content\/uploads\/2026\/09\/Imagen-Recreo-Cultural-de-Ciudad-del-Rio-3.jpg 1280w, https:\/\/www.medellin.gov.co\/es\/wp-content\/uploads\/2026\/09\/Imagen-Recreo-Cultural-de-Ciudad-del-Rio-3-300x169.jpg 300w, https:\/\/www.medellin.gov.co\/es\/wp-content\/uploads\/2026\/09\/Imagen-Recreo-Cultural-de-Ciudad-del-Rio-3-1024x576.jpg 1024w, https:\/\/www.medellin.gov.co\/es\/wp-content\/uploads\/2026\/09\/Imagen-Recreo-Cultural-de-Ciudad-del-Rio-3-150x84.jpg 150w, https:\/\/www.medellin.gov.co\/es\/wp-content\/uploads\/2026\/09\/Imagen-Recreo-Cultural-de-Ciudad-del-Rio-3-768x432.jpg 768w\" sizes=\"(max-width: 1280px) 100vw, 1280px\" \/><\/p>\n<p>Ser\u00e1 una edificaci\u00f3n de cerca de 10.000 metros cuadrados y 11 pisos, con un \u00e1rea de m\u00e1s de 8.000 metros cuadrados de espacio p\u00fablico y zonas verdes que se integran con el entorno. Esta moderna infraestructura, en la que se invertir\u00e1n m\u00e1s de $86.000 millones, albergar\u00e1 a la Cinemateca Distrital, para preservar la memoria audiovisual de Medell\u00edn y fortalecer los procesos de formaci\u00f3n y creaci\u00f3n art\u00edstica.<\/p>\n<p>\u201cComo dice nuestro alcalde Federico Guti\u00e9rrez, hay que hacer que las cosas pasen, y aqu\u00ed en Ciudad del R\u00edo s\u00ed que est\u00e1n pasando. Este ser\u00e1 un centro cultural donde tendremos Medell\u00edn Music Lab, la Cinemateca Distrital y espacio p\u00fablico para el encuentro ciudadano. Esta obra deber\u00e1 estar lista para diciembre del 2027 y estamos supervisando que las obras marchen conforme al cronograma\u201d, asegur\u00f3 el gerente de la EDU, Emiro Vald\u00e9s L\u00f3pez.<\/p>\n<p><img loading=\"lazy\" class=\"alignnone wp-image-563285 size-full\" title=\"Recreo Cultural de Ciudad del R\u00edo\" src=\"https:\/\/www.medellin.gov.co\/es\/wp-content\/uploads\/2026\/09\/Imagen-Recreo-Cultural-de-Ciudad-del-Rio-2.jpg\" alt=\"Imagen Recreo Cultural de Ciudad del R\u00edo (2)\" width=\"1280\" height=\"720\" srcset=\"https:\/\/www.medellin.gov.co\/es\/wp-content\/uploads\/2026\/09\/Imagen-Recreo-Cultural-de-Ciudad-del-Rio-2.jpg 1280w, https:\/\/www.medellin.gov.co\/es\/wp-content\/uploads\/2026\/09\/Imagen-Recreo-Cultural-de-Ciudad-del-Rio-2-300x169.jpg 300w, https:\/\/www.medellin.gov.co\/es\/wp-content\/uploads\/2026\/09\/Imagen-Recreo-Cultural-de-Ciudad-del-Rio-2-1024x576.jpg 1024w, https:\/\/www.medellin.gov.co\/es\/wp-content\/uploads\/2026\/09\/Imagen-Recreo-Cultural-de-Ciudad-del-Rio-2-150x84.jpg 150w, https:\/\/www.medellin.gov.co\/es\/wp-content\/uploads\/2026\/09\/Imagen-Recreo-Cultural-de-Ciudad-del-Rio-2-768x432.jpg 768w\" sizes=\"(max-width: 1280px) 100vw, 1280px\" \/><\/p>\n<p>Contar\u00e1 con dos salas de cine con capacidad para 279 personas, galer\u00eda, b\u00f3vedas y laboratorio de archivo f\u00edlmico, m\u00e1ster de sonido y video, bodega de instrumentos, tres salas de ensayo y locales comerciales en el sexto piso. Adem\u00e1s, incluir\u00e1 un espacio para grabaciones musicales, audiovisuales y presentaciones art\u00edsticas. El programa Medell\u00edn Music Lab tambi\u00e9n har\u00e1 parte de \u00e9l, fortaleciendo la formaci\u00f3n y el desarrollo de nuevos talentos.<\/p>\n<p>Este espacio incorporar\u00e1 Sistemas Urbanos de Drenaje Sostenible (SUDS), una estrategia ambiental que permitir\u00e1 manejar el agua lluvia de manera m\u00e1s natural y eficiente. La obra generar\u00e1 alrededor de 300 empleos y beneficiar\u00e1 a m\u00e1s de 440.000 personas.<\/p>\n<p><img loading=\"lazy\" class=\"alignnone wp-image-563282 size-full\" title=\"Recreo Cultural de Ciudad del R\u00edo\" src=\"https:\/\/www.medellin.gov.co\/es\/wp-content\/uploads\/2026\/09\/Imagen-Recreo-Cultural-de-Ciudad-del-Rio-4.jpg\" alt=\"Imagen Recreo Cultural de Ciudad del R\u00edo (4)\" width=\"1133\" height=\"850\" srcset=\"https:\/\/www.medellin.gov.co\/es\/wp-content\/uploads\/2026\/09\/Imagen-Recreo-Cultural-de-Ciudad-del-Rio-4.jpg 1133w, https:\/\/www.medellin.gov.co\/es\/wp-content\/uploads\/2026\/09\/Imagen-Recreo-Cultural-de-Ciudad-del-Rio-4-300x225.jpg 300w, https:\/\/www.medellin.gov.co\/es\/wp-content\/uploads\/2026\/09\/Imagen-Recreo-Cultural-de-Ciudad-del-Rio-4-1024x768.jpg 1024w, https:\/\/www.medellin.gov.co\/es\/wp-content\/uploads\/2026\/09\/Imagen-Recreo-Cultural-de-Ciudad-del-Rio-4-150x113.jpg 150w, https:\/\/www.medellin.gov.co\/es\/wp-content\/uploads\/2026\/09\/Imagen-Recreo-Cultural-de-Ciudad-del-Rio-4-768x576.jpg 768w\" sizes=\"(max-width: 1133px) 100vw, 1133px\" \/><\/p>\n<p>Adem\u00e1s de esta infraestructura social, la Alcald\u00eda de Medell\u00edn avanza con la ampliaci\u00f3n de la 34 con Los Gonz\u00e1lez, el paso a desnivel de la v\u00eda Linares con la loma de El Tesoro, la renovaci\u00f3n del INEM Jos\u00e9 F\u00e9lix de Restrepo y la construcci\u00f3n de la nueva estaci\u00f3n de Polic\u00eda El Poblado.<\/p>\n","protected":false},"excerpt":{"rendered":"<p>Ser\u00e1 una moderna infraestructura de 11 pisos y cerca de 10.000 metros cuadrados construidos. Salas de cine, laboratorio de archivo f\u00edlmico, bodega de instrumentos, galer\u00eda y locales comerciales son algunos de los espacios que tendr\u00e1. &#8230;<\/p>\n","protected":false},"author":95,"featured_media":563289,"comment_status":"open","ping_status":"open","sticky":false,"template":"","format":"standard","meta":[],"categories":[747],"tags":[634],"formato_nota":[],"programas_tax":[],"acf":[],"_links":{"self":[{"href":"https:\/\/www.medellin.gov.co\/es\/wp-json\/wp\/v2\/posts\/563278"}],"collection":[{"href":"https:\/\/www.medellin.gov.co\/es\/wp-json\/wp\/v2\/posts"}],"about":[{"href":"https:\/\/www.medellin.gov.co\/es\/wp-json\/wp\/v2\/types\/post"}],"author":[{"embeddable":true,"href":"https:\/\/www.medellin.gov.co\/es\/wp-json\/wp\/v2\/users\/95"}],"replies":[{"embeddable":true,"href":"https:\/\/www.medellin.gov.co\/es\/wp-json\/wp\/v2\/comments?post=563278"}],"version-history":[{"count":1,"href":"https:\/\/www.medellin.gov.co\/es\/wp-json\/wp\/v2\/posts\/563278\/revisions"}],"predecessor-version":[{"id":563300,"href":"https:\/\/www.medellin.gov.co\/es\/wp-json\/wp\/v2\/posts\/563278\/revisions\/563300"}],"wp:featuredmedia":[{"embeddable":true,"href":"https:\/\/www.medellin.gov.co\/es\/wp-json\/wp\/v2\/media\/563289"}],"wp:attachment":[{"href":"https:\/\/www.medellin.gov.co\/es\/wp-json\/wp\/v2\/media?parent=563278"}],"wp:term":[{"taxonomy":"category","embeddable":true,"href":"https:\/\/www.medellin.gov.co\/es\/wp-json\/wp\/v2\/categories?post=563278"},{"taxonomy":"post_tag","embeddable":true,"href":"https:\/\/www.medellin.gov.co\/es\/wp-json\/wp\/v2\/tags?post=563278"},{"taxonomy":"formato_nota","embeddable":true,"href":"https:\/\/www.medellin.gov.co\/es\/wp-json\/wp\/v2\/formato_nota?post=563278"},{"taxonomy":"programas_tax","embeddable":true,"href":"https:\/\/www.medellin.gov.co\/es\/wp-json\/wp\/v2\/programas_tax?post=563278"}],"curies":[{"name":"wp","href":"https:\/\/api.w.org\/{rel}","templated":true}]}}