{"id":563587,"date":"2026-09-01T16:31:20","date_gmt":"2026-09-01T21:31:20","guid":{"rendered":"https:\/\/www.medellin.gov.co\/es\/?p=563587"},"modified":"2026-09-01T16:31:20","modified_gmt":"2026-09-01T21:31:20","slug":"la-alcaldia-de-medellin-rehabilito-minidistrito-de-riego-en-san-sebastian-de-palmitas-y-beneficio-a-33-productores","status":"publish","type":"post","link":"https:\/\/www.medellin.gov.co\/es\/sala-de-prensa\/noticias\/la-alcaldia-de-medellin-rehabilito-minidistrito-de-riego-en-san-sebastian-de-palmitas-y-beneficio-a-33-productores\/","title":{"rendered":"La Alcald\u00eda de Medell\u00edn rehabilit\u00f3 minidistrito de riego en San Sebasti\u00e1n de Palmitas y benefici\u00f3 a 33 productores"},"content":{"rendered":"<ul>\n<li>La recuperaci\u00f3n de la infraestructura permitir\u00e1 hacer un uso m\u00e1s eficiente y racional del agua para el riego de los cultivos.<\/li>\n<li>La obra, realizada en la vereda La Suiza, recuper\u00f3 una infraestructura afectada por un derrumbe.<\/li>\n<\/ul>\n<!--[if lt IE 9]><script>document.createElement('audio');<\/script><![endif]-->\n\t<div class=\"wp-playlist wp-audio-playlist wp-playlist-light\">\n\t\t\t<div class=\"wp-playlist-current-item\"><\/div>\n\t\t<audio controls=\"controls\" preload=\"none\" width=\"640\"\n\t\t\t><\/audio>\n\t<div class=\"wp-playlist-next\"><\/div>\n\t<div class=\"wp-playlist-prev\"><\/div>\n\t<noscript>\n\t<ol>\n\t\t<li><a href='https:\/\/www.medellin.gov.co\/es\/wp-content\/uploads\/2026\/09\/Declaraciones-secretaria-de-Desarrollo-Economico-Maria-Fernanda-Galeano-Rojo.mp3'>Declaraciones secretaria de Desarrollo Econ\u00f3mico, Maria Fernanda Galeano Rojo<\/a><\/li><li><a href='https:\/\/www.medellin.gov.co\/es\/wp-content\/uploads\/2026\/09\/Declaraciones-Cesar-Ortiz-productor-de-la-vereda-La-Suiza.mp3'>Declaraciones C\u00e9sar Ortiz, productor de la vereda La Suiza<\/a><\/li>\t<\/ol>\n\t<\/noscript>\n\t<script type=\"application\/json\" class=\"wp-playlist-script\">{\"type\":\"audio\",\"tracklist\":true,\"tracknumbers\":true,\"images\":true,\"artists\":true,\"tracks\":[{\"src\":\"https:\\\/\\\/www.medellin.gov.co\\\/es\\\/wp-content\\\/uploads\\\/2026\\\/09\\\/Declaraciones-secretaria-de-Desarrollo-Economico-Maria-Fernanda-Galeano-Rojo.mp3\",\"type\":\"audio\\\/mpeg\",\"title\":\"Declaraciones secretaria de Desarrollo Econ\\u00f3mico, Maria Fernanda Galeano Rojo\",\"caption\":\"\",\"description\":\"\\u00abDeclaraciones secretaria de Desarrollo Econ\\u00f3mico, Maria Fernanda Galeano Rojo\\u00bb. G\\u00e9nero: Blues.\",\"meta\":{\"genre\":\"Blues\",\"length_formatted\":\"0:32\"},\"image\":{\"src\":\"https:\\\/\\\/www.medellin.gov.co\\\/es\\\/wp-includes\\\/images\\\/media\\\/audio.png\",\"width\":48,\"height\":64},\"thumb\":{\"src\":\"https:\\\/\\\/www.medellin.gov.co\\\/es\\\/wp-includes\\\/images\\\/media\\\/audio.png\",\"width\":48,\"height\":64}},{\"src\":\"https:\\\/\\\/www.medellin.gov.co\\\/es\\\/wp-content\\\/uploads\\\/2026\\\/09\\\/Declaraciones-Cesar-Ortiz-productor-de-la-vereda-La-Suiza.mp3\",\"type\":\"audio\\\/mpeg\",\"title\":\"Declaraciones C\\u00e9sar Ortiz, productor de la vereda La Suiza\",\"caption\":\"\",\"description\":\"\\u00abDeclaraciones C\\u00e9sar Ortiz, productor de la vereda La Suiza\\u00bb. G\\u00e9nero: Blues.\",\"meta\":{\"genre\":\"Blues\",\"length_formatted\":\"0:27\"},\"image\":{\"src\":\"https:\\\/\\\/www.medellin.gov.co\\\/es\\\/wp-includes\\\/images\\\/media\\\/audio.png\",\"width\":48,\"height\":64},\"thumb\":{\"src\":\"https:\\\/\\\/www.medellin.gov.co\\\/es\\\/wp-includes\\\/images\\\/media\\\/audio.png\",\"width\":48,\"height\":64}}]}<\/script>\n<\/div>\n\t\n<p><a href=\"https:\/\/www.instagram.com\/alcaldiademed\/\" target=\"_blank\" rel=\"noopener\">La Alcald\u00eda de Medell\u00edn<\/a> rehabilit\u00f3 el minidistrito de riego de la vereda La Suiza, en el corregimiento de San Sebasti\u00e1n de Palmitas, una infraestructura que hab\u00eda quedado afectada tras un derrumbe ocurrido hace m\u00e1s de siete a\u00f1os.<\/p>\n\n\t\t<style type=\"text\/css\">\n\t\t\t#gallery-1 {\n\t\t\t\tmargin: auto;\n\t\t\t}\n\t\t\t#gallery-1 .gallery-item {\n\t\t\t\tfloat: left;\n\t\t\t\tmargin-top: 10px;\n\t\t\t\ttext-align: center;\n\t\t\t\twidth: 50%;\n\t\t\t}\n\t\t\t#gallery-1 img {\n\t\t\t\tborder: 2px solid #cfcfcf;\n\t\t\t}\n\t\t\t#gallery-1 .gallery-caption {\n\t\t\t\tmargin-left: 0;\n\t\t\t}\n\t\t\t\/* see gallery_shortcode() in wp-includes\/media.php *\/\n\t\t<\/style>\n\t\t<div id='gallery-1' class='gallery galleryid-563587 gallery-columns-2 gallery-size-full'><dl class='gallery-item'>\n\t\t\t<dt class='gallery-icon landscape'>\n\t\t\t\t<a href='https:\/\/www.medellin.gov.co\/es\/sala-de-prensa\/noticias\/la-alcaldia-de-medellin-rehabilito-minidistrito-de-riego-en-san-sebastian-de-palmitas-y-beneficio-a-33-productores\/imagen-alcaldia-de-medellin-rehabilito-minidistrito-de-riego-en-san-sebastian-de-palmitas-5\/'><img width=\"1133\" height=\"850\" src=\"https:\/\/www.medellin.gov.co\/es\/wp-content\/uploads\/2026\/09\/Imagen-Alcaldia-de-Medellin-rehabilito-minidistrito-de-riego-en-San-Sebastian-de-Palmitas-5.jpg\" class=\"attachment-full size-full\" alt=\"Imagen Alcald\u00eda de Medell\u00edn rehabilit\u00f3 minidistrito de riego en San Sebasti\u00e1n de Palmitas (1)\" loading=\"lazy\" srcset=\"https:\/\/www.medellin.gov.co\/es\/wp-content\/uploads\/2026\/09\/Imagen-Alcaldia-de-Medellin-rehabilito-minidistrito-de-riego-en-San-Sebastian-de-Palmitas-5.jpg 1133w, https:\/\/www.medellin.gov.co\/es\/wp-content\/uploads\/2026\/09\/Imagen-Alcaldia-de-Medellin-rehabilito-minidistrito-de-riego-en-San-Sebastian-de-Palmitas-5-300x225.jpg 300w, https:\/\/www.medellin.gov.co\/es\/wp-content\/uploads\/2026\/09\/Imagen-Alcaldia-de-Medellin-rehabilito-minidistrito-de-riego-en-San-Sebastian-de-Palmitas-5-1024x768.jpg 1024w, https:\/\/www.medellin.gov.co\/es\/wp-content\/uploads\/2026\/09\/Imagen-Alcaldia-de-Medellin-rehabilito-minidistrito-de-riego-en-San-Sebastian-de-Palmitas-5-150x113.jpg 150w, https:\/\/www.medellin.gov.co\/es\/wp-content\/uploads\/2026\/09\/Imagen-Alcaldia-de-Medellin-rehabilito-minidistrito-de-riego-en-San-Sebastian-de-Palmitas-5-768x576.jpg 768w\" sizes=\"(max-width: 1133px) 100vw, 1133px\" \/><\/a>\n\t\t\t<\/dt><\/dl><dl class='gallery-item'>\n\t\t\t<dt class='gallery-icon landscape'>\n\t\t\t\t<a href='https:\/\/www.medellin.gov.co\/es\/sala-de-prensa\/noticias\/la-alcaldia-de-medellin-rehabilito-minidistrito-de-riego-en-san-sebastian-de-palmitas-y-beneficio-a-33-productores\/imagen-alcaldia-de-medellin-rehabilito-minidistrito-de-riego-en-san-sebastian-de-palmitas-1\/'><img width=\"1133\" height=\"850\" src=\"https:\/\/www.medellin.gov.co\/es\/wp-content\/uploads\/2026\/09\/Imagen-Alcaldia-de-Medellin-rehabilito-minidistrito-de-riego-en-San-Sebastian-de-Palmitas-1.jpg\" class=\"attachment-full size-full\" alt=\"Imagen Alcald\u00eda de Medell\u00edn rehabilit\u00f3 minidistrito de riego en San Sebasti\u00e1n de Palmitas (1)\" loading=\"lazy\" srcset=\"https:\/\/www.medellin.gov.co\/es\/wp-content\/uploads\/2026\/09\/Imagen-Alcaldia-de-Medellin-rehabilito-minidistrito-de-riego-en-San-Sebastian-de-Palmitas-1.jpg 1133w, https:\/\/www.medellin.gov.co\/es\/wp-content\/uploads\/2026\/09\/Imagen-Alcaldia-de-Medellin-rehabilito-minidistrito-de-riego-en-San-Sebastian-de-Palmitas-1-300x225.jpg 300w, https:\/\/www.medellin.gov.co\/es\/wp-content\/uploads\/2026\/09\/Imagen-Alcaldia-de-Medellin-rehabilito-minidistrito-de-riego-en-San-Sebastian-de-Palmitas-1-1024x768.jpg 1024w, https:\/\/www.medellin.gov.co\/es\/wp-content\/uploads\/2026\/09\/Imagen-Alcaldia-de-Medellin-rehabilito-minidistrito-de-riego-en-San-Sebastian-de-Palmitas-1-150x113.jpg 150w, https:\/\/www.medellin.gov.co\/es\/wp-content\/uploads\/2026\/09\/Imagen-Alcaldia-de-Medellin-rehabilito-minidistrito-de-riego-en-San-Sebastian-de-Palmitas-1-768x576.jpg 768w\" sizes=\"(max-width: 1133px) 100vw, 1133px\" \/><\/a>\n\t\t\t<\/dt><\/dl><br style=\"clear: both\" \/>\n\t\t<\/div>\n\n<p>Las obras incluyeron la recuperaci\u00f3n de la estructura que permite tomar el agua, la adecuaci\u00f3n del tramo que la conduce hasta el desarenador y labores de limpieza, excavaci\u00f3n, construcci\u00f3n e instalaci\u00f3n de elementos necesarios para su funcionamiento. La rehabilitaci\u00f3n de la bocatoma permitir\u00e1 mejorar el uso eficiente y racional del recurso h\u00eddrico en este sector, al garantizar el suministro de agua para los sistemas de riego implementados en los predios beneficiarios.<\/p>\n<p>\u201cCon la entrega de este minidistrito de riego le devolvemos la tranquilidad y el agua a 33 familias campesinas de La Suiza que esperaron m\u00e1s de siete a\u00f1os por esta soluci\u00f3n. Esta intervenci\u00f3n contribuir\u00e1 a mantener la producci\u00f3n agr\u00edcola, fortalecer la seguridad alimentaria en el Distrito de Medell\u00edn y generar ingresos para las familias que dependen de estas actividades productivas\u201d, dijo la secretaria de Desarrollo Econ\u00f3mico, Maria Fernanda Galeano Rojo.<\/p>\n<p>Con la recuperaci\u00f3n de esta infraestructura, los productores rurales de esta zona cuentan con mejores condiciones para el desarrollo de sus actividades agr\u00edcolas y el aprovechamiento del recurso h\u00eddrico disponible para sus cultivos.<\/p>\n\n\t\t<style type=\"text\/css\">\n\t\t\t#gallery-2 {\n\t\t\t\tmargin: auto;\n\t\t\t}\n\t\t\t#gallery-2 .gallery-item {\n\t\t\t\tfloat: left;\n\t\t\t\tmargin-top: 10px;\n\t\t\t\ttext-align: center;\n\t\t\t\twidth: 50%;\n\t\t\t}\n\t\t\t#gallery-2 img {\n\t\t\t\tborder: 2px solid #cfcfcf;\n\t\t\t}\n\t\t\t#gallery-2 .gallery-caption {\n\t\t\t\tmargin-left: 0;\n\t\t\t}\n\t\t\t\/* see gallery_shortcode() in wp-includes\/media.php *\/\n\t\t<\/style>\n\t\t<div id='gallery-2' class='gallery galleryid-563587 gallery-columns-2 gallery-size-full'><dl class='gallery-item'>\n\t\t\t<dt class='gallery-icon landscape'>\n\t\t\t\t<a href='https:\/\/www.medellin.gov.co\/es\/sala-de-prensa\/noticias\/la-alcaldia-de-medellin-rehabilito-minidistrito-de-riego-en-san-sebastian-de-palmitas-y-beneficio-a-33-productores\/imagen-alcaldia-de-medellin-rehabilito-minidistrito-de-riego-en-san-sebastian-de-palmitas-4\/'><img width=\"1133\" height=\"850\" src=\"https:\/\/www.medellin.gov.co\/es\/wp-content\/uploads\/2026\/09\/Imagen-Alcaldia-de-Medellin-rehabilito-minidistrito-de-riego-en-San-Sebastian-de-Palmitas-4.jpg\" class=\"attachment-full size-full\" alt=\"Imagen Alcald\u00eda de Medell\u00edn rehabilit\u00f3 minidistrito de riego en San Sebasti\u00e1n de Palmitas (6)\" loading=\"lazy\" srcset=\"https:\/\/www.medellin.gov.co\/es\/wp-content\/uploads\/2026\/09\/Imagen-Alcaldia-de-Medellin-rehabilito-minidistrito-de-riego-en-San-Sebastian-de-Palmitas-4.jpg 1133w, https:\/\/www.medellin.gov.co\/es\/wp-content\/uploads\/2026\/09\/Imagen-Alcaldia-de-Medellin-rehabilito-minidistrito-de-riego-en-San-Sebastian-de-Palmitas-4-300x225.jpg 300w, https:\/\/www.medellin.gov.co\/es\/wp-content\/uploads\/2026\/09\/Imagen-Alcaldia-de-Medellin-rehabilito-minidistrito-de-riego-en-San-Sebastian-de-Palmitas-4-1024x768.jpg 1024w, https:\/\/www.medellin.gov.co\/es\/wp-content\/uploads\/2026\/09\/Imagen-Alcaldia-de-Medellin-rehabilito-minidistrito-de-riego-en-San-Sebastian-de-Palmitas-4-150x113.jpg 150w, https:\/\/www.medellin.gov.co\/es\/wp-content\/uploads\/2026\/09\/Imagen-Alcaldia-de-Medellin-rehabilito-minidistrito-de-riego-en-San-Sebastian-de-Palmitas-4-768x576.jpg 768w\" sizes=\"(max-width: 1133px) 100vw, 1133px\" \/><\/a>\n\t\t\t<\/dt><\/dl><dl class='gallery-item'>\n\t\t\t<dt class='gallery-icon landscape'>\n\t\t\t\t<a href='https:\/\/www.medellin.gov.co\/es\/sala-de-prensa\/noticias\/la-alcaldia-de-medellin-rehabilito-minidistrito-de-riego-en-san-sebastian-de-palmitas-y-beneficio-a-33-productores\/imagen-alcaldia-de-medellin-rehabilito-minidistrito-de-riego-en-san-sebastian-de-palmitas-6\/'><img width=\"1133\" height=\"850\" src=\"https:\/\/www.medellin.gov.co\/es\/wp-content\/uploads\/2026\/09\/Imagen-Alcaldia-de-Medellin-rehabilito-minidistrito-de-riego-en-San-Sebastian-de-Palmitas-6.jpg\" class=\"attachment-full size-full\" alt=\"Imagen Alcald\u00eda de Medell\u00edn rehabilit\u00f3 minidistrito de riego en San Sebasti\u00e1n de Palmitas (6)\" loading=\"lazy\" srcset=\"https:\/\/www.medellin.gov.co\/es\/wp-content\/uploads\/2026\/09\/Imagen-Alcaldia-de-Medellin-rehabilito-minidistrito-de-riego-en-San-Sebastian-de-Palmitas-6.jpg 1133w, https:\/\/www.medellin.gov.co\/es\/wp-content\/uploads\/2026\/09\/Imagen-Alcaldia-de-Medellin-rehabilito-minidistrito-de-riego-en-San-Sebastian-de-Palmitas-6-300x225.jpg 300w, https:\/\/www.medellin.gov.co\/es\/wp-content\/uploads\/2026\/09\/Imagen-Alcaldia-de-Medellin-rehabilito-minidistrito-de-riego-en-San-Sebastian-de-Palmitas-6-1024x768.jpg 1024w, https:\/\/www.medellin.gov.co\/es\/wp-content\/uploads\/2026\/09\/Imagen-Alcaldia-de-Medellin-rehabilito-minidistrito-de-riego-en-San-Sebastian-de-Palmitas-6-150x113.jpg 150w, https:\/\/www.medellin.gov.co\/es\/wp-content\/uploads\/2026\/09\/Imagen-Alcaldia-de-Medellin-rehabilito-minidistrito-de-riego-en-San-Sebastian-de-Palmitas-6-768x576.jpg 768w\" sizes=\"(max-width: 1133px) 100vw, 1133px\" \/><\/a>\n\t\t\t<\/dt><\/dl><br style=\"clear: both\" \/>\n\t\t<\/div>\n\n<p>\u201cGracias a mi Dios y por parte de la Alcald\u00eda que nos puso la ag\u00fcita de riego, porque est\u00e1bamos sufriendo mucho. Ya podemos tener los cultivos tranquilos, sembrar de todo lo que queramos. Porque tuvimos siete a\u00f1os, cuando se vino la monta\u00f1a arriba, que sufrimos mucho por falta de la ag\u00fcita. Estamos muy contentos\u201d, indic\u00f3 C\u00e9sar Ortiz, productor de la vereda La Suiza.\u00a0 La obra tuvo una inversi\u00f3n superior a los $358 millones y se ejecut\u00f3 en el marco del proyecto \u201cFortalecimiento de la infraestructura de producci\u00f3n del sector agropecuario\u201d, del Programa Agropecuario Distrital (PAD) 2024\u20132027.<\/p>\n<p>Adem\u00e1s, la ejecuci\u00f3n gener\u00f3 oportunidades de empleo en el territorio: el 55 % de la mano de obra contratada fue local, vinculando a habitantes de la zona al desarrollo de la obra. Con esta intervenci\u00f3n, la Alcald\u00eda de Medell\u00edn recuper\u00f3 una infraestructura necesaria para la actividad agropecuaria de La Suiza y atendi\u00f3 una necesidad prioritaria de sus productores, lo que demuestra su compromiso por generar mejores condiciones para los territorios rurales de la ciudad.<\/p>\n","protected":false},"excerpt":{"rendered":"<p>La recuperaci\u00f3n de la infraestructura permitir\u00e1 hacer un uso m\u00e1s eficiente y racional del agua para el riego de los cultivos. La obra, realizada en la vereda La Suiza, recuper\u00f3 una infraestructura afectada por un &#8230;<\/p>\n","protected":false},"author":95,"featured_media":563612,"comment_status":"open","ping_status":"open","sticky":false,"template":"","format":"standard","meta":[],"categories":[3],"tags":[455],"formato_nota":[],"programas_tax":[],"acf":[],"_links":{"self":[{"href":"https:\/\/www.medellin.gov.co\/es\/wp-json\/wp\/v2\/posts\/563587"}],"collection":[{"href":"https:\/\/www.medellin.gov.co\/es\/wp-json\/wp\/v2\/posts"}],"about":[{"href":"https:\/\/www.medellin.gov.co\/es\/wp-json\/wp\/v2\/types\/post"}],"author":[{"embeddable":true,"href":"https:\/\/www.medellin.gov.co\/es\/wp-json\/wp\/v2\/users\/95"}],"replies":[{"embeddable":true,"href":"https:\/\/www.medellin.gov.co\/es\/wp-json\/wp\/v2\/comments?post=563587"}],"version-history":[{"count":1,"href":"https:\/\/www.medellin.gov.co\/es\/wp-json\/wp\/v2\/posts\/563587\/revisions"}],"predecessor-version":[{"id":563619,"href":"https:\/\/www.medellin.gov.co\/es\/wp-json\/wp\/v2\/posts\/563587\/revisions\/563619"}],"wp:featuredmedia":[{"embeddable":true,"href":"https:\/\/www.medellin.gov.co\/es\/wp-json\/wp\/v2\/media\/563612"}],"wp:attachment":[{"href":"https:\/\/www.medellin.gov.co\/es\/wp-json\/wp\/v2\/media?parent=563587"}],"wp:term":[{"taxonomy":"category","embeddable":true,"href":"https:\/\/www.medellin.gov.co\/es\/wp-json\/wp\/v2\/categories?post=563587"},{"taxonomy":"post_tag","embeddable":true,"href":"https:\/\/www.medellin.gov.co\/es\/wp-json\/wp\/v2\/tags?post=563587"},{"taxonomy":"formato_nota","embeddable":true,"href":"https:\/\/www.medellin.gov.co\/es\/wp-json\/wp\/v2\/formato_nota?post=563587"},{"taxonomy":"programas_tax","embeddable":true,"href":"https:\/\/www.medellin.gov.co\/es\/wp-json\/wp\/v2\/programas_tax?post=563587"}],"curies":[{"name":"wp","href":"https:\/\/api.w.org\/{rel}","templated":true}]}}