{"id":563621,"date":"2026-09-01T16:37:10","date_gmt":"2026-09-01T21:37:10","guid":{"rendered":"https:\/\/www.medellin.gov.co\/es\/?p=563621"},"modified":"2026-09-01T16:37:10","modified_gmt":"2026-09-01T21:37:10","slug":"medellin-y-turquia-consolidan-cooperacion-para-fortalecer-la-atencion-integral-de-las-ninas-y-los-ninos-en-san-antonio-de-prado","status":"publish","type":"post","link":"https:\/\/www.medellin.gov.co\/es\/sala-de-prensa\/noticias\/medellin-y-turquia-consolidan-cooperacion-para-fortalecer-la-atencion-integral-de-las-ninas-y-los-ninos-en-san-antonio-de-prado\/","title":{"rendered":"Medell\u00edn y Turqu\u00eda consolidan cooperaci\u00f3n para fortalecer la atenci\u00f3n integral de las ni\u00f1as y los ni\u00f1os en San Antonio de Prado"},"content":{"rendered":"<ul>\n<li>Equipos de nivel industrial se adecuar\u00e1n en la zona de alimentaci\u00f3n del jard\u00edn infantil San Antonio de Prado.<\/li>\n<li>Esto fortalece las capacidades para la preparaci\u00f3n y conservaci\u00f3n de alimentos.<\/li>\n<li>La agenda institucional incluy\u00f3 la donaci\u00f3n de 100 kits escolares y una actividad de intercambio cultural con universitarios turcos.<\/li>\n<\/ul>\n<!--[if lt IE 9]><script>document.createElement('audio');<\/script><![endif]-->\n\t<div class=\"wp-playlist wp-audio-playlist wp-playlist-light\">\n\t\t\t<div class=\"wp-playlist-current-item\"><\/div>\n\t\t<audio controls=\"controls\" preload=\"none\" width=\"640\"\n\t\t\t><\/audio>\n\t<div class=\"wp-playlist-next\"><\/div>\n\t<div class=\"wp-playlist-prev\"><\/div>\n\t<noscript>\n\t<ol>\n\t\t<li><a href='https:\/\/www.medellin.gov.co\/es\/wp-content\/uploads\/2026\/09\/Declaraciones-director-de-Cooperacion-de-ACI-Medellin-Miguel-Betancur.mp3'>Declaraciones director de Cooperaci\u00f3n de ACI Medell\u00edn, Miguel Betancur<\/a><\/li><li><a href='https:\/\/www.medellin.gov.co\/es\/wp-content\/uploads\/2026\/09\/Declaraciones-directora-de-Buen-Comienzo-Diana-Carmona.mp3'>Declaraciones directora de Buen Comienzo, Diana Carmona<\/a><\/li>\t<\/ol>\n\t<\/noscript>\n\t<script type=\"application\/json\" class=\"wp-playlist-script\">{\"type\":\"audio\",\"tracklist\":true,\"tracknumbers\":true,\"images\":true,\"artists\":true,\"tracks\":[{\"src\":\"https:\\\/\\\/www.medellin.gov.co\\\/es\\\/wp-content\\\/uploads\\\/2026\\\/09\\\/Declaraciones-director-de-Cooperacion-de-ACI-Medellin-Miguel-Betancur.mp3\",\"type\":\"audio\\\/mpeg\",\"title\":\"Declaraciones director de Cooperaci\\u00f3n de ACI Medell\\u00edn, Miguel Betancur\",\"caption\":\"\",\"description\":\"\\u00abDeclaraciones director de Cooperaci\\u00f3n de ACI Medell\\u00edn, Miguel Betancur\\u00bb. G\\u00e9nero: Blues.\",\"meta\":{\"genre\":\"Blues\",\"length_formatted\":\"0:37\"},\"image\":{\"src\":\"https:\\\/\\\/www.medellin.gov.co\\\/es\\\/wp-includes\\\/images\\\/media\\\/audio.png\",\"width\":48,\"height\":64},\"thumb\":{\"src\":\"https:\\\/\\\/www.medellin.gov.co\\\/es\\\/wp-includes\\\/images\\\/media\\\/audio.png\",\"width\":48,\"height\":64}},{\"src\":\"https:\\\/\\\/www.medellin.gov.co\\\/es\\\/wp-content\\\/uploads\\\/2026\\\/09\\\/Declaraciones-directora-de-Buen-Comienzo-Diana-Carmona.mp3\",\"type\":\"audio\\\/mpeg\",\"title\":\"Declaraciones directora de Buen Comienzo, Diana Carmona\",\"caption\":\"\",\"description\":\"\\u00abDeclaraciones directora de Buen Comienzo, Diana Carmona\\u00bb. G\\u00e9nero: Blues.\",\"meta\":{\"genre\":\"Blues\",\"length_formatted\":\"0:48\"},\"image\":{\"src\":\"https:\\\/\\\/www.medellin.gov.co\\\/es\\\/wp-includes\\\/images\\\/media\\\/audio.png\",\"width\":48,\"height\":64},\"thumb\":{\"src\":\"https:\\\/\\\/www.medellin.gov.co\\\/es\\\/wp-includes\\\/images\\\/media\\\/audio.png\",\"width\":48,\"height\":64}}]}<\/script>\n<\/div>\n\t\n<p>El <a href=\"https:\/\/www.instagram.com\/alcaldiademed\/\" target=\"_blank\" rel=\"noopener\">Distrito<\/a> oficializ\u00f3 la puesta en marcha del proyecto de fortalecimiento y modernizaci\u00f3n del servicio de alimentaci\u00f3n del jard\u00edn infantil San Antonio de Prado, en articulaci\u00f3n con la Agencia Turca de Cooperaci\u00f3n y Coordinaci\u00f3n -T\u0130KA-.<\/p>\n<p>La iniciativa que se encuentra en fase de ejecuci\u00f3n y seguimiento t\u00e9cnico, contempla la adecuaci\u00f3n f\u00edsica del espacio y la incorporaci\u00f3n de equipos de cocina industrial para preparaci\u00f3n, refrigeraci\u00f3n, almacenamiento y utensilios especializados. Asimismo, se capacitar\u00e1 al personal responsable del servicio de alimentaci\u00f3n para garantizar el uso adecuado y eficiente de los nuevos equipos.<\/p>\n\n\t\t<style type=\"text\/css\">\n\t\t\t#gallery-1 {\n\t\t\t\tmargin: auto;\n\t\t\t}\n\t\t\t#gallery-1 .gallery-item {\n\t\t\t\tfloat: left;\n\t\t\t\tmargin-top: 10px;\n\t\t\t\ttext-align: center;\n\t\t\t\twidth: 50%;\n\t\t\t}\n\t\t\t#gallery-1 img {\n\t\t\t\tborder: 2px solid #cfcfcf;\n\t\t\t}\n\t\t\t#gallery-1 .gallery-caption {\n\t\t\t\tmargin-left: 0;\n\t\t\t}\n\t\t\t\/* see gallery_shortcode() in wp-includes\/media.php *\/\n\t\t<\/style>\n\t\t<div id='gallery-1' class='gallery galleryid-563621 gallery-columns-2 gallery-size-full'><dl class='gallery-item'>\n\t\t\t<dt class='gallery-icon landscape'>\n\t\t\t\t<a href='https:\/\/www.medellin.gov.co\/es\/sala-de-prensa\/noticias\/medellin-y-turquia-consolidan-cooperacion-para-fortalecer-la-atencion-integral-de-las-ninas-y-los-ninos-en-san-antonio-de-prado\/imagen-medellin-y-turquia-cooperan-para-fortalecer-atencion-integral-de-las-ninas-y-los-ninos-en-san-antonio-de-prado-2\/'><img width=\"1276\" height=\"850\" src=\"https:\/\/www.medellin.gov.co\/es\/wp-content\/uploads\/2026\/09\/Imagen-Medellin-y-Turquia-cooperan-para-fortalecer-atencion-integral-de-las-ninas-y-los-ninos-en-San-Antonio-de-Prado-2.jpg\" class=\"attachment-full size-full\" alt=\"Imagen Medell\u00edn y Turqu\u00eda cooperan para fortalecer atenci\u00f3n integral de las ni\u00f1as y los ni\u00f1os en San Antonio de Prado (3)\" loading=\"lazy\" srcset=\"https:\/\/www.medellin.gov.co\/es\/wp-content\/uploads\/2026\/09\/Imagen-Medellin-y-Turquia-cooperan-para-fortalecer-atencion-integral-de-las-ninas-y-los-ninos-en-San-Antonio-de-Prado-2.jpg 1276w, https:\/\/www.medellin.gov.co\/es\/wp-content\/uploads\/2026\/09\/Imagen-Medellin-y-Turquia-cooperan-para-fortalecer-atencion-integral-de-las-ninas-y-los-ninos-en-San-Antonio-de-Prado-2-300x200.jpg 300w, https:\/\/www.medellin.gov.co\/es\/wp-content\/uploads\/2026\/09\/Imagen-Medellin-y-Turquia-cooperan-para-fortalecer-atencion-integral-de-las-ninas-y-los-ninos-en-San-Antonio-de-Prado-2-1024x682.jpg 1024w, https:\/\/www.medellin.gov.co\/es\/wp-content\/uploads\/2026\/09\/Imagen-Medellin-y-Turquia-cooperan-para-fortalecer-atencion-integral-de-las-ninas-y-los-ninos-en-San-Antonio-de-Prado-2-150x100.jpg 150w, https:\/\/www.medellin.gov.co\/es\/wp-content\/uploads\/2026\/09\/Imagen-Medellin-y-Turquia-cooperan-para-fortalecer-atencion-integral-de-las-ninas-y-los-ninos-en-San-Antonio-de-Prado-2-768x512.jpg 768w\" sizes=\"(max-width: 1276px) 100vw, 1276px\" \/><\/a>\n\t\t\t<\/dt><\/dl><dl class='gallery-item'>\n\t\t\t<dt class='gallery-icon landscape'>\n\t\t\t\t<a href='https:\/\/www.medellin.gov.co\/es\/sala-de-prensa\/noticias\/medellin-y-turquia-consolidan-cooperacion-para-fortalecer-la-atencion-integral-de-las-ninas-y-los-ninos-en-san-antonio-de-prado\/imagen-medellin-y-turquia-cooperan-para-fortalecer-atencion-integral-de-las-ninas-y-los-ninos-en-san-antonio-de-prado-3\/'><img width=\"1276\" height=\"850\" src=\"https:\/\/www.medellin.gov.co\/es\/wp-content\/uploads\/2026\/09\/Imagen-Medellin-y-Turquia-cooperan-para-fortalecer-atencion-integral-de-las-ninas-y-los-ninos-en-San-Antonio-de-Prado-3.jpg\" class=\"attachment-full size-full\" alt=\"Imagen Medell\u00edn y Turqu\u00eda cooperan para fortalecer atenci\u00f3n integral de las ni\u00f1as y los ni\u00f1os en San Antonio de Prado (3)\" loading=\"lazy\" srcset=\"https:\/\/www.medellin.gov.co\/es\/wp-content\/uploads\/2026\/09\/Imagen-Medellin-y-Turquia-cooperan-para-fortalecer-atencion-integral-de-las-ninas-y-los-ninos-en-San-Antonio-de-Prado-3.jpg 1276w, https:\/\/www.medellin.gov.co\/es\/wp-content\/uploads\/2026\/09\/Imagen-Medellin-y-Turquia-cooperan-para-fortalecer-atencion-integral-de-las-ninas-y-los-ninos-en-San-Antonio-de-Prado-3-300x200.jpg 300w, https:\/\/www.medellin.gov.co\/es\/wp-content\/uploads\/2026\/09\/Imagen-Medellin-y-Turquia-cooperan-para-fortalecer-atencion-integral-de-las-ninas-y-los-ninos-en-San-Antonio-de-Prado-3-1024x682.jpg 1024w, https:\/\/www.medellin.gov.co\/es\/wp-content\/uploads\/2026\/09\/Imagen-Medellin-y-Turquia-cooperan-para-fortalecer-atencion-integral-de-las-ninas-y-los-ninos-en-San-Antonio-de-Prado-3-150x100.jpg 150w, https:\/\/www.medellin.gov.co\/es\/wp-content\/uploads\/2026\/09\/Imagen-Medellin-y-Turquia-cooperan-para-fortalecer-atencion-integral-de-las-ninas-y-los-ninos-en-San-Antonio-de-Prado-3-768x512.jpg 768w\" sizes=\"(max-width: 1276px) 100vw, 1276px\" \/><\/a>\n\t\t\t<\/dt><\/dl><br style=\"clear: both\" \/>\n\t\t<\/div>\n\n<p>La nueva dotaci\u00f3n permitir\u00e1 ampliar las capacidades de almacenamiento y preparaci\u00f3n de alimentos en el jard\u00edn infantil, donde actualmente se atiende a 320 ni\u00f1as y ni\u00f1os. La incorporaci\u00f3n de estos equipos posibilita una mayor eficiencia en la preparaci\u00f3n de las raciones y un menor consumo de recursos en la operaci\u00f3n diaria de esta y otras sedes cercanas. Adicionalmente, esta iniciativa fortalece la red de atenci\u00f3n del territorio, donde se beneficia a m\u00e1s de 800 menores vinculados a los centros infantiles Acomp\u00e1\u00f1ame a Ser Feliz, Horizontes y Constructores de Sue\u00f1os.\u00a0 \u201cLa cooperaci\u00f3n internacional cobra verdadero valor cuando se traduce en bienestar para las personas.<\/p>\n<p>Gracias a esta alianza con la agencia T\u0130KA, fortalecemos la alimentaci\u00f3n y el cuidado de ni\u00f1as y ni\u00f1os de San Antonio de Prado, contribuyendo a que crezcan con mejores oportunidades. Ese es el prop\u00f3sito de la cooperaci\u00f3n que promovemos desde ACI Medell\u00edn: generar beneficios reales para las comunidades y los territorios\u201d, se\u00f1al\u00f3 el director de Cooperaci\u00f3n de ACI Medell\u00edn, Miguel Betancur.<\/p>\n\n\t\t<style type=\"text\/css\">\n\t\t\t#gallery-2 {\n\t\t\t\tmargin: auto;\n\t\t\t}\n\t\t\t#gallery-2 .gallery-item {\n\t\t\t\tfloat: left;\n\t\t\t\tmargin-top: 10px;\n\t\t\t\ttext-align: center;\n\t\t\t\twidth: 50%;\n\t\t\t}\n\t\t\t#gallery-2 img {\n\t\t\t\tborder: 2px solid #cfcfcf;\n\t\t\t}\n\t\t\t#gallery-2 .gallery-caption {\n\t\t\t\tmargin-left: 0;\n\t\t\t}\n\t\t\t\/* see gallery_shortcode() in wp-includes\/media.php *\/\n\t\t<\/style>\n\t\t<div id='gallery-2' class='gallery galleryid-563621 gallery-columns-2 gallery-size-full'><dl class='gallery-item'>\n\t\t\t<dt class='gallery-icon landscape'>\n\t\t\t\t<a href='https:\/\/www.medellin.gov.co\/es\/sala-de-prensa\/noticias\/medellin-y-turquia-consolidan-cooperacion-para-fortalecer-la-atencion-integral-de-las-ninas-y-los-ninos-en-san-antonio-de-prado\/imagen-medellin-y-turquia-cooperan-para-fortalecer-atencion-integral-de-las-ninas-y-los-ninos-en-san-antonio-de-prado-5\/'><img width=\"1276\" height=\"850\" src=\"https:\/\/www.medellin.gov.co\/es\/wp-content\/uploads\/2026\/09\/Imagen-Medellin-y-Turquia-cooperan-para-fortalecer-atencion-integral-de-las-ninas-y-los-ninos-en-San-Antonio-de-Prado-5.jpg\" class=\"attachment-full size-full\" alt=\"Imagen Medell\u00edn y Turqu\u00eda cooperan para fortalecer atenci\u00f3n integral de las ni\u00f1as y los ni\u00f1os en San Antonio de Prado (5)\" loading=\"lazy\" srcset=\"https:\/\/www.medellin.gov.co\/es\/wp-content\/uploads\/2026\/09\/Imagen-Medellin-y-Turquia-cooperan-para-fortalecer-atencion-integral-de-las-ninas-y-los-ninos-en-San-Antonio-de-Prado-5.jpg 1276w, https:\/\/www.medellin.gov.co\/es\/wp-content\/uploads\/2026\/09\/Imagen-Medellin-y-Turquia-cooperan-para-fortalecer-atencion-integral-de-las-ninas-y-los-ninos-en-San-Antonio-de-Prado-5-300x200.jpg 300w, https:\/\/www.medellin.gov.co\/es\/wp-content\/uploads\/2026\/09\/Imagen-Medellin-y-Turquia-cooperan-para-fortalecer-atencion-integral-de-las-ninas-y-los-ninos-en-San-Antonio-de-Prado-5-1024x682.jpg 1024w, https:\/\/www.medellin.gov.co\/es\/wp-content\/uploads\/2026\/09\/Imagen-Medellin-y-Turquia-cooperan-para-fortalecer-atencion-integral-de-las-ninas-y-los-ninos-en-San-Antonio-de-Prado-5-150x100.jpg 150w, https:\/\/www.medellin.gov.co\/es\/wp-content\/uploads\/2026\/09\/Imagen-Medellin-y-Turquia-cooperan-para-fortalecer-atencion-integral-de-las-ninas-y-los-ninos-en-San-Antonio-de-Prado-5-768x512.jpg 768w\" sizes=\"(max-width: 1276px) 100vw, 1276px\" \/><\/a>\n\t\t\t<\/dt><\/dl><dl class='gallery-item'>\n\t\t\t<dt class='gallery-icon landscape'>\n\t\t\t\t<a href='https:\/\/www.medellin.gov.co\/es\/sala-de-prensa\/noticias\/medellin-y-turquia-consolidan-cooperacion-para-fortalecer-la-atencion-integral-de-las-ninas-y-los-ninos-en-san-antonio-de-prado\/imagen-medellin-y-turquia-cooperan-para-fortalecer-atencion-integral-de-las-ninas-y-los-ninos-en-san-antonio-de-prado-4\/'><img width=\"1276\" height=\"850\" src=\"https:\/\/www.medellin.gov.co\/es\/wp-content\/uploads\/2026\/09\/Imagen-Medellin-y-Turquia-cooperan-para-fortalecer-atencion-integral-de-las-ninas-y-los-ninos-en-San-Antonio-de-Prado-4.jpg\" class=\"attachment-full size-full\" alt=\"Imagen Medell\u00edn y Turqu\u00eda cooperan para fortalecer atenci\u00f3n integral de las ni\u00f1as y los ni\u00f1os en San Antonio de Prado (5)\" loading=\"lazy\" srcset=\"https:\/\/www.medellin.gov.co\/es\/wp-content\/uploads\/2026\/09\/Imagen-Medellin-y-Turquia-cooperan-para-fortalecer-atencion-integral-de-las-ninas-y-los-ninos-en-San-Antonio-de-Prado-4.jpg 1276w, https:\/\/www.medellin.gov.co\/es\/wp-content\/uploads\/2026\/09\/Imagen-Medellin-y-Turquia-cooperan-para-fortalecer-atencion-integral-de-las-ninas-y-los-ninos-en-San-Antonio-de-Prado-4-300x200.jpg 300w, https:\/\/www.medellin.gov.co\/es\/wp-content\/uploads\/2026\/09\/Imagen-Medellin-y-Turquia-cooperan-para-fortalecer-atencion-integral-de-las-ninas-y-los-ninos-en-San-Antonio-de-Prado-4-1024x682.jpg 1024w, https:\/\/www.medellin.gov.co\/es\/wp-content\/uploads\/2026\/09\/Imagen-Medellin-y-Turquia-cooperan-para-fortalecer-atencion-integral-de-las-ninas-y-los-ninos-en-San-Antonio-de-Prado-4-150x100.jpg 150w, https:\/\/www.medellin.gov.co\/es\/wp-content\/uploads\/2026\/09\/Imagen-Medellin-y-Turquia-cooperan-para-fortalecer-atencion-integral-de-las-ninas-y-los-ninos-en-San-Antonio-de-Prado-4-768x512.jpg 768w\" sizes=\"(max-width: 1276px) 100vw, 1276px\" \/><\/a>\n\t\t\t<\/dt><\/dl><br style=\"clear: both\" \/>\n\t\t<\/div>\n\n<p>Por su parte, la directora de Buen Comienzo, Diana Carmona, dijo: \u201cGracias a la articulaci\u00f3n con la Agencia Turca de Cooperaci\u00f3n y Coordinaci\u00f3n -TIKA-, logramos fortalecer el servicio de alimentaci\u00f3n en el Jard\u00edn Infantil San Antonio de Prado, con la dotaci\u00f3n de utensilios de cocina, ollas, refrigeradores, congeladores, hornos y dem\u00e1s equipos que nos ayudan a seguir fortaleciendo el servicio y la entrega de las raciones diarias de las ni\u00f1as y ni\u00f1os. Con esta alianza seguimos trabajando en el prop\u00f3sito de tener seguridad alimentaria para nuestras ni\u00f1as y ni\u00f1os en jardines y centros infantiles, donde reciben entre el 70 % y el 80 % de sus requerimientos diarios\u201d.<\/p>\n<p>La oficializaci\u00f3n del proyecto coincidi\u00f3 con la visita a Medell\u00edn de una delegaci\u00f3n t\u00e9cnica de Turqu\u00eda encabezada por el director de la Oficina de T\u0130KA en Colombia, Ahmed Faruk Mu\u015ftako\u011flu, junto con 17 estudiantes universitarios participantes del programa global de intercambio Tecr\u00fcbe Payla\u015f\u0131m Program\u0131 -TPP-. Durante la jornada, realizada en el barrio El Limonar I, el grupo entreg\u00f3 100 kits escolares y comparti\u00f3 con las ni\u00f1as y los ni\u00f1os la elaboraci\u00f3n de un mural.<\/p>\n","protected":false},"excerpt":{"rendered":"<p>Equipos de nivel industrial se adecuar\u00e1n en la zona de alimentaci\u00f3n del jard\u00edn infantil San Antonio de Prado. Esto fortalece las capacidades para la preparaci\u00f3n y conservaci\u00f3n de alimentos. La agenda institucional incluy\u00f3 la donaci\u00f3n &#8230;<\/p>\n","protected":false},"author":95,"featured_media":563632,"comment_status":"open","ping_status":"open","sticky":false,"template":"","format":"standard","meta":[],"categories":[747],"tags":[634],"formato_nota":[],"programas_tax":[],"acf":[],"_links":{"self":[{"href":"https:\/\/www.medellin.gov.co\/es\/wp-json\/wp\/v2\/posts\/563621"}],"collection":[{"href":"https:\/\/www.medellin.gov.co\/es\/wp-json\/wp\/v2\/posts"}],"about":[{"href":"https:\/\/www.medellin.gov.co\/es\/wp-json\/wp\/v2\/types\/post"}],"author":[{"embeddable":true,"href":"https:\/\/www.medellin.gov.co\/es\/wp-json\/wp\/v2\/users\/95"}],"replies":[{"embeddable":true,"href":"https:\/\/www.medellin.gov.co\/es\/wp-json\/wp\/v2\/comments?post=563621"}],"version-history":[{"count":1,"href":"https:\/\/www.medellin.gov.co\/es\/wp-json\/wp\/v2\/posts\/563621\/revisions"}],"predecessor-version":[{"id":563639,"href":"https:\/\/www.medellin.gov.co\/es\/wp-json\/wp\/v2\/posts\/563621\/revisions\/563639"}],"wp:featuredmedia":[{"embeddable":true,"href":"https:\/\/www.medellin.gov.co\/es\/wp-json\/wp\/v2\/media\/563632"}],"wp:attachment":[{"href":"https:\/\/www.medellin.gov.co\/es\/wp-json\/wp\/v2\/media?parent=563621"}],"wp:term":[{"taxonomy":"category","embeddable":true,"href":"https:\/\/www.medellin.gov.co\/es\/wp-json\/wp\/v2\/categories?post=563621"},{"taxonomy":"post_tag","embeddable":true,"href":"https:\/\/www.medellin.gov.co\/es\/wp-json\/wp\/v2\/tags?post=563621"},{"taxonomy":"formato_nota","embeddable":true,"href":"https:\/\/www.medellin.gov.co\/es\/wp-json\/wp\/v2\/formato_nota?post=563621"},{"taxonomy":"programas_tax","embeddable":true,"href":"https:\/\/www.medellin.gov.co\/es\/wp-json\/wp\/v2\/programas_tax?post=563621"}],"curies":[{"name":"wp","href":"https:\/\/api.w.org\/{rel}","templated":true}]}}