{"id":563642,"date":"2026-09-01T16:41:55","date_gmt":"2026-09-01T21:41:55","guid":{"rendered":"https:\/\/www.medellin.gov.co\/es\/?p=563642"},"modified":"2026-09-01T16:41:55","modified_gmt":"2026-09-01T21:41:55","slug":"estudiante-del-itm-desarrolla-bicicleta-electrica-de-bajo-costo-y-alta-resistencia-adaptada-a-la-topografia-de-medellin","status":"publish","type":"post","link":"https:\/\/www.medellin.gov.co\/es\/sala-de-prensa\/noticias\/estudiante-del-itm-desarrolla-bicicleta-electrica-de-bajo-costo-y-alta-resistencia-adaptada-a-la-topografia-de-medellin\/","title":{"rendered":"Estudiante del ITM desarrolla bicicleta el\u00e9ctrica de bajo costo y alta resistencia adaptada a la topograf\u00eda de Medell\u00edn"},"content":{"rendered":"<ul>\n<li>Mateo Gonz\u00e1lez, de 23 a\u00f1os, dise\u00f1\u00f3 y fabric\u00f3 una bicicleta el\u00e9ctrica urbana optimizada para las exigencias viales y condiciones geogr\u00e1ficas de la ciudad.<\/li>\n<li>A trav\u00e9s de su marca, el joven genera cuatro empleos directos y cuenta con el acompa\u00f1amiento del Centro de Emprendimiento e Innovaci\u00f3n del ITM para potenciar su modelo de negocio.<\/li>\n<\/ul>\n<!--[if lt IE 9]><script>document.createElement('audio');<\/script><![endif]-->\n\t<div class=\"wp-playlist wp-audio-playlist wp-playlist-light\">\n\t\t\t<div class=\"wp-playlist-current-item\"><\/div>\n\t\t<audio controls=\"controls\" preload=\"none\" width=\"640\"\n\t\t\t><\/audio>\n\t<div class=\"wp-playlist-next\"><\/div>\n\t<div class=\"wp-playlist-prev\"><\/div>\n\t<noscript>\n\t<ol>\n\t\t<li><a href='https:\/\/www.medellin.gov.co\/es\/wp-content\/uploads\/2026\/09\/Declaraciones-emprendedor-Mateo-Bonolly-Gonzalez.mp3'>Declaraciones emprendedor, Mateo Bonolly Gonz\u00e1lez<\/a><\/li><li><a href='https:\/\/www.medellin.gov.co\/es\/wp-content\/uploads\/2026\/09\/Declaraciones-docente-del-Departamento-de-Diseno-del-ITM-Andres-Felipe-Montoya.mp3'>Declaraciones docente del Departamento de Dise\u00f1o del ITM, Andr\u00e9s Felipe Montoya<\/a><\/li>\t<\/ol>\n\t<\/noscript>\n\t<script type=\"application\/json\" class=\"wp-playlist-script\">{\"type\":\"audio\",\"tracklist\":true,\"tracknumbers\":true,\"images\":true,\"artists\":true,\"tracks\":[{\"src\":\"https:\\\/\\\/www.medellin.gov.co\\\/es\\\/wp-content\\\/uploads\\\/2026\\\/09\\\/Declaraciones-emprendedor-Mateo-Bonolly-Gonzalez.mp3\",\"type\":\"audio\\\/mpeg\",\"title\":\"Declaraciones emprendedor, Mateo Bonolly Gonz\\u00e1lez\",\"caption\":\"\",\"description\":\"\\u00abDeclaraciones emprendedor, Mateo Bonolly Gonz\\u00e1lez\\u00bb. G\\u00e9nero: Blues.\",\"meta\":{\"genre\":\"Blues\",\"length_formatted\":\"0:53\"},\"image\":{\"src\":\"https:\\\/\\\/www.medellin.gov.co\\\/es\\\/wp-includes\\\/images\\\/media\\\/audio.png\",\"width\":48,\"height\":64},\"thumb\":{\"src\":\"https:\\\/\\\/www.medellin.gov.co\\\/es\\\/wp-includes\\\/images\\\/media\\\/audio.png\",\"width\":48,\"height\":64}},{\"src\":\"https:\\\/\\\/www.medellin.gov.co\\\/es\\\/wp-content\\\/uploads\\\/2026\\\/09\\\/Declaraciones-docente-del-Departamento-de-Diseno-del-ITM-Andres-Felipe-Montoya.mp3\",\"type\":\"audio\\\/mpeg\",\"title\":\"Declaraciones docente del Departamento de Dise\\u00f1o del ITM, Andr\\u00e9s Felipe Montoya\",\"caption\":\"\",\"description\":\"\\u00abDeclaraciones docente del Departamento de Dise\\u00f1o del ITM, Andr\\u00e9s Felipe Montoya\\u00bb. G\\u00e9nero: Blues.\",\"meta\":{\"genre\":\"Blues\",\"length_formatted\":\"0:57\"},\"image\":{\"src\":\"https:\\\/\\\/www.medellin.gov.co\\\/es\\\/wp-includes\\\/images\\\/media\\\/audio.png\",\"width\":48,\"height\":64},\"thumb\":{\"src\":\"https:\\\/\\\/www.medellin.gov.co\\\/es\\\/wp-includes\\\/images\\\/media\\\/audio.png\",\"width\":48,\"height\":64}}]}<\/script>\n<\/div>\n\t\n<p>La pasi\u00f3n por las dos ruedas y el ingenio para solucionar los retos de la movilidad urbana se fusionaron en el garaje familiar donde, a los 19 a\u00f1os, Mateo Bonolly Gonz\u00e1lez comenz\u00f3 a dar sus primeros pasos como emprendedor.<\/p>\n<p>Hoy, a sus 23 y como estudiante de Ingenier\u00eda de Dise\u00f1o Industrial de la Instituci\u00f3n Universitaria ITM, ha transformado su vocaci\u00f3n en una propuesta tangible: una bicicleta el\u00e9ctrica de bajo costo dise\u00f1ada para responder a la topograf\u00eda y a las din\u00e1micas del tr\u00e1nsito de <a href=\"https:\/\/www.instagram.com\/alcaldiademed\/\" target=\"_blank\" rel=\"noopener\">Medell\u00edn<\/a> y el \u00e1rea metropolitana. Heredero de la tradici\u00f3n metal\u00fargica de su abuelo y del esp\u00edritu deportivo de su padre, Mateo desarroll\u00f3 una estructura optimizada que busca la mayor resistencia mec\u00e1nica con la menor cantidad posible de material.<\/p>\n<p><img loading=\"lazy\" class=\"alignnone wp-image-563647 size-full\" title=\"Estudiante del ITM desarrolla bicicleta el\u00e9ctrica de bajo costo\" src=\"https:\/\/www.medellin.gov.co\/es\/wp-content\/uploads\/2026\/09\/Imagen-estudiante-del-ITM-desarrolla-bicicleta-electrica-de-bajo-costo-2.jpg\" alt=\"Imagen estudiante del ITM desarrolla bicicleta el\u00e9ctrica de bajo costo (2)\" width=\"1280\" height=\"718\" srcset=\"https:\/\/www.medellin.gov.co\/es\/wp-content\/uploads\/2026\/09\/Imagen-estudiante-del-ITM-desarrolla-bicicleta-electrica-de-bajo-costo-2.jpg 1280w, https:\/\/www.medellin.gov.co\/es\/wp-content\/uploads\/2026\/09\/Imagen-estudiante-del-ITM-desarrolla-bicicleta-electrica-de-bajo-costo-2-300x168.jpg 300w, https:\/\/www.medellin.gov.co\/es\/wp-content\/uploads\/2026\/09\/Imagen-estudiante-del-ITM-desarrolla-bicicleta-electrica-de-bajo-costo-2-1024x574.jpg 1024w, https:\/\/www.medellin.gov.co\/es\/wp-content\/uploads\/2026\/09\/Imagen-estudiante-del-ITM-desarrolla-bicicleta-electrica-de-bajo-costo-2-150x84.jpg 150w, https:\/\/www.medellin.gov.co\/es\/wp-content\/uploads\/2026\/09\/Imagen-estudiante-del-ITM-desarrolla-bicicleta-electrica-de-bajo-costo-2-768x431.jpg 768w\" sizes=\"(max-width: 1280px) 100vw, 1280px\" \/><\/p>\n<p>En su investigaci\u00f3n tom\u00f3 como caso de estudio el corredor vial de la avenida Las Vegas, en el tramo entre San Juan y Viva Envigado, para adaptar las especificaciones mec\u00e1nicas del veh\u00edculo a la infraestructura existente y garantizar un desempe\u00f1o seguro y eficiente. Las condiciones propias de la capa asf\u00e1ltica que cubre las calles de Medell\u00edn y una flota de casi un mill\u00f3n de veh\u00edculos en circulaci\u00f3n diaria (seg\u00fan datos de la Secretar\u00eda de Movilidad) obliga a los ciclistas a realizar maniobras evasivas bruscas. Por ello, el dise\u00f1o del cuadro concebido por el estudiante previene fallas por fuerzas torsionales o retorcimiento en momentos de impacto, protegiendo la integridad del usuario.<\/p>\n<p>\u201cMe motiva profundamente ver que las personas utilicen las bicicletas de manera funcional en su rutina diaria. Emprender, para m\u00ed, significa generar un impacto positivo en la calidad de vida de la ciudad, ayudando a los usuarios a optimizar su tiempo y economizar dinero, dos beneficios que la bicicleta integra a la perfecci\u00f3n\u201d, afirm\u00f3 Mateo Bonolly Gonz\u00e1lez.<\/p>\n<p>El proyecto no solo representa una t\u00e9cnica alternativa de transporte, sino un modelo de desarrollo econ\u00f3mico local. Actualmente, la iniciativa de Mateo genera cuatro empleos directos y aspira a consolidarse como una alternativa de movilidad limpia que aporte a la disminuci\u00f3n del tr\u00e1fico y de la contaminaci\u00f3n ambiental. \u201cLa iniciativa de Mateo impacta positivamente frentes clave como la movilidad sostenible y el desarrollo urbano.<\/p>\n<p><img loading=\"lazy\" class=\"alignnone wp-image-563643 size-full\" title=\"Estudiante del ITM desarrolla bicicleta el\u00e9ctrica de bajo costo\" src=\"https:\/\/www.medellin.gov.co\/es\/wp-content\/uploads\/2026\/09\/Imagen-estudiante-del-ITM-desarrolla-bicicleta-electrica-de-bajo-costo-3.jpg\" alt=\"Imagen estudiante del ITM desarrolla bicicleta el\u00e9ctrica de bajo costo (3)\" width=\"1280\" height=\"718\" srcset=\"https:\/\/www.medellin.gov.co\/es\/wp-content\/uploads\/2026\/09\/Imagen-estudiante-del-ITM-desarrolla-bicicleta-electrica-de-bajo-costo-3.jpg 1280w, https:\/\/www.medellin.gov.co\/es\/wp-content\/uploads\/2026\/09\/Imagen-estudiante-del-ITM-desarrolla-bicicleta-electrica-de-bajo-costo-3-300x168.jpg 300w, https:\/\/www.medellin.gov.co\/es\/wp-content\/uploads\/2026\/09\/Imagen-estudiante-del-ITM-desarrolla-bicicleta-electrica-de-bajo-costo-3-1024x574.jpg 1024w, https:\/\/www.medellin.gov.co\/es\/wp-content\/uploads\/2026\/09\/Imagen-estudiante-del-ITM-desarrolla-bicicleta-electrica-de-bajo-costo-3-150x84.jpg 150w, https:\/\/www.medellin.gov.co\/es\/wp-content\/uploads\/2026\/09\/Imagen-estudiante-del-ITM-desarrolla-bicicleta-electrica-de-bajo-costo-3-768x431.jpg 768w\" sizes=\"(max-width: 1280px) 100vw, 1280px\" \/><\/p>\n<p>Desde la mec\u00e1nica y el dise\u00f1o de producto, se trata de una soluci\u00f3n enfocada en la fabricaci\u00f3n eficiente y de bajo costo. Como instituci\u00f3n, contamos con programas dirigidos a resolver problem\u00e1ticas del entorno y disponemos de mecanismos internos para escalar este tipo de ideas hacia el sector comercial\u201d, destac\u00f3 el docente Andr\u00e9s Felipe Montoya, del Departamento de Dise\u00f1o del ITM.<\/p>\n<p>Para contribuir con esta visi\u00f3n empresarial, Mateo cuenta con el respaldo del Centro de Emprendimiento e Innovaci\u00f3n del ITM, \u00e1rea que lo acompa\u00f1a en la estructuraci\u00f3n de la propuesta de valor, formalizaci\u00f3n, normatividad, finanzas y estrategias de mercadeo. Su meta es expandir la producci\u00f3n para ofrecer soluciones de transporte accesibles a un n\u00famero cada vez mayor de ciudadanos.<\/p>\n","protected":false},"excerpt":{"rendered":"<p>Mateo Gonz\u00e1lez, de 23 a\u00f1os, dise\u00f1\u00f3 y fabric\u00f3 una bicicleta el\u00e9ctrica urbana optimizada para las exigencias viales y condiciones geogr\u00e1ficas de la ciudad. A trav\u00e9s de su marca, el joven genera cuatro empleos directos y &#8230;<\/p>\n","protected":false},"author":95,"featured_media":563644,"comment_status":"open","ping_status":"open","sticky":false,"template":"","format":"standard","meta":[],"categories":[747],"tags":[634],"formato_nota":[],"programas_tax":[],"acf":[],"_links":{"self":[{"href":"https:\/\/www.medellin.gov.co\/es\/wp-json\/wp\/v2\/posts\/563642"}],"collection":[{"href":"https:\/\/www.medellin.gov.co\/es\/wp-json\/wp\/v2\/posts"}],"about":[{"href":"https:\/\/www.medellin.gov.co\/es\/wp-json\/wp\/v2\/types\/post"}],"author":[{"embeddable":true,"href":"https:\/\/www.medellin.gov.co\/es\/wp-json\/wp\/v2\/users\/95"}],"replies":[{"embeddable":true,"href":"https:\/\/www.medellin.gov.co\/es\/wp-json\/wp\/v2\/comments?post=563642"}],"version-history":[{"count":1,"href":"https:\/\/www.medellin.gov.co\/es\/wp-json\/wp\/v2\/posts\/563642\/revisions"}],"predecessor-version":[{"id":563652,"href":"https:\/\/www.medellin.gov.co\/es\/wp-json\/wp\/v2\/posts\/563642\/revisions\/563652"}],"wp:featuredmedia":[{"embeddable":true,"href":"https:\/\/www.medellin.gov.co\/es\/wp-json\/wp\/v2\/media\/563644"}],"wp:attachment":[{"href":"https:\/\/www.medellin.gov.co\/es\/wp-json\/wp\/v2\/media?parent=563642"}],"wp:term":[{"taxonomy":"category","embeddable":true,"href":"https:\/\/www.medellin.gov.co\/es\/wp-json\/wp\/v2\/categories?post=563642"},{"taxonomy":"post_tag","embeddable":true,"href":"https:\/\/www.medellin.gov.co\/es\/wp-json\/wp\/v2\/tags?post=563642"},{"taxonomy":"formato_nota","embeddable":true,"href":"https:\/\/www.medellin.gov.co\/es\/wp-json\/wp\/v2\/formato_nota?post=563642"},{"taxonomy":"programas_tax","embeddable":true,"href":"https:\/\/www.medellin.gov.co\/es\/wp-json\/wp\/v2\/programas_tax?post=563642"}],"curies":[{"name":"wp","href":"https:\/\/api.w.org\/{rel}","templated":true}]}}