{"id":563654,"date":"2026-09-01T16:46:42","date_gmt":"2026-09-01T21:46:42","guid":{"rendered":"https:\/\/www.medellin.gov.co\/es\/?p=563654"},"modified":"2026-09-01T16:46:42","modified_gmt":"2026-09-01T21:46:42","slug":"el-aeropuerto-olaya-herrera-celebra-el-mes-del-patrimonio-con-una-programacion-para-conectar-con-la-historia-la-cultura-y-el-bienestar","status":"publish","type":"post","link":"https:\/\/www.medellin.gov.co\/es\/sala-de-prensa\/noticias\/el-aeropuerto-olaya-herrera-celebra-el-mes-del-patrimonio-con-una-programacion-para-conectar-con-la-historia-la-cultura-y-el-bienestar\/","title":{"rendered":"El aeropuerto Olaya Herrera celebra el Mes del Patrimonio con una programaci\u00f3n para conectar con la historia, la cultura y el bienestar"},"content":{"rendered":"<ul>\n<li>Habr\u00e1 recorridos, exposiciones, tango, yoga y una milonga especial para destacar su valor hist\u00f3rico y cultural.<\/li>\n<li>Los viernes 11 y 25 de septiembre, a las 2:30 p. m., se realizar\u00e1n recorridos express con inscripci\u00f3n previa para conocer la historia del aeropuerto.<\/li>\n<li>La Milonga Aires de Gardel llegar\u00e1 al hall principal el 19 de septiembre, a las 2:30 p. m., en alianza con el programa Memoria y Patrimonio del Distrito.<\/li>\n<\/ul>\n<!--[if lt IE 9]><script>document.createElement('audio');<\/script><![endif]-->\n\t<div class=\"wp-playlist wp-audio-playlist wp-playlist-light\">\n\t\t\t<div class=\"wp-playlist-current-item\"><\/div>\n\t\t<audio controls=\"controls\" preload=\"none\" width=\"640\"\n\t\t\t><\/audio>\n\t<div class=\"wp-playlist-next\"><\/div>\n\t<div class=\"wp-playlist-prev\"><\/div>\n\t<noscript>\n\t<ol>\n\t\t<li><a href='https:\/\/www.medellin.gov.co\/es\/wp-content\/uploads\/2026\/09\/Declaraciones-gerente-del-Establecimiento-Publico-Aeropuerto-Olaya-Herrera-Doris-Elena-Montoya-Perez.mp3'>Declaraciones gerente del Establecimiento P\u00fablico Aeropuerto Olaya Herrera, Doris Elena Montoya P\u00e9rez<\/a><\/li>\t<\/ol>\n\t<\/noscript>\n\t<script type=\"application\/json\" class=\"wp-playlist-script\">{\"type\":\"audio\",\"tracklist\":true,\"tracknumbers\":true,\"images\":true,\"artists\":true,\"tracks\":[{\"src\":\"https:\\\/\\\/www.medellin.gov.co\\\/es\\\/wp-content\\\/uploads\\\/2026\\\/09\\\/Declaraciones-gerente-del-Establecimiento-Publico-Aeropuerto-Olaya-Herrera-Doris-Elena-Montoya-Perez.mp3\",\"type\":\"audio\\\/mpeg\",\"title\":\"Declaraciones gerente del Establecimiento P\\u00fablico Aeropuerto Olaya Herrera, Doris Elena Montoya P\\u00e9rez\",\"caption\":\"\",\"description\":\"\\u00abDeclaraciones gerente del Establecimiento P\\u00fablico Aeropuerto Olaya Herrera, Doris Elena Montoya P\\u00e9rez\\u00bb. G\\u00e9nero: Blues.\",\"meta\":{\"genre\":\"Blues\",\"length_formatted\":\"0:49\"},\"image\":{\"src\":\"https:\\\/\\\/www.medellin.gov.co\\\/es\\\/wp-includes\\\/images\\\/media\\\/audio.png\",\"width\":48,\"height\":64},\"thumb\":{\"src\":\"https:\\\/\\\/www.medellin.gov.co\\\/es\\\/wp-includes\\\/images\\\/media\\\/audio.png\",\"width\":48,\"height\":64}}]}<\/script>\n<\/div>\n\t\n<p>Durante septiembre, el aeropuerto Olaya Herrera se sumar\u00e1 a la conmemoraci\u00f3n del Mes del Patrimonio con una agenda que busca destacar el valor hist\u00f3rico, cultural y arquitect\u00f3nico de uno de los lugares m\u00e1s emblem\u00e1ticos de <a href=\"https:\/\/www.instagram.com\/alcaldiademed\/\" target=\"_blank\" rel=\"noopener\">Medell\u00edn<\/a>.<\/p>\n<p>Declarado Bien de Inter\u00e9s Cultural de la Naci\u00f3n en 2008 y pr\u00f3ximo a cumplir 95 a\u00f1os, este aeropuerto se ha consolidado como un referente patrimonial y un s\u00edmbolo de la evoluci\u00f3n econ\u00f3mica, social y cultural. A lo largo de m\u00e1s de nueve d\u00e9cadas, ha sido punto de encuentro para miles de viajeros, escenario de acontecimientos que marcaron la vida de Medell\u00edn y testigo de su transformaci\u00f3n.<\/p>\n<p><img loading=\"lazy\" class=\"alignnone wp-image-563661 size-full\" title=\"Aeropuerto Olaya Herrera celebra el Mes del Patrimonio\" src=\"https:\/\/www.medellin.gov.co\/es\/wp-content\/uploads\/2026\/09\/Imagen-Aeropuerto-Olaya-Herrera-celebra-el-Mes-del-Patrimonio-1.jpg\" alt=\"Imagen Aeropuerto Olaya Herrera celebra el Mes del Patrimonio (1)\" width=\"1133\" height=\"850\" srcset=\"https:\/\/www.medellin.gov.co\/es\/wp-content\/uploads\/2026\/09\/Imagen-Aeropuerto-Olaya-Herrera-celebra-el-Mes-del-Patrimonio-1.jpg 1133w, https:\/\/www.medellin.gov.co\/es\/wp-content\/uploads\/2026\/09\/Imagen-Aeropuerto-Olaya-Herrera-celebra-el-Mes-del-Patrimonio-1-300x225.jpg 300w, https:\/\/www.medellin.gov.co\/es\/wp-content\/uploads\/2026\/09\/Imagen-Aeropuerto-Olaya-Herrera-celebra-el-Mes-del-Patrimonio-1-1024x768.jpg 1024w, https:\/\/www.medellin.gov.co\/es\/wp-content\/uploads\/2026\/09\/Imagen-Aeropuerto-Olaya-Herrera-celebra-el-Mes-del-Patrimonio-1-150x113.jpg 150w, https:\/\/www.medellin.gov.co\/es\/wp-content\/uploads\/2026\/09\/Imagen-Aeropuerto-Olaya-Herrera-celebra-el-Mes-del-Patrimonio-1-768x576.jpg 768w\" sizes=\"(max-width: 1133px) 100vw, 1133px\" \/><\/p>\n<p>\u201cInvitamos a toda la ciudadan\u00eda a sumarse a la celebraci\u00f3n del Mes del Patrimonio en el aeropuerto Olaya Herrera, un espacio que hace parte de la historia y la identidad de Medell\u00edn. Queremos que los ciudadanos participen en los recorridos, conversatorios y actividades culturales, y sigan construyendo memoria alrededor de un patrimonio que nos pertenece a todos\u201d, destac\u00f3 la gerente del Establecimiento P\u00fablico Aeropuerto Olaya Herrera, Doris Elena Montoya P\u00e9rez.<\/p>\n<p>Con el prop\u00f3sito de acercar a la ciudadan\u00eda a este patrimonio vivo, el aeropuerto desarrollar\u00e1 diferentes actividades abiertas al p\u00fablico durante todo el mes, promoviendo el conocimiento de su historia, la apropiaci\u00f3n de sus espacios y el fortalecimiento de la memoria colectiva. Uno de los eventos centrales ser\u00e1 la Milonga Aires de Gardel, que se realizar\u00e1 el s\u00e1bado 19 de septiembre, a las 2:30 p. m., en el hall principal.<\/p>\n<p><img loading=\"lazy\" class=\"alignnone wp-image-563657 size-full\" title=\"Aeropuerto Olaya Herrera celebra el Mes del Patrimonio\" src=\"https:\/\/www.medellin.gov.co\/es\/wp-content\/uploads\/2026\/09\/Imagen-Aeropuerto-Olaya-Herrera-celebra-el-Mes-del-Patrimonio-3.jpg\" alt=\"Imagen Aeropuerto Olaya Herrera celebra el Mes del Patrimonio (3)\" width=\"1133\" height=\"850\" srcset=\"https:\/\/www.medellin.gov.co\/es\/wp-content\/uploads\/2026\/09\/Imagen-Aeropuerto-Olaya-Herrera-celebra-el-Mes-del-Patrimonio-3.jpg 1133w, https:\/\/www.medellin.gov.co\/es\/wp-content\/uploads\/2026\/09\/Imagen-Aeropuerto-Olaya-Herrera-celebra-el-Mes-del-Patrimonio-3-300x225.jpg 300w, https:\/\/www.medellin.gov.co\/es\/wp-content\/uploads\/2026\/09\/Imagen-Aeropuerto-Olaya-Herrera-celebra-el-Mes-del-Patrimonio-3-1024x768.jpg 1024w, https:\/\/www.medellin.gov.co\/es\/wp-content\/uploads\/2026\/09\/Imagen-Aeropuerto-Olaya-Herrera-celebra-el-Mes-del-Patrimonio-3-150x113.jpg 150w, https:\/\/www.medellin.gov.co\/es\/wp-content\/uploads\/2026\/09\/Imagen-Aeropuerto-Olaya-Herrera-celebra-el-Mes-del-Patrimonio-3-768x576.jpg 768w\" sizes=\"(max-width: 1133px) 100vw, 1133px\" \/><\/p>\n<p>La jornada comenzar\u00e1 con un conversatorio sobre patrimonio, un espacio de reflexi\u00f3n en torno a la importancia de conservar y valorar aquellos lugares que hacen parte de la identidad de Medell\u00edn. Posteriormente, el hall se convertir\u00e1 en un escenario para el encuentro ciudadano, la m\u00fasica y el baile. Incluir\u00e1 un coctel para exaltar el tango, una manifestaci\u00f3n ligada a la historia y la identidad local, cuyo reconocimiento como Patrimonio Cultural Inmaterial Distrital est\u00e1 en proceso de definici\u00f3n por parte de las autoridades competentes.\u00a0 La agenda tambi\u00e9n tendr\u00e1 recorridos guiados los viernes 11 y 25 de septiembre, con inscripci\u00f3n previa en <a href=\"https:\/\/forms.cloud.microsoft\/r\/jwAAbhPazn\" target=\"_blank\" rel=\"noopener\">https:\/\/forms.cloud.microsoft\/r\/jwAAbhPazn<\/a>.<\/p>\n<p>Durante estas visitas, los participantes podr\u00e1n conocer la historia del aeropuerto, recorrer espacios significativos de su infraestructura y descubrir los acontecimientos que lo han convertido en un lugar emblem\u00e1tico para varias generaciones.<\/p>\n<p><img loading=\"lazy\" class=\"alignnone wp-image-563656 size-full\" title=\"Aeropuerto Olaya Herrera celebra el Mes del Patrimonio\" src=\"https:\/\/www.medellin.gov.co\/es\/wp-content\/uploads\/2026\/09\/Imagen-Aeropuerto-Olaya-Herrera-celebra-el-Mes-del-Patrimonio-4.jpg\" alt=\"Imagen Aeropuerto Olaya Herrera celebra el Mes del Patrimonio (4)\" width=\"1280\" height=\"720\" srcset=\"https:\/\/www.medellin.gov.co\/es\/wp-content\/uploads\/2026\/09\/Imagen-Aeropuerto-Olaya-Herrera-celebra-el-Mes-del-Patrimonio-4.jpg 1280w, https:\/\/www.medellin.gov.co\/es\/wp-content\/uploads\/2026\/09\/Imagen-Aeropuerto-Olaya-Herrera-celebra-el-Mes-del-Patrimonio-4-300x169.jpg 300w, https:\/\/www.medellin.gov.co\/es\/wp-content\/uploads\/2026\/09\/Imagen-Aeropuerto-Olaya-Herrera-celebra-el-Mes-del-Patrimonio-4-1024x576.jpg 1024w, https:\/\/www.medellin.gov.co\/es\/wp-content\/uploads\/2026\/09\/Imagen-Aeropuerto-Olaya-Herrera-celebra-el-Mes-del-Patrimonio-4-150x84.jpg 150w, https:\/\/www.medellin.gov.co\/es\/wp-content\/uploads\/2026\/09\/Imagen-Aeropuerto-Olaya-Herrera-celebra-el-Mes-del-Patrimonio-4-768x432.jpg 768w\" sizes=\"(max-width: 1280px) 100vw, 1280px\" \/><\/p>\n<p>Como parte de esta programaci\u00f3n, el aeropuerto Olaya Herrera continuar\u00e1 ofreciendo espacios de bienestar para la comunidad, con clases de yoga todos los s\u00e1bados, a las 10:00 a. m., y tango cada s\u00e1bado, a las 2:30 p. m.<\/p>\n","protected":false},"excerpt":{"rendered":"<p>Habr\u00e1 recorridos, exposiciones, tango, yoga y una milonga especial para destacar su valor hist\u00f3rico y cultural. Los viernes 11 y 25 de septiembre, a las 2:30 p. m., se realizar\u00e1n recorridos express con inscripci\u00f3n previa &#8230;<\/p>\n","protected":false},"author":95,"featured_media":563658,"comment_status":"open","ping_status":"open","sticky":false,"template":"","format":"standard","meta":[],"categories":[747],"tags":[634],"formato_nota":[],"programas_tax":[],"acf":[],"_links":{"self":[{"href":"https:\/\/www.medellin.gov.co\/es\/wp-json\/wp\/v2\/posts\/563654"}],"collection":[{"href":"https:\/\/www.medellin.gov.co\/es\/wp-json\/wp\/v2\/posts"}],"about":[{"href":"https:\/\/www.medellin.gov.co\/es\/wp-json\/wp\/v2\/types\/post"}],"author":[{"embeddable":true,"href":"https:\/\/www.medellin.gov.co\/es\/wp-json\/wp\/v2\/users\/95"}],"replies":[{"embeddable":true,"href":"https:\/\/www.medellin.gov.co\/es\/wp-json\/wp\/v2\/comments?post=563654"}],"version-history":[{"count":1,"href":"https:\/\/www.medellin.gov.co\/es\/wp-json\/wp\/v2\/posts\/563654\/revisions"}],"predecessor-version":[{"id":563665,"href":"https:\/\/www.medellin.gov.co\/es\/wp-json\/wp\/v2\/posts\/563654\/revisions\/563665"}],"wp:featuredmedia":[{"embeddable":true,"href":"https:\/\/www.medellin.gov.co\/es\/wp-json\/wp\/v2\/media\/563658"}],"wp:attachment":[{"href":"https:\/\/www.medellin.gov.co\/es\/wp-json\/wp\/v2\/media?parent=563654"}],"wp:term":[{"taxonomy":"category","embeddable":true,"href":"https:\/\/www.medellin.gov.co\/es\/wp-json\/wp\/v2\/categories?post=563654"},{"taxonomy":"post_tag","embeddable":true,"href":"https:\/\/www.medellin.gov.co\/es\/wp-json\/wp\/v2\/tags?post=563654"},{"taxonomy":"formato_nota","embeddable":true,"href":"https:\/\/www.medellin.gov.co\/es\/wp-json\/wp\/v2\/formato_nota?post=563654"},{"taxonomy":"programas_tax","embeddable":true,"href":"https:\/\/www.medellin.gov.co\/es\/wp-json\/wp\/v2\/programas_tax?post=563654"}],"curies":[{"name":"wp","href":"https:\/\/api.w.org\/{rel}","templated":true}]}}