{"id":563667,"date":"2026-09-01T16:52:23","date_gmt":"2026-09-01T21:52:23","guid":{"rendered":"https:\/\/www.medellin.gov.co\/es\/?p=563667"},"modified":"2026-09-01T16:52:23","modified_gmt":"2026-09-01T21:52:23","slug":"medellin-cuenta-por-primera-vez-con-medicion-que-revela-como-viven-y-que-esperan-sus-jovenes","status":"publish","type":"post","link":"https:\/\/www.medellin.gov.co\/es\/sala-de-prensa\/noticias\/medellin-cuenta-por-primera-vez-con-medicion-que-revela-como-viven-y-que-esperan-sus-jovenes\/","title":{"rendered":"Medell\u00edn cuenta por primera vez con medici\u00f3n que revela c\u00f3mo viven y qu\u00e9 esperan sus j\u00f3venes"},"content":{"rendered":"<ul>\n<li>Uno de los principales hallazgos est\u00e1 relacionado con la soledad. Uno de cada cuatro j\u00f3venes manifest\u00f3 sentirse solo y el 22.6 % dijo no tener a qui\u00e9n acudir cuando enfrenta dificultades.<\/li>\n<li>El estudio revela que el 99 % de los j\u00f3venes consultados cree que estar\u00e1 mejor en cinco a\u00f1os y el 88 % considera que la educaci\u00f3n es el camino para alcanzar lo que se propone.<\/li>\n<\/ul>\n<!--[if lt IE 9]><script>document.createElement('audio');<\/script><![endif]-->\n\t<div class=\"wp-playlist wp-audio-playlist wp-playlist-light\">\n\t\t\t<div class=\"wp-playlist-current-item\"><\/div>\n\t\t<audio controls=\"controls\" preload=\"none\" width=\"640\"\n\t\t\t><\/audio>\n\t<div class=\"wp-playlist-next\"><\/div>\n\t<div class=\"wp-playlist-prev\"><\/div>\n\t<noscript>\n\t<ol>\n\t\t<li><a href='https:\/\/www.medellin.gov.co\/es\/wp-content\/uploads\/2026\/09\/Declaraciones-secretario-de-la-Juventud-Ricardo-Jaramillo.mp3'>Declaraciones secretario de la Juventud, Ricardo Jaramillo<\/a><\/li>\t<\/ol>\n\t<\/noscript>\n\t<script type=\"application\/json\" class=\"wp-playlist-script\">{\"type\":\"audio\",\"tracklist\":true,\"tracknumbers\":true,\"images\":true,\"artists\":true,\"tracks\":[{\"src\":\"https:\\\/\\\/www.medellin.gov.co\\\/es\\\/wp-content\\\/uploads\\\/2026\\\/09\\\/Declaraciones-secretario-de-la-Juventud-Ricardo-Jaramillo.mp3\",\"type\":\"audio\\\/mpeg\",\"title\":\"Declaraciones secretario de la Juventud, Ricardo Jaramillo\",\"caption\":\"\",\"description\":\"\\u00abDeclaraciones secretario de la Juventud, Ricardo Jaramillo\\u00bb. G\\u00e9nero: Blues.\",\"meta\":{\"genre\":\"Blues\",\"length_formatted\":\"1:05\"},\"image\":{\"src\":\"https:\\\/\\\/www.medellin.gov.co\\\/es\\\/wp-includes\\\/images\\\/media\\\/audio.png\",\"width\":48,\"height\":64},\"thumb\":{\"src\":\"https:\\\/\\\/www.medellin.gov.co\\\/es\\\/wp-includes\\\/images\\\/media\\\/audio.png\",\"width\":48,\"height\":64}}]}<\/script>\n<\/div>\n\t\n<p><a href=\"https:\/\/www.instagram.com\/alcaldiademed\/\" target=\"_blank\" rel=\"noopener\">La Alcald\u00eda de Medell\u00edn<\/a> y la Universidad Eafit presentaron los resultados de la primera Medici\u00f3n de Bienestar Juvenil, un estudio que recoge la voz de 3.056 j\u00f3venes entre los 14 y 28 a\u00f1os de las 16 comunas y los cinco corregimientos de la ciudad.<\/p>\n<p><img loading=\"lazy\" class=\"alignnone wp-image-563676 size-full\" title=\"Medell\u00edn cuenta con medici\u00f3n c\u00f3mo viven y qu\u00e9 esperan sus j\u00f3venes\" src=\"https:\/\/www.medellin.gov.co\/es\/wp-content\/uploads\/2026\/09\/Imagen-Medellin-cuenta-con-medicion-como-viven-y-que-esperan-sus-jovenes-1.jpg\" alt=\"Imagen Medell\u00edn cuenta con medici\u00f3n c\u00f3mo viven y qu\u00e9 esperan sus j\u00f3venes (1)\" width=\"1276\" height=\"850\" srcset=\"https:\/\/www.medellin.gov.co\/es\/wp-content\/uploads\/2026\/09\/Imagen-Medellin-cuenta-con-medicion-como-viven-y-que-esperan-sus-jovenes-1.jpg 1276w, https:\/\/www.medellin.gov.co\/es\/wp-content\/uploads\/2026\/09\/Imagen-Medellin-cuenta-con-medicion-como-viven-y-que-esperan-sus-jovenes-1-300x200.jpg 300w, https:\/\/www.medellin.gov.co\/es\/wp-content\/uploads\/2026\/09\/Imagen-Medellin-cuenta-con-medicion-como-viven-y-que-esperan-sus-jovenes-1-1024x682.jpg 1024w, https:\/\/www.medellin.gov.co\/es\/wp-content\/uploads\/2026\/09\/Imagen-Medellin-cuenta-con-medicion-como-viven-y-que-esperan-sus-jovenes-1-150x100.jpg 150w, https:\/\/www.medellin.gov.co\/es\/wp-content\/uploads\/2026\/09\/Imagen-Medellin-cuenta-con-medicion-como-viven-y-que-esperan-sus-jovenes-1-768x512.jpg 768w\" sizes=\"(max-width: 1276px) 100vw, 1276px\" \/><\/p>\n<p>La medici\u00f3n permite conocer, con evidencia, c\u00f3mo est\u00e1n los j\u00f3venes en aspectos como educaci\u00f3n, empleo, salud mental, relaciones familiares, participaci\u00f3n, movilidad, cultura, vida digital y condiciones de vida. La informaci\u00f3n se convertir\u00e1 en un insumo para la actualizaci\u00f3n y el seguimiento de la Pol\u00edtica P\u00fablica de Juventud. Uno de los principales hallazgos est\u00e1 relacionado con la soledad.<\/p>\n<p>Uno de cada cuatro j\u00f3venes manifest\u00f3 sentirse solo, el 22.6 % dijo no tener a qui\u00e9n acudir cuando enfrenta dificultades y el 26.5 % perdi\u00f3 contacto con la mayor\u00eda de sus amigos durante el \u00faltimo a\u00f1o. La juventud de Medell\u00edn muestra, adem\u00e1s, una generaci\u00f3n con expectativas positivas. El 99 % cree que estar\u00e1 mejor en cinco a\u00f1os y el 88 % considera que la educaci\u00f3n es el camino para alcanzar lo que se propone. El estudio tambi\u00e9n encontr\u00f3 que tres de cada 10 j\u00f3venes a\u00fan no han tenido su primer empleo, casi la mitad nunca ha participado en actividades c\u00edvicas y seis de cada 10 sienten que existen lugares de la ciudad a los que no pueden acceder.<\/p>\n\n\t\t<style type=\"text\/css\">\n\t\t\t#gallery-1 {\n\t\t\t\tmargin: auto;\n\t\t\t}\n\t\t\t#gallery-1 .gallery-item {\n\t\t\t\tfloat: left;\n\t\t\t\tmargin-top: 10px;\n\t\t\t\ttext-align: center;\n\t\t\t\twidth: 50%;\n\t\t\t}\n\t\t\t#gallery-1 img {\n\t\t\t\tborder: 2px solid #cfcfcf;\n\t\t\t}\n\t\t\t#gallery-1 .gallery-caption {\n\t\t\t\tmargin-left: 0;\n\t\t\t}\n\t\t\t\/* see gallery_shortcode() in wp-includes\/media.php *\/\n\t\t<\/style>\n\t\t<div id='gallery-1' class='gallery galleryid-563667 gallery-columns-2 gallery-size-full'><dl class='gallery-item'>\n\t\t\t<dt class='gallery-icon landscape'>\n\t\t\t\t<a href='https:\/\/www.medellin.gov.co\/es\/sala-de-prensa\/noticias\/medellin-cuenta-por-primera-vez-con-medicion-que-revela-como-viven-y-que-esperan-sus-jovenes\/imagen-medellin-cuenta-con-medicion-como-viven-y-que-esperan-sus-jovenes-4\/'><img width=\"1276\" height=\"850\" src=\"https:\/\/www.medellin.gov.co\/es\/wp-content\/uploads\/2026\/09\/Imagen-Medellin-cuenta-con-medicion-como-viven-y-que-esperan-sus-jovenes-4.jpg\" class=\"attachment-full size-full\" alt=\"Imagen Medell\u00edn cuenta con medici\u00f3n c\u00f3mo viven y qu\u00e9 esperan sus j\u00f3venes (4)\" loading=\"lazy\" srcset=\"https:\/\/www.medellin.gov.co\/es\/wp-content\/uploads\/2026\/09\/Imagen-Medellin-cuenta-con-medicion-como-viven-y-que-esperan-sus-jovenes-4.jpg 1276w, https:\/\/www.medellin.gov.co\/es\/wp-content\/uploads\/2026\/09\/Imagen-Medellin-cuenta-con-medicion-como-viven-y-que-esperan-sus-jovenes-4-300x200.jpg 300w, https:\/\/www.medellin.gov.co\/es\/wp-content\/uploads\/2026\/09\/Imagen-Medellin-cuenta-con-medicion-como-viven-y-que-esperan-sus-jovenes-4-1024x682.jpg 1024w, https:\/\/www.medellin.gov.co\/es\/wp-content\/uploads\/2026\/09\/Imagen-Medellin-cuenta-con-medicion-como-viven-y-que-esperan-sus-jovenes-4-150x100.jpg 150w, https:\/\/www.medellin.gov.co\/es\/wp-content\/uploads\/2026\/09\/Imagen-Medellin-cuenta-con-medicion-como-viven-y-que-esperan-sus-jovenes-4-768x512.jpg 768w\" sizes=\"(max-width: 1276px) 100vw, 1276px\" \/><\/a>\n\t\t\t<\/dt><\/dl><dl class='gallery-item'>\n\t\t\t<dt class='gallery-icon landscape'>\n\t\t\t\t<a href='https:\/\/www.medellin.gov.co\/es\/sala-de-prensa\/noticias\/medellin-cuenta-por-primera-vez-con-medicion-que-revela-como-viven-y-que-esperan-sus-jovenes\/imagen-medellin-cuenta-con-medicion-como-viven-y-que-esperan-sus-jovenes-2\/'><img width=\"1276\" height=\"850\" src=\"https:\/\/www.medellin.gov.co\/es\/wp-content\/uploads\/2026\/09\/Imagen-Medellin-cuenta-con-medicion-como-viven-y-que-esperan-sus-jovenes-2.jpg\" class=\"attachment-full size-full\" alt=\"Imagen Medell\u00edn cuenta con medici\u00f3n c\u00f3mo viven y qu\u00e9 esperan sus j\u00f3venes (4)\" loading=\"lazy\" srcset=\"https:\/\/www.medellin.gov.co\/es\/wp-content\/uploads\/2026\/09\/Imagen-Medellin-cuenta-con-medicion-como-viven-y-que-esperan-sus-jovenes-2.jpg 1276w, https:\/\/www.medellin.gov.co\/es\/wp-content\/uploads\/2026\/09\/Imagen-Medellin-cuenta-con-medicion-como-viven-y-que-esperan-sus-jovenes-2-300x200.jpg 300w, https:\/\/www.medellin.gov.co\/es\/wp-content\/uploads\/2026\/09\/Imagen-Medellin-cuenta-con-medicion-como-viven-y-que-esperan-sus-jovenes-2-1024x682.jpg 1024w, https:\/\/www.medellin.gov.co\/es\/wp-content\/uploads\/2026\/09\/Imagen-Medellin-cuenta-con-medicion-como-viven-y-que-esperan-sus-jovenes-2-150x100.jpg 150w, https:\/\/www.medellin.gov.co\/es\/wp-content\/uploads\/2026\/09\/Imagen-Medellin-cuenta-con-medicion-como-viven-y-que-esperan-sus-jovenes-2-768x512.jpg 768w\" sizes=\"(max-width: 1276px) 100vw, 1276px\" \/><\/a>\n\t\t\t<\/dt><\/dl><br style=\"clear: both\" \/>\n\t\t<\/div>\n\n<p>\u201cLos resultados nos muestran una generaci\u00f3n que cree en su futuro, que conf\u00eda en la educaci\u00f3n y que quiere salir adelante, pero tambi\u00e9n nos alertan sobre desaf\u00edos que no podemos ignorar. Estos hallazgos nos ayudan a orientar mejor nuestras decisiones y a fortalecer programas que promueven el encuentro, la salud mental y la participaci\u00f3n\u201d, dijo el secretario de la Juventud, Ricardo Jaramillo.<\/p>\n<p>Los resultados ser\u00e1n utilizados para orientar las acciones de la Secretar\u00eda de la Juventud y fortalecer programas relacionados con salud mental, participaci\u00f3n, educaci\u00f3n, empleo, cultura y aprovechamiento del tiempo libre, de acuerdo con las necesidades identificadas en cada territorio, as\u00ed como una hoja de ruta para la actualizaci\u00f3n de la Pol\u00edtica P\u00fablica de Juventud.<\/p>\n","protected":false},"excerpt":{"rendered":"<p>Uno de los principales hallazgos est\u00e1 relacionado con la soledad. Uno de cada cuatro j\u00f3venes manifest\u00f3 sentirse solo y el 22.6 % dijo no tener a qui\u00e9n acudir cuando enfrenta dificultades. El estudio revela que &#8230;<\/p>\n","protected":false},"author":95,"featured_media":563671,"comment_status":"open","ping_status":"open","sticky":false,"template":"","format":"standard","meta":[],"categories":[12],"tags":[455],"formato_nota":[],"programas_tax":[],"acf":[],"_links":{"self":[{"href":"https:\/\/www.medellin.gov.co\/es\/wp-json\/wp\/v2\/posts\/563667"}],"collection":[{"href":"https:\/\/www.medellin.gov.co\/es\/wp-json\/wp\/v2\/posts"}],"about":[{"href":"https:\/\/www.medellin.gov.co\/es\/wp-json\/wp\/v2\/types\/post"}],"author":[{"embeddable":true,"href":"https:\/\/www.medellin.gov.co\/es\/wp-json\/wp\/v2\/users\/95"}],"replies":[{"embeddable":true,"href":"https:\/\/www.medellin.gov.co\/es\/wp-json\/wp\/v2\/comments?post=563667"}],"version-history":[{"count":1,"href":"https:\/\/www.medellin.gov.co\/es\/wp-json\/wp\/v2\/posts\/563667\/revisions"}],"predecessor-version":[{"id":563679,"href":"https:\/\/www.medellin.gov.co\/es\/wp-json\/wp\/v2\/posts\/563667\/revisions\/563679"}],"wp:featuredmedia":[{"embeddable":true,"href":"https:\/\/www.medellin.gov.co\/es\/wp-json\/wp\/v2\/media\/563671"}],"wp:attachment":[{"href":"https:\/\/www.medellin.gov.co\/es\/wp-json\/wp\/v2\/media?parent=563667"}],"wp:term":[{"taxonomy":"category","embeddable":true,"href":"https:\/\/www.medellin.gov.co\/es\/wp-json\/wp\/v2\/categories?post=563667"},{"taxonomy":"post_tag","embeddable":true,"href":"https:\/\/www.medellin.gov.co\/es\/wp-json\/wp\/v2\/tags?post=563667"},{"taxonomy":"formato_nota","embeddable":true,"href":"https:\/\/www.medellin.gov.co\/es\/wp-json\/wp\/v2\/formato_nota?post=563667"},{"taxonomy":"programas_tax","embeddable":true,"href":"https:\/\/www.medellin.gov.co\/es\/wp-json\/wp\/v2\/programas_tax?post=563667"}],"curies":[{"name":"wp","href":"https:\/\/api.w.org\/{rel}","templated":true}]}}