{"id":563781,"date":"2026-09-02T11:30:40","date_gmt":"2026-09-02T16:30:40","guid":{"rendered":"https:\/\/www.medellin.gov.co\/es\/?p=563781"},"modified":"2026-09-02T11:40:05","modified_gmt":"2026-09-02T16:40:05","slug":"medellin-music-lab-me-cambio-la-vida-pau-vergara-la-dura-del-guascaton","status":"publish","type":"post","link":"https:\/\/www.medellin.gov.co\/es\/sala-de-prensa\/noticias\/medellin-music-lab-me-cambio-la-vida-pau-vergara-la-dura-del-guascaton\/","title":{"rendered":"\u201cMedell\u00edn Music Lab me cambi\u00f3 la vida\u201d: Pau Vergara, la dura del guascat\u00f3n"},"content":{"rendered":"<blockquote><p><em>Medell\u00edn Music Lab <\/em><em>es un programa de la Alcald\u00eda de Medell\u00edn que impulsa a ciudadanos talentosos que sue\u00f1an con hacer parte de la industria musical. Una participante es Pau Vergara, cantante de guascat\u00f3n, g\u00e9nero que combina la guasca o m\u00fasica popular con ritmos urbanos. Ya tiene varias canciones y quiere vivir de la m\u00fasica.<\/em><\/p><\/blockquote>\n<p>Pau Vergara dice que, con Medell\u00edn Music Lab, le lleg\u00f3 la industria musical. En este programa de la Alcald\u00eda, la joven artista ha tenido profesores, compositores, productores, estuvo en estudio de grabaci\u00f3n y ya logr\u00f3 sus primeras canciones en el g\u00e9nero en el que quiere triunfar: guascat\u00f3n, una mezcla de guasca o m\u00fasica popular con ritmos urbanos. <em>\u201cYo lo invent\u00e9\u201d,<\/em> anota.<\/p>\n<p>Entre sus frutos est\u00e1 que este a\u00f1o se present\u00f3 en La Solar, el festival de m\u00fasica urbana y electr\u00f3nica m\u00e1s grande de la ciudad; en las Fiestas Tradicionales del Cerro Tusa en su pueblo, Venecia, Suroeste antioque\u00f1o; en el superconcierto de la Feria de las Flores y en el concierto <em>Colombia, Medell\u00edn Te Quiere,<\/em> por las v\u00edctimas del terremoto que ocurri\u00f3 el pasado 10 de agosto.<\/p>\n<div id=\"attachment_563783\" style=\"width: 998px\" class=\"wp-caption alignnone\"><img aria-describedby=\"caption-attachment-563783\" loading=\"lazy\" class=\"wp-image-563783 size-full\" title=\"Pau Vergara naci\u00f3 en Medell\u00edn y se crio en Venecia, Suroeste antioque\u00f1o.\" src=\"https:\/\/www.medellin.gov.co\/es\/wp-content\/uploads\/2026\/09\/Imagen-Pau-Vergara-INSTRUMENTOS.jpg\" alt=\"Imagen Pau Vergara INSTRUMENTOS\" width=\"988\" height=\"720\" srcset=\"https:\/\/www.medellin.gov.co\/es\/wp-content\/uploads\/2026\/09\/Imagen-Pau-Vergara-INSTRUMENTOS.jpg 988w, https:\/\/www.medellin.gov.co\/es\/wp-content\/uploads\/2026\/09\/Imagen-Pau-Vergara-INSTRUMENTOS-300x219.jpg 300w, https:\/\/www.medellin.gov.co\/es\/wp-content\/uploads\/2026\/09\/Imagen-Pau-Vergara-INSTRUMENTOS-150x109.jpg 150w, https:\/\/www.medellin.gov.co\/es\/wp-content\/uploads\/2026\/09\/Imagen-Pau-Vergara-INSTRUMENTOS-768x560.jpg 768w\" sizes=\"(max-width: 988px) 100vw, 988px\" \/><p id=\"caption-attachment-563783\" class=\"wp-caption-text\">Pau Vergara naci\u00f3 en Medell\u00edn y se crio en Venecia, Suroeste antioque\u00f1o.<\/p><\/div>\n<h4><strong>El proyecto Music Lab<\/strong><\/h4>\n<p>Uno de los proyectos estrat\u00e9gicos de esta administraci\u00f3n del alcalde, Federico Guti\u00e9rrez, es Medell\u00edn, Capital Creativa, dado que los sectores audiovisual y musical son grandes fuerzas de la econom\u00eda de la ciudad. Por eso en este cuatrienio el Distrito construir\u00e1 cinco recreos culturales, edificios con espacios para la creaci\u00f3n audiovisual, musical, de teatro y dem\u00e1s expresiones art\u00edsticas.<\/p>\n<p>A ellos se suman los estudios p\u00fablicos de grabaci\u00f3n y <a href=\"https:\/\/musiclab.medellinjoven.com\/\" target=\"_blank\" rel=\"noopener\">Medell\u00edn Music Lab<\/a>, programa que impulsa a ciudadanos talentosos que sue\u00f1an con hacer parte de la industria musical. Cuando comenz\u00f3 la actual administraci\u00f3n, la ciudad contaba con seis estudios y, se estima que, al cierre del cuatrienio, tendr\u00e1 15 en total.<\/p>\n<div id=\"attachment_563799\" style=\"width: 1034px\" class=\"wp-caption alignnone\"><img aria-describedby=\"caption-attachment-563799\" loading=\"lazy\" class=\"wp-image-563799 size-large\" title=\"Medell\u00edn Music Lab es un programa de la Alcald\u00eda de Medell\u00edn que impulsa a ciudadanos talentosos que sue\u00f1an con hacer parte de la industria musical.\" src=\"https:\/\/www.medellin.gov.co\/es\/wp-content\/uploads\/2026\/09\/Imagen-MML-1024x576.jpg\" alt=\"Imagen MML\" width=\"1024\" height=\"576\" srcset=\"https:\/\/www.medellin.gov.co\/es\/wp-content\/uploads\/2026\/09\/Imagen-MML-1024x576.jpg 1024w, https:\/\/www.medellin.gov.co\/es\/wp-content\/uploads\/2026\/09\/Imagen-MML-300x169.jpg 300w, https:\/\/www.medellin.gov.co\/es\/wp-content\/uploads\/2026\/09\/Imagen-MML-150x84.jpg 150w, https:\/\/www.medellin.gov.co\/es\/wp-content\/uploads\/2026\/09\/Imagen-MML-768x432.jpg 768w, https:\/\/www.medellin.gov.co\/es\/wp-content\/uploads\/2026\/09\/Imagen-MML.jpg 1280w\" sizes=\"(max-width: 1024px) 100vw, 1024px\" \/><p id=\"caption-attachment-563799\" class=\"wp-caption-text\">Medell\u00edn Music Lab es un programa de la Alcald\u00eda de Medell\u00edn que impulsa a ciudadanos talentosos que sue\u00f1an con hacer parte de la industria musical.<\/p><\/div>\n<p>En palabras del secretario de la Juventud, Ricardo Jaramillo V\u00e9lez, <em>\u201cser parte de Medell\u00edn Music Lab es asumir el reto de convertir el talento en un proyecto de vida. Aqu\u00ed no solo se forman m\u00fasicos, sino personas que entienden la industria, trabajan en equipo y construyen propuestas con visi\u00f3n y disciplina\u201d.<\/em><\/p>\n<p>Medell\u00edn Music Lab cuenta con el apoyo de empresas privadas. Desde su creaci\u00f3n en 2024 hasta la actualidad, 877 proyectos art\u00edsticos han hecho parte del programa. Los mejores han ido a campamentos creativos y se han conectado con la incubadora de talentos de HYBE, la gigante del K-pop. De esta manera, reciben un ciclo general de formaci\u00f3n sobre los fundamentos de la industria musical.<\/p>\n<div id=\"attachment_563784\" style=\"width: 1034px\" class=\"wp-caption alignnone\"><img aria-describedby=\"caption-attachment-563784\" loading=\"lazy\" class=\"wp-image-563784 size-large\" title=\"Medell\u00edn Music Lab cuenta con el apoyo de empresas privadas. Desde su creaci\u00f3n en 2024 hasta la actualidad, 877 proyectos art\u00edsticos han hecho parte del programa.\" src=\"https:\/\/www.medellin.gov.co\/es\/wp-content\/uploads\/2026\/09\/Imagen-Medellin-Music-Lab-cuenta-con-el-apoyo-de-empresas-CELULAR-1024x576.jpg\" alt=\"Imagen Medell\u00edn Music Lab cuenta con el apoyo de empresas CELULAR\" width=\"1024\" height=\"576\" srcset=\"https:\/\/www.medellin.gov.co\/es\/wp-content\/uploads\/2026\/09\/Imagen-Medellin-Music-Lab-cuenta-con-el-apoyo-de-empresas-CELULAR-1024x576.jpg 1024w, https:\/\/www.medellin.gov.co\/es\/wp-content\/uploads\/2026\/09\/Imagen-Medellin-Music-Lab-cuenta-con-el-apoyo-de-empresas-CELULAR-300x169.jpg 300w, https:\/\/www.medellin.gov.co\/es\/wp-content\/uploads\/2026\/09\/Imagen-Medellin-Music-Lab-cuenta-con-el-apoyo-de-empresas-CELULAR-150x84.jpg 150w, https:\/\/www.medellin.gov.co\/es\/wp-content\/uploads\/2026\/09\/Imagen-Medellin-Music-Lab-cuenta-con-el-apoyo-de-empresas-CELULAR-768x432.jpg 768w, https:\/\/www.medellin.gov.co\/es\/wp-content\/uploads\/2026\/09\/Imagen-Medellin-Music-Lab-cuenta-con-el-apoyo-de-empresas-CELULAR.jpg 1280w\" sizes=\"(max-width: 1024px) 100vw, 1024px\" \/><p id=\"caption-attachment-563784\" class=\"wp-caption-text\">Medell\u00edn Music Lab cuenta con el apoyo de empresas privadas. Desde su creaci\u00f3n en 2024 hasta la actualidad, 877 proyectos art\u00edsticos han hecho parte del programa.<\/p><\/div>\n<h4><strong>De Venecia<\/strong><\/h4>\n<p>Mar\u00eda Paula Vergara G\u00f3mez, conocida en el mundo art\u00edstico como Pau Vergara, naci\u00f3 en Medell\u00edn hace 26 a\u00f1os y se crio en Venecia. Es hija de Edith y tiene dos hermanas mellizas, Ana y Luisa, menores que ella. En su crianza fueron fundamentales sus abuelos maternos y dos t\u00edos, Guandolo y Fabi\u00e1n, m\u00fasico de la Universidad de Antioquia que le inculc\u00f3 la m\u00fasica a Pau: le ense\u00f1\u00f3 a cantar y a tocar bandola. Luego ella tambi\u00e9n aprendi\u00f3 a tocar flauta traversa y tiple.<\/p>\n<p>Pau curs\u00f3 parte de una tecnolog\u00eda en m\u00fasica en el Tecnol\u00f3gico de Artes D\u00e9bora Arango, fue profesora de m\u00fasica en Amag\u00e1, trabaj\u00f3 como mesera, quiso estudiar la carrera musical, pero la vida la llev\u00f3 al campo de la moda y ahora va en octavo semestre de dise\u00f1o de vestuario en la Instituci\u00f3n Universitaria Pascual Bravo, entidad del Distrito de Medell\u00edn. Con sus conocimientos dise\u00f1a la ropa con la que canta o, como ella la llama, sus <em>outfits<\/em>.<\/p>\n<p>A principios de 2025 lleg\u00f3 a Medell\u00edn Music Lab: <em>\u201cNos presentamos unas 3000 personas y pasamos como 420\u201d,<\/em> recuerda. Hizo todo el proceso: recibi\u00f3 capacitaciones en marco legal, composici\u00f3n, baile, mercadeo, realizaci\u00f3n de eventos, tuvo audiciones y as\u00ed, despu\u00e9s de varios filtros, al final de 2025 quedaron 15 int\u00e9rpretes. En 2026 salieron varios en nuevas audiciones y los seis que hay actualmente, entre ellos Pau, cantar\u00e1n el 5 de septiembre en La Macarena, en la final, en la que ser\u00e1n elegidos los tres ganadores.<\/p>\n<div id=\"attachment_563787\" style=\"width: 1034px\" class=\"wp-caption alignnone\"><img aria-describedby=\"caption-attachment-563787\" loading=\"lazy\" class=\"wp-image-563787 size-large\" title=\"Mario Alejandro, ganador de Medell\u00edn Music Lab 2024 en la categor\u00eda Int\u00e9rprete.\" src=\"https:\/\/www.medellin.gov.co\/es\/wp-content\/uploads\/2026\/09\/Imagen-Mario-Alejandro-ganador-de-Medellin-Music-Lab-2024-AZUL-1024x683.jpg\" alt=\"Imagen Mario Alejandro, ganador de Medell\u00edn Music Lab 2024 AZUL\" width=\"1024\" height=\"683\" srcset=\"https:\/\/www.medellin.gov.co\/es\/wp-content\/uploads\/2026\/09\/Imagen-Mario-Alejandro-ganador-de-Medellin-Music-Lab-2024-AZUL-1024x683.jpg 1024w, https:\/\/www.medellin.gov.co\/es\/wp-content\/uploads\/2026\/09\/Imagen-Mario-Alejandro-ganador-de-Medellin-Music-Lab-2024-AZUL-300x200.jpg 300w, https:\/\/www.medellin.gov.co\/es\/wp-content\/uploads\/2026\/09\/Imagen-Mario-Alejandro-ganador-de-Medellin-Music-Lab-2024-AZUL-150x100.jpg 150w, https:\/\/www.medellin.gov.co\/es\/wp-content\/uploads\/2026\/09\/Imagen-Mario-Alejandro-ganador-de-Medellin-Music-Lab-2024-AZUL-768x512.jpg 768w, https:\/\/www.medellin.gov.co\/es\/wp-content\/uploads\/2026\/09\/Imagen-Mario-Alejandro-ganador-de-Medellin-Music-Lab-2024-AZUL.jpg 1079w\" sizes=\"(max-width: 1024px) 100vw, 1024px\" \/><p id=\"caption-attachment-563787\" class=\"wp-caption-text\">Mario Alejandro, ganador de Medell\u00edn Music Lab 2024 en la categor\u00eda Int\u00e9rprete.<\/p><\/div>\n<h4><strong>La serie<\/strong><\/h4>\n<p>Medell\u00edn Music Lab dio un nuevo paso en su apuesta por fortalecer la industria musical con una producci\u00f3n audiovisual que documenta el proceso de formaci\u00f3n de 14 artistas seleccionados entre cerca de 3000 aspirantes. La producci\u00f3n, titulada <em>Medell\u00edn Music Lab: La Serie,<\/em> registra el ejercicio desarrollado en la primera incubadora de HYBE en Suram\u00e9rica, conocida por su trabajo con las agrupaciones BTS, Katseye y Santos Bravos, una colaboraci\u00f3n que permiti\u00f3 una inversi\u00f3n de 300 000 d\u00f3lares para reforzar los procesos de formaci\u00f3n art\u00edstica en nuestra capital<\/p>\n<p>El proceso se desarroll\u00f3 en Casa \u00c1ngel, un bien patrimonial del barrio Prado que fue acondicionado con estudios de grabaci\u00f3n, salas de ensayo y espacios de formaci\u00f3n. La producci\u00f3n se emite por Telemedell\u00edn, Teleantioquia y por el canal de YouTube de <a href=\"https:\/\/www.medellin.gov.co\/es\/sala-de-prensa\/noticias\/medellin-music-lab-cuenta-su-historia-en-una-serie-que-muestra-el-camino-de-los-nuevos-talentos-de-la-ciudad-en-la-industria-musical\/\" target=\"_blank\" rel=\"noopener\"><em>Medell\u00edn Music Lab: La Serie<\/em><\/a> (<a href=\"https:\/\/www.youtube.com\/@MedellinMusicLabLaSerie\" target=\"_blank\" rel=\"noopener\">https:\/\/www.youtube.com\/@MedellinMusicLabLaSerie<\/a>).<\/p>\n<p><div class=\"iframe-container\"><iframe title=\"YouTube video player\" src=\"https:\/\/www.youtube.com\/embed\/c1qoStxa4Q4?si=Q6KifhJ0sSnNapBy\" width=\"100%\" height=\"350\" frameborder=\"0\" allowfullscreen=\"allowfullscreen\"><span data-mce-type=\"bookmark\" style=\"display: inline-block; width: 0px; overflow: hidden; line-height: 0;\" class=\"mce_SELRES_start\">\ufeff<\/span><\/iframe><\/div><\/p>\n<p>La gran final de <em>La Serie<\/em> ser\u00e1 este s\u00e1bado 5 de septiembre en el Centro de Eventos La Macarena, con un concierto como parte de la Semana de la Juventud. All\u00ed, tres artistas ser\u00e1n elegidos como ganadores y recibir\u00e1n un contrato de distribuci\u00f3n para seis canciones, con producci\u00f3n, mezcla, videos, m\u00e1ster y lanzamientos financiados por Medell\u00edn Music Lab.<\/p>\n<p>Una de las canciones de Pau Vergara es <em>Pa\u2019 rogar no estoy, <\/em>creada en Medell\u00edn Music Lab con su idea, en tanto que la letra es de Daza y Pin (compositor de Medell\u00edn Music Lab), y alista <em>La favorita de Dios,<\/em> que compuso con Yano, quien trabaja en Medell\u00edn Music Lab. Sus canciones las puedes escuchar en Spotify, YouTube y redes sociales.<\/p>\n<p><div class=\"iframe-container\"><iframe title=\"YouTube video player\" src=\"https:\/\/www.youtube.com\/embed\/TmDHcxRCtOw?si=VGUEU8M9uPelug38\" width=\"100%\" height=\"350\" frameborder=\"0\" allowfullscreen=\"allowfullscreen\"><span data-mce-type=\"bookmark\" style=\"display: inline-block; width: 0px; overflow: hidden; line-height: 0;\" class=\"mce_SELRES_start\">\ufeff<\/span><\/iframe><\/div><\/p>\n<p><em>\u201cMedell\u00edn Music Lab me cambi\u00f3 la vida\u201d,<\/em> afirma la cantante. <em>\u201cEn las Fiestas de Cerro Tusa la gente cant\u00f3<\/em> Pa\u2019 rogar no estoy<em> y eso me emocion\u00f3 mucho,<\/em> <em>porque nadie es profeta en su pueblo. Cuando vi mi nombre en la publicidad de La Solar no lo cre\u00eda. Me present\u00e9 en el festival, donde estuvieron artistas reconocidos, como Nanpa B\u00e1sico\u201d.<\/em><\/p>\n<p>Su participaci\u00f3n en Medell\u00edn Music Lab terminar\u00e1 con el concierto de La Macarena. Aspira a ganar, publicar su EP (producci\u00f3n de entre tres y seis canciones), seguir con su carrera art\u00edstica y vivir de la m\u00fasica.<\/p>\n<h4><strong>Opiniones<\/strong><\/h4>\n<p>A Mario Alejandro Londo\u00f1o, ganador de Medell\u00edn Music Lab 2024 en la categor\u00eda Int\u00e9rprete: <em>\u201cMedell\u00edn Music Lab me cay\u00f3 como una bendici\u00f3n muy grande. Le dio un norte a mi proyecto y me abri\u00f3 much\u00edsimas puertas. Me conect\u00f3 con personas incre\u00edbles y tuve la oportunidad de conocer, trabajar y grabar m\u00fasica con profesionales de los que he aprendido mucho, accediendo a experiencias que, como artista emergente, dif\u00edcilmente habr\u00eda podido asumir por mi cuenta. Invito a los j\u00f3venes y a los artistas de la ciudad a que aprovechen estas oportunidades y hagan todo con amor y ganas\u201d.<\/em><\/p>\n<div id=\"attachment_563788\" style=\"width: 1034px\" class=\"wp-caption alignnone\"><img aria-describedby=\"caption-attachment-563788\" loading=\"lazy\" class=\"wp-image-563788 size-large\" title=\"Mario Alejandro, ganador de Medell\u00edn Music Lab 2024 en la categor\u00eda Int\u00e9rprete.\" src=\"https:\/\/www.medellin.gov.co\/es\/wp-content\/uploads\/2026\/09\/Imagen-Mario-Alejandro-ganador-de-Medellin-Music-Lab-2024-PODCAST-1024x683.jpg\" alt=\"Imagen Mario Alejandro, ganador de Medell\u00edn Music Lab 2024 P\u00d3DCAST\" width=\"1024\" height=\"683\" srcset=\"https:\/\/www.medellin.gov.co\/es\/wp-content\/uploads\/2026\/09\/Imagen-Mario-Alejandro-ganador-de-Medellin-Music-Lab-2024-PODCAST-1024x683.jpg 1024w, https:\/\/www.medellin.gov.co\/es\/wp-content\/uploads\/2026\/09\/Imagen-Mario-Alejandro-ganador-de-Medellin-Music-Lab-2024-PODCAST-300x200.jpg 300w, https:\/\/www.medellin.gov.co\/es\/wp-content\/uploads\/2026\/09\/Imagen-Mario-Alejandro-ganador-de-Medellin-Music-Lab-2024-PODCAST-150x100.jpg 150w, https:\/\/www.medellin.gov.co\/es\/wp-content\/uploads\/2026\/09\/Imagen-Mario-Alejandro-ganador-de-Medellin-Music-Lab-2024-PODCAST-768x512.jpg 768w, https:\/\/www.medellin.gov.co\/es\/wp-content\/uploads\/2026\/09\/Imagen-Mario-Alejandro-ganador-de-Medellin-Music-Lab-2024-PODCAST.jpg 1079w\" sizes=\"(max-width: 1024px) 100vw, 1024px\" \/><p id=\"caption-attachment-563788\" class=\"wp-caption-text\">Mario Alejandro, ganador de Medell\u00edn Music Lab 2024 en la categor\u00eda Int\u00e9rprete.<\/p><\/div>\n<p>Para la protagonista de esta historia, la cantante Pau Vergara, su experiencia en este proyecto fue vital. <em>\u201cEn la m\u00fasica lo que m\u00e1s me gusta es cantar. Entr\u00e9 a Medell\u00edn Music Lab en 2025 y ah\u00ed me lleg\u00f3 la industria musical. Este programa me cambi\u00f3 la vida, nunca hab\u00eda estado en todo el proceso creativo de una canci\u00f3n. Quiero ganar Medell\u00edn Music Lab, publicar mi EP y vivir de la m\u00fasica\u201d.<\/em><\/p>\n<div id=\"attachment_563789\" style=\"width: 1034px\" class=\"wp-caption alignnone\"><img aria-describedby=\"caption-attachment-563789\" loading=\"lazy\" class=\"wp-image-563789 size-large\" title=\"Pau Vergara, cantante de Medell\u00edn Music Lab.\" src=\"https:\/\/www.medellin.gov.co\/es\/wp-content\/uploads\/2026\/09\/Imagen-Pau-Vergara-cantante-de-Medellin-Music-Lab-TESTIMONIO-1024x686.jpg\" alt=\"Pau Vergara, cantante de Medell\u00edn Music Lab.\" width=\"1024\" height=\"686\" srcset=\"https:\/\/www.medellin.gov.co\/es\/wp-content\/uploads\/2026\/09\/Imagen-Pau-Vergara-cantante-de-Medellin-Music-Lab-TESTIMONIO-1024x686.jpg 1024w, https:\/\/www.medellin.gov.co\/es\/wp-content\/uploads\/2026\/09\/Imagen-Pau-Vergara-cantante-de-Medellin-Music-Lab-TESTIMONIO-300x201.jpg 300w, https:\/\/www.medellin.gov.co\/es\/wp-content\/uploads\/2026\/09\/Imagen-Pau-Vergara-cantante-de-Medellin-Music-Lab-TESTIMONIO-150x101.jpg 150w, https:\/\/www.medellin.gov.co\/es\/wp-content\/uploads\/2026\/09\/Imagen-Pau-Vergara-cantante-de-Medellin-Music-Lab-TESTIMONIO-768x515.jpg 768w, https:\/\/www.medellin.gov.co\/es\/wp-content\/uploads\/2026\/09\/Imagen-Pau-Vergara-cantante-de-Medellin-Music-Lab-TESTIMONIO.jpg 1074w\" sizes=\"(max-width: 1024px) 100vw, 1024px\" \/><p id=\"caption-attachment-563789\" class=\"wp-caption-text\">Pau Vergara, cantante de Medell\u00edn Music Lab.<\/p><\/div>\n","protected":false},"excerpt":{"rendered":"<p>Medell\u00edn Music Lab es un programa de la Alcald\u00eda de Medell\u00edn que impulsa a ciudadanos talentosos que sue\u00f1an con hacer parte de la industria musical. Una participante es Pau Vergara, cantante de guascat\u00f3n, g\u00e9nero que &#8230;<\/p>\n","protected":false},"author":97,"featured_media":563790,"comment_status":"open","ping_status":"open","sticky":false,"template":"","format":"standard","meta":[],"categories":[531,12],"tags":[444,689,428],"formato_nota":[],"programas_tax":[],"acf":[],"_links":{"self":[{"href":"https:\/\/www.medellin.gov.co\/es\/wp-json\/wp\/v2\/posts\/563781"}],"collection":[{"href":"https:\/\/www.medellin.gov.co\/es\/wp-json\/wp\/v2\/posts"}],"about":[{"href":"https:\/\/www.medellin.gov.co\/es\/wp-json\/wp\/v2\/types\/post"}],"author":[{"embeddable":true,"href":"https:\/\/www.medellin.gov.co\/es\/wp-json\/wp\/v2\/users\/97"}],"replies":[{"embeddable":true,"href":"https:\/\/www.medellin.gov.co\/es\/wp-json\/wp\/v2\/comments?post=563781"}],"version-history":[{"count":3,"href":"https:\/\/www.medellin.gov.co\/es\/wp-json\/wp\/v2\/posts\/563781\/revisions"}],"predecessor-version":[{"id":563802,"href":"https:\/\/www.medellin.gov.co\/es\/wp-json\/wp\/v2\/posts\/563781\/revisions\/563802"}],"wp:featuredmedia":[{"embeddable":true,"href":"https:\/\/www.medellin.gov.co\/es\/wp-json\/wp\/v2\/media\/563790"}],"wp:attachment":[{"href":"https:\/\/www.medellin.gov.co\/es\/wp-json\/wp\/v2\/media?parent=563781"}],"wp:term":[{"taxonomy":"category","embeddable":true,"href":"https:\/\/www.medellin.gov.co\/es\/wp-json\/wp\/v2\/categories?post=563781"},{"taxonomy":"post_tag","embeddable":true,"href":"https:\/\/www.medellin.gov.co\/es\/wp-json\/wp\/v2\/tags?post=563781"},{"taxonomy":"formato_nota","embeddable":true,"href":"https:\/\/www.medellin.gov.co\/es\/wp-json\/wp\/v2\/formato_nota?post=563781"},{"taxonomy":"programas_tax","embeddable":true,"href":"https:\/\/www.medellin.gov.co\/es\/wp-json\/wp\/v2\/programas_tax?post=563781"}],"curies":[{"name":"wp","href":"https:\/\/api.w.org\/{rel}","templated":true}]}}