{"id":563873,"date":"2026-09-02T15:17:33","date_gmt":"2026-09-02T20:17:33","guid":{"rendered":"https:\/\/www.medellin.gov.co\/es\/?p=563873"},"modified":"2026-09-02T15:17:33","modified_gmt":"2026-09-02T20:17:33","slug":"camaras-del-123-clave-en-943-capturas-y-golpes-contra-la-delincuencia-en-medellin","status":"publish","type":"post","link":"https:\/\/www.medellin.gov.co\/es\/sala-de-prensa\/noticias\/camaras-del-123-clave-en-943-capturas-y-golpes-contra-la-delincuencia-en-medellin\/","title":{"rendered":"C\u00e1maras del 123, clave en 943 capturas y golpes contra la delincuencia en Medell\u00edn"},"content":{"rendered":"<ul>\n<li>284 personas fueron conducidas como resultado de las acciones operativas desplegadas en la ciudad.<\/li>\n<li>Entre los resultados se tienen 453 armas incautadas, adem\u00e1s de 253 carros, 1.263 motos y 151 celulares recuperados.<\/li>\n<li>72.581 unidades de droga incautadas y 131.414 llamadas atendidas a trav\u00e9s de la l\u00ednea 123.<\/li>\n<\/ul>\n<!--[if lt IE 9]><script>document.createElement('audio');<\/script><![endif]-->\n\t<div class=\"wp-playlist wp-audio-playlist wp-playlist-light\">\n\t\t\t<div class=\"wp-playlist-current-item\"><\/div>\n\t\t<audio controls=\"controls\" preload=\"none\" width=\"640\"\n\t\t\t><\/audio>\n\t<div class=\"wp-playlist-next\"><\/div>\n\t<div class=\"wp-playlist-prev\"><\/div>\n\t<noscript>\n\t<ol>\n\t\t<li><a href='https:\/\/www.medellin.gov.co\/es\/wp-content\/uploads\/2026\/09\/Declaraciones-del-secretario-de-Seguridad-y-Convivencia-Manuel-Villa.mp3'>Declaraciones del secretario de Seguridad y Convivencia, Manuel Villa<\/a><\/li>\t<\/ol>\n\t<\/noscript>\n\t<script type=\"application\/json\" class=\"wp-playlist-script\">{\"type\":\"audio\",\"tracklist\":true,\"tracknumbers\":true,\"images\":true,\"artists\":true,\"tracks\":[{\"src\":\"https:\\\/\\\/www.medellin.gov.co\\\/es\\\/wp-content\\\/uploads\\\/2026\\\/09\\\/Declaraciones-del-secretario-de-Seguridad-y-Convivencia-Manuel-Villa.mp3\",\"type\":\"audio\\\/mpeg\",\"title\":\"Declaraciones del secretario de Seguridad y Convivencia, Manuel Villa\",\"caption\":\"\",\"description\":\"\\u00abDeclaraciones del secretario de Seguridad y Convivencia, Manuel Villa\\u00bb. \",\"meta\":{\"genre\":\"Blues\",\"length_formatted\":\"6:07\"},\"image\":{\"src\":\"https:\\\/\\\/www.medellin.gov.co\\\/es\\\/wp-includes\\\/images\\\/media\\\/audio.png\",\"width\":48,\"height\":64},\"thumb\":{\"src\":\"https:\\\/\\\/www.medellin.gov.co\\\/es\\\/wp-includes\\\/images\\\/media\\\/audio.png\",\"width\":48,\"height\":64}}]}<\/script>\n<\/div>\n\t\n<p>La tecnolog\u00eda, el monitoreo permanente y la reacci\u00f3n articulada de las autoridades son determinantes en la seguridad de Medell\u00edn. Entre enero y agosto de 2026, las acciones apoyadas por el sistema de c\u00e1maras y la L\u00ednea 123 contribuyeron con la captura de 943 personas, con la conducci\u00f3n de otras 284, el hallazgo de armas y droga, as\u00ed como con la recuperaci\u00f3n de veh\u00edculos y otros elementos.<\/p>\n<p>En este periodo fueron incautadas 368 armas blancas, 13 armas de fuego y 72 armas traum\u00e1ticas. Las autoridades reportaron 253 carros, 1.263 motocicletas y 151 celulares recuperados, junto con 72.581 unidades de droga. Se suman 131.414 llamadas atendidas y 119.908 contestadas por el 123.<\/p>\n<p>\u201c<em>Estos resultados demuestran que la tecnolog\u00eda es una herramienta para fortalecer la capacidad de respuesta de las autoridades. Cada alerta generada y cada seguimiento realizado desde nuestras c\u00e1maras permite actuar con mayor oportunidad y cerrarles el cerco a quienes pretenden afectar la seguridad de los ciudadanos<\/em>\u201d, afirm\u00f3 el secretario de Seguridad y Convivencia, Manuel Villa Mej\u00eda.<\/p>\n<p>Dos procedimientos recientes evidencian el papel del sistema de videovigilancia en la identificaci\u00f3n y seguimiento de situaciones que requieren la reacci\u00f3n inmediata de las autoridades. Uno de ellos ocurri\u00f3 el 31 de agosto en el marco de los planes Cazador 2.0 y \u00c1guila, luego de que el sistema LPR y las c\u00e1maras de seguridad generaran una alerta sobre motocicletas presuntamente vinculadas con varios hurtos.<\/p>\n<p><a href=\"https:\/\/www.medellin.gov.co\/es\/wp-content\/uploads\/2026\/09\/Imagen-personas-capturas-por-la-policia.jpg\" target=\"_blank\" rel=\"noopener\"><img loading=\"lazy\" class=\"alignnone wp-image-563902 size-full\" title=\"personas capturas por la polic\u00eda\" src=\"https:\/\/www.medellin.gov.co\/es\/wp-content\/uploads\/2026\/09\/Imagen-personas-capturas-por-la-policia.jpg\" alt=\"Imagen personas capturas por la polic\u00eda\" width=\"1013\" height=\"760\" srcset=\"https:\/\/www.medellin.gov.co\/es\/wp-content\/uploads\/2026\/09\/Imagen-personas-capturas-por-la-policia.jpg 1013w, https:\/\/www.medellin.gov.co\/es\/wp-content\/uploads\/2026\/09\/Imagen-personas-capturas-por-la-policia-300x225.jpg 300w, https:\/\/www.medellin.gov.co\/es\/wp-content\/uploads\/2026\/09\/Imagen-personas-capturas-por-la-policia-150x113.jpg 150w, https:\/\/www.medellin.gov.co\/es\/wp-content\/uploads\/2026\/09\/Imagen-personas-capturas-por-la-policia-768x576.jpg 768w\" sizes=\"(max-width: 1013px) 100vw, 1013px\" \/><\/a><\/p>\n<p>Tras la coordinaci\u00f3n desde la Sala Situacional con las unidades en territorio, la Polic\u00eda localiz\u00f3 e intercept\u00f3 a dos personas en el barrio Santaf\u00e9 (Guayabal), presuntamente responsables de un hurto cometido contra un extranjero en el sector del Estadio. Durante el procedimiento fueron recuperados dos celulares y una cadena de oro, adem\u00e1s de ser incautada un arma de menor letalidad, un proveedor y siete cartuchos para pistola traum\u00e1tica.<\/p>\n<p>\u201c<em>No bajamos la guardia. La articulaci\u00f3n entre las capacidades tecnol\u00f3gicas y el trabajo de nuestros polic\u00edas nos permite reaccionar de manera oportuna y llevar ante las autoridades a quienes participan en hechos delictivos. Seguiremos fortaleciendo el control territorial para proteger a la ciudadan\u00eda<\/em>\u201d, se\u00f1al\u00f3 Villa Mej\u00eda.<\/p>\n<p>El segundo caso ocurri\u00f3 en la comuna 4-Aranjuez, donde las c\u00e1maras de seguridad y el sistema de reconocimiento de placas detectaron un veh\u00edculo que estar\u00eda relacionado con el transporte de elementos hurtados. Desde la Sala Situacional se hizo seguimiento a su recorrido y se coordin\u00f3 la reacci\u00f3n de las patrullas en tiempo real.<\/p>\n<p>La operaci\u00f3n permiti\u00f3 interceptar el veh\u00edculo en el sector de San Pedro, con cuatro personas capturadas, varios elementos recuperados y el automotor inmovilizado. Los capturados quedaron a disposici\u00f3n de la <a href=\"https:\/\/www.fiscalia.gov.co\/\" target=\"_blank\" rel=\"noopener\">Fiscal\u00eda<\/a>, mientras Medell\u00edn refuerza la tecnolog\u00eda y la capacidad de reacci\u00f3n contra la criminalidad.<\/p>\n","protected":false},"excerpt":{"rendered":"<p>284 personas fueron conducidas como resultado de las acciones operativas desplegadas en la ciudad. Entre los resultados se tienen 453 armas incautadas, adem\u00e1s de 253 carros, 1.263 motos y 151 celulares recuperados. 72.581 unidades de &#8230;<\/p>\n","protected":false},"author":21,"featured_media":563903,"comment_status":"open","ping_status":"open","sticky":false,"template":"","format":"standard","meta":[],"categories":[21],"tags":[619],"formato_nota":[],"programas_tax":[],"acf":[],"_links":{"self":[{"href":"https:\/\/www.medellin.gov.co\/es\/wp-json\/wp\/v2\/posts\/563873"}],"collection":[{"href":"https:\/\/www.medellin.gov.co\/es\/wp-json\/wp\/v2\/posts"}],"about":[{"href":"https:\/\/www.medellin.gov.co\/es\/wp-json\/wp\/v2\/types\/post"}],"author":[{"embeddable":true,"href":"https:\/\/www.medellin.gov.co\/es\/wp-json\/wp\/v2\/users\/21"}],"replies":[{"embeddable":true,"href":"https:\/\/www.medellin.gov.co\/es\/wp-json\/wp\/v2\/comments?post=563873"}],"version-history":[{"count":1,"href":"https:\/\/www.medellin.gov.co\/es\/wp-json\/wp\/v2\/posts\/563873\/revisions"}],"predecessor-version":[{"id":563918,"href":"https:\/\/www.medellin.gov.co\/es\/wp-json\/wp\/v2\/posts\/563873\/revisions\/563918"}],"wp:featuredmedia":[{"embeddable":true,"href":"https:\/\/www.medellin.gov.co\/es\/wp-json\/wp\/v2\/media\/563903"}],"wp:attachment":[{"href":"https:\/\/www.medellin.gov.co\/es\/wp-json\/wp\/v2\/media?parent=563873"}],"wp:term":[{"taxonomy":"category","embeddable":true,"href":"https:\/\/www.medellin.gov.co\/es\/wp-json\/wp\/v2\/categories?post=563873"},{"taxonomy":"post_tag","embeddable":true,"href":"https:\/\/www.medellin.gov.co\/es\/wp-json\/wp\/v2\/tags?post=563873"},{"taxonomy":"formato_nota","embeddable":true,"href":"https:\/\/www.medellin.gov.co\/es\/wp-json\/wp\/v2\/formato_nota?post=563873"},{"taxonomy":"programas_tax","embeddable":true,"href":"https:\/\/www.medellin.gov.co\/es\/wp-json\/wp\/v2\/programas_tax?post=563873"}],"curies":[{"name":"wp","href":"https:\/\/api.w.org\/{rel}","templated":true}]}}