{"id":563921,"date":"2026-09-02T15:25:37","date_gmt":"2026-09-02T20:25:37","guid":{"rendered":"https:\/\/www.medellin.gov.co\/es\/?p=563921"},"modified":"2026-09-02T15:25:37","modified_gmt":"2026-09-02T20:25:37","slug":"el-xii-congreso-internacional-buen-comienzo-pone-a-medellin-a-dialogar-sobre-diversidad-y-neurodesarrollo","status":"publish","type":"post","link":"https:\/\/www.medellin.gov.co\/es\/sala-de-prensa\/noticias\/el-xii-congreso-internacional-buen-comienzo-pone-a-medellin-a-dialogar-sobre-diversidad-y-neurodesarrollo\/","title":{"rendered":"El XII Congreso Internacional Buen Comienzo pone a Medell\u00edn a dialogar sobre diversidad y neurodesarrollo"},"content":{"rendered":"<ul>\n<li>El encuentro ir\u00e1 hasta el pr\u00f3ximo viernes en Plaza Mayor.<\/li>\n<li>Invitados nacionales e internacionales compartir\u00e1n experiencias sobre primera infancia e inclusi\u00f3n.<\/li>\n<\/ul>\n<!--[if lt IE 9]><script>document.createElement('audio');<\/script><![endif]-->\n\t<div class=\"wp-playlist wp-audio-playlist wp-playlist-light\">\n\t\t\t<div class=\"wp-playlist-current-item\"><\/div>\n\t\t<audio controls=\"controls\" preload=\"none\" width=\"640\"\n\t\t\t><\/audio>\n\t<div class=\"wp-playlist-next\"><\/div>\n\t<div class=\"wp-playlist-prev\"><\/div>\n\t<noscript>\n\t<ol>\n\t\t<li><a href='https:\/\/www.medellin.gov.co\/es\/wp-content\/uploads\/2026\/09\/Declaraciones-de-la-primera-dama-de-Medellin-Margarita-Maria-Gomez-Marin.mp3'>Declaraciones de la primera dama de Medell\u00edn, Margarita Mar\u00eda G\u00f3mez Mar\u00edn<\/a><\/li><li><a href='https:\/\/www.medellin.gov.co\/es\/wp-content\/uploads\/2026\/09\/Declaraciones-del-alcalde-de-Medellin-Federico-Gutierrez.mp3'>Declaraciones del alcalde de Medell\u00edn, Federico Guti\u00e9rrez<\/a><\/li><li><a href='https:\/\/www.medellin.gov.co\/es\/wp-content\/uploads\/2026\/09\/Declaraciones-de-la-directora-de-Buen-Comienzo-Diana-Carmona.mp3'>Declaraciones de la directora de Buen Comienzo, Diana Carmona<\/a><\/li>\t<\/ol>\n\t<\/noscript>\n\t<script type=\"application\/json\" class=\"wp-playlist-script\">{\"type\":\"audio\",\"tracklist\":true,\"tracknumbers\":true,\"images\":true,\"artists\":true,\"tracks\":[{\"src\":\"https:\\\/\\\/www.medellin.gov.co\\\/es\\\/wp-content\\\/uploads\\\/2026\\\/09\\\/Declaraciones-de-la-primera-dama-de-Medellin-Margarita-Maria-Gomez-Marin.mp3\",\"type\":\"audio\\\/mpeg\",\"title\":\"Declaraciones de la primera dama de Medell\\u00edn, Margarita Mar\\u00eda G\\u00f3mez Mar\\u00edn\",\"caption\":\"\",\"description\":\"\\u00abDeclaraciones de la primera dama de Medell\\u00edn, Margarita Mar\\u00eda G\\u00f3mez Mar\\u00edn\\u00bb. \",\"meta\":{\"year\":\"2026\",\"length_formatted\":\"1:10\"},\"image\":{\"src\":\"https:\\\/\\\/www.medellin.gov.co\\\/es\\\/wp-includes\\\/images\\\/media\\\/audio.png\",\"width\":48,\"height\":64},\"thumb\":{\"src\":\"https:\\\/\\\/www.medellin.gov.co\\\/es\\\/wp-includes\\\/images\\\/media\\\/audio.png\",\"width\":48,\"height\":64}},{\"src\":\"https:\\\/\\\/www.medellin.gov.co\\\/es\\\/wp-content\\\/uploads\\\/2026\\\/09\\\/Declaraciones-del-alcalde-de-Medellin-Federico-Gutierrez.mp3\",\"type\":\"audio\\\/mpeg\",\"title\":\"Declaraciones del alcalde de Medell\\u00edn, Federico Guti\\u00e9rrez\",\"caption\":\"\",\"description\":\"\\u00abDeclaraciones del alcalde de Medell\\u00edn, Federico Guti\\u00e9rrez\\u00bb. Lanzamiento: 2026.\",\"meta\":{\"year\":\"2026\",\"length_formatted\":\"1:33\"},\"image\":{\"src\":\"https:\\\/\\\/www.medellin.gov.co\\\/es\\\/wp-includes\\\/images\\\/media\\\/audio.png\",\"width\":48,\"height\":64},\"thumb\":{\"src\":\"https:\\\/\\\/www.medellin.gov.co\\\/es\\\/wp-includes\\\/images\\\/media\\\/audio.png\",\"width\":48,\"height\":64}},{\"src\":\"https:\\\/\\\/www.medellin.gov.co\\\/es\\\/wp-content\\\/uploads\\\/2026\\\/09\\\/Declaraciones-de-la-directora-de-Buen-Comienzo-Diana-Carmona.mp3\",\"type\":\"audio\\\/mpeg\",\"title\":\"Declaraciones de la directora de Buen Comienzo, Diana Carmona\",\"caption\":\"\",\"description\":\"\\u00abDeclaraciones de la directora de Buen Comienzo, Diana Carmona\\u00bb. \",\"meta\":{\"genre\":\"Blues\",\"length_formatted\":\"1:05\"},\"image\":{\"src\":\"https:\\\/\\\/www.medellin.gov.co\\\/es\\\/wp-includes\\\/images\\\/media\\\/audio.png\",\"width\":48,\"height\":64},\"thumb\":{\"src\":\"https:\\\/\\\/www.medellin.gov.co\\\/es\\\/wp-includes\\\/images\\\/media\\\/audio.png\",\"width\":48,\"height\":64}}]}<\/script>\n<\/div>\n\t\n<p>El alcalde de Medell\u00edn, Federico Guti\u00e9rrez Zuluaga, y la primera dama, Margarita G\u00f3mez Mar\u00edn, dieron apertura al <a href=\"https:\/\/telemedellin.tv\/congreso-internacional-buen-comienzo-en-medellin\/\" target=\"_blank\" rel=\"noopener\">XII Congreso Internacional Buen Comienzo<\/a>: Conexi\u00f3n, Neurodiversidad y Cuidado, que se desarrollar\u00e1 hasta el pr\u00f3ximo viernes en Plaza Mayor. El encuentro re\u00fane a quienes acompa\u00f1an a ni\u00f1as y ni\u00f1os desde la educaci\u00f3n, el cuidado, las familias y diferentes disciplinas; adem\u00e1s, pone en el centro de la agenda p\u00fablica una conversaci\u00f3n fundamental para el presente y el futuro de la primera infancia: la neurodiversidad y el neurodesarrollo.<\/p>\n<p>\u201c<em>Esta es una oportunidad para abordar temas que llenen de herramientas, no solamente a los agentes educativos, sino tambi\u00e9n a las familias que est\u00e1n a cargo de ni\u00f1as y ni\u00f1os que tienen alguna condici\u00f3n de neurodiversidad. Queremos abordarla haciendo \u00e9nfasis en c\u00f3mo podemos fortalecer esas diferentes capacidades de la primera infancia<\/em>\u201d, dijo la primera dama, Margarita G\u00f3mez Mar\u00edn.<\/p>\n<p>Esta apuesta hace parte del trabajo que adelanta la Alcald\u00eda de Medell\u00edn, a trav\u00e9s de Buen Comienzo y el Despacho de la Primera Dama, para reforzar la atenci\u00f3n a la primera infancia a partir del reconocimiento de las capacidades, particularidades y diferentes formas de aprender, relacionarse y desarrollarse.<\/p>\n<p><a href=\"https:\/\/www.medellin.gov.co\/es\/wp-content\/uploads\/2026\/09\/Imagen-del-alcalde-de-Medellin-Federico-Gutierrez-con-la-primera-dama-Margarita-Maria-Gomez-y-otros-acompanantes.jpg\" target=\"_blank\" rel=\"noopener\"><img loading=\"lazy\" class=\"alignnone wp-image-563910 size-full\" title=\"Alcalde de Medell\u00edn, Federico Guti\u00e9rrez, con la primera dama, Margarita Mar\u00eda G\u00f3mez y otros acompa\u00f1antes\" src=\"https:\/\/www.medellin.gov.co\/es\/wp-content\/uploads\/2026\/09\/Imagen-del-alcalde-de-Medellin-Federico-Gutierrez-con-la-primera-dama-Margarita-Maria-Gomez-y-otros-acompanantes.jpg\" alt=\"Imagen del alcalde de Medell\u00edn, Federico Guti\u00e9rrez, con la primera dama, Margarita Mar\u00eda G\u00f3mez y otros acompa\u00f1antes\" width=\"1139\" height=\"760\" srcset=\"https:\/\/www.medellin.gov.co\/es\/wp-content\/uploads\/2026\/09\/Imagen-del-alcalde-de-Medellin-Federico-Gutierrez-con-la-primera-dama-Margarita-Maria-Gomez-y-otros-acompanantes.jpg 1139w, https:\/\/www.medellin.gov.co\/es\/wp-content\/uploads\/2026\/09\/Imagen-del-alcalde-de-Medellin-Federico-Gutierrez-con-la-primera-dama-Margarita-Maria-Gomez-y-otros-acompanantes-300x200.jpg 300w, https:\/\/www.medellin.gov.co\/es\/wp-content\/uploads\/2026\/09\/Imagen-del-alcalde-de-Medellin-Federico-Gutierrez-con-la-primera-dama-Margarita-Maria-Gomez-y-otros-acompanantes-1024x683.jpg 1024w, https:\/\/www.medellin.gov.co\/es\/wp-content\/uploads\/2026\/09\/Imagen-del-alcalde-de-Medellin-Federico-Gutierrez-con-la-primera-dama-Margarita-Maria-Gomez-y-otros-acompanantes-150x100.jpg 150w, https:\/\/www.medellin.gov.co\/es\/wp-content\/uploads\/2026\/09\/Imagen-del-alcalde-de-Medellin-Federico-Gutierrez-con-la-primera-dama-Margarita-Maria-Gomez-y-otros-acompanantes-768x512.jpg 768w\" sizes=\"(max-width: 1139px) 100vw, 1139px\" \/><\/a><\/p>\n<p>El congreso es, adem\u00e1s, un espacio para cualificar a las agentes educativas y a todo el entorno vinculado con la primera infancia. La actualizaci\u00f3n y el intercambio de saberes permiten contar con m\u00e1s herramientas para identificar necesidades, potenciar capacidades y acompa\u00f1ar de manera pertinente a cada menor. La estrategia Buen Comienzo Sin Barreras recoge este prop\u00f3sito y busca fortalecer entornos cada vez m\u00e1s inclusivos y sensibles a la diversidad.<\/p>\n<p>\u201c<em>Este es un evento totalmente gratuito, pagado con recursos de la Alcald\u00eda para que las personas se puedan capacitar y prestarle un mejor servicio a las ni\u00f1as y ni\u00f1os de Medell\u00edn. Hace poquito tuvimos el Festival Buen Comienzo, que fue un evento muy bonito. Venimos con la construcci\u00f3n de otros siete jardines infantiles, arreglando los otros ya existentes. Vamos a dejar un Buen Comienzo muy fortalecido<\/em>\u201d, indic\u00f3 Guti\u00e9rrez Zuluaga.<\/p>\n<p>La dimensi\u00f3n internacional del encuentro se refleja en la participaci\u00f3n de profesionales como Rafa Guerrero, Margarita Ca\u00f1adas e Yvonne Laborda, de Espa\u00f1a, y Titi Palmero de Chile, quienes compartir\u00e1n sus estudios sobre el neurodesarrollo y la neurodiversidad.<\/p>\n\n\t\t<style type=\"text\/css\">\n\t\t\t#gallery-1 {\n\t\t\t\tmargin: auto;\n\t\t\t}\n\t\t\t#gallery-1 .gallery-item {\n\t\t\t\tfloat: left;\n\t\t\t\tmargin-top: 10px;\n\t\t\t\ttext-align: center;\n\t\t\t\twidth: 50%;\n\t\t\t}\n\t\t\t#gallery-1 img {\n\t\t\t\tborder: 2px solid #cfcfcf;\n\t\t\t}\n\t\t\t#gallery-1 .gallery-caption {\n\t\t\t\tmargin-left: 0;\n\t\t\t}\n\t\t\t\/* see gallery_shortcode() in wp-includes\/media.php *\/\n\t\t<\/style>\n\t\t<div id='gallery-1' class='gallery galleryid-563921 gallery-columns-2 gallery-size-full'><dl class='gallery-item'>\n\t\t\t<dt class='gallery-icon landscape'>\n\t\t\t\t<a href='https:\/\/www.medellin.gov.co\/es\/sala-de-prensa\/noticias\/camaras-del-123-clave-en-943-capturas-y-golpes-contra-la-delincuencia-en-medellin\/imagen-del-alcalde-de-medellin-federico-gutierrez-2\/'><img width=\"1139\" height=\"760\" src=\"https:\/\/www.medellin.gov.co\/es\/wp-content\/uploads\/2026\/09\/Imagen-del-alcalde-de-Medellin-Federico-Gutierrez.jpg\" class=\"attachment-full size-full\" alt=\"Imagen del alcalde de Medell\u00edn, Federico Guti\u00e9rrez\" loading=\"lazy\" srcset=\"https:\/\/www.medellin.gov.co\/es\/wp-content\/uploads\/2026\/09\/Imagen-del-alcalde-de-Medellin-Federico-Gutierrez.jpg 1139w, https:\/\/www.medellin.gov.co\/es\/wp-content\/uploads\/2026\/09\/Imagen-del-alcalde-de-Medellin-Federico-Gutierrez-300x200.jpg 300w, https:\/\/www.medellin.gov.co\/es\/wp-content\/uploads\/2026\/09\/Imagen-del-alcalde-de-Medellin-Federico-Gutierrez-1024x683.jpg 1024w, https:\/\/www.medellin.gov.co\/es\/wp-content\/uploads\/2026\/09\/Imagen-del-alcalde-de-Medellin-Federico-Gutierrez-150x100.jpg 150w, https:\/\/www.medellin.gov.co\/es\/wp-content\/uploads\/2026\/09\/Imagen-del-alcalde-de-Medellin-Federico-Gutierrez-768x512.jpg 768w\" sizes=\"(max-width: 1139px) 100vw, 1139px\" \/><\/a>\n\t\t\t<\/dt><\/dl><dl class='gallery-item'>\n\t\t\t<dt class='gallery-icon landscape'>\n\t\t\t\t<a href='https:\/\/www.medellin.gov.co\/es\/sala-de-prensa\/noticias\/camaras-del-123-clave-en-943-capturas-y-golpes-contra-la-delincuencia-en-medellin\/imagen-del-alcalde-de-medellin-federico-gutierrez-saludando-a-una-mujer\/'><img width=\"1139\" height=\"760\" src=\"https:\/\/www.medellin.gov.co\/es\/wp-content\/uploads\/2026\/09\/Imagen-del-alcalde-de-Medellin-Federico-Gutierrez-saludando-a-una-mujer.jpg\" class=\"attachment-full size-full\" alt=\"Imagen del alcalde de Medell\u00edn, Federico Guti\u00e9rrez, saludando a una mujer\" loading=\"lazy\" srcset=\"https:\/\/www.medellin.gov.co\/es\/wp-content\/uploads\/2026\/09\/Imagen-del-alcalde-de-Medellin-Federico-Gutierrez-saludando-a-una-mujer.jpg 1139w, https:\/\/www.medellin.gov.co\/es\/wp-content\/uploads\/2026\/09\/Imagen-del-alcalde-de-Medellin-Federico-Gutierrez-saludando-a-una-mujer-300x200.jpg 300w, https:\/\/www.medellin.gov.co\/es\/wp-content\/uploads\/2026\/09\/Imagen-del-alcalde-de-Medellin-Federico-Gutierrez-saludando-a-una-mujer-1024x683.jpg 1024w, https:\/\/www.medellin.gov.co\/es\/wp-content\/uploads\/2026\/09\/Imagen-del-alcalde-de-Medellin-Federico-Gutierrez-saludando-a-una-mujer-150x100.jpg 150w, https:\/\/www.medellin.gov.co\/es\/wp-content\/uploads\/2026\/09\/Imagen-del-alcalde-de-Medellin-Federico-Gutierrez-saludando-a-una-mujer-768x512.jpg 768w\" sizes=\"(max-width: 1139px) 100vw, 1139px\" \/><\/a>\n\t\t\t<\/dt><\/dl><br style=\"clear: both\" \/>\n\t\t<\/div>\n\n<p>Guerrero es psicoterapeuta, doctor en Educaci\u00f3n y referente internacional en TDAH, trastornos del aprendizaje y desarrollo cerebral infantil. Ca\u00f1adas es terapeuta ocupacional, antrop\u00f3loga y doctora en Ciencias de la Salud, con trayectoria en atenci\u00f3n temprana centrada en la familia e inclusi\u00f3n. Laborda es terapeuta humanista y escritora, destacada por su trabajo en crianza consciente y desarrollo emocional. Por su parte, Palmero es psic\u00f3loga cl\u00ednica y educativa, mag\u00edster en psicopedagog\u00eda con menci\u00f3n en neurociencias y experta en educaci\u00f3n emocional.<\/p>\n<p>Sus experiencias se suman a las de invitados nacionales para generar un di\u00e1logo que permita conectar el conocimiento internacional con las realidades y desaf\u00edos de Medell\u00edn y traducirlo en mejores pr\u00e1cticas para acompa\u00f1ar a la primera infancia.<\/p>\n","protected":false},"excerpt":{"rendered":"<p>El encuentro ir\u00e1 hasta el pr\u00f3ximo viernes en Plaza Mayor. Invitados nacionales e internacionales compartir\u00e1n experiencias sobre primera infancia e inclusi\u00f3n. El alcalde de Medell\u00edn, Federico Guti\u00e9rrez Zuluaga, y la primera dama, Margarita G\u00f3mez Mar\u00edn, &#8230;<\/p>\n","protected":false},"author":21,"featured_media":563905,"comment_status":"open","ping_status":"open","sticky":false,"template":"","format":"standard","meta":[],"categories":[533],"tags":[451,428,725],"formato_nota":[],"programas_tax":[],"acf":[],"_links":{"self":[{"href":"https:\/\/www.medellin.gov.co\/es\/wp-json\/wp\/v2\/posts\/563921"}],"collection":[{"href":"https:\/\/www.medellin.gov.co\/es\/wp-json\/wp\/v2\/posts"}],"about":[{"href":"https:\/\/www.medellin.gov.co\/es\/wp-json\/wp\/v2\/types\/post"}],"author":[{"embeddable":true,"href":"https:\/\/www.medellin.gov.co\/es\/wp-json\/wp\/v2\/users\/21"}],"replies":[{"embeddable":true,"href":"https:\/\/www.medellin.gov.co\/es\/wp-json\/wp\/v2\/comments?post=563921"}],"version-history":[{"count":1,"href":"https:\/\/www.medellin.gov.co\/es\/wp-json\/wp\/v2\/posts\/563921\/revisions"}],"predecessor-version":[{"id":563922,"href":"https:\/\/www.medellin.gov.co\/es\/wp-json\/wp\/v2\/posts\/563921\/revisions\/563922"}],"wp:featuredmedia":[{"embeddable":true,"href":"https:\/\/www.medellin.gov.co\/es\/wp-json\/wp\/v2\/media\/563905"}],"wp:attachment":[{"href":"https:\/\/www.medellin.gov.co\/es\/wp-json\/wp\/v2\/media?parent=563921"}],"wp:term":[{"taxonomy":"category","embeddable":true,"href":"https:\/\/www.medellin.gov.co\/es\/wp-json\/wp\/v2\/categories?post=563921"},{"taxonomy":"post_tag","embeddable":true,"href":"https:\/\/www.medellin.gov.co\/es\/wp-json\/wp\/v2\/tags?post=563921"},{"taxonomy":"formato_nota","embeddable":true,"href":"https:\/\/www.medellin.gov.co\/es\/wp-json\/wp\/v2\/formato_nota?post=563921"},{"taxonomy":"programas_tax","embeddable":true,"href":"https:\/\/www.medellin.gov.co\/es\/wp-json\/wp\/v2\/programas_tax?post=563921"}],"curies":[{"name":"wp","href":"https:\/\/api.w.org\/{rel}","templated":true}]}}