{"id":563924,"date":"2026-09-02T15:41:05","date_gmt":"2026-09-02T20:41:05","guid":{"rendered":"https:\/\/www.medellin.gov.co\/es\/?p=563924"},"modified":"2026-09-02T15:41:05","modified_gmt":"2026-09-02T20:41:05","slug":"suspension-del-racionamiento-de-agua-en-medellin","status":"publish","type":"post","link":"https:\/\/www.medellin.gov.co\/es\/sala-de-prensa\/noticias\/suspension-del-racionamiento-de-agua-en-medellin\/","title":{"rendered":"\u201cCada gota cuenta\u201d: alcalde Federico Guti\u00e9rrez anuncia la suspensi\u00f3n del racionamiento de agua en Medell\u00edn, una decisi\u00f3n que depende del ahorro de todos"},"content":{"rendered":"<ul>\n<li>Se realizar\u00e1n mediciones diarias del consumo en los 10 circuitos de las zonas y el lunes 7 de septiembre se definir\u00e1 si contin\u00faa la suspensi\u00f3n.<\/li>\n<li>La Administraci\u00f3n Distrital y <a href=\"https:\/\/www.epm.com.co\/\" target=\"_blank\" rel=\"noopener\">EPM<\/a> piden a cada vivienda y establecimiento reducir en promedio 92 litros diarios en la zona nororiental y centro oriental, y 70 litros en el resto de la ciudad y el Valle de Aburr\u00e1.<\/li>\n<\/ul>\n<!--[if lt IE 9]><script>document.createElement('audio');<\/script><![endif]-->\n\t<div class=\"wp-playlist wp-audio-playlist wp-playlist-light\">\n\t\t\t<div class=\"wp-playlist-current-item\"><\/div>\n\t\t<audio controls=\"controls\" preload=\"none\" width=\"640\"\n\t\t\t><\/audio>\n\t<div class=\"wp-playlist-next\"><\/div>\n\t<div class=\"wp-playlist-prev\"><\/div>\n\t<noscript>\n\t<ol>\n\t\t<li><a href='https:\/\/www.medellin.gov.co\/es\/wp-content\/uploads\/2026\/09\/Declaraciones-del-alcalde-de-Medellin-Federico-Gutierrez-01.mp3'>Declaraciones del alcalde de Medell\u00edn, Federico Guti\u00e9rrez - 01<\/a><\/li><li><a href='https:\/\/www.medellin.gov.co\/es\/wp-content\/uploads\/2026\/09\/Declaraciones-del-alcalde-de-Medellin-Federico-Gutierrez-02.mp3'>Declaraciones del alcalde de Medell\u00edn, Federico Guti\u00e9rrez - 02<\/a><\/li><li><a href='https:\/\/www.medellin.gov.co\/es\/wp-content\/uploads\/2026\/09\/Declaraciones-del-alcalde-de-Medellin-Federico-Gutierrez-03.mp3'>Declaraciones del alcalde de Medell\u00edn, Federico Guti\u00e9rrez - 03<\/a><\/li><li><a href='https:\/\/www.medellin.gov.co\/es\/wp-content\/uploads\/2026\/09\/Declaraciones-del-alcalde-de-Medellin-Federico-Gutierrez-04.mp3'>Declaraciones del alcalde de Medell\u00edn, Federico Guti\u00e9rrez - 04<\/a><\/li><li><a href='https:\/\/www.medellin.gov.co\/es\/wp-content\/uploads\/2026\/09\/Declaraciones-del-alcalde-de-Medellin-Federico-Gutierrez-05.mp3'>Declaraciones del alcalde de Medell\u00edn, Federico Guti\u00e9rrez - 05<\/a><\/li><li><a href='https:\/\/www.medellin.gov.co\/es\/wp-content\/uploads\/2026\/09\/Declaraciones-del-alcalde-de-Medellin-Federico-Gutierrez-06.mp3'>Declaraciones del alcalde de Medell\u00edn, Federico Guti\u00e9rrez - 06<\/a><\/li><li><a href='https:\/\/www.medellin.gov.co\/es\/wp-content\/uploads\/2026\/09\/Declaraciones-del-alcalde-de-Medellin-Federico-Gutierrez-07.mp3'>Declaraciones del alcalde de Medell\u00edn, Federico Guti\u00e9rrez - 07<\/a><\/li><li><a href='https:\/\/www.medellin.gov.co\/es\/wp-content\/uploads\/2026\/09\/Declaraciones-del-gerente-de-EPM-John-Maya-Salazar.mp3'>Declaraciones del gerente de EPM, John Maya Salazar<\/a><\/li>\t<\/ol>\n\t<\/noscript>\n\t<script type=\"application\/json\" class=\"wp-playlist-script\">{\"type\":\"audio\",\"tracklist\":true,\"tracknumbers\":true,\"images\":true,\"artists\":true,\"tracks\":[{\"src\":\"https:\\\/\\\/www.medellin.gov.co\\\/es\\\/wp-content\\\/uploads\\\/2026\\\/09\\\/Declaraciones-del-alcalde-de-Medellin-Federico-Gutierrez-01.mp3\",\"type\":\"audio\\\/mpeg\",\"title\":\"Declaraciones del alcalde de Medell\\u00edn, Federico Guti\\u00e9rrez - 01\",\"caption\":\"\",\"description\":\"\\u00abDeclaraciones del alcalde de Medell\\u00edn, Federico Guti\\u00e9rrez - 01\\u00bb. Lanzamiento: 2026.\",\"meta\":{\"year\":\"2026\",\"length_formatted\":\"9:15\"},\"image\":{\"src\":\"https:\\\/\\\/www.medellin.gov.co\\\/es\\\/wp-includes\\\/images\\\/media\\\/audio.png\",\"width\":48,\"height\":64},\"thumb\":{\"src\":\"https:\\\/\\\/www.medellin.gov.co\\\/es\\\/wp-includes\\\/images\\\/media\\\/audio.png\",\"width\":48,\"height\":64}},{\"src\":\"https:\\\/\\\/www.medellin.gov.co\\\/es\\\/wp-content\\\/uploads\\\/2026\\\/09\\\/Declaraciones-del-alcalde-de-Medellin-Federico-Gutierrez-02.mp3\",\"type\":\"audio\\\/mpeg\",\"title\":\"Declaraciones del alcalde de Medell\\u00edn, Federico Guti\\u00e9rrez - 02\",\"caption\":\"\",\"description\":\"\\u00abDeclaraciones del alcalde de Medell\\u00edn, Federico Guti\\u00e9rrez - 02\\u00bb. Lanzamiento: 2026.\",\"meta\":{\"year\":\"2026\",\"length_formatted\":\"7:55\"},\"image\":{\"src\":\"https:\\\/\\\/www.medellin.gov.co\\\/es\\\/wp-includes\\\/images\\\/media\\\/audio.png\",\"width\":48,\"height\":64},\"thumb\":{\"src\":\"https:\\\/\\\/www.medellin.gov.co\\\/es\\\/wp-includes\\\/images\\\/media\\\/audio.png\",\"width\":48,\"height\":64}},{\"src\":\"https:\\\/\\\/www.medellin.gov.co\\\/es\\\/wp-content\\\/uploads\\\/2026\\\/09\\\/Declaraciones-del-alcalde-de-Medellin-Federico-Gutierrez-03.mp3\",\"type\":\"audio\\\/mpeg\",\"title\":\"Declaraciones del alcalde de Medell\\u00edn, Federico Guti\\u00e9rrez - 03\",\"caption\":\"\",\"description\":\"\\u00abDeclaraciones del alcalde de Medell\\u00edn, Federico Guti\\u00e9rrez - 03\\u00bb. \",\"meta\":{\"year\":\"2026\",\"length_formatted\":\"10:32\"},\"image\":{\"src\":\"https:\\\/\\\/www.medellin.gov.co\\\/es\\\/wp-includes\\\/images\\\/media\\\/audio.png\",\"width\":48,\"height\":64},\"thumb\":{\"src\":\"https:\\\/\\\/www.medellin.gov.co\\\/es\\\/wp-includes\\\/images\\\/media\\\/audio.png\",\"width\":48,\"height\":64}},{\"src\":\"https:\\\/\\\/www.medellin.gov.co\\\/es\\\/wp-content\\\/uploads\\\/2026\\\/09\\\/Declaraciones-del-alcalde-de-Medellin-Federico-Gutierrez-04.mp3\",\"type\":\"audio\\\/mpeg\",\"title\":\"Declaraciones del alcalde de Medell\\u00edn, Federico Guti\\u00e9rrez - 04\",\"caption\":\"\",\"description\":\"\\u00abDeclaraciones del alcalde de Medell\\u00edn, Federico Guti\\u00e9rrez - 04\\u00bb.\",\"meta\":{\"year\":\"2026\",\"length_formatted\":\"3:35\"},\"image\":{\"src\":\"https:\\\/\\\/www.medellin.gov.co\\\/es\\\/wp-includes\\\/images\\\/media\\\/audio.png\",\"width\":48,\"height\":64},\"thumb\":{\"src\":\"https:\\\/\\\/www.medellin.gov.co\\\/es\\\/wp-includes\\\/images\\\/media\\\/audio.png\",\"width\":48,\"height\":64}},{\"src\":\"https:\\\/\\\/www.medellin.gov.co\\\/es\\\/wp-content\\\/uploads\\\/2026\\\/09\\\/Declaraciones-del-alcalde-de-Medellin-Federico-Gutierrez-05.mp3\",\"type\":\"audio\\\/mpeg\",\"title\":\"Declaraciones del alcalde de Medell\\u00edn, Federico Guti\\u00e9rrez - 05\",\"caption\":\"\",\"description\":\"\\u00abDeclaraciones del alcalde de Medell\\u00edn, Federico Guti\\u00e9rrez - 05\\u00bb. Lanzamiento: 2026.\",\"meta\":{\"year\":\"2026\",\"length_formatted\":\"0:56\"},\"image\":{\"src\":\"https:\\\/\\\/www.medellin.gov.co\\\/es\\\/wp-includes\\\/images\\\/media\\\/audio.png\",\"width\":48,\"height\":64},\"thumb\":{\"src\":\"https:\\\/\\\/www.medellin.gov.co\\\/es\\\/wp-includes\\\/images\\\/media\\\/audio.png\",\"width\":48,\"height\":64}},{\"src\":\"https:\\\/\\\/www.medellin.gov.co\\\/es\\\/wp-content\\\/uploads\\\/2026\\\/09\\\/Declaraciones-del-alcalde-de-Medellin-Federico-Gutierrez-06.mp3\",\"type\":\"audio\\\/mpeg\",\"title\":\"Declaraciones del alcalde de Medell\\u00edn, Federico Guti\\u00e9rrez - 06\",\"caption\":\"\",\"description\":\"\\u00abDeclaraciones del alcalde de Medell\\u00edn, Federico Guti\\u00e9rrez - 06\\u00bb. Lanzamiento: 2026.\",\"meta\":{\"year\":\"2026\",\"length_formatted\":\"3:50\"},\"image\":{\"src\":\"https:\\\/\\\/www.medellin.gov.co\\\/es\\\/wp-includes\\\/images\\\/media\\\/audio.png\",\"width\":48,\"height\":64},\"thumb\":{\"src\":\"https:\\\/\\\/www.medellin.gov.co\\\/es\\\/wp-includes\\\/images\\\/media\\\/audio.png\",\"width\":48,\"height\":64}},{\"src\":\"https:\\\/\\\/www.medellin.gov.co\\\/es\\\/wp-content\\\/uploads\\\/2026\\\/09\\\/Declaraciones-del-alcalde-de-Medellin-Federico-Gutierrez-07.mp3\",\"type\":\"audio\\\/mpeg\",\"title\":\"Declaraciones del alcalde de Medell\\u00edn, Federico Guti\\u00e9rrez - 07\",\"caption\":\"\",\"description\":\"\\u00abDeclaraciones del alcalde de Medell\\u00edn, Federico Guti\\u00e9rrez - 07\\u00bb.\",\"meta\":{\"year\":\"2026\",\"length_formatted\":\"0:59\"},\"image\":{\"src\":\"https:\\\/\\\/www.medellin.gov.co\\\/es\\\/wp-includes\\\/images\\\/media\\\/audio.png\",\"width\":48,\"height\":64},\"thumb\":{\"src\":\"https:\\\/\\\/www.medellin.gov.co\\\/es\\\/wp-includes\\\/images\\\/media\\\/audio.png\",\"width\":48,\"height\":64}},{\"src\":\"https:\\\/\\\/www.medellin.gov.co\\\/es\\\/wp-content\\\/uploads\\\/2026\\\/09\\\/Declaraciones-del-gerente-de-EPM-John-Maya-Salazar.mp3\",\"type\":\"audio\\\/mpeg\",\"title\":\"Declaraciones del gerente de EPM, John Maya Salazar\",\"caption\":\"\",\"description\":\"\\u00abDeclaraciones del gerente de EPM, John Maya Salazar\\u00bb. \",\"meta\":{\"year\":\"2026\",\"length_formatted\":\"4:25\"},\"image\":{\"src\":\"https:\\\/\\\/www.medellin.gov.co\\\/es\\\/wp-includes\\\/images\\\/media\\\/audio.png\",\"width\":48,\"height\":64},\"thumb\":{\"src\":\"https:\\\/\\\/www.medellin.gov.co\\\/es\\\/wp-includes\\\/images\\\/media\\\/audio.png\",\"width\":48,\"height\":64}}]}<\/script>\n<\/div>\n\t\n<p>El alcalde de Medell\u00edn, Federico Guti\u00e9rrez Zuluaga, inform\u00f3 que EPM suspender\u00e1 para lo que resta de esta semana (mi\u00e9rcoles, jueves, viernes, s\u00e1bado y domingo) el esquema de interrupciones de acueducto que se activ\u00f3 el pasado lunes en 10 circuitos de las zonas nororiental y centro oriental de la ciudad, abastecidos por el embalse Piedras Blancas, despu\u00e9s de que se tuvo un ahorro en los dos primeros d\u00edas de aplicaci\u00f3n de la medida.<\/p>\n<p>Las restricciones hab\u00edan sido anunciadas por EPM como decisi\u00f3n preventiva ante la disminuci\u00f3n de las lluvias y las altas temperaturas asociadas al fen\u00f3meno de El Ni\u00f1o, que ha golpeado las fuentes que abastecen el sistema de acueducto. En el balance de los dos primeros d\u00edas, el ahorro promedio lleg\u00f3 a los 120 litros de agua por segundo, cerca de 10 millones de litros al d\u00eda, un volumen que corresponde al d\u00e9ficit que registra el sistema Piedras Blancas.<\/p>\n<p>\u201c<em>A partir de hoy no se aplican los cortes de agua en la zona nororiental y centro oriental de Medell\u00edn, vamos a ponernos una meta de ciudad durante los pr\u00f3ximos cinco d\u00edas, es absolutamente necesario, de no cumplirla s\u00ed o s\u00ed habr\u00eda necesidad de parte de EPM de aplicar racionamientos, sino en otras partes de la ciudad y el \u00e1rea metropolitana entendiendo el nivel de los embalses. Se necesita un ahorro de 92 litros por d\u00eda por vivienda en la zona nororiental y centro oriental; y de 70 litros por d\u00eda por vivienda en el resto de la ciudad y el \u00e1rea metropolitana<\/em>\u201d, explic\u00f3 el alcalde.<\/p>\n<p><a href=\"https:\/\/www.medellin.gov.co\/es\/wp-content\/uploads\/2022\/03\/20211006-Servicios-Publicos-1-1.jpg\" target=\"_blank\" rel=\"noopener\"><img loading=\"lazy\" class=\"alignnone wp-image-56721 size-full\" title=\"Una ducha abierta\" src=\"https:\/\/www.medellin.gov.co\/es\/wp-content\/uploads\/2022\/03\/20211006-Servicios-Publicos-1-1.jpg\" alt=\"Imagen de una ducha abierta\" width=\"1000\" height=\"450\" srcset=\"https:\/\/www.medellin.gov.co\/es\/wp-content\/uploads\/2022\/03\/20211006-Servicios-Publicos-1-1.jpg 1000w, https:\/\/www.medellin.gov.co\/es\/wp-content\/uploads\/2022\/03\/20211006-Servicios-Publicos-1-1-300x135.jpg 300w, https:\/\/www.medellin.gov.co\/es\/wp-content\/uploads\/2022\/03\/20211006-Servicios-Publicos-1-1-150x68.jpg 150w, https:\/\/www.medellin.gov.co\/es\/wp-content\/uploads\/2022\/03\/20211006-Servicios-Publicos-1-1-768x346.jpg 768w\" sizes=\"(max-width: 1000px) 100vw, 1000px\" \/><\/a><\/p>\n<p>El anuncio de mantener la suspensi\u00f3n del racionamiento est\u00e1 sujeto al an\u00e1lisis que har\u00e1n el Distrito y EPM sobre el ahorro de agua en toda la ciudad y su \u00e1rea metropolitana. Cada d\u00eda, se har\u00e1 seguimiento a los consumos, cuya reducci\u00f3n se espera en viviendas, empresas y espacio p\u00fablico, a trav\u00e9s de acciones simples como pasar un menor tiempo en la ducha, regar las plantas en las noches y evitar el uso de mangueras. Cada d\u00eda, EPM y la Administraci\u00f3n Distrital le informar\u00e1n a la ciudadan\u00eda los avances en la disminuci\u00f3n de dichos consumos.<\/p>\n<p><em>\u201cLas medidas, dentro de los edificios p\u00fablicos, como ya lo hizo EPM, tambi\u00e9n son de racionamiento de agua. Con respecto a nuestros jardines, la gente no ver\u00e1 las actividades de riego durante el d\u00eda. Se har\u00e1n en horas de la noche, para cuidar las zonas verdes de la ciudad, pero no lo haremos con agua potable, se har\u00e1 con aguas a trav\u00e9s de perforaciones subterr\u00e1neas, que es lo que tenemos capacidad de hacer<\/em>\u201d, dijo el mandatario local, quien precis\u00f3 que el pr\u00f3ximo lunes se anunciar\u00e1 si se puede seguir sin interrupciones o si es necesario volver al esquema de cortes programados.<\/p>\n<p>\u201c<em>Si, por ejemplo, el embalse de La Fe logra o llega a unos niveles cr\u00edticos sin que tomemos medidas f\u00e1cilmente, el racionamiento ser\u00eda generalizado en gran parte de Medell\u00edn y municipios como Envigado, Sabaneta, La Estrella e Itag\u00fc\u00ed; inclusive El Retiro y zonas del Oriente Antioque\u00f1o, as\u00ed como todo el ecosistema y el sistema interconectado en la ciudad<\/em>\u201d, coment\u00f3 el alcalde.<\/p>\n<p>Guti\u00e9rrez Zuluaga advirti\u00f3 que ning\u00fan embalse, r\u00edo o quebrada del sistema de acueducto est\u00e1 libre de la reducci\u00f3n de caudales que puede implicar cortes en el servicio, por lo severo que est\u00e1 el fen\u00f3meno de El Ni\u00f1o actual. Asimismo, las autoridades har\u00e1n operativos de control en distintos sectores para evitar el funcionamiento de lavaderos clandestinos o el lavado de veh\u00edculos en espacio p\u00fablico.<\/p>\n","protected":false},"excerpt":{"rendered":"<p>Se realizar\u00e1n mediciones diarias del consumo en los 10 circuitos de las zonas y el lunes 7 de septiembre se definir\u00e1 si contin\u00faa la suspensi\u00f3n. La Administraci\u00f3n Distrital y EPM piden a cada vivienda y &#8230;<\/p>\n","protected":false},"author":21,"featured_media":327281,"comment_status":"open","ping_status":"open","sticky":false,"template":"","format":"standard","meta":[],"categories":[293,7],"tags":[451,455],"formato_nota":[],"programas_tax":[],"acf":[],"_links":{"self":[{"href":"https:\/\/www.medellin.gov.co\/es\/wp-json\/wp\/v2\/posts\/563924"}],"collection":[{"href":"https:\/\/www.medellin.gov.co\/es\/wp-json\/wp\/v2\/posts"}],"about":[{"href":"https:\/\/www.medellin.gov.co\/es\/wp-json\/wp\/v2\/types\/post"}],"author":[{"embeddable":true,"href":"https:\/\/www.medellin.gov.co\/es\/wp-json\/wp\/v2\/users\/21"}],"replies":[{"embeddable":true,"href":"https:\/\/www.medellin.gov.co\/es\/wp-json\/wp\/v2\/comments?post=563924"}],"version-history":[{"count":1,"href":"https:\/\/www.medellin.gov.co\/es\/wp-json\/wp\/v2\/posts\/563924\/revisions"}],"predecessor-version":[{"id":563927,"href":"https:\/\/www.medellin.gov.co\/es\/wp-json\/wp\/v2\/posts\/563924\/revisions\/563927"}],"wp:featuredmedia":[{"embeddable":true,"href":"https:\/\/www.medellin.gov.co\/es\/wp-json\/wp\/v2\/media\/327281"}],"wp:attachment":[{"href":"https:\/\/www.medellin.gov.co\/es\/wp-json\/wp\/v2\/media?parent=563924"}],"wp:term":[{"taxonomy":"category","embeddable":true,"href":"https:\/\/www.medellin.gov.co\/es\/wp-json\/wp\/v2\/categories?post=563924"},{"taxonomy":"post_tag","embeddable":true,"href":"https:\/\/www.medellin.gov.co\/es\/wp-json\/wp\/v2\/tags?post=563924"},{"taxonomy":"formato_nota","embeddable":true,"href":"https:\/\/www.medellin.gov.co\/es\/wp-json\/wp\/v2\/formato_nota?post=563924"},{"taxonomy":"programas_tax","embeddable":true,"href":"https:\/\/www.medellin.gov.co\/es\/wp-json\/wp\/v2\/programas_tax?post=563924"}],"curies":[{"name":"wp","href":"https:\/\/api.w.org\/{rel}","templated":true}]}}