{"id":563930,"date":"2026-09-02T15:54:07","date_gmt":"2026-09-02T20:54:07","guid":{"rendered":"https:\/\/www.medellin.gov.co\/es\/?p=563930"},"modified":"2026-09-02T15:54:07","modified_gmt":"2026-09-02T20:54:07","slug":"mas-de-600-estudiantes-de-medellin-pusieron-a-prueba-sus-habilidades-deportivas-en-el-iii-festival-fitness","status":"publish","type":"post","link":"https:\/\/www.medellin.gov.co\/es\/sala-de-prensa\/noticias\/mas-de-600-estudiantes-de-medellin-pusieron-a-prueba-sus-habilidades-deportivas-en-el-iii-festival-fitness\/","title":{"rendered":"M\u00e1s de 600 estudiantes de Medell\u00edn pusieron a prueba sus habilidades deportivas en el III Festival Fitness"},"content":{"rendered":"<ul>\n<li>Instituciones educativas de la ciudad y otros municipios del \u00e1rea metropolitana participaron en este encuentro que promovi\u00f3 la actividad f\u00edsica, la sana competencia y el trabajo en equipo.<\/li>\n<li>El festival, articulado con el <a href=\"https:\/\/www.sena.edu.co\/\" target=\"_blank\" rel=\"noopener\">SENA<\/a>, reuni\u00f3 a estudiantes del Valle de Aburr\u00e1 en torno a competencias deportivas, actividades culturales y experiencias de formaci\u00f3n pr\u00e1ctica.<\/li>\n<\/ul>\n<!--[if lt IE 9]><script>document.createElement('audio');<\/script><![endif]-->\n\t<div class=\"wp-playlist wp-audio-playlist wp-playlist-light\">\n\t\t\t<div class=\"wp-playlist-current-item\"><\/div>\n\t\t<audio controls=\"controls\" preload=\"none\" width=\"640\"\n\t\t\t><\/audio>\n\t<div class=\"wp-playlist-next\"><\/div>\n\t<div class=\"wp-playlist-prev\"><\/div>\n\t<noscript>\n\t<ol>\n\t\t<li><a href='https:\/\/www.medellin.gov.co\/es\/wp-content\/uploads\/2026\/09\/Declaraciones-de-la-secretaria-de-Educacion-Carolina-Franco-Giraldo.mp3'>Declaraciones de la secretaria de Educaci\u00f3n, Carolina Franco Giraldo<\/a><\/li>\t<\/ol>\n\t<\/noscript>\n\t<script type=\"application\/json\" class=\"wp-playlist-script\">{\"type\":\"audio\",\"tracklist\":true,\"tracknumbers\":true,\"images\":true,\"artists\":true,\"tracks\":[{\"src\":\"https:\\\/\\\/www.medellin.gov.co\\\/es\\\/wp-content\\\/uploads\\\/2026\\\/09\\\/Declaraciones-de-la-secretaria-de-Educacion-Carolina-Franco-Giraldo.mp3\",\"type\":\"audio\\\/mpeg\",\"title\":\"Declaraciones de la secretaria de Educaci\\u00f3n, Carolina Franco Giraldo\",\"caption\":\"\",\"description\":\"\\u00abDeclaraciones de la secretaria de Educaci\\u00f3n, Carolina Franco Giraldo\\u00bb. \",\"meta\":{\"genre\":\"Blues\",\"length_formatted\":\"1:00\"},\"image\":{\"src\":\"https:\\\/\\\/www.medellin.gov.co\\\/es\\\/wp-includes\\\/images\\\/media\\\/audio.png\",\"width\":48,\"height\":64},\"thumb\":{\"src\":\"https:\\\/\\\/www.medellin.gov.co\\\/es\\\/wp-includes\\\/images\\\/media\\\/audio.png\",\"width\":48,\"height\":64}}]}<\/script>\n<\/div>\n\t\n<p>La Alcald\u00eda de Medell\u00edn, a trav\u00e9s de la Secretar\u00eda de Educaci\u00f3n y en articulaci\u00f3n con el SENA, lider\u00f3 el III Festival Fitness, un encuentro acad\u00e9mico, deportivo y cultural que reuni\u00f3 a cerca de 600 estudiantes de las instituciones educativas oficiales de Medell\u00edn y otros municipios del Valle de Aburr\u00e1 en torno a la actividad f\u00edsica, la integraci\u00f3n y la formaci\u00f3n t\u00e9cnica.<\/p>\n<p>La jornada, realizada en la Instituci\u00f3n Educativa INEM Jos\u00e9 F\u00e9lix de Restrepo, combin\u00f3 formaci\u00f3n, competencia deportiva y actividades culturales; y vincul\u00f3 programas t\u00e9cnicos como Ejecuci\u00f3n de Clases Grupales Orientadas al Fitness, Ejecuci\u00f3n de Programas Deportivos, Ejecuci\u00f3n de la Danza y Recreaci\u00f3n.<\/p>\n<p><a href=\"https:\/\/www.medellin.gov.co\/es\/wp-content\/uploads\/2026\/09\/Imagen-de-una-pareja-presentacion-de-baile.jpg\" target=\"_blank\" rel=\"noopener\"><img loading=\"lazy\" class=\"alignnone wp-image-563932 size-full\" title=\"pareja presentaci\u00f3n de baile\" src=\"https:\/\/www.medellin.gov.co\/es\/wp-content\/uploads\/2026\/09\/Imagen-de-una-pareja-presentacion-de-baile.jpg\" alt=\"Imagen de una pareja presentaci\u00f3n de baile\" width=\"1141\" height=\"760\" srcset=\"https:\/\/www.medellin.gov.co\/es\/wp-content\/uploads\/2026\/09\/Imagen-de-una-pareja-presentacion-de-baile.jpg 1141w, https:\/\/www.medellin.gov.co\/es\/wp-content\/uploads\/2026\/09\/Imagen-de-una-pareja-presentacion-de-baile-300x200.jpg 300w, https:\/\/www.medellin.gov.co\/es\/wp-content\/uploads\/2026\/09\/Imagen-de-una-pareja-presentacion-de-baile-1024x682.jpg 1024w, https:\/\/www.medellin.gov.co\/es\/wp-content\/uploads\/2026\/09\/Imagen-de-una-pareja-presentacion-de-baile-150x100.jpg 150w, https:\/\/www.medellin.gov.co\/es\/wp-content\/uploads\/2026\/09\/Imagen-de-una-pareja-presentacion-de-baile-768x512.jpg 768w\" sizes=\"(max-width: 1141px) 100vw, 1141px\" \/><\/a><\/p>\n<p>\u201c<em>Durante el encuentro, los j\u00f3venes participaron de pruebas de entrenamiento funcional, actividades de activaci\u00f3n f\u00edsica, presentaciones culturales y espacios de reconocimiento a su esfuerzo, disciplina y trabajo en equipo. Este festival permiti\u00f3 que los estudiantes pusieran en pr\u00e1ctica los conocimientos y habilidades adquiridas en el programa relacionada con fitness, deportes, danza, recreaci\u00f3n. Con estas experiencias, seguimos fortaleciendo una educaci\u00f3n integral que reconoce el talento de nuestros j\u00f3venes, promueve h\u00e1bitos de vida saludable y les entrega herramientas para su futuro personal, acad\u00e9mico y laboral<\/em>\u201d, explic\u00f3 la secretaria de Educaci\u00f3n, Carolina Franco Giraldo.<\/p>\n<p>Con estas experiencias, Medell\u00edn fortalece una educaci\u00f3n media conectada con la pr\u00e1ctica, en la que los estudiantes encuentran escenarios para aplicar lo aprendido, compartir con j\u00f3venes de otras instituciones y desarrollar competencias que aportan a su formaci\u00f3n integral y a su proyecci\u00f3n acad\u00e9mica y laboral.<\/p>\n","protected":false},"excerpt":{"rendered":"<p>Instituciones educativas de la ciudad y otros municipios del \u00e1rea metropolitana participaron en este encuentro que promovi\u00f3 la actividad f\u00edsica, la sana competencia y el trabajo en equipo. El festival, articulado con el SENA, reuni\u00f3 &#8230;<\/p>\n","protected":false},"author":21,"featured_media":563937,"comment_status":"open","ping_status":"open","sticky":false,"template":"","format":"standard","meta":[],"categories":[4],"tags":[431,428],"formato_nota":[],"programas_tax":[],"acf":[],"_links":{"self":[{"href":"https:\/\/www.medellin.gov.co\/es\/wp-json\/wp\/v2\/posts\/563930"}],"collection":[{"href":"https:\/\/www.medellin.gov.co\/es\/wp-json\/wp\/v2\/posts"}],"about":[{"href":"https:\/\/www.medellin.gov.co\/es\/wp-json\/wp\/v2\/types\/post"}],"author":[{"embeddable":true,"href":"https:\/\/www.medellin.gov.co\/es\/wp-json\/wp\/v2\/users\/21"}],"replies":[{"embeddable":true,"href":"https:\/\/www.medellin.gov.co\/es\/wp-json\/wp\/v2\/comments?post=563930"}],"version-history":[{"count":1,"href":"https:\/\/www.medellin.gov.co\/es\/wp-json\/wp\/v2\/posts\/563930\/revisions"}],"predecessor-version":[{"id":563939,"href":"https:\/\/www.medellin.gov.co\/es\/wp-json\/wp\/v2\/posts\/563930\/revisions\/563939"}],"wp:featuredmedia":[{"embeddable":true,"href":"https:\/\/www.medellin.gov.co\/es\/wp-json\/wp\/v2\/media\/563937"}],"wp:attachment":[{"href":"https:\/\/www.medellin.gov.co\/es\/wp-json\/wp\/v2\/media?parent=563930"}],"wp:term":[{"taxonomy":"category","embeddable":true,"href":"https:\/\/www.medellin.gov.co\/es\/wp-json\/wp\/v2\/categories?post=563930"},{"taxonomy":"post_tag","embeddable":true,"href":"https:\/\/www.medellin.gov.co\/es\/wp-json\/wp\/v2\/tags?post=563930"},{"taxonomy":"formato_nota","embeddable":true,"href":"https:\/\/www.medellin.gov.co\/es\/wp-json\/wp\/v2\/formato_nota?post=563930"},{"taxonomy":"programas_tax","embeddable":true,"href":"https:\/\/www.medellin.gov.co\/es\/wp-json\/wp\/v2\/programas_tax?post=563930"}],"curies":[{"name":"wp","href":"https:\/\/api.w.org\/{rel}","templated":true}]}}