{"id":564119,"date":"2026-09-03T13:34:38","date_gmt":"2026-09-03T18:34:38","guid":{"rendered":"https:\/\/www.medellin.gov.co\/es\/?p=564119"},"modified":"2026-09-03T14:25:49","modified_gmt":"2026-09-03T19:25:49","slug":"yo-tambien-tengo-derecho-a-recibir-estas-herramientas-mujeres-decididas-a-cultivar-su-autonomia-economica-en-medellin","status":"publish","type":"post","link":"https:\/\/www.medellin.gov.co\/es\/sala-de-prensa\/noticias\/yo-tambien-tengo-derecho-a-recibir-estas-herramientas-mujeres-decididas-a-cultivar-su-autonomia-economica-en-medellin\/","title":{"rendered":"\u201cYo tambi\u00e9n tengo derecho a recibir estas herramientas\u201d: mujeres decididas a cultivar su autonom\u00eda econ\u00f3mica en Medell\u00edn"},"content":{"rendered":"<blockquote><p><em>Despu\u00e9s de una vida dedicada a sacar adelante a su familia y con pocas oportunidades para estudiar, Luz Omaira Restrepo Londo\u00f1o encontr\u00f3 en la formaci\u00f3n una manera de recuperar un sue\u00f1o de infancia: crear con sus propias manos. Hoy fortalece su emprendimiento de marroquiner\u00eda, macram\u00e9 y bisuter\u00eda, una actividad que le permite desarrollar sus capacidades y avanzar hacia una mayor autonom\u00eda econ\u00f3mica en <a href=\"https:\/\/www.instagram.com\/alcaldiademed\/?hl=es-la\" target=\"_blank\" rel=\"noopener\">Medell\u00edn<\/a>.<\/em><\/p><\/blockquote>\n<p><div class=\"iframe-container\"><iframe title=\"YouTube video player\" src=\"https:\/\/www.youtube.com\/embed\/BH0VCX64u_k?si=glHdyFRVhoDDIwiP\" width=\"100%\" height=\"450\" frameborder=\"0\" allowfullscreen=\"allowfullscreen\"><span data-mce-type=\"bookmark\" style=\"display: inline-block; width: 0px; overflow: hidden; line-height: 0;\" class=\"mce_SELRES_start\">\ufeff<\/span><\/iframe><\/div><\/p>\n<p>Su historia se cruza con la de Samirha Serrano Romero, una mujer que convirti\u00f3 su vocaci\u00f3n de servicio en una forma de abrir caminos para otras. Como emprendedora y gestora comunitaria, conecta a mujeres con oportunidades de formaci\u00f3n, emprendimiento y generaci\u00f3n de ingresos, especialmente a quienes enfrentan barreras para acceder a ellas. Ambas llegan a Decididas, estrategia de la Secretar\u00eda de las Mujeres, desde lugares diferentes, pero sus historias se encuentran en un mismo prop\u00f3sito: fortalecer las capacidades de las mujeres, promover su autonom\u00eda econ\u00f3mica y acompa\u00f1arlas para que tomen decisiones sobre sus proyectos de vida y construyan nuevas oportunidades para transformar sus historias.<\/p>\n<h4><strong>Luz Omaira: la ni\u00f1a que quer\u00eda una m\u00e1quina de coser<\/strong><\/h4>\n<p>Luz naci\u00f3 en Jeric\u00f3, Antioquia, hace 59 a\u00f1os. Siendo muy peque\u00f1a se fue con su familia: primero vivi\u00f3 en Manizales y luego lleg\u00f3 a Medell\u00edn, donde creci\u00f3 junto a sus padres y sus once hermanos, tres hombres y nueve mujeres. En una familia tan numerosa hab\u00eda que compartirlo todo y colaborar desde temprano con las tareas de la casa. Su paso por la escuela termin\u00f3 en quinto de primaria.<\/p>\n<div id=\"attachment_564147\" style=\"width: 1290px\" class=\"wp-caption alignnone\"><a href=\"https:\/\/www.medellin.gov.co\/es\/wp-content\/uploads\/2026\/09\/Imagen-de-Luz-Omaira-Restrepo-Londono-emprendedora-de-manualidades.jpg\" target=\"_blank\" rel=\"noopener\"><img aria-describedby=\"caption-attachment-564147\" loading=\"lazy\" class=\"wp-image-564147 size-full\" title=\"Luz Omaira Restrepo Londo\u00f1o, emprendedora de manualidades\" src=\"https:\/\/www.medellin.gov.co\/es\/wp-content\/uploads\/2026\/09\/Imagen-de-Luz-Omaira-Restrepo-Londono-emprendedora-de-manualidades.jpg\" alt=\"Imagen de Luz Omaira Restrepo Londo\u00f1o, emprendedora de manualidades\" width=\"1280\" height=\"720\" srcset=\"https:\/\/www.medellin.gov.co\/es\/wp-content\/uploads\/2026\/09\/Imagen-de-Luz-Omaira-Restrepo-Londono-emprendedora-de-manualidades.jpg 1280w, https:\/\/www.medellin.gov.co\/es\/wp-content\/uploads\/2026\/09\/Imagen-de-Luz-Omaira-Restrepo-Londono-emprendedora-de-manualidades-300x169.jpg 300w, https:\/\/www.medellin.gov.co\/es\/wp-content\/uploads\/2026\/09\/Imagen-de-Luz-Omaira-Restrepo-Londono-emprendedora-de-manualidades-1024x576.jpg 1024w, https:\/\/www.medellin.gov.co\/es\/wp-content\/uploads\/2026\/09\/Imagen-de-Luz-Omaira-Restrepo-Londono-emprendedora-de-manualidades-150x84.jpg 150w, https:\/\/www.medellin.gov.co\/es\/wp-content\/uploads\/2026\/09\/Imagen-de-Luz-Omaira-Restrepo-Londono-emprendedora-de-manualidades-768x432.jpg 768w\" sizes=\"(max-width: 1280px) 100vw, 1280px\" \/><\/a><p id=\"caption-attachment-564147\" class=\"wp-caption-text\">Imagen de Luz Omaira Restrepo Londo\u00f1o, emprendedora de manualidades<\/p><\/div>\n<p>Las necesidades familiares la acercaron m\u00e1s a las labores dom\u00e9sticas que a los cuadernos. Ayudaba a su mam\u00e1 y a sus hermanas, pero desde ni\u00f1a descubri\u00f3 su gusto por la modister\u00eda. Jugaba con sus hermanas a las mu\u00f1ecas y cortaba retazos de tela para coserles ropa a mano. So\u00f1aba con tener una m\u00e1quina y hacer sus propios dise\u00f1os. D\u00e9cadas despu\u00e9s, aquella afici\u00f3n volver\u00eda a su vida.<\/p>\n<h4><strong>La decisi\u00f3n de irse<\/strong><\/h4>\n<p>Luz es madre de un hijo que hoy tiene 26 a\u00f1os. Cuando \u00e9l era peque\u00f1o, vivi\u00f3 durante 13 meses con su padre, en una relaci\u00f3n marcada por agresiones f\u00edsicas, insultos y miedo. Una de las escenas que m\u00e1s recuerda ocurri\u00f3 cuando el hombre comenz\u00f3 a apretarle el cuello. Al verla, el peque\u00f1o lo mordi\u00f3 en la cadera para intentar que la soltara.<\/p>\n<div id=\"attachment_564152\" style=\"width: 1290px\" class=\"wp-caption alignnone\"><a href=\"https:\/\/www.medellin.gov.co\/es\/wp-content\/uploads\/2026\/09\/Imagen-de-Luz-Omaira-Restrepo-Londono-con-participantes-del-programa-de-autonomia-economica.jpg\" target=\"_blank\" rel=\"noopener\"><img aria-describedby=\"caption-attachment-564152\" loading=\"lazy\" class=\"wp-image-564152 size-full\" title=\"Luz Omaira Restrepo Londo\u00f1o con participantes del programa de autonom\u00eda econ\u00f3mica\" src=\"https:\/\/www.medellin.gov.co\/es\/wp-content\/uploads\/2026\/09\/Imagen-de-Luz-Omaira-Restrepo-Londono-con-participantes-del-programa-de-autonomia-economica.jpg\" alt=\"Imagen de Luz Omaira Restrepo Londo\u00f1o con participantes del programa de autonom\u00eda econ\u00f3mica\" width=\"1280\" height=\"720\" srcset=\"https:\/\/www.medellin.gov.co\/es\/wp-content\/uploads\/2026\/09\/Imagen-de-Luz-Omaira-Restrepo-Londono-con-participantes-del-programa-de-autonomia-economica.jpg 1280w, https:\/\/www.medellin.gov.co\/es\/wp-content\/uploads\/2026\/09\/Imagen-de-Luz-Omaira-Restrepo-Londono-con-participantes-del-programa-de-autonomia-economica-300x169.jpg 300w, https:\/\/www.medellin.gov.co\/es\/wp-content\/uploads\/2026\/09\/Imagen-de-Luz-Omaira-Restrepo-Londono-con-participantes-del-programa-de-autonomia-economica-1024x576.jpg 1024w, https:\/\/www.medellin.gov.co\/es\/wp-content\/uploads\/2026\/09\/Imagen-de-Luz-Omaira-Restrepo-Londono-con-participantes-del-programa-de-autonomia-economica-150x84.jpg 150w, https:\/\/www.medellin.gov.co\/es\/wp-content\/uploads\/2026\/09\/Imagen-de-Luz-Omaira-Restrepo-Londono-con-participantes-del-programa-de-autonomia-economica-768x432.jpg 768w\" sizes=\"(max-width: 1280px) 100vw, 1280px\" \/><\/a><p id=\"caption-attachment-564152\" class=\"wp-caption-text\">Imagen de Luz Omaira Restrepo Londo\u00f1o con participantes del programa de autonom\u00eda econ\u00f3mica<\/p><\/div>\n<p>Despu\u00e9s de aquella escena y de muchas otras que hab\u00eda soportado, Luz entendi\u00f3 que ten\u00eda que irse. Uno de sus cu\u00f1ados le habl\u00f3 con claridad: ten\u00eda que escoger entre su familia y una persona que la maltrataba. Ella tom\u00f3 una decisi\u00f3n que cambiar\u00eda su vida: dej\u00f3 al padre de su hijo y comenz\u00f3 a construir, sola, un camino distinto.<\/p>\n<p>Durante los seis a\u00f1os siguientes trabaj\u00f3 donde encontraba una oportunidad: en una tienda, en almacenes y haciendo aseo en casas de familia. Mientras consegu\u00eda qui\u00e9n cuidara a su hijo, buscaba la manera de llevar comida a casa y pagar el arriendo. No ten\u00eda estudios m\u00e1s all\u00e1 de la primaria ni un oficio que le abriera muchas puertas. Ten\u00eda que aprender sobre la marcha para sacarlo adelante.<\/p>\n\n\t\t<style type=\"text\/css\">\n\t\t\t#gallery-1 {\n\t\t\t\tmargin: auto;\n\t\t\t}\n\t\t\t#gallery-1 .gallery-item {\n\t\t\t\tfloat: left;\n\t\t\t\tmargin-top: 10px;\n\t\t\t\ttext-align: center;\n\t\t\t\twidth: 50%;\n\t\t\t}\n\t\t\t#gallery-1 img {\n\t\t\t\tborder: 2px solid #cfcfcf;\n\t\t\t}\n\t\t\t#gallery-1 .gallery-caption {\n\t\t\t\tmargin-left: 0;\n\t\t\t}\n\t\t\t\/* see gallery_shortcode() in wp-includes\/media.php *\/\n\t\t<\/style>\n\t\t<div id='gallery-1' class='gallery galleryid-564119 gallery-columns-2 gallery-size-full'><dl class='gallery-item'>\n\t\t\t<dt class='gallery-icon portrait'>\n\t\t\t\t<a href='https:\/\/www.medellin.gov.co\/es\/sala-de-prensa\/noticias\/yo-tambien-tengo-derecho-a-recibir-estas-herramientas-mujeres-decididas-a-cultivar-su-autonomia-economica-en-medellin\/imagen-de-luz-omaira-restrepo-londono-con-sus-artesanias\/'><img width=\"570\" height=\"760\" src=\"https:\/\/www.medellin.gov.co\/es\/wp-content\/uploads\/2026\/09\/Imagen-de-Luz-Omaira-Restrepo-Londono-con-sus-artesanias.jpg\" class=\"attachment-full size-full\" alt=\"Imagen de Luz Omaira Restrepo Londo\u00f1o con sus artesan\u00edas\" loading=\"lazy\" srcset=\"https:\/\/www.medellin.gov.co\/es\/wp-content\/uploads\/2026\/09\/Imagen-de-Luz-Omaira-Restrepo-Londono-con-sus-artesanias.jpg 570w, https:\/\/www.medellin.gov.co\/es\/wp-content\/uploads\/2026\/09\/Imagen-de-Luz-Omaira-Restrepo-Londono-con-sus-artesanias-225x300.jpg 225w, https:\/\/www.medellin.gov.co\/es\/wp-content\/uploads\/2026\/09\/Imagen-de-Luz-Omaira-Restrepo-Londono-con-sus-artesanias-113x150.jpg 113w\" sizes=\"(max-width: 570px) 100vw, 570px\" \/><\/a>\n\t\t\t<\/dt><\/dl><dl class='gallery-item'>\n\t\t\t<dt class='gallery-icon portrait'>\n\t\t\t\t<a href='https:\/\/www.medellin.gov.co\/es\/sala-de-prensa\/noticias\/yo-tambien-tengo-derecho-a-recibir-estas-herramientas-mujeres-decididas-a-cultivar-su-autonomia-economica-en-medellin\/imagen-de-artesania-elaborada-por-luz-omaira-restrepo-londono\/'><img width=\"570\" height=\"760\" src=\"https:\/\/www.medellin.gov.co\/es\/wp-content\/uploads\/2026\/09\/Imagen-de-artesania-elaborada-por-Luz-Omaira-Restrepo-Londono.jpg\" class=\"attachment-full size-full\" alt=\"Imagen de artesan\u00eda elaborada por Luz Omaira Restrepo Londo\u00f1o\" loading=\"lazy\" srcset=\"https:\/\/www.medellin.gov.co\/es\/wp-content\/uploads\/2026\/09\/Imagen-de-artesania-elaborada-por-Luz-Omaira-Restrepo-Londono.jpg 570w, https:\/\/www.medellin.gov.co\/es\/wp-content\/uploads\/2026\/09\/Imagen-de-artesania-elaborada-por-Luz-Omaira-Restrepo-Londono-225x300.jpg 225w, https:\/\/www.medellin.gov.co\/es\/wp-content\/uploads\/2026\/09\/Imagen-de-artesania-elaborada-por-Luz-Omaira-Restrepo-Londono-113x150.jpg 113w\" sizes=\"(max-width: 570px) 100vw, 570px\" \/><\/a>\n\t\t\t<\/dt><\/dl><br style=\"clear: both\" \/>\n\t\t<\/div>\n\n<p>\u201c<em>Uno qu\u00e9 hace sin tener estudios, sin saber nada, \u00bfqu\u00e9 m\u00e1s va a hacer?\u201d<\/em>, se pregunta hoy al recordar aquellos a\u00f1os. Y, sin embargo, lo hizo. Su hijo creci\u00f3, termin\u00f3 el bachillerato, consigui\u00f3 trabajo y se independiz\u00f3. Con el tiempo, Luz volvi\u00f3 a encontrar el amor y conoci\u00f3 a quien hoy es su esposo, su compa\u00f1ero desde hace 18 a\u00f1os. Cuando su hijo dej\u00f3 de necesitarla, comenz\u00f3 a preguntarse qu\u00e9 quer\u00eda hacer con los a\u00f1os que ten\u00eda por delante.<\/p>\n<h4><strong>La decisi\u00f3n de aprender<\/strong><\/h4>\n<p>La respuesta apareci\u00f3 en forma de cursos. Hace unos tres a\u00f1os, Luz volvi\u00f3 a acercarse a la formaci\u00f3n y recuper\u00f3 algo que la acompa\u00f1aba desde ni\u00f1a: el gusto por crear con las manos. Empez\u00f3 con marroquiner\u00eda, donde aprendi\u00f3 a elaborar bolsos, porta documentos y llaveros. Despu\u00e9s llegaron el macram\u00e9 y la bisuter\u00eda. En una exposici\u00f3n en Itag\u00fc\u00ed llev\u00f3 algunos productos y vendi\u00f3 varios bolsos hechos a mano.<\/p>\n\n\t\t<style type=\"text\/css\">\n\t\t\t#gallery-2 {\n\t\t\t\tmargin: auto;\n\t\t\t}\n\t\t\t#gallery-2 .gallery-item {\n\t\t\t\tfloat: left;\n\t\t\t\tmargin-top: 10px;\n\t\t\t\ttext-align: center;\n\t\t\t\twidth: 50%;\n\t\t\t}\n\t\t\t#gallery-2 img {\n\t\t\t\tborder: 2px solid #cfcfcf;\n\t\t\t}\n\t\t\t#gallery-2 .gallery-caption {\n\t\t\t\tmargin-left: 0;\n\t\t\t}\n\t\t\t\/* see gallery_shortcode() in wp-includes\/media.php *\/\n\t\t<\/style>\n\t\t<div id='gallery-2' class='gallery galleryid-564119 gallery-columns-2 gallery-size-full'><dl class='gallery-item'>\n\t\t\t<dt class='gallery-icon landscape'>\n\t\t\t\t<a href='https:\/\/www.medellin.gov.co\/es\/sala-de-prensa\/noticias\/yo-tambien-tengo-derecho-a-recibir-estas-herramientas-mujeres-decididas-a-cultivar-su-autonomia-economica-en-medellin\/imagen-de-un-taller-de-modisteria\/'><img width=\"1013\" height=\"760\" src=\"https:\/\/www.medellin.gov.co\/es\/wp-content\/uploads\/2026\/09\/Imagen-de-un-taller-de-modisteria.jpg\" class=\"attachment-full size-full\" alt=\"Imagen de un taller de modister\u00eda\" loading=\"lazy\" srcset=\"https:\/\/www.medellin.gov.co\/es\/wp-content\/uploads\/2026\/09\/Imagen-de-un-taller-de-modisteria.jpg 1013w, https:\/\/www.medellin.gov.co\/es\/wp-content\/uploads\/2026\/09\/Imagen-de-un-taller-de-modisteria-300x225.jpg 300w, https:\/\/www.medellin.gov.co\/es\/wp-content\/uploads\/2026\/09\/Imagen-de-un-taller-de-modisteria-150x113.jpg 150w, https:\/\/www.medellin.gov.co\/es\/wp-content\/uploads\/2026\/09\/Imagen-de-un-taller-de-modisteria-768x576.jpg 768w\" sizes=\"(max-width: 1013px) 100vw, 1013px\" \/><\/a>\n\t\t\t<\/dt><\/dl><dl class='gallery-item'>\n\t\t\t<dt class='gallery-icon landscape'>\n\t\t\t\t<a href='https:\/\/www.medellin.gov.co\/es\/sala-de-prensa\/noticias\/yo-tambien-tengo-derecho-a-recibir-estas-herramientas-mujeres-decididas-a-cultivar-su-autonomia-economica-en-medellin\/imagen-de-taller-de-modisteria\/'><img width=\"1014\" height=\"760\" src=\"https:\/\/www.medellin.gov.co\/es\/wp-content\/uploads\/2026\/09\/Imagen-de-taller-de-modisteria.jpg\" class=\"attachment-full size-full\" alt=\"Imagen de taller de modister\u00eda\" loading=\"lazy\" srcset=\"https:\/\/www.medellin.gov.co\/es\/wp-content\/uploads\/2026\/09\/Imagen-de-taller-de-modisteria.jpg 1014w, https:\/\/www.medellin.gov.co\/es\/wp-content\/uploads\/2026\/09\/Imagen-de-taller-de-modisteria-300x225.jpg 300w, https:\/\/www.medellin.gov.co\/es\/wp-content\/uploads\/2026\/09\/Imagen-de-taller-de-modisteria-150x112.jpg 150w, https:\/\/www.medellin.gov.co\/es\/wp-content\/uploads\/2026\/09\/Imagen-de-taller-de-modisteria-768x576.jpg 768w\" sizes=\"(max-width: 1014px) 100vw, 1014px\" \/><\/a>\n\t\t\t<\/dt><\/dl><br style=\"clear: both\" \/>\n\t\t<\/div>\n\n<p>Aquella experiencia le mostr\u00f3 que lo que durante a\u00f1os hab\u00eda sido un gusto tambi\u00e9n pod\u00eda convertirse en una oportunidad para generar ingresos. Hoy no tiene un local ni maneja redes sociales. Sus sobrinas la ayudan con ese mundo digital que todav\u00eda le resulta desconocido, mientras ella se concentra en escoger materiales, cortar, coser y darle forma a cada pieza.<\/p>\n\n\t\t<style type=\"text\/css\">\n\t\t\t#gallery-3 {\n\t\t\t\tmargin: auto;\n\t\t\t}\n\t\t\t#gallery-3 .gallery-item {\n\t\t\t\tfloat: left;\n\t\t\t\tmargin-top: 10px;\n\t\t\t\ttext-align: center;\n\t\t\t\twidth: 33%;\n\t\t\t}\n\t\t\t#gallery-3 img {\n\t\t\t\tborder: 2px solid #cfcfcf;\n\t\t\t}\n\t\t\t#gallery-3 .gallery-caption {\n\t\t\t\tmargin-left: 0;\n\t\t\t}\n\t\t\t\/* see gallery_shortcode() in wp-includes\/media.php *\/\n\t\t<\/style>\n\t\t<div id='gallery-3' class='gallery galleryid-564119 gallery-columns-3 gallery-size-full'><dl class='gallery-item'>\n\t\t\t<dt class='gallery-icon portrait'>\n\t\t\t\t<a href='https:\/\/www.medellin.gov.co\/es\/sala-de-prensa\/noticias\/yo-tambien-tengo-derecho-a-recibir-estas-herramientas-mujeres-decididas-a-cultivar-su-autonomia-economica-en-medellin\/imagen-de-bolso-elaborado-por-luz-omaira-restrepo-londono\/'><img width=\"570\" height=\"760\" src=\"https:\/\/www.medellin.gov.co\/es\/wp-content\/uploads\/2026\/09\/Imagen-de-bolso-elaborado-por-Luz-Omaira-Restrepo-Londono.jpg\" class=\"attachment-full size-full\" alt=\"Imagen de bolso elaborado por Luz Omaira Restrepo Londo\u00f1o\" loading=\"lazy\" srcset=\"https:\/\/www.medellin.gov.co\/es\/wp-content\/uploads\/2026\/09\/Imagen-de-bolso-elaborado-por-Luz-Omaira-Restrepo-Londono.jpg 570w, https:\/\/www.medellin.gov.co\/es\/wp-content\/uploads\/2026\/09\/Imagen-de-bolso-elaborado-por-Luz-Omaira-Restrepo-Londono-225x300.jpg 225w, https:\/\/www.medellin.gov.co\/es\/wp-content\/uploads\/2026\/09\/Imagen-de-bolso-elaborado-por-Luz-Omaira-Restrepo-Londono-113x150.jpg 113w\" sizes=\"(max-width: 570px) 100vw, 570px\" \/><\/a>\n\t\t\t<\/dt><\/dl><dl class='gallery-item'>\n\t\t\t<dt class='gallery-icon portrait'>\n\t\t\t\t<a href='https:\/\/www.medellin.gov.co\/es\/sala-de-prensa\/noticias\/yo-tambien-tengo-derecho-a-recibir-estas-herramientas-mujeres-decididas-a-cultivar-su-autonomia-economica-en-medellin\/imagen-de-espejo-elaborado-por-luz-omaira-restrepo-londono\/'><img width=\"570\" height=\"760\" src=\"https:\/\/www.medellin.gov.co\/es\/wp-content\/uploads\/2026\/09\/Imagen-de-espejo-elaborado-por-Luz-Omaira-Restrepo-Londono.jpg\" class=\"attachment-full size-full\" alt=\"Imagen de espejo elaborado por Luz Omaira Restrepo Londo\u00f1o\" loading=\"lazy\" srcset=\"https:\/\/www.medellin.gov.co\/es\/wp-content\/uploads\/2026\/09\/Imagen-de-espejo-elaborado-por-Luz-Omaira-Restrepo-Londono.jpg 570w, https:\/\/www.medellin.gov.co\/es\/wp-content\/uploads\/2026\/09\/Imagen-de-espejo-elaborado-por-Luz-Omaira-Restrepo-Londono-225x300.jpg 225w, https:\/\/www.medellin.gov.co\/es\/wp-content\/uploads\/2026\/09\/Imagen-de-espejo-elaborado-por-Luz-Omaira-Restrepo-Londono-113x150.jpg 113w\" sizes=\"(max-width: 570px) 100vw, 570px\" \/><\/a>\n\t\t\t<\/dt><\/dl><dl class='gallery-item'>\n\t\t\t<dt class='gallery-icon portrait'>\n\t\t\t\t<a href='https:\/\/www.medellin.gov.co\/es\/sala-de-prensa\/noticias\/yo-tambien-tengo-derecho-a-recibir-estas-herramientas-mujeres-decididas-a-cultivar-su-autonomia-economica-en-medellin\/imagen-de-artesanias-elaboradas-por-luz-omaira-restrepo-londono\/'><img width=\"570\" height=\"760\" src=\"https:\/\/www.medellin.gov.co\/es\/wp-content\/uploads\/2026\/09\/Imagen-de-artesanias-elaboradas-por-Luz-Omaira-Restrepo-Londono.jpg\" class=\"attachment-full size-full\" alt=\"Imagen de artesan\u00edas elaboradas por Luz Omaira Restrepo Londo\u00f1o\" loading=\"lazy\" srcset=\"https:\/\/www.medellin.gov.co\/es\/wp-content\/uploads\/2026\/09\/Imagen-de-artesanias-elaboradas-por-Luz-Omaira-Restrepo-Londono.jpg 570w, https:\/\/www.medellin.gov.co\/es\/wp-content\/uploads\/2026\/09\/Imagen-de-artesanias-elaboradas-por-Luz-Omaira-Restrepo-Londono-225x300.jpg 225w, https:\/\/www.medellin.gov.co\/es\/wp-content\/uploads\/2026\/09\/Imagen-de-artesanias-elaboradas-por-Luz-Omaira-Restrepo-Londono-113x150.jpg 113w\" sizes=\"(max-width: 570px) 100vw, 570px\" \/><\/a>\n\t\t\t<\/dt><\/dl><br style=\"clear: both\" \/>\n\t\t<\/div>\n\n<p>\u201c<em>Yo poder hacer eso con mis manitos<\/em>\u201d, dice mientras mira sus manos. La frase le quiebra la voz y sus ojos se llenan de l\u00e1grimas. Esas mismas manos con las que hoy cose, arma y crea conviven desde hace cerca de diez a\u00f1os con la artritis. Tambi\u00e9n ha pasado por una cirug\u00eda de hombro y hay d\u00edas en que el dolor y la rigidez dificultan algunas tareas. Por eso, cuando habla de lo que ha aprendido, tambi\u00e9n habla de volver a reconocer sus propias capacidades.<\/p>\n<p>A sus 59 a\u00f1os, regresar a un espacio de formaci\u00f3n significa reservar un tiempo para ella y darse la oportunidad de construir algo propio. Ahora quiere enfocarse en la marroquiner\u00eda, trabajar desde casa, aprovechar las cuatro m\u00e1quinas que tiene y, alg\u00fan d\u00eda, contar con una mesa para exhibir sus productos.<\/p>\n<h4><strong>Samirha, una vocaci\u00f3n que viene de familia<\/strong><\/h4>\n<div id=\"attachment_564122\" style=\"width: 1290px\" class=\"wp-caption alignnone\"><a href=\"https:\/\/www.medellin.gov.co\/es\/wp-content\/uploads\/2026\/09\/Imagen-de-Samirha-Serrano-Romero-gestora-comunitaria.jpg\" target=\"_blank\" rel=\"noopener\"><img aria-describedby=\"caption-attachment-564122\" loading=\"lazy\" class=\"wp-image-564122 size-full\" title=\"Samirha Serrano Romero, gestora comunitaria\" src=\"https:\/\/www.medellin.gov.co\/es\/wp-content\/uploads\/2026\/09\/Imagen-de-Samirha-Serrano-Romero-gestora-comunitaria.jpg\" alt=\"Imagen de Samirha Serrano Romero, gestora comunitaria\" width=\"1280\" height=\"720\" srcset=\"https:\/\/www.medellin.gov.co\/es\/wp-content\/uploads\/2026\/09\/Imagen-de-Samirha-Serrano-Romero-gestora-comunitaria.jpg 1280w, https:\/\/www.medellin.gov.co\/es\/wp-content\/uploads\/2026\/09\/Imagen-de-Samirha-Serrano-Romero-gestora-comunitaria-300x169.jpg 300w, https:\/\/www.medellin.gov.co\/es\/wp-content\/uploads\/2026\/09\/Imagen-de-Samirha-Serrano-Romero-gestora-comunitaria-1024x576.jpg 1024w, https:\/\/www.medellin.gov.co\/es\/wp-content\/uploads\/2026\/09\/Imagen-de-Samirha-Serrano-Romero-gestora-comunitaria-150x84.jpg 150w, https:\/\/www.medellin.gov.co\/es\/wp-content\/uploads\/2026\/09\/Imagen-de-Samirha-Serrano-Romero-gestora-comunitaria-768x432.jpg 768w\" sizes=\"(max-width: 1280px) 100vw, 1280px\" \/><\/a><p id=\"caption-attachment-564122\" class=\"wp-caption-text\">Imagen de Samirha Serrano Romero, gestora comunitaria<\/p><\/div>\n<p>Samirha Serrano Romero naci\u00f3 hace 51 a\u00f1os y creci\u00f3 entre Colombia y Venezuela. Desde peque\u00f1a aprendi\u00f3 en su familia que ayudar a otros pod\u00eda ser una forma de vida. Su abuelo paterno muri\u00f3 mientras intentaba salvar a varias personas de un accidente en el r\u00edo y su abuela participaba en actividades del pueblo. En Venezuela, ese inter\u00e9s por servir tom\u00f3 forma cuando se vincul\u00f3 como voluntaria de la <a href=\"https:\/\/cruzroja.ve\/\" target=\"_blank\" rel=\"noopener\">Cruz Roja Venezolana<\/a> y comenz\u00f3 a acercarse a personas que atravesaban situaciones dif\u00edciles.<\/p>\n<p>Las escuchaba, conversaba con ellas y, en ocasiones, compart\u00eda una comida. Una de esas historias fue la de un profesor de ingl\u00e9s que hab\u00eda sido expulsado de su casa por su consumo de drogas. Samirha comenz\u00f3 a ayudarlo con sus estudios. Tiempo despu\u00e9s dej\u00f3 de encontrarlo, hasta que un a\u00f1o m\u00e1s tarde lo reconoci\u00f3 en el metro. Estaba completamente cambiado. Aquel encuentro reforz\u00f3 una convicci\u00f3n que todav\u00eda la acompa\u00f1a: una conversaci\u00f3n, un voto de confianza o hacerle sentir a alguien que tiene capacidades puede ser el comienzo de un cambio.<\/p>\n\n\t\t<style type=\"text\/css\">\n\t\t\t#gallery-4 {\n\t\t\t\tmargin: auto;\n\t\t\t}\n\t\t\t#gallery-4 .gallery-item {\n\t\t\t\tfloat: left;\n\t\t\t\tmargin-top: 10px;\n\t\t\t\ttext-align: center;\n\t\t\t\twidth: 50%;\n\t\t\t}\n\t\t\t#gallery-4 img {\n\t\t\t\tborder: 2px solid #cfcfcf;\n\t\t\t}\n\t\t\t#gallery-4 .gallery-caption {\n\t\t\t\tmargin-left: 0;\n\t\t\t}\n\t\t\t\/* see gallery_shortcode() in wp-includes\/media.php *\/\n\t\t<\/style>\n\t\t<div id='gallery-4' class='gallery galleryid-564119 gallery-columns-2 gallery-size-full'><dl class='gallery-item'>\n\t\t\t<dt class='gallery-icon landscape'>\n\t\t\t\t<a href='https:\/\/www.medellin.gov.co\/es\/sala-de-prensa\/noticias\/yo-tambien-tengo-derecho-a-recibir-estas-herramientas-mujeres-decididas-a-cultivar-su-autonomia-economica-en-medellin\/screenshot-101\/'><img width=\"1280\" height=\"715\" src=\"https:\/\/www.medellin.gov.co\/es\/wp-content\/uploads\/2026\/09\/Imagen-de-Samirha-Serrano-Romero-gestora-comunitaria-en-un-salon.jpg\" class=\"attachment-full size-full\" alt=\"Imagen de Samirha Serrano Romero gestora comunitaria en un sal\u00f3n\" loading=\"lazy\" srcset=\"https:\/\/www.medellin.gov.co\/es\/wp-content\/uploads\/2026\/09\/Imagen-de-Samirha-Serrano-Romero-gestora-comunitaria-en-un-salon.jpg 1280w, https:\/\/www.medellin.gov.co\/es\/wp-content\/uploads\/2026\/09\/Imagen-de-Samirha-Serrano-Romero-gestora-comunitaria-en-un-salon-300x168.jpg 300w, https:\/\/www.medellin.gov.co\/es\/wp-content\/uploads\/2026\/09\/Imagen-de-Samirha-Serrano-Romero-gestora-comunitaria-en-un-salon-1024x572.jpg 1024w, https:\/\/www.medellin.gov.co\/es\/wp-content\/uploads\/2026\/09\/Imagen-de-Samirha-Serrano-Romero-gestora-comunitaria-en-un-salon-150x84.jpg 150w, https:\/\/www.medellin.gov.co\/es\/wp-content\/uploads\/2026\/09\/Imagen-de-Samirha-Serrano-Romero-gestora-comunitaria-en-un-salon-768x429.jpg 768w\" sizes=\"(max-width: 1280px) 100vw, 1280px\" \/><\/a>\n\t\t\t<\/dt><\/dl><dl class='gallery-item'>\n\t\t\t<dt class='gallery-icon landscape'>\n\t\t\t\t<a href='https:\/\/www.medellin.gov.co\/es\/sala-de-prensa\/noticias\/yo-tambien-tengo-derecho-a-recibir-estas-herramientas-mujeres-decididas-a-cultivar-su-autonomia-economica-en-medellin\/screenshot-102\/'><img width=\"1280\" height=\"714\" src=\"https:\/\/www.medellin.gov.co\/es\/wp-content\/uploads\/2026\/09\/Imagen-de-Samirha-Serrano-Romero-gestora-comunitaria-con-ciudadanos.jpg\" class=\"attachment-full size-full\" alt=\"Imagen de Samirha Serrano Romero, gestora comunitaria con ciudadanos\" loading=\"lazy\" srcset=\"https:\/\/www.medellin.gov.co\/es\/wp-content\/uploads\/2026\/09\/Imagen-de-Samirha-Serrano-Romero-gestora-comunitaria-con-ciudadanos.jpg 1280w, https:\/\/www.medellin.gov.co\/es\/wp-content\/uploads\/2026\/09\/Imagen-de-Samirha-Serrano-Romero-gestora-comunitaria-con-ciudadanos-300x167.jpg 300w, https:\/\/www.medellin.gov.co\/es\/wp-content\/uploads\/2026\/09\/Imagen-de-Samirha-Serrano-Romero-gestora-comunitaria-con-ciudadanos-1024x571.jpg 1024w, https:\/\/www.medellin.gov.co\/es\/wp-content\/uploads\/2026\/09\/Imagen-de-Samirha-Serrano-Romero-gestora-comunitaria-con-ciudadanos-150x84.jpg 150w, https:\/\/www.medellin.gov.co\/es\/wp-content\/uploads\/2026\/09\/Imagen-de-Samirha-Serrano-Romero-gestora-comunitaria-con-ciudadanos-768x428.jpg 768w\" sizes=\"(max-width: 1280px) 100vw, 1280px\" \/><\/a>\n\t\t\t<\/dt><\/dl><br style=\"clear: both\" \/>\n\t\t<\/div>\n\n<p>Hoy, esa forma de acompa\u00f1ar est\u00e1 presente en su trabajo comunitario. Desde la Corporaci\u00f3n Alianza Creativa, donde lleva cuatro a\u00f1os, articula con el <a href=\"https:\/\/www.sena.edu.co\/\" target=\"_blank\" rel=\"noopener\">SENA<\/a>, los Centros Int\u00e9grate y otras entidades para acercar formaci\u00f3n y herramientas a las comunidades. Su trabajo est\u00e1 especialmente dirigido a mujeres, entre ellas madres cuidadoras, migrantes venezolanas, colombianas retornadas y poblaci\u00f3n de acogida, a quienes escucha para conocer sus necesidades y buscar respuestas.<\/p>\n\n\t\t<style type=\"text\/css\">\n\t\t\t#gallery-5 {\n\t\t\t\tmargin: auto;\n\t\t\t}\n\t\t\t#gallery-5 .gallery-item {\n\t\t\t\tfloat: left;\n\t\t\t\tmargin-top: 10px;\n\t\t\t\ttext-align: center;\n\t\t\t\twidth: 50%;\n\t\t\t}\n\t\t\t#gallery-5 img {\n\t\t\t\tborder: 2px solid #cfcfcf;\n\t\t\t}\n\t\t\t#gallery-5 .gallery-caption {\n\t\t\t\tmargin-left: 0;\n\t\t\t}\n\t\t\t\/* see gallery_shortcode() in wp-includes\/media.php *\/\n\t\t<\/style>\n\t\t<div id='gallery-5' class='gallery galleryid-564119 gallery-columns-2 gallery-size-full'><dl class='gallery-item'>\n\t\t\t<dt class='gallery-icon landscape'>\n\t\t\t\t<a href='https:\/\/www.medellin.gov.co\/es\/sala-de-prensa\/noticias\/yo-tambien-tengo-derecho-a-recibir-estas-herramientas-mujeres-decididas-a-cultivar-su-autonomia-economica-en-medellin\/imagen-de-samirha-serrano-romero-asesorando-un-ciudadano\/'><img width=\"1013\" height=\"760\" src=\"https:\/\/www.medellin.gov.co\/es\/wp-content\/uploads\/2026\/09\/Imagen-de-Samirha-Serrano-Romero-asesorando-un-ciudadano.jpg\" class=\"attachment-full size-full\" alt=\"Imagen de Samirha Serrano Romero, asesorando un ciudadano\" loading=\"lazy\" srcset=\"https:\/\/www.medellin.gov.co\/es\/wp-content\/uploads\/2026\/09\/Imagen-de-Samirha-Serrano-Romero-asesorando-un-ciudadano.jpg 1013w, https:\/\/www.medellin.gov.co\/es\/wp-content\/uploads\/2026\/09\/Imagen-de-Samirha-Serrano-Romero-asesorando-un-ciudadano-300x225.jpg 300w, https:\/\/www.medellin.gov.co\/es\/wp-content\/uploads\/2026\/09\/Imagen-de-Samirha-Serrano-Romero-asesorando-un-ciudadano-150x113.jpg 150w, https:\/\/www.medellin.gov.co\/es\/wp-content\/uploads\/2026\/09\/Imagen-de-Samirha-Serrano-Romero-asesorando-un-ciudadano-768x576.jpg 768w\" sizes=\"(max-width: 1013px) 100vw, 1013px\" \/><\/a>\n\t\t\t<\/dt><\/dl><dl class='gallery-item'>\n\t\t\t<dt class='gallery-icon landscape'>\n\t\t\t\t<a href='https:\/\/www.medellin.gov.co\/es\/sala-de-prensa\/noticias\/yo-tambien-tengo-derecho-a-recibir-estas-herramientas-mujeres-decididas-a-cultivar-su-autonomia-economica-en-medellin\/imagen-de-samirha-serrano-romero-con-una-ciudadana\/'><img width=\"1013\" height=\"760\" src=\"https:\/\/www.medellin.gov.co\/es\/wp-content\/uploads\/2026\/09\/Imagen-de-Samirha-Serrano-Romero-con-una-ciudadana.jpg\" class=\"attachment-full size-full\" alt=\"Imagen de Samirha Serrano Romero, con una ciudadana\" loading=\"lazy\" srcset=\"https:\/\/www.medellin.gov.co\/es\/wp-content\/uploads\/2026\/09\/Imagen-de-Samirha-Serrano-Romero-con-una-ciudadana.jpg 1013w, https:\/\/www.medellin.gov.co\/es\/wp-content\/uploads\/2026\/09\/Imagen-de-Samirha-Serrano-Romero-con-una-ciudadana-300x225.jpg 300w, https:\/\/www.medellin.gov.co\/es\/wp-content\/uploads\/2026\/09\/Imagen-de-Samirha-Serrano-Romero-con-una-ciudadana-150x113.jpg 150w, https:\/\/www.medellin.gov.co\/es\/wp-content\/uploads\/2026\/09\/Imagen-de-Samirha-Serrano-Romero-con-una-ciudadana-768x576.jpg 768w\" sizes=\"(max-width: 1013px) 100vw, 1013px\" \/><\/a>\n\t\t\t<\/dt><\/dl><br style=\"clear: both\" \/>\n\t\t<\/div>\n\n<p>Para Samirha, escuchar tambi\u00e9n es acompa\u00f1ar. Hay mujeres que no necesitan de inmediato una soluci\u00f3n, sino sentir que alguien las escucha y les da un voto de confianza. Por eso las orienta en sus ideas de negocio y las conecta con entidades que pueden ayudarles a fortalecer sus capacidades. Su prop\u00f3sito es que descubran ese potencial que muchas veces ellas mismas desconocen.<\/p>\n<h4><strong>La mujer que aprendi\u00f3 a abrir puertas<\/strong><\/h4>\n<p>Hace diez a\u00f1os Samirha regres\u00f3 a Colombia y tuvo que comenzar de nuevo. Su primer trabajo fue en el sector gastron\u00f3mico: lleg\u00f3 a lavar platos en un restaurante de Santa Fe de Antioquia y poco despu\u00e9s aprendi\u00f3 cocina y panader\u00eda. Con el tiempo cre\u00f3 <a href=\"https:\/\/www.instagram.com\/organic.nutricion\/\" target=\"_blank\" rel=\"noopener\">Organic Nutrici\u00f3n<\/a>, un emprendimiento familiar de alimentos nacido durante la pandemia. Paralelamente, volvi\u00f3 a vincularse con organizaciones y procesos comunitarios.<\/p>\n\n\t\t<style type=\"text\/css\">\n\t\t\t#gallery-6 {\n\t\t\t\tmargin: auto;\n\t\t\t}\n\t\t\t#gallery-6 .gallery-item {\n\t\t\t\tfloat: left;\n\t\t\t\tmargin-top: 10px;\n\t\t\t\ttext-align: center;\n\t\t\t\twidth: 50%;\n\t\t\t}\n\t\t\t#gallery-6 img {\n\t\t\t\tborder: 2px solid #cfcfcf;\n\t\t\t}\n\t\t\t#gallery-6 .gallery-caption {\n\t\t\t\tmargin-left: 0;\n\t\t\t}\n\t\t\t\/* see gallery_shortcode() in wp-includes\/media.php *\/\n\t\t<\/style>\n\t\t<div id='gallery-6' class='gallery galleryid-564119 gallery-columns-2 gallery-size-full'><dl class='gallery-item'>\n\t\t\t<dt class='gallery-icon landscape'>\n\t\t\t\t<a href='https:\/\/www.medellin.gov.co\/es\/sala-de-prensa\/noticias\/yo-tambien-tengo-derecho-a-recibir-estas-herramientas-mujeres-decididas-a-cultivar-su-autonomia-economica-en-medellin\/imagen-de-productos-elaborados-por-samirha-serrano-romero\/'><img width=\"1280\" height=\"720\" src=\"https:\/\/www.medellin.gov.co\/es\/wp-content\/uploads\/2026\/09\/Imagen-de-productos-elaborados-por-Samirha-Serrano-Romero.jpg\" class=\"attachment-full size-full\" alt=\"Imagen de productos elaborados por Samirha Serrano Romero\" loading=\"lazy\" srcset=\"https:\/\/www.medellin.gov.co\/es\/wp-content\/uploads\/2026\/09\/Imagen-de-productos-elaborados-por-Samirha-Serrano-Romero.jpg 1280w, https:\/\/www.medellin.gov.co\/es\/wp-content\/uploads\/2026\/09\/Imagen-de-productos-elaborados-por-Samirha-Serrano-Romero-300x169.jpg 300w, https:\/\/www.medellin.gov.co\/es\/wp-content\/uploads\/2026\/09\/Imagen-de-productos-elaborados-por-Samirha-Serrano-Romero-1024x576.jpg 1024w, https:\/\/www.medellin.gov.co\/es\/wp-content\/uploads\/2026\/09\/Imagen-de-productos-elaborados-por-Samirha-Serrano-Romero-150x84.jpg 150w, https:\/\/www.medellin.gov.co\/es\/wp-content\/uploads\/2026\/09\/Imagen-de-productos-elaborados-por-Samirha-Serrano-Romero-768x432.jpg 768w\" sizes=\"(max-width: 1280px) 100vw, 1280px\" \/><\/a>\n\t\t\t<\/dt><\/dl><dl class='gallery-item'>\n\t\t\t<dt class='gallery-icon landscape'>\n\t\t\t\t<a href='https:\/\/www.medellin.gov.co\/es\/sala-de-prensa\/noticias\/yo-tambien-tengo-derecho-a-recibir-estas-herramientas-mujeres-decididas-a-cultivar-su-autonomia-economica-en-medellin\/imagen-de-samirha-serrano-romero-en-mercados-campesinos\/'><img width=\"1280\" height=\"720\" src=\"https:\/\/www.medellin.gov.co\/es\/wp-content\/uploads\/2026\/09\/Imagen-de-Samirha-Serrano-Romero-en-Mercados-Campesinos.jpg\" class=\"attachment-full size-full\" alt=\"Imagen de Samirha Serrano Romero, en Mercados Campesinos\" loading=\"lazy\" srcset=\"https:\/\/www.medellin.gov.co\/es\/wp-content\/uploads\/2026\/09\/Imagen-de-Samirha-Serrano-Romero-en-Mercados-Campesinos.jpg 1280w, https:\/\/www.medellin.gov.co\/es\/wp-content\/uploads\/2026\/09\/Imagen-de-Samirha-Serrano-Romero-en-Mercados-Campesinos-300x169.jpg 300w, https:\/\/www.medellin.gov.co\/es\/wp-content\/uploads\/2026\/09\/Imagen-de-Samirha-Serrano-Romero-en-Mercados-Campesinos-1024x576.jpg 1024w, https:\/\/www.medellin.gov.co\/es\/wp-content\/uploads\/2026\/09\/Imagen-de-Samirha-Serrano-Romero-en-Mercados-Campesinos-150x84.jpg 150w, https:\/\/www.medellin.gov.co\/es\/wp-content\/uploads\/2026\/09\/Imagen-de-Samirha-Serrano-Romero-en-Mercados-Campesinos-768x432.jpg 768w\" sizes=\"(max-width: 1280px) 100vw, 1280px\" \/><\/a>\n\t\t\t<\/dt><\/dl><br style=\"clear: both\" \/>\n\t\t<\/div>\n\n<p>Fue gestora territorial de la comuna 7, experiencia que le permiti\u00f3 conocer de cerca las necesidades de personas colombianas y venezolanas. Camin\u00f3 barrios, escuch\u00f3 a mujeres y entendi\u00f3 que muchas veces las oportunidades existen, pero no llegan a quienes pueden necesitarlas. Desde entonces, conectar se convirti\u00f3 en parte fundamental de su trabajo: identificar necesidades y acercar a las personas con las entidades que pueden responder a ellas.<\/p>\n<p>Esa labor tambi\u00e9n la ha llevado a fortalecer su emprendimiento y participar en espacios de comercializaci\u00f3n de la Alcald\u00eda de Medell\u00edn. A trav\u00e9s de la Secretar\u00eda de Desarrollo Econ\u00f3mico, ha encontrado oportunidades en los Mercados Campesinos, donde da a conocer sus productos y se acerca a nuevos clientes. Tambi\u00e9n participa en espacios de Hecho en Medell\u00edn, a trav\u00e9s de los Centros de Emprendimiento y Empleabilidad.<\/p>\n\n\t\t<style type=\"text\/css\">\n\t\t\t#gallery-7 {\n\t\t\t\tmargin: auto;\n\t\t\t}\n\t\t\t#gallery-7 .gallery-item {\n\t\t\t\tfloat: left;\n\t\t\t\tmargin-top: 10px;\n\t\t\t\ttext-align: center;\n\t\t\t\twidth: 50%;\n\t\t\t}\n\t\t\t#gallery-7 img {\n\t\t\t\tborder: 2px solid #cfcfcf;\n\t\t\t}\n\t\t\t#gallery-7 .gallery-caption {\n\t\t\t\tmargin-left: 0;\n\t\t\t}\n\t\t\t\/* see gallery_shortcode() in wp-includes\/media.php *\/\n\t\t<\/style>\n\t\t<div id='gallery-7' class='gallery galleryid-564119 gallery-columns-2 gallery-size-full'><dl class='gallery-item'>\n\t\t\t<dt class='gallery-icon landscape'>\n\t\t\t\t<a href='https:\/\/www.medellin.gov.co\/es\/sala-de-prensa\/noticias\/yo-tambien-tengo-derecho-a-recibir-estas-herramientas-mujeres-decididas-a-cultivar-su-autonomia-economica-en-medellin\/imagen-de-samirha-serrano-romero-con-clienta-en-mercados-campesinos\/'><img width=\"1280\" height=\"720\" src=\"https:\/\/www.medellin.gov.co\/es\/wp-content\/uploads\/2026\/09\/Imagen-de-Samirha-Serrano-Romero-con-clienta-en-Mercados-Campesinos.jpg\" class=\"attachment-full size-full\" alt=\"Imagen de Samirha Serrano Romero, con clienta en Mercados Campesinos\" loading=\"lazy\" srcset=\"https:\/\/www.medellin.gov.co\/es\/wp-content\/uploads\/2026\/09\/Imagen-de-Samirha-Serrano-Romero-con-clienta-en-Mercados-Campesinos.jpg 1280w, https:\/\/www.medellin.gov.co\/es\/wp-content\/uploads\/2026\/09\/Imagen-de-Samirha-Serrano-Romero-con-clienta-en-Mercados-Campesinos-300x169.jpg 300w, https:\/\/www.medellin.gov.co\/es\/wp-content\/uploads\/2026\/09\/Imagen-de-Samirha-Serrano-Romero-con-clienta-en-Mercados-Campesinos-1024x576.jpg 1024w, https:\/\/www.medellin.gov.co\/es\/wp-content\/uploads\/2026\/09\/Imagen-de-Samirha-Serrano-Romero-con-clienta-en-Mercados-Campesinos-150x84.jpg 150w, https:\/\/www.medellin.gov.co\/es\/wp-content\/uploads\/2026\/09\/Imagen-de-Samirha-Serrano-Romero-con-clienta-en-Mercados-Campesinos-768x432.jpg 768w\" sizes=\"(max-width: 1280px) 100vw, 1280px\" \/><\/a>\n\t\t\t<\/dt><\/dl><dl class='gallery-item'>\n\t\t\t<dt class='gallery-icon landscape'>\n\t\t\t\t<a href='https:\/\/www.medellin.gov.co\/es\/sala-de-prensa\/noticias\/yo-tambien-tengo-derecho-a-recibir-estas-herramientas-mujeres-decididas-a-cultivar-su-autonomia-economica-en-medellin\/imagen-de-samirha-serrano-romero-con-una-clienta-en-mercados-campesinos\/'><img width=\"1280\" height=\"720\" src=\"https:\/\/www.medellin.gov.co\/es\/wp-content\/uploads\/2026\/09\/Imagen-de-Samirha-Serrano-Romero-con-una-clienta-en-Mercados-Campesinos.jpg\" class=\"attachment-full size-full\" alt=\"Imagen de Samirha Serrano Romero, con una clienta en Mercados Campesinos\" loading=\"lazy\" srcset=\"https:\/\/www.medellin.gov.co\/es\/wp-content\/uploads\/2026\/09\/Imagen-de-Samirha-Serrano-Romero-con-una-clienta-en-Mercados-Campesinos.jpg 1280w, https:\/\/www.medellin.gov.co\/es\/wp-content\/uploads\/2026\/09\/Imagen-de-Samirha-Serrano-Romero-con-una-clienta-en-Mercados-Campesinos-300x169.jpg 300w, https:\/\/www.medellin.gov.co\/es\/wp-content\/uploads\/2026\/09\/Imagen-de-Samirha-Serrano-Romero-con-una-clienta-en-Mercados-Campesinos-1024x576.jpg 1024w, https:\/\/www.medellin.gov.co\/es\/wp-content\/uploads\/2026\/09\/Imagen-de-Samirha-Serrano-Romero-con-una-clienta-en-Mercados-Campesinos-150x84.jpg 150w, https:\/\/www.medellin.gov.co\/es\/wp-content\/uploads\/2026\/09\/Imagen-de-Samirha-Serrano-Romero-con-una-clienta-en-Mercados-Campesinos-768x432.jpg 768w\" sizes=\"(max-width: 1280px) 100vw, 1280px\" \/><\/a>\n\t\t\t<\/dt><\/dl><br style=\"clear: both\" \/>\n\t\t<\/div>\n\n<p>As\u00ed fue como lleg\u00f3 hasta Luz Omaira. En una feria, Samirha conoci\u00f3 la posibilidad de vincular a emprendedores y artesanos de la zona y pens\u00f3 en las mujeres que ya conoc\u00eda. Entre ellas estaba Luz, con sus bolsos y piezas elaboradas a mano. Tom\u00f3 sus datos y comparti\u00f3 la informaci\u00f3n que pod\u00eda acercarla a nuevos espacios de comercializaci\u00f3n. Para Luz, fue una puerta; para Samirha, otra oportunidad de poner en pr\u00e1ctica una labor que lleva a\u00f1os construyendo.<\/p>\n<p>Ahora, desde Decididas, Samirha tambi\u00e9n quiere cruzar algunas puertas propias. Participar\u00e1 como beneficiaria de esta estrategia de la Alcald\u00eda de Medell\u00edn, que brinda formaci\u00f3n, orientaci\u00f3n y acompa\u00f1amiento para que las mujeres fortalezcan sus proyectos de vida y avancen en \u00e1mbitos como educaci\u00f3n, empleo, emprendimiento y participaci\u00f3n.<\/p>\n\n\t\t<style type=\"text\/css\">\n\t\t\t#gallery-8 {\n\t\t\t\tmargin: auto;\n\t\t\t}\n\t\t\t#gallery-8 .gallery-item {\n\t\t\t\tfloat: left;\n\t\t\t\tmargin-top: 10px;\n\t\t\t\ttext-align: center;\n\t\t\t\twidth: 50%;\n\t\t\t}\n\t\t\t#gallery-8 img {\n\t\t\t\tborder: 2px solid #cfcfcf;\n\t\t\t}\n\t\t\t#gallery-8 .gallery-caption {\n\t\t\t\tmargin-left: 0;\n\t\t\t}\n\t\t\t\/* see gallery_shortcode() in wp-includes\/media.php *\/\n\t\t<\/style>\n\t\t<div id='gallery-8' class='gallery galleryid-564119 gallery-columns-2 gallery-size-full'><dl class='gallery-item'>\n\t\t\t<dt class='gallery-icon landscape'>\n\t\t\t\t<a href='https:\/\/www.medellin.gov.co\/es\/sala-de-prensa\/noticias\/yo-tambien-tengo-derecho-a-recibir-estas-herramientas-mujeres-decididas-a-cultivar-su-autonomia-economica-en-medellin\/imagen-de-samirha-serrano-romero-con-un-cliente\/'><img width=\"1013\" height=\"760\" src=\"https:\/\/www.medellin.gov.co\/es\/wp-content\/uploads\/2026\/09\/Imagen-de-Samirha-Serrano-Romero-con-un-cliente.jpg\" class=\"attachment-full size-full\" alt=\"Imagen de Samirha Serrano Romero, con un cliente\" loading=\"lazy\" srcset=\"https:\/\/www.medellin.gov.co\/es\/wp-content\/uploads\/2026\/09\/Imagen-de-Samirha-Serrano-Romero-con-un-cliente.jpg 1013w, https:\/\/www.medellin.gov.co\/es\/wp-content\/uploads\/2026\/09\/Imagen-de-Samirha-Serrano-Romero-con-un-cliente-300x225.jpg 300w, https:\/\/www.medellin.gov.co\/es\/wp-content\/uploads\/2026\/09\/Imagen-de-Samirha-Serrano-Romero-con-un-cliente-150x113.jpg 150w, https:\/\/www.medellin.gov.co\/es\/wp-content\/uploads\/2026\/09\/Imagen-de-Samirha-Serrano-Romero-con-un-cliente-768x576.jpg 768w\" sizes=\"(max-width: 1013px) 100vw, 1013px\" \/><\/a>\n\t\t\t<\/dt><\/dl><dl class='gallery-item'>\n\t\t\t<dt class='gallery-icon landscape'>\n\t\t\t\t<a href='https:\/\/www.medellin.gov.co\/es\/sala-de-prensa\/noticias\/yo-tambien-tengo-derecho-a-recibir-estas-herramientas-mujeres-decididas-a-cultivar-su-autonomia-economica-en-medellin\/imagen-de-samirha-serrano-romero-con-los-productos-de-su-emprendimiento\/'><img width=\"1013\" height=\"760\" src=\"https:\/\/www.medellin.gov.co\/es\/wp-content\/uploads\/2026\/09\/Imagen-de-Samirha-Serrano-Romero-con-los-productos-de-su-emprendimiento.jpg\" class=\"attachment-full size-full\" alt=\"Imagen de Samirha Serrano Romero, con los productos de su emprendimiento\" loading=\"lazy\" srcset=\"https:\/\/www.medellin.gov.co\/es\/wp-content\/uploads\/2026\/09\/Imagen-de-Samirha-Serrano-Romero-con-los-productos-de-su-emprendimiento.jpg 1013w, https:\/\/www.medellin.gov.co\/es\/wp-content\/uploads\/2026\/09\/Imagen-de-Samirha-Serrano-Romero-con-los-productos-de-su-emprendimiento-300x225.jpg 300w, https:\/\/www.medellin.gov.co\/es\/wp-content\/uploads\/2026\/09\/Imagen-de-Samirha-Serrano-Romero-con-los-productos-de-su-emprendimiento-150x113.jpg 150w, https:\/\/www.medellin.gov.co\/es\/wp-content\/uploads\/2026\/09\/Imagen-de-Samirha-Serrano-Romero-con-los-productos-de-su-emprendimiento-768x576.jpg 768w\" sizes=\"(max-width: 1013px) 100vw, 1013px\" \/><\/a>\n\t\t\t<\/dt><\/dl><br style=\"clear: both\" \/>\n\t\t<\/div>\n\n<p>Para ella, una mujer decidida es aquella que, incluso desde su casa y mientras cuida a otros, puede detenerse y decir: \u201c<em>Yo tambi\u00e9n soy importante. Yo tambi\u00e9n tengo derecho a recibir estas herramientas<\/em>\u201d. Hoy, esa idea tambi\u00e9n la incluye. Despu\u00e9s de a\u00f1os acompa\u00f1ando a otras, Samirha se dispone a fortalecer su propio camino.<\/p>\n<h4><strong>Decididas: un espacio para volver a empezar<\/strong><\/h4>\n<p>Luz Omaira y Samirha coinciden hoy en Decididas, estrategia de la Alcald\u00eda de Medell\u00edn, a trav\u00e9s de la Secretar\u00eda de las Mujeres, que en 2026 abri\u00f3 3000 cupos para mujeres mayores de 14 a\u00f1os, con prioridad para quienes enfrentan mayores barreras de acceso a oportunidades.<\/p>\n\n\t\t<style type=\"text\/css\">\n\t\t\t#gallery-9 {\n\t\t\t\tmargin: auto;\n\t\t\t}\n\t\t\t#gallery-9 .gallery-item {\n\t\t\t\tfloat: left;\n\t\t\t\tmargin-top: 10px;\n\t\t\t\ttext-align: center;\n\t\t\t\twidth: 50%;\n\t\t\t}\n\t\t\t#gallery-9 img {\n\t\t\t\tborder: 2px solid #cfcfcf;\n\t\t\t}\n\t\t\t#gallery-9 .gallery-caption {\n\t\t\t\tmargin-left: 0;\n\t\t\t}\n\t\t\t\/* see gallery_shortcode() in wp-includes\/media.php *\/\n\t\t<\/style>\n\t\t<div id='gallery-9' class='gallery galleryid-564119 gallery-columns-2 gallery-size-full'><dl class='gallery-item'>\n\t\t\t<dt class='gallery-icon landscape'>\n\t\t\t\t<a href='https:\/\/www.medellin.gov.co\/es\/sala-de-prensa\/noticias\/yo-tambien-tengo-derecho-a-recibir-estas-herramientas-mujeres-decididas-a-cultivar-su-autonomia-economica-en-medellin\/screenshot-103\/'><img width=\"1280\" height=\"716\" src=\"https:\/\/www.medellin.gov.co\/es\/wp-content\/uploads\/2026\/09\/Imagen-de-participantes-del-programa-de-autonomia-economica.jpg\" class=\"attachment-full size-full\" alt=\"Imagen de participantes del programa de autonom\u00eda econ\u00f3mica\" loading=\"lazy\" srcset=\"https:\/\/www.medellin.gov.co\/es\/wp-content\/uploads\/2026\/09\/Imagen-de-participantes-del-programa-de-autonomia-economica.jpg 1280w, https:\/\/www.medellin.gov.co\/es\/wp-content\/uploads\/2026\/09\/Imagen-de-participantes-del-programa-de-autonomia-economica-300x168.jpg 300w, https:\/\/www.medellin.gov.co\/es\/wp-content\/uploads\/2026\/09\/Imagen-de-participantes-del-programa-de-autonomia-economica-1024x573.jpg 1024w, https:\/\/www.medellin.gov.co\/es\/wp-content\/uploads\/2026\/09\/Imagen-de-participantes-del-programa-de-autonomia-economica-150x84.jpg 150w, https:\/\/www.medellin.gov.co\/es\/wp-content\/uploads\/2026\/09\/Imagen-de-participantes-del-programa-de-autonomia-economica-768x430.jpg 768w\" sizes=\"(max-width: 1280px) 100vw, 1280px\" \/><\/a>\n\t\t\t<\/dt><\/dl><dl class='gallery-item'>\n\t\t\t<dt class='gallery-icon landscape'>\n\t\t\t\t<a href='https:\/\/www.medellin.gov.co\/es\/sala-de-prensa\/noticias\/yo-tambien-tengo-derecho-a-recibir-estas-herramientas-mujeres-decididas-a-cultivar-su-autonomia-economica-en-medellin\/screenshot-105\/'><img width=\"1280\" height=\"718\" src=\"https:\/\/www.medellin.gov.co\/es\/wp-content\/uploads\/2026\/09\/Imagen-de-participantes-del-programa-de-autonomia-economica-en-una-presentacion.jpg\" class=\"attachment-full size-full\" alt=\"Imagen de participantes del programa de autonom\u00eda econ\u00f3mica en una presentaci\u00f3n\" loading=\"lazy\" srcset=\"https:\/\/www.medellin.gov.co\/es\/wp-content\/uploads\/2026\/09\/Imagen-de-participantes-del-programa-de-autonomia-economica-en-una-presentacion.jpg 1280w, https:\/\/www.medellin.gov.co\/es\/wp-content\/uploads\/2026\/09\/Imagen-de-participantes-del-programa-de-autonomia-economica-en-una-presentacion-300x168.jpg 300w, https:\/\/www.medellin.gov.co\/es\/wp-content\/uploads\/2026\/09\/Imagen-de-participantes-del-programa-de-autonomia-economica-en-una-presentacion-1024x574.jpg 1024w, https:\/\/www.medellin.gov.co\/es\/wp-content\/uploads\/2026\/09\/Imagen-de-participantes-del-programa-de-autonomia-economica-en-una-presentacion-150x84.jpg 150w, https:\/\/www.medellin.gov.co\/es\/wp-content\/uploads\/2026\/09\/Imagen-de-participantes-del-programa-de-autonomia-economica-en-una-presentacion-768x431.jpg 768w\" sizes=\"(max-width: 1280px) 100vw, 1280px\" \/><\/a>\n\t\t\t<\/dt><\/dl><br style=\"clear: both\" \/>\n\t\t<\/div>\n\n<p>La estrategia ofrece formaci\u00f3n, orientaci\u00f3n, acompa\u00f1amiento, mentor\u00edas, ferias de empleo y espacios de comercializaci\u00f3n en \u00e1reas como educaci\u00f3n, participaci\u00f3n, empleo y emprendimiento. Para Luz, representa la posibilidad de darle continuidad a un proceso que ya comenz\u00f3: perfeccionar la marroquiner\u00eda, mejorar sus productos y convertir una habilidad en una alternativa de generaci\u00f3n de ingresos.<\/p>\n<p>Para Samirha, significa ocupar ahora el lugar de quien tambi\u00e9n recibe herramientas. Despu\u00e9s de a\u00f1os de escuchar, orientar y conectar a otras mujeres con oportunidades, participa para fortalecer su propio proyecto y continuar desarrollando sus capacidades.<\/p>\n\n\t\t<style type=\"text\/css\">\n\t\t\t#gallery-10 {\n\t\t\t\tmargin: auto;\n\t\t\t}\n\t\t\t#gallery-10 .gallery-item {\n\t\t\t\tfloat: left;\n\t\t\t\tmargin-top: 10px;\n\t\t\t\ttext-align: center;\n\t\t\t\twidth: 50%;\n\t\t\t}\n\t\t\t#gallery-10 img {\n\t\t\t\tborder: 2px solid #cfcfcf;\n\t\t\t}\n\t\t\t#gallery-10 .gallery-caption {\n\t\t\t\tmargin-left: 0;\n\t\t\t}\n\t\t\t\/* see gallery_shortcode() in wp-includes\/media.php *\/\n\t\t<\/style>\n\t\t<div id='gallery-10' class='gallery galleryid-564119 gallery-columns-2 gallery-size-full'><dl class='gallery-item'>\n\t\t\t<dt class='gallery-icon landscape'>\n\t\t\t\t<a href='https:\/\/www.medellin.gov.co\/es\/sala-de-prensa\/noticias\/yo-tambien-tengo-derecho-a-recibir-estas-herramientas-mujeres-decididas-a-cultivar-su-autonomia-economica-en-medellin\/imagen-de-participantes-del-programa-de-autonomia-economica-en-capacitacion\/'><img width=\"1280\" height=\"720\" src=\"https:\/\/www.medellin.gov.co\/es\/wp-content\/uploads\/2026\/09\/Imagen-de-participantes-del-programa-de-autonomia-economica-en-capacitacion.jpg\" class=\"attachment-full size-full\" alt=\"Imagen de participantes del programa de autonom\u00eda econ\u00f3mica en capacitaci\u00f3n\" loading=\"lazy\" srcset=\"https:\/\/www.medellin.gov.co\/es\/wp-content\/uploads\/2026\/09\/Imagen-de-participantes-del-programa-de-autonomia-economica-en-capacitacion.jpg 1280w, https:\/\/www.medellin.gov.co\/es\/wp-content\/uploads\/2026\/09\/Imagen-de-participantes-del-programa-de-autonomia-economica-en-capacitacion-300x169.jpg 300w, https:\/\/www.medellin.gov.co\/es\/wp-content\/uploads\/2026\/09\/Imagen-de-participantes-del-programa-de-autonomia-economica-en-capacitacion-1024x576.jpg 1024w, https:\/\/www.medellin.gov.co\/es\/wp-content\/uploads\/2026\/09\/Imagen-de-participantes-del-programa-de-autonomia-economica-en-capacitacion-150x84.jpg 150w, https:\/\/www.medellin.gov.co\/es\/wp-content\/uploads\/2026\/09\/Imagen-de-participantes-del-programa-de-autonomia-economica-en-capacitacion-768x432.jpg 768w\" sizes=\"(max-width: 1280px) 100vw, 1280px\" \/><\/a>\n\t\t\t<\/dt><\/dl><dl class='gallery-item'>\n\t\t\t<dt class='gallery-icon landscape'>\n\t\t\t\t<a href='https:\/\/www.medellin.gov.co\/es\/sala-de-prensa\/noticias\/yo-tambien-tengo-derecho-a-recibir-estas-herramientas-mujeres-decididas-a-cultivar-su-autonomia-economica-en-medellin\/screenshot-104\/'><img width=\"1280\" height=\"714\" src=\"https:\/\/www.medellin.gov.co\/es\/wp-content\/uploads\/2026\/09\/Imagen-de-participantes-del-programa-de-autonomia-economica-reunidos.jpg\" class=\"attachment-full size-full\" alt=\"Imagen de participantes del programa de autonom\u00eda econ\u00f3mica reunidos\" loading=\"lazy\" srcset=\"https:\/\/www.medellin.gov.co\/es\/wp-content\/uploads\/2026\/09\/Imagen-de-participantes-del-programa-de-autonomia-economica-reunidos.jpg 1280w, https:\/\/www.medellin.gov.co\/es\/wp-content\/uploads\/2026\/09\/Imagen-de-participantes-del-programa-de-autonomia-economica-reunidos-300x167.jpg 300w, https:\/\/www.medellin.gov.co\/es\/wp-content\/uploads\/2026\/09\/Imagen-de-participantes-del-programa-de-autonomia-economica-reunidos-1024x571.jpg 1024w, https:\/\/www.medellin.gov.co\/es\/wp-content\/uploads\/2026\/09\/Imagen-de-participantes-del-programa-de-autonomia-economica-reunidos-150x84.jpg 150w, https:\/\/www.medellin.gov.co\/es\/wp-content\/uploads\/2026\/09\/Imagen-de-participantes-del-programa-de-autonomia-economica-reunidos-768x428.jpg 768w\" sizes=\"(max-width: 1280px) 100vw, 1280px\" \/><\/a>\n\t\t\t<\/dt><\/dl><br style=\"clear: both\" \/>\n\t\t<\/div>\n\n<p>Luz ya tiene claro qu\u00e9 quiere: \u201c<em>Como enfocarme bien en la marroquiner\u00eda<\/em>\u201d. A sus 59 a\u00f1os, tiene cuatro m\u00e1quinas, experiencia y el deseo de seguir aprendiendo. Su historia muestra que nunca es tarde para retomar un sue\u00f1o y convertirlo en una posibilidad de autonom\u00eda econ\u00f3mica.<\/p>\n<p>Y cuando le preguntan qu\u00e9 le dir\u00eda a otra mujer que tiene un talento, pero todav\u00eda duda de s\u00ed misma, responde sin vacilar: \u201c<em>Uno s\u00ed puede. Uno s\u00ed es capaz. Uno, en lo que se meta, en lo que quiera, logra lo que quiere<\/em>\u201d. En esa frase tambi\u00e9n se encuentran las historias de Luz y Samirha: dos mujeres que, desde lugares distintos, decidieron reconocer sus capacidades y seguir construyendo nuevas posibilidades para sus vidas.<\/p>\n","protected":false},"excerpt":{"rendered":"<p>Despu\u00e9s de una vida dedicada a sacar adelante a su familia y con pocas oportunidades para estudiar, Luz Omaira Restrepo Londo\u00f1o encontr\u00f3 en la formaci\u00f3n una manera de recuperar un sue\u00f1o de infancia: crear con &#8230;<\/p>\n","protected":false},"author":21,"featured_media":564137,"comment_status":"open","ping_status":"open","sticky":false,"template":"","format":"standard","meta":[],"categories":[531,15],"tags":[451,691,433],"formato_nota":[],"programas_tax":[],"acf":[],"_links":{"self":[{"href":"https:\/\/www.medellin.gov.co\/es\/wp-json\/wp\/v2\/posts\/564119"}],"collection":[{"href":"https:\/\/www.medellin.gov.co\/es\/wp-json\/wp\/v2\/posts"}],"about":[{"href":"https:\/\/www.medellin.gov.co\/es\/wp-json\/wp\/v2\/types\/post"}],"author":[{"embeddable":true,"href":"https:\/\/www.medellin.gov.co\/es\/wp-json\/wp\/v2\/users\/21"}],"replies":[{"embeddable":true,"href":"https:\/\/www.medellin.gov.co\/es\/wp-json\/wp\/v2\/comments?post=564119"}],"version-history":[{"count":5,"href":"https:\/\/www.medellin.gov.co\/es\/wp-json\/wp\/v2\/posts\/564119\/revisions"}],"predecessor-version":[{"id":564218,"href":"https:\/\/www.medellin.gov.co\/es\/wp-json\/wp\/v2\/posts\/564119\/revisions\/564218"}],"wp:featuredmedia":[{"embeddable":true,"href":"https:\/\/www.medellin.gov.co\/es\/wp-json\/wp\/v2\/media\/564137"}],"wp:attachment":[{"href":"https:\/\/www.medellin.gov.co\/es\/wp-json\/wp\/v2\/media?parent=564119"}],"wp:term":[{"taxonomy":"category","embeddable":true,"href":"https:\/\/www.medellin.gov.co\/es\/wp-json\/wp\/v2\/categories?post=564119"},{"taxonomy":"post_tag","embeddable":true,"href":"https:\/\/www.medellin.gov.co\/es\/wp-json\/wp\/v2\/tags?post=564119"},{"taxonomy":"formato_nota","embeddable":true,"href":"https:\/\/www.medellin.gov.co\/es\/wp-json\/wp\/v2\/formato_nota?post=564119"},{"taxonomy":"programas_tax","embeddable":true,"href":"https:\/\/www.medellin.gov.co\/es\/wp-json\/wp\/v2\/programas_tax?post=564119"}],"curies":[{"name":"wp","href":"https:\/\/api.w.org\/{rel}","templated":true}]}}