{"id":564263,"date":"2026-09-03T15:39:41","date_gmt":"2026-09-03T20:39:41","guid":{"rendered":"https:\/\/www.medellin.gov.co\/es\/?p=564263"},"modified":"2026-09-03T15:39:41","modified_gmt":"2026-09-03T20:39:41","slug":"que-esta-pasando-con-el-turismo-en-medellin-las-cifras-que-deja-el-primer-semestre-de-2026","status":"publish","type":"post","link":"https:\/\/www.medellin.gov.co\/es\/sala-de-prensa\/noticias\/que-esta-pasando-con-el-turismo-en-medellin-las-cifras-que-deja-el-primer-semestre-de-2026\/","title":{"rendered":"\u00bfQu\u00e9 est\u00e1 pasando con el turismo en Medell\u00edn? Las cifras que deja el primer semestre de 2026"},"content":{"rendered":"<p><strong>M\u00e1s viajeros, nuevos mercados, movimiento econ\u00f3mico y millones de pasajeros movilizados por tierra.<\/strong> El primer semestre de 2026 deja diferentes se\u00f1ales sobre el comportamiento del turismo en <a href=\"https:\/\/www.instagram.com\/alcaldiademed\/\" target=\"_blank\" rel=\"noopener\">Medell\u00edn<\/a> y permite conocer, a trav\u00e9s de los datos, c\u00f3mo se est\u00e1 moviendo el destino. El Informe Semestral 2026 del Sistema de Inteligencia Tur\u00edstica y Entretenimiento (SITE) re\u00fane informaci\u00f3n sobre conectividad a\u00e9rea, hoteler\u00eda, viviendas tur\u00edsticas, gasto, oferta tur\u00edstica formal y movilidad terrestre para ofrecer una mirada integral sobre la actividad tur\u00edstica de la ciudad.<\/p>\n<p><img loading=\"lazy\" class=\"alignnone wp-image-564273 size-full\" title=\"Turismo Medell\u00edn\" src=\"https:\/\/www.medellin.gov.co\/es\/wp-content\/uploads\/2026\/09\/Imagen-Turismo-Medellin-2.jpg\" alt=\"Imagen Turismo Medell\u00edn (2)\" width=\"1275\" height=\"850\" srcset=\"https:\/\/www.medellin.gov.co\/es\/wp-content\/uploads\/2026\/09\/Imagen-Turismo-Medellin-2.jpg 1275w, https:\/\/www.medellin.gov.co\/es\/wp-content\/uploads\/2026\/09\/Imagen-Turismo-Medellin-2-300x200.jpg 300w, https:\/\/www.medellin.gov.co\/es\/wp-content\/uploads\/2026\/09\/Imagen-Turismo-Medellin-2-1024x683.jpg 1024w, https:\/\/www.medellin.gov.co\/es\/wp-content\/uploads\/2026\/09\/Imagen-Turismo-Medellin-2-150x100.jpg 150w, https:\/\/www.medellin.gov.co\/es\/wp-content\/uploads\/2026\/09\/Imagen-Turismo-Medellin-2-768x512.jpg 768w\" sizes=\"(max-width: 1275px) 100vw, 1275px\" \/><\/p>\n<p>Los datos permiten conocer c\u00f3mo est\u00e1 cambiando el origen de quienes llegan a Medell\u00edn. Estados Unidos contin\u00faa siendo el principal mercado emisor con <strong>194.488 visitantes<\/strong>, y present\u00f3 una variaci\u00f3n de <strong>-0,7%<\/strong> frente a 2025. M\u00e9xico registr\u00f3 <strong>40.045 visitantes<\/strong>, Costa Rica <strong>37.980<\/strong> y Espa\u00f1a <strong>9.900<\/strong>. Al mismo tiempo, otros mercados muestran crecimientos importantes frente al a\u00f1o anterior: Pa\u00edses Bajos aument\u00f3 <strong>37,7%<\/strong>, Ecuador <strong>30,3%<\/strong>, Chile <strong>23,1%<\/strong> y M\u00e9xico <strong>7,2%<\/strong>. Ecuador alcanz\u00f3 <strong>19.374 visitantes<\/strong>, mientras Pa\u00edses Bajos lleg\u00f3 a <strong>11.602 visitantes<\/strong>. Esta informaci\u00f3n permite identificar cambios en los mercados y reconocer nuevas oportunidades para la promoci\u00f3n y planificaci\u00f3n tur\u00edstica de Medell\u00edn.<\/p>\n<p>Durante los primeros seis meses del a\u00f1o, el Aeropuerto Jos\u00e9 Mar\u00eda C\u00f3rdova super\u00f3 por primera vez el mill\u00f3n de entradas de pasajeros en un primer semestre, alcanzando <strong>1.003.756<\/strong>. En los primeros seis meses del a\u00f1o se registraron <strong>199.286 pasajeros internacionales en enero<\/strong>, <strong>146.908 en febrero<\/strong>, <strong>163.707 en marzo<\/strong>, <strong>162.867 en abril<\/strong> y <strong>163.458 en mayo<\/strong>. En junio fueron <strong>167.530 pasajeros internacionales<\/strong>, frente a <strong>175.545 en 2025<\/strong>, una variaci\u00f3n de <strong>-4,6%<\/strong>. El comportamiento de los viajeros tambi\u00e9n est\u00e1 relacionado con factores externos. Durante el primer semestre, el d\u00f3lar alcanz\u00f3 un m\u00ednimo de <strong>$3.221,4<\/strong>, un nivel que no se ve\u00eda desde 2019. De acuerdo con el informe, esta situaci\u00f3n afect\u00f3 el poder adquisitivo de los viajeros internacionales y la competitividad del destino, especialmente en mercados dolarizados como Estados Unidos y Panam\u00e1. A esto se sum\u00f3 el efecto del Mundial de F\u00fatbol de 2026 en Norteam\u00e9rica, que desvi\u00f3 parte de los flujos internacionales durante el cierre del semestre.<\/p>\n\n\t\t<style type=\"text\/css\">\n\t\t\t#gallery-1 {\n\t\t\t\tmargin: auto;\n\t\t\t}\n\t\t\t#gallery-1 .gallery-item {\n\t\t\t\tfloat: left;\n\t\t\t\tmargin-top: 10px;\n\t\t\t\ttext-align: center;\n\t\t\t\twidth: 50%;\n\t\t\t}\n\t\t\t#gallery-1 img {\n\t\t\t\tborder: 2px solid #cfcfcf;\n\t\t\t}\n\t\t\t#gallery-1 .gallery-caption {\n\t\t\t\tmargin-left: 0;\n\t\t\t}\n\t\t\t\/* see gallery_shortcode() in wp-includes\/media.php *\/\n\t\t<\/style>\n\t\t<div id='gallery-1' class='gallery galleryid-564263 gallery-columns-2 gallery-size-full'><dl class='gallery-item'>\n\t\t\t<dt class='gallery-icon landscape'>\n\t\t\t\t<a href='https:\/\/www.medellin.gov.co\/es\/sala-de-prensa\/noticias\/que-esta-pasando-con-el-turismo-en-medellin-las-cifras-que-deja-el-primer-semestre-de-2026\/imagen-turismo-medellin-4\/'><img width=\"1275\" height=\"850\" src=\"https:\/\/www.medellin.gov.co\/es\/wp-content\/uploads\/2026\/09\/Imagen-Turismo-Medellin-4.jpg\" class=\"attachment-full size-full\" alt=\"Imagen Turismo Medell\u00edn (5)\" loading=\"lazy\" srcset=\"https:\/\/www.medellin.gov.co\/es\/wp-content\/uploads\/2026\/09\/Imagen-Turismo-Medellin-4.jpg 1275w, https:\/\/www.medellin.gov.co\/es\/wp-content\/uploads\/2026\/09\/Imagen-Turismo-Medellin-4-300x200.jpg 300w, https:\/\/www.medellin.gov.co\/es\/wp-content\/uploads\/2026\/09\/Imagen-Turismo-Medellin-4-1024x683.jpg 1024w, https:\/\/www.medellin.gov.co\/es\/wp-content\/uploads\/2026\/09\/Imagen-Turismo-Medellin-4-150x100.jpg 150w, https:\/\/www.medellin.gov.co\/es\/wp-content\/uploads\/2026\/09\/Imagen-Turismo-Medellin-4-768x512.jpg 768w\" sizes=\"(max-width: 1275px) 100vw, 1275px\" \/><\/a>\n\t\t\t<\/dt><\/dl><dl class='gallery-item'>\n\t\t\t<dt class='gallery-icon landscape'>\n\t\t\t\t<a href='https:\/\/www.medellin.gov.co\/es\/sala-de-prensa\/noticias\/que-esta-pasando-con-el-turismo-en-medellin-las-cifras-que-deja-el-primer-semestre-de-2026\/imagen-turismo-medellin-5\/'><img width=\"1276\" height=\"850\" src=\"https:\/\/www.medellin.gov.co\/es\/wp-content\/uploads\/2026\/09\/Imagen-Turismo-Medellin-5.jpg\" class=\"attachment-full size-full\" alt=\"Imagen Turismo Medell\u00edn (5)\" loading=\"lazy\" srcset=\"https:\/\/www.medellin.gov.co\/es\/wp-content\/uploads\/2026\/09\/Imagen-Turismo-Medellin-5.jpg 1276w, https:\/\/www.medellin.gov.co\/es\/wp-content\/uploads\/2026\/09\/Imagen-Turismo-Medellin-5-300x200.jpg 300w, https:\/\/www.medellin.gov.co\/es\/wp-content\/uploads\/2026\/09\/Imagen-Turismo-Medellin-5-1024x682.jpg 1024w, https:\/\/www.medellin.gov.co\/es\/wp-content\/uploads\/2026\/09\/Imagen-Turismo-Medellin-5-150x100.jpg 150w, https:\/\/www.medellin.gov.co\/es\/wp-content\/uploads\/2026\/09\/Imagen-Turismo-Medellin-5-768x512.jpg 768w\" sizes=\"(max-width: 1276px) 100vw, 1276px\" \/><\/a>\n\t\t\t<\/dt><\/dl><br style=\"clear: both\" \/>\n\t\t<\/div>\n\n<p><strong>El turismo tambi\u00e9n se refleja en el movimiento econ\u00f3mico de la ciudad.<\/strong> Durante el primer semestre de 2026, la red Credibanco registr\u00f3 una facturaci\u00f3n total de <strong>$1,74 billones (+0,4%)<\/strong>. El gasto nacional present\u00f3 un crecimiento de <strong>17,5%<\/strong>, pasando de <strong>904,3 mil millones a $1.06 billones<\/strong> mientras que el gasto extranjero registr\u00f3 una variaci\u00f3n de <strong>-18,2%<\/strong>, pasando de <strong>$833,3 mil millones a $681,7 mil millones<\/strong>.<\/p>\n<p>Al mirar con mayor detalle d\u00f3nde se concentra este consumo, El Poblado represent\u00f3 el <strong>44,5%<\/strong> de la facturaci\u00f3n de los extranjeros no residentes en el pa\u00eds, con <strong>$776,6 mil millones<\/strong>; La Candelaria registr\u00f3 <strong>17,7% ($243,3 mil millones)<\/strong> y Laureles-Estadio <strong>8,3% ($114,0 mil millones)<\/strong>. Entre los mercados internacionales, Estados Unidos concentr\u00f3 <strong>$363,5 mil millones<\/strong>, equivalentes al <strong>53,3% de la facturaci\u00f3n extranjera<\/strong>. Por categor\u00edas, Hoteles y alojamiento alcanzaron <strong>$183,9 mil millones<\/strong>, Restaurantes <strong>$159,6 mil millones<\/strong> y Ropa y vestuario <strong>$129,7 mil millones<\/strong>. Estas cifras permiten identificar d\u00f3nde se genera el consumo y cu\u00e1les son las actividades que concentran una parte importante del movimiento econ\u00f3mico relacionado con el turismo.<\/p>\n<p>En materia de alojamiento, las viviendas tur\u00edsticas mantienen una participaci\u00f3n relevante. Su ocupaci\u00f3n pas\u00f3 de <strong>52,2% en 2025<\/strong> a <strong>50,5% durante el primer semestre de 2026<\/strong>. Marzo alcanz\u00f3 <strong>56,3%<\/strong>, mientras mayo y junio registraron <strong>48,8%<\/strong> y <strong>48,2%<\/strong>, respectivamente. Estos resultados permiten observar el comportamiento de una modalidad que hace parte de la oferta de alojamiento de Medell\u00edn y que requiere seguimiento para comprender c\u00f3mo responde a los cambios en la demanda. En la hoteler\u00eda, la ocupaci\u00f3n promedio durante el primer semestre de 2026 fue de <strong>59,0%<\/strong><strong>, <\/strong><strong>6,6 puntos porcentuales menos<\/strong><strong> que en el primer semestre de 2025<\/strong>. Por zonas, El Poblado cerr\u00f3 el semestre con <strong>60,7%<\/strong>, Laureles con <strong>61,4%<\/strong> y el Centro present\u00f3 <strong>29,5%<\/strong>. La tarifa promedio de la ciudad se ubic\u00f3 en <strong>$437.378<\/strong>. En el Centro, la tarifa pas\u00f3 de <strong>$132.680 en 2025<\/strong> a <strong>$197.753 en 2026<\/strong>, lo que representa un incremento de <strong>49,0%<\/strong>. Estos indicadores permiten analizar las diferencias entre zonas y conocer c\u00f3mo se comportan tanto la ocupaci\u00f3n como los precios del alojamiento.<\/p>\n<p>La oferta tur\u00edstica formal tambi\u00e9n presenta movimientos que deben ser analizados. El Registro Nacional de Turismo pas\u00f3 de <strong>12.171 establecimientos en 2025 a 11.794 en 2026<\/strong>, una variaci\u00f3n de <strong>-3,1%<\/strong>. En las viviendas tur\u00edsticas se registr\u00f3 una variaci\u00f3n de <strong>-4,5%<\/strong>. Al mismo tiempo, los gu\u00edas de turismo crecieron <strong>15,3%<\/strong>, alcanzando <strong>497 registros<\/strong>, y las empresas de transporte terrestre automotor aumentaron <strong>7,7%<\/strong>.<\/p>\n<p><img loading=\"lazy\" class=\"alignnone wp-image-564270 size-full\" title=\"Turismo Medell\u00edn\" src=\"https:\/\/www.medellin.gov.co\/es\/wp-content\/uploads\/2026\/09\/Imagen-Turismo-Medellin-3.jpg\" alt=\"Imagen Turismo Medell\u00edn (5)\" width=\"1280\" height=\"720\" srcset=\"https:\/\/www.medellin.gov.co\/es\/wp-content\/uploads\/2026\/09\/Imagen-Turismo-Medellin-3.jpg 1280w, https:\/\/www.medellin.gov.co\/es\/wp-content\/uploads\/2026\/09\/Imagen-Turismo-Medellin-3-300x169.jpg 300w, https:\/\/www.medellin.gov.co\/es\/wp-content\/uploads\/2026\/09\/Imagen-Turismo-Medellin-3-1024x576.jpg 1024w, https:\/\/www.medellin.gov.co\/es\/wp-content\/uploads\/2026\/09\/Imagen-Turismo-Medellin-3-150x84.jpg 150w, https:\/\/www.medellin.gov.co\/es\/wp-content\/uploads\/2026\/09\/Imagen-Turismo-Medellin-3-768x432.jpg 768w\" sizes=\"(max-width: 1280px) 100vw, 1280px\" \/><\/p>\n<p>El informe hace una precisi\u00f3n importante frente a estas cifras: la disminuci\u00f3n de registros no necesariamente representa cierres de establecimientos. Este comportamiento puede estar relacionado con rezagos en las renovaciones o con procesos de reestructuraci\u00f3n empresarial. Por eso, la lectura de los datos requiere contexto y seguimiento, evitando asumir que una variaci\u00f3n en los registros equivale autom\u00e1ticamente a una reducci\u00f3n de la actividad tur\u00edstica.<\/p>\n<p><strong>La movilidad terrestre, por su parte, muestra un comportamiento positivo.<\/strong> Durante el primer semestre de 2026, las terminales de transporte movilizaron <strong>m\u00e1s de 4,64 millones de pasajeros<\/strong>, un crecimiento de <strong>1,1% frente a 2025<\/strong>. Enero y junio concentraron los mayores vol\u00famenes, con flujos cercanos a <strong>962 mil<\/strong> y <strong>812 mil pasajeros<\/strong>, respectivamente. Mayo tambi\u00e9n se destac\u00f3: moviliz\u00f3 <strong>748.946 pasajeros<\/strong>, con un crecimiento de <strong>11,0% frente al mismo mes de 2025<\/strong>.<\/p>\n<p><strong>La importancia de estos datos est\u00e1 en lo que permiten comprender.<\/strong> Comparar los resultados de 2026 con 2025 ayuda a identificar qu\u00e9 est\u00e1 creciendo, qu\u00e9 est\u00e1 cambiando y qu\u00e9 aspectos requieren mayor atenci\u00f3n. De esta manera, la informaci\u00f3n se convierte en una herramienta para que empresarios, prestadores de servicios, entidades y dem\u00e1s actores del ecosistema tur\u00edstico puedan tomar decisiones con mejores bases y contribuir a la competitividad y sostenibilidad de Medell\u00edn como destino.<\/p>\n","protected":false},"excerpt":{"rendered":"<p>M\u00e1s viajeros, nuevos mercados, movimiento econ\u00f3mico y millones de pasajeros movilizados por tierra. El primer semestre de 2026 deja diferentes se\u00f1ales sobre el comportamiento del turismo en Medell\u00edn y permite conocer, a trav\u00e9s de los &#8230;<\/p>\n","protected":false},"author":95,"featured_media":564271,"comment_status":"open","ping_status":"open","sticky":false,"template":"","format":"standard","meta":[],"categories":[690],"tags":[430],"formato_nota":[],"programas_tax":[],"acf":[],"_links":{"self":[{"href":"https:\/\/www.medellin.gov.co\/es\/wp-json\/wp\/v2\/posts\/564263"}],"collection":[{"href":"https:\/\/www.medellin.gov.co\/es\/wp-json\/wp\/v2\/posts"}],"about":[{"href":"https:\/\/www.medellin.gov.co\/es\/wp-json\/wp\/v2\/types\/post"}],"author":[{"embeddable":true,"href":"https:\/\/www.medellin.gov.co\/es\/wp-json\/wp\/v2\/users\/95"}],"replies":[{"embeddable":true,"href":"https:\/\/www.medellin.gov.co\/es\/wp-json\/wp\/v2\/comments?post=564263"}],"version-history":[{"count":1,"href":"https:\/\/www.medellin.gov.co\/es\/wp-json\/wp\/v2\/posts\/564263\/revisions"}],"predecessor-version":[{"id":564274,"href":"https:\/\/www.medellin.gov.co\/es\/wp-json\/wp\/v2\/posts\/564263\/revisions\/564274"}],"wp:featuredmedia":[{"embeddable":true,"href":"https:\/\/www.medellin.gov.co\/es\/wp-json\/wp\/v2\/media\/564271"}],"wp:attachment":[{"href":"https:\/\/www.medellin.gov.co\/es\/wp-json\/wp\/v2\/media?parent=564263"}],"wp:term":[{"taxonomy":"category","embeddable":true,"href":"https:\/\/www.medellin.gov.co\/es\/wp-json\/wp\/v2\/categories?post=564263"},{"taxonomy":"post_tag","embeddable":true,"href":"https:\/\/www.medellin.gov.co\/es\/wp-json\/wp\/v2\/tags?post=564263"},{"taxonomy":"formato_nota","embeddable":true,"href":"https:\/\/www.medellin.gov.co\/es\/wp-json\/wp\/v2\/formato_nota?post=564263"},{"taxonomy":"programas_tax","embeddable":true,"href":"https:\/\/www.medellin.gov.co\/es\/wp-json\/wp\/v2\/programas_tax?post=564263"}],"curies":[{"name":"wp","href":"https:\/\/api.w.org\/{rel}","templated":true}]}}