{"id":564396,"date":"2026-09-03T20:18:36","date_gmt":"2026-09-04T01:18:36","guid":{"rendered":"https:\/\/www.medellin.gov.co\/es\/?p=564396"},"modified":"2026-09-03T20:18:36","modified_gmt":"2026-09-04T01:18:36","slug":"mas-barrido-donde-se-necesita-medellin-realizo-33-ajustes-a-sus-rutas","status":"publish","type":"post","link":"https:\/\/www.medellin.gov.co\/es\/sala-de-prensa\/noticias\/mas-barrido-donde-se-necesita-medellin-realizo-33-ajustes-a-sus-rutas\/","title":{"rendered":"M\u00e1s barrido donde se necesita: Medell\u00edn realiz\u00f3 33 ajustes a sus rutas"},"content":{"rendered":"<ul>\n<li>Esto incluy\u00f3 la incorporaci\u00f3n de nuevos sectores y modificaciones en la frecuencia de atenci\u00f3n.<\/li>\n<li>El servicio pas\u00f3 de un promedio mensual de 155.826 kil\u00f3metros en 2025 a 157.384 en el primer semestre de 2026, reforzando especialmente zonas comerciales, deportivas, recreativas y de alta afluencia ciudadana.<\/li>\n<\/ul>\n<!--[if lt IE 9]><script>document.createElement('audio');<\/script><![endif]-->\n\t<div class=\"wp-playlist wp-audio-playlist wp-playlist-light\">\n\t\t\t<div class=\"wp-playlist-current-item\"><\/div>\n\t\t<audio controls=\"controls\" preload=\"none\" width=\"640\"\n\t\t\t><\/audio>\n\t<div class=\"wp-playlist-next\"><\/div>\n\t<div class=\"wp-playlist-prev\"><\/div>\n\t<noscript>\n\t<ol>\n\t\t<li><a href='https:\/\/www.medellin.gov.co\/es\/wp-content\/uploads\/2026\/09\/Declaraciones-del-secretario-de-Gestion-y-Control-Territorial-Juan-Manuel-Velasquez-Correa.mp3'>Declaraciones del secretario de Gesti\u00f3n y Control Territorial, Juan Manuel Vel\u00e1squez Correa<\/a><\/li><li><a href='https:\/\/www.medellin.gov.co\/es\/wp-content\/uploads\/2026\/09\/Declaraciones-del-comerciante-del-barrio-La-Bocana-Angela-Maria-Bedoya-San-Martin.mp3'>Declaraciones del comerciante del barrio La Bocana, \u00c1ngela Mar\u00eda Bedoya San Mart\u00edn<\/a><\/li>\t<\/ol>\n\t<\/noscript>\n\t<script type=\"application\/json\" class=\"wp-playlist-script\">{\"type\":\"audio\",\"tracklist\":true,\"tracknumbers\":true,\"images\":true,\"artists\":true,\"tracks\":[{\"src\":\"https:\\\/\\\/www.medellin.gov.co\\\/es\\\/wp-content\\\/uploads\\\/2026\\\/09\\\/Declaraciones-del-secretario-de-Gestion-y-Control-Territorial-Juan-Manuel-Velasquez-Correa.mp3\",\"type\":\"audio\\\/mpeg\",\"title\":\"Declaraciones del secretario de Gesti\\u00f3n y Control Territorial, Juan Manuel Vel\\u00e1squez Correa\",\"caption\":\"\",\"description\":\"\\u00abDeclaraciones del secretario de Gesti\\u00f3n y Control Territorial, Juan Manuel Vel\\u00e1squez Correa\\u00bb. \",\"meta\":{\"genre\":\"Blues\",\"length_formatted\":\"0:52\"},\"image\":{\"src\":\"https:\\\/\\\/www.medellin.gov.co\\\/es\\\/wp-includes\\\/images\\\/media\\\/audio.png\",\"width\":48,\"height\":64},\"thumb\":{\"src\":\"https:\\\/\\\/www.medellin.gov.co\\\/es\\\/wp-includes\\\/images\\\/media\\\/audio.png\",\"width\":48,\"height\":64}},{\"src\":\"https:\\\/\\\/www.medellin.gov.co\\\/es\\\/wp-content\\\/uploads\\\/2026\\\/09\\\/Declaraciones-del-comerciante-del-barrio-La-Bocana-Angela-Maria-Bedoya-San-Martin.mp3\",\"type\":\"audio\\\/mpeg\",\"title\":\"Declaraciones del comerciante del barrio La Bocana, \\u00c1ngela Mar\\u00eda Bedoya San Mart\\u00edn\",\"caption\":\"\",\"description\":\"\\u00abDeclaraciones del comerciante del barrio La Bocana, \\u00c1ngela Mar\\u00eda Bedoya San Mart\\u00edn\\u00bb. \",\"meta\":{\"genre\":\"Blues\",\"length_formatted\":\"0:37\"},\"image\":{\"src\":\"https:\\\/\\\/www.medellin.gov.co\\\/es\\\/wp-includes\\\/images\\\/media\\\/audio.png\",\"width\":48,\"height\":64},\"thumb\":{\"src\":\"https:\\\/\\\/www.medellin.gov.co\\\/es\\\/wp-includes\\\/images\\\/media\\\/audio.png\",\"width\":48,\"height\":64}}]}<\/script>\n<\/div>\n\t\n<p>Durante el primer semestre de 2026, el Distrito solicit\u00f3 33 ajustes al plan de barrido e Empresas Varias de <a href=\"https:\/\/www.instagram.com\/alcaldiademed\/?hl=es-la\" target=\"_blank\" rel=\"noopener\">Medell\u00edn<\/a>, con modificaciones que permitieron incorporar nuevos sectores a la prestaci\u00f3n del servicio p\u00fablico de aseo y aumentar la frecuencia de atenci\u00f3n en lugares con mayor generaci\u00f3n de residuos s\u00f3lidos.<\/p>\n<p>Los ajustes en la actividad se originaron a partir de las necesidades identificadas por la entidad o de solicitudes realizadas por la comunidad.<\/p>\n<p>Cuando se identifica un sector que requiere atenci\u00f3n o modificaciones en la frecuencia del servicio, el Distrito y el prestador realizan recorridos conjuntos para evaluar las condiciones del territorio y determinar las acciones o ajustes necesarios.<\/p>\n<p><a href=\"https:\/\/www.medellin.gov.co\/es\/wp-content\/uploads\/2026\/09\/Imagen-de-personal-de-emvarias-barriendo-una-calle.jpg\" target=\"_blank\" rel=\"noopener\"><img loading=\"lazy\" class=\"alignnone wp-image-564455 size-full\" title=\"Personal de emvarias barriendo una calle\" src=\"https:\/\/www.medellin.gov.co\/es\/wp-content\/uploads\/2026\/09\/Imagen-de-personal-de-emvarias-barriendo-una-calle.jpg\" alt=\"Imagen de personal de emvarias barriendo una calle\" width=\"1280\" height=\"720\" srcset=\"https:\/\/www.medellin.gov.co\/es\/wp-content\/uploads\/2026\/09\/Imagen-de-personal-de-emvarias-barriendo-una-calle.jpg 1280w, https:\/\/www.medellin.gov.co\/es\/wp-content\/uploads\/2026\/09\/Imagen-de-personal-de-emvarias-barriendo-una-calle-300x169.jpg 300w, https:\/\/www.medellin.gov.co\/es\/wp-content\/uploads\/2026\/09\/Imagen-de-personal-de-emvarias-barriendo-una-calle-1024x576.jpg 1024w, https:\/\/www.medellin.gov.co\/es\/wp-content\/uploads\/2026\/09\/Imagen-de-personal-de-emvarias-barriendo-una-calle-150x84.jpg 150w, https:\/\/www.medellin.gov.co\/es\/wp-content\/uploads\/2026\/09\/Imagen-de-personal-de-emvarias-barriendo-una-calle-768x432.jpg 768w\" sizes=\"(max-width: 1280px) 100vw, 1280px\" \/><\/a><\/p>\n<p>\u201c<em>Durante el primer semestre realizamos 33 ajustes al plan de barrido, incorporando nuevos sectores y aumentando la frecuencia en zonas comerciales, deportivas, recreativas y de esparcimiento que requieren una atenci\u00f3n especial. Esto demuestra que el servicio cambia, especialmente, cuando escuchamos las alertas que surgen en el territorio y trabajamos con Emvarias para responder de manera oportuna. Queremos una Medell\u00edn limpia, ordenada y en buenas condiciones todos los d\u00edas. Y para lograrlo, el compromiso tambi\u00e9n es de todos<\/em>\u201d, dijo el secretario de Gesti\u00f3n y Control Territorial, Juan Manuel Vel\u00e1squez Correa.<\/p>\n<p>En el primer semestre de 2026 se identificaron tres sectores: Villas de San Jos\u00e9, Parque Infantil La Estrechura y el barrio La Bocana que no contaban con el servicio de barrido. Estas zonas fueron incorporadas con una frecuencia de dos veces por semana.<\/p>\n<p><a href=\"https:\/\/www.medellin.gov.co\/es\/wp-content\/uploads\/2026\/09\/Imagen-de-personal-de-emvarias.jpg\" target=\"_blank\" rel=\"noopener\"><img loading=\"lazy\" class=\"alignnone wp-image-564454 size-full\" title=\"Personal de emvarias\" src=\"https:\/\/www.medellin.gov.co\/es\/wp-content\/uploads\/2026\/09\/Imagen-de-personal-de-emvarias.jpg\" alt=\"Imagen de personal de emvarias\" width=\"1280\" height=\"720\" srcset=\"https:\/\/www.medellin.gov.co\/es\/wp-content\/uploads\/2026\/09\/Imagen-de-personal-de-emvarias.jpg 1280w, https:\/\/www.medellin.gov.co\/es\/wp-content\/uploads\/2026\/09\/Imagen-de-personal-de-emvarias-300x169.jpg 300w, https:\/\/www.medellin.gov.co\/es\/wp-content\/uploads\/2026\/09\/Imagen-de-personal-de-emvarias-1024x576.jpg 1024w, https:\/\/www.medellin.gov.co\/es\/wp-content\/uploads\/2026\/09\/Imagen-de-personal-de-emvarias-150x84.jpg 150w, https:\/\/www.medellin.gov.co\/es\/wp-content\/uploads\/2026\/09\/Imagen-de-personal-de-emvarias-768x432.jpg 768w\" sizes=\"(max-width: 1280px) 100vw, 1280px\" \/><\/a><\/p>\n<p>En escenarios deportivos, zonas comerciales y espacios de recreaci\u00f3n y esparcimiento se reforz\u00f3 la frecuencia, especialmente los domingos, para responder a las diferentes din\u00e1micas de la ciudad y sus necesidades de limpieza. Entre los sectores que recibieron estos ajustes se encuentran Manila, Cerro Nutibara, Cancha Campo Amor, parque de Cristo Rey, Unidad Deportiva de Bel\u00e9n Rinc\u00f3n, entre otros.<\/p>\n<p>\u201c<em>Estoy muy contenta porque \u00faltimamente han estado viniendo los operarios de barrido, vienen los lunes y los jueves. Estoy feliz porque est\u00e1n limpiando las calles, se mantienen ya muy organizadas; esto nunca se ve\u00eda, aqu\u00ed solo se ve\u00eda mugre y basura<\/em>\u201d, se\u00f1al\u00f3 \u00c1ngela Mar\u00eda Bedoya San Mart\u00edn, comerciante del barrio La Bocana.<\/p>\n<p>Las rutas de barrido se transforman al ritmo de la ciudad para atender nuevos sectores, reforzar los puntos de mayor actividad y garantizar calles y espacios p\u00fablicos m\u00e1s limpios y mejor cuidados.<\/p>\n","protected":false},"excerpt":{"rendered":"<p>Esto incluy\u00f3 la incorporaci\u00f3n de nuevos sectores y modificaciones en la frecuencia de atenci\u00f3n. El servicio pas\u00f3 de un promedio mensual de 155.826 kil\u00f3metros en 2025 a 157.384 en el primer semestre de 2026, reforzando &#8230;<\/p>\n","protected":false},"author":21,"featured_media":564458,"comment_status":"open","ping_status":"open","sticky":false,"template":"","format":"standard","meta":[],"categories":[7],"tags":[451,455],"formato_nota":[],"programas_tax":[],"acf":[],"_links":{"self":[{"href":"https:\/\/www.medellin.gov.co\/es\/wp-json\/wp\/v2\/posts\/564396"}],"collection":[{"href":"https:\/\/www.medellin.gov.co\/es\/wp-json\/wp\/v2\/posts"}],"about":[{"href":"https:\/\/www.medellin.gov.co\/es\/wp-json\/wp\/v2\/types\/post"}],"author":[{"embeddable":true,"href":"https:\/\/www.medellin.gov.co\/es\/wp-json\/wp\/v2\/users\/21"}],"replies":[{"embeddable":true,"href":"https:\/\/www.medellin.gov.co\/es\/wp-json\/wp\/v2\/comments?post=564396"}],"version-history":[{"count":1,"href":"https:\/\/www.medellin.gov.co\/es\/wp-json\/wp\/v2\/posts\/564396\/revisions"}],"predecessor-version":[{"id":564482,"href":"https:\/\/www.medellin.gov.co\/es\/wp-json\/wp\/v2\/posts\/564396\/revisions\/564482"}],"wp:featuredmedia":[{"embeddable":true,"href":"https:\/\/www.medellin.gov.co\/es\/wp-json\/wp\/v2\/media\/564458"}],"wp:attachment":[{"href":"https:\/\/www.medellin.gov.co\/es\/wp-json\/wp\/v2\/media?parent=564396"}],"wp:term":[{"taxonomy":"category","embeddable":true,"href":"https:\/\/www.medellin.gov.co\/es\/wp-json\/wp\/v2\/categories?post=564396"},{"taxonomy":"post_tag","embeddable":true,"href":"https:\/\/www.medellin.gov.co\/es\/wp-json\/wp\/v2\/tags?post=564396"},{"taxonomy":"formato_nota","embeddable":true,"href":"https:\/\/www.medellin.gov.co\/es\/wp-json\/wp\/v2\/formato_nota?post=564396"},{"taxonomy":"programas_tax","embeddable":true,"href":"https:\/\/www.medellin.gov.co\/es\/wp-json\/wp\/v2\/programas_tax?post=564396"}],"curies":[{"name":"wp","href":"https:\/\/api.w.org\/{rel}","templated":true}]}}