{"id":564483,"date":"2026-09-03T20:28:24","date_gmt":"2026-09-04T01:28:24","guid":{"rendered":"https:\/\/www.medellin.gov.co\/es\/?p=564483"},"modified":"2026-09-03T20:28:24","modified_gmt":"2026-09-04T01:28:24","slug":"la-alcaldia-de-medellin-refuerza-la-proteccion-de-sus-ecosistemas-y-hace-un-llamado-a-prevenir-incendios","status":"publish","type":"post","link":"https:\/\/www.medellin.gov.co\/es\/sala-de-prensa\/noticias\/la-alcaldia-de-medellin-refuerza-la-proteccion-de-sus-ecosistemas-y-hace-un-llamado-a-prevenir-incendios\/","title":{"rendered":"La Alcald\u00eda de Medell\u00edn refuerza la protecci\u00f3n de sus ecosistemas y hace un llamado a prevenir incendios"},"content":{"rendered":"<ul>\n<li>Los cerros de las Tres Cruces y La Asomadera registraron recientemente incendios de cobertura vegetal que afectaron aproximadamente siete hect\u00e1reas.<\/li>\n<li>En el corregimiento San Sebasti\u00e1n de Palmitas se present\u00f3 una conflagraci\u00f3n que afect\u00f3 cerca de 10 hect\u00e1reas de cobertura vegetal dentro de un \u00e1rea protegida regional.<\/li>\n<li>El <a href=\"https:\/\/www.instagram.com\/alcaldiademed\/?hl=es-la\" target=\"_blank\" rel=\"noopener\">Distrito<\/a> cuida m\u00e1s de 4.000 hect\u00e1reas de ecosistemas estrat\u00e9gicos con acciones de conservaci\u00f3n, Pago por Servicios Ambientales y presencia de guardabosques.<\/li>\n<\/ul>\n<!--[if lt IE 9]><script>document.createElement('audio');<\/script><![endif]-->\n\t<div class=\"wp-playlist wp-audio-playlist wp-playlist-light\">\n\t\t\t<div class=\"wp-playlist-current-item\"><\/div>\n\t\t<audio controls=\"controls\" preload=\"none\" width=\"640\"\n\t\t\t><\/audio>\n\t<div class=\"wp-playlist-next\"><\/div>\n\t<div class=\"wp-playlist-prev\"><\/div>\n\t<noscript>\n\t<ol>\n\t\t<li><a href='https:\/\/www.medellin.gov.co\/es\/wp-content\/uploads\/2026\/09\/Declaraciones-de-la-secretaria-de-Medio-Ambiente-Marcela-Ruiz.mp3'>Declaraciones de la secretaria de Medio Ambiente, Marcela Ruiz<\/a><\/li>\t<\/ol>\n\t<\/noscript>\n\t<script type=\"application\/json\" class=\"wp-playlist-script\">{\"type\":\"audio\",\"tracklist\":true,\"tracknumbers\":true,\"images\":true,\"artists\":true,\"tracks\":[{\"src\":\"https:\\\/\\\/www.medellin.gov.co\\\/es\\\/wp-content\\\/uploads\\\/2026\\\/09\\\/Declaraciones-de-la-secretaria-de-Medio-Ambiente-Marcela-Ruiz.mp3\",\"type\":\"audio\\\/mpeg\",\"title\":\"Declaraciones de la secretaria de Medio Ambiente, Marcela Ruiz\",\"caption\":\"\",\"description\":\"\\u00abDeclaraciones de la secretaria de Medio Ambiente, Marcela Ruiz\\u00bb. \",\"meta\":{\"genre\":\"Blues\",\"length_formatted\":\"1:34\"},\"image\":{\"src\":\"https:\\\/\\\/www.medellin.gov.co\\\/es\\\/wp-includes\\\/images\\\/media\\\/audio.png\",\"width\":48,\"height\":64},\"thumb\":{\"src\":\"https:\\\/\\\/www.medellin.gov.co\\\/es\\\/wp-includes\\\/images\\\/media\\\/audio.png\",\"width\":48,\"height\":64}}]}<\/script>\n<\/div>\n\t\n<p>La Alcald\u00eda de Medell\u00edn mantiene sus acciones de prevenci\u00f3n y protecci\u00f3n de los ecosistemas estrat\u00e9gicos y hace un llamado a la ciudadan\u00eda a cuidar los cerros tutelares, bosques, zonas verdes y reservas naturales. La prevenci\u00f3n y respuesta oportuna ante cualquier se\u00f1al de incendio es fundamental para evitar que el fuego afecte zonas de importancia ambiental.<\/p>\n<p>El caso reciente en San Sebasti\u00e1n de Palmitas, con 10 hect\u00e1reas afectadas, sumado a los cerros de las Tres Cruces y La Asomadera dejaron una afectaci\u00f3n preliminar cercana a las 17 hect\u00e1reas de cobertura vegetal.<\/p>\n<p>La Alcald\u00eda de Medell\u00edn protege m\u00e1s de 4.000 hect\u00e1reas mediante estrategias de conservaci\u00f3n, monitoreo y presencia de guardabosques, en articulaci\u00f3n con el DAGRD y las autoridades ambientales.<\/p>\n<p><a href=\"https:\/\/www.medellin.gov.co\/es\/wp-content\/uploads\/2026\/09\/Imagen-de-un-incendio-forestal.jpg\" target=\"_blank\" rel=\"noopener\"><img loading=\"lazy\" class=\"alignnone wp-image-564448 size-full\" title=\"Incendios\" src=\"https:\/\/www.medellin.gov.co\/es\/wp-content\/uploads\/2026\/09\/Imagen-de-un-incendio-forestal.jpg\" alt=\"Imagen de un incendio forestal\" width=\"1280\" height=\"720\" srcset=\"https:\/\/www.medellin.gov.co\/es\/wp-content\/uploads\/2026\/09\/Imagen-de-un-incendio-forestal.jpg 1280w, https:\/\/www.medellin.gov.co\/es\/wp-content\/uploads\/2026\/09\/Imagen-de-un-incendio-forestal-300x169.jpg 300w, https:\/\/www.medellin.gov.co\/es\/wp-content\/uploads\/2026\/09\/Imagen-de-un-incendio-forestal-1024x576.jpg 1024w, https:\/\/www.medellin.gov.co\/es\/wp-content\/uploads\/2026\/09\/Imagen-de-un-incendio-forestal-150x84.jpg 150w, https:\/\/www.medellin.gov.co\/es\/wp-content\/uploads\/2026\/09\/Imagen-de-un-incendio-forestal-768x432.jpg 768w\" sizes=\"(max-width: 1280px) 100vw, 1280px\" \/><\/a><\/p>\n<p>La secretaria de Medio Ambiente, Marcela Ruiz, dijo: \u201c<em>Los ecosistemas naturales son nuestros mayores aliados en la adaptaci\u00f3n al fen\u00f3meno de El Ni\u00f1o y otros fen\u00f3menos clim\u00e1ticos extremos. La ciudadan\u00eda debe ayudarnos a cuidar, prevenir y detectar a tiempo los incendios. Es mucho lo que pierde nuestra ciudad cuando se nos quema un bosque o un \u00e1rea natural. Ponemos en riesgo el abastecimiento h\u00eddrico de decenas de familias, la vida de la fauna silvestre, de las personas y de los animales dom\u00e9sticos<\/em>\u201d.<\/p>\n<p>En San Sebasti\u00e1n de Palmitas, donde la afectaci\u00f3n se produjo dentro del Distrito Regional de Manejo Integrado Divisoria del Valle de Aburr\u00e1 y el r\u00edo Cauca, la acci\u00f3n coordinada del DAGRD, a trav\u00e9s de los bomberos y los guardabosques, fue clave para controlar la emergencia y evitar que el fuego avanzara hacia sectores m\u00e1s altos en la monta\u00f1a. Cerca del 97 % de la cobertura consumida por el fuego correspond\u00eda a vegetaci\u00f3n nativa.<\/p>\n\n\t\t<style type=\"text\/css\">\n\t\t\t#gallery-1 {\n\t\t\t\tmargin: auto;\n\t\t\t}\n\t\t\t#gallery-1 .gallery-item {\n\t\t\t\tfloat: left;\n\t\t\t\tmargin-top: 10px;\n\t\t\t\ttext-align: center;\n\t\t\t\twidth: 50%;\n\t\t\t}\n\t\t\t#gallery-1 img {\n\t\t\t\tborder: 2px solid #cfcfcf;\n\t\t\t}\n\t\t\t#gallery-1 .gallery-caption {\n\t\t\t\tmargin-left: 0;\n\t\t\t}\n\t\t\t\/* see gallery_shortcode() in wp-includes\/media.php *\/\n\t\t<\/style>\n\t\t<div id='gallery-1' class='gallery galleryid-564483 gallery-columns-2 gallery-size-full'><dl class='gallery-item'>\n\t\t\t<dt class='gallery-icon landscape'>\n\t\t\t\t<a href='https:\/\/www.medellin.gov.co\/es\/sala-de-prensa\/noticias\/mas-barrido-donde-se-necesita-medellin-realizo-33-ajustes-a-sus-rutas\/imagen-panoramica-de-incendio-forestal\/'><img width=\"1280\" height=\"720\" src=\"https:\/\/www.medellin.gov.co\/es\/wp-content\/uploads\/2026\/09\/Imagen-panoramica-de-incendio-forestal.jpg\" class=\"attachment-full size-full\" alt=\"Imagen panor\u00e1mica de incendio forestal\" loading=\"lazy\" srcset=\"https:\/\/www.medellin.gov.co\/es\/wp-content\/uploads\/2026\/09\/Imagen-panoramica-de-incendio-forestal.jpg 1280w, https:\/\/www.medellin.gov.co\/es\/wp-content\/uploads\/2026\/09\/Imagen-panoramica-de-incendio-forestal-300x169.jpg 300w, https:\/\/www.medellin.gov.co\/es\/wp-content\/uploads\/2026\/09\/Imagen-panoramica-de-incendio-forestal-1024x576.jpg 1024w, https:\/\/www.medellin.gov.co\/es\/wp-content\/uploads\/2026\/09\/Imagen-panoramica-de-incendio-forestal-150x84.jpg 150w, https:\/\/www.medellin.gov.co\/es\/wp-content\/uploads\/2026\/09\/Imagen-panoramica-de-incendio-forestal-768x432.jpg 768w\" sizes=\"(max-width: 1280px) 100vw, 1280px\" \/><\/a>\n\t\t\t<\/dt><\/dl><dl class='gallery-item'>\n\t\t\t<dt class='gallery-icon landscape'>\n\t\t\t\t<a href='https:\/\/www.medellin.gov.co\/es\/sala-de-prensa\/noticias\/mas-barrido-donde-se-necesita-medellin-realizo-33-ajustes-a-sus-rutas\/imagen-panoramica-de-un-incendio-forestal\/'><img width=\"1280\" height=\"720\" src=\"https:\/\/www.medellin.gov.co\/es\/wp-content\/uploads\/2026\/09\/Imagen-panoramica-de-un-incendio-forestal.jpg\" class=\"attachment-full size-full\" alt=\"Imagen panor\u00e1mica de un incendio forestal\" loading=\"lazy\" srcset=\"https:\/\/www.medellin.gov.co\/es\/wp-content\/uploads\/2026\/09\/Imagen-panoramica-de-un-incendio-forestal.jpg 1280w, https:\/\/www.medellin.gov.co\/es\/wp-content\/uploads\/2026\/09\/Imagen-panoramica-de-un-incendio-forestal-300x169.jpg 300w, https:\/\/www.medellin.gov.co\/es\/wp-content\/uploads\/2026\/09\/Imagen-panoramica-de-un-incendio-forestal-1024x576.jpg 1024w, https:\/\/www.medellin.gov.co\/es\/wp-content\/uploads\/2026\/09\/Imagen-panoramica-de-un-incendio-forestal-150x84.jpg 150w, https:\/\/www.medellin.gov.co\/es\/wp-content\/uploads\/2026\/09\/Imagen-panoramica-de-un-incendio-forestal-768x432.jpg 768w\" sizes=\"(max-width: 1280px) 100vw, 1280px\" \/><\/a>\n\t\t\t<\/dt><\/dl><br style=\"clear: both\" \/>\n\t\t<\/div>\n\n<p>En el cerro de las Tres Cruces se estim\u00f3 inicialmente una afectaci\u00f3n de cuatro hect\u00e1reas, la mayor\u00eda corresponde a especies arb\u00f3reas, muchas de ellas nativas.<\/p>\n<p>En La Asomadera, el incendio ocurrido el 15 de agosto afect\u00f3 aproximadamente dos hect\u00e1reas y alcanz\u00f3 parcialmente la zona de protecci\u00f3n de la quebrada El Encanto. El sector hace parte de la zona de amortiguaci\u00f3n de la Reserva \u00c1rea de Recreaci\u00f3n Urbana Cerro La Asomadera. Frente a este hecho, se dio captura de una persona presuntamente responsable de iniciar el fuego y de los da\u00f1os ocasionados.<\/p>\n<p>Durante este a\u00f1o, el Distrito ha atendido alrededor de 5.000 emergencias de las cuales, m\u00e1s de 150 corresponden a incendios forestales, 53 de estos casos se registraron en agosto. Este tipo de fen\u00f3menos tiene m\u00e1s recurrencia en temporada de menos lluvias.<\/p>\n<p>La Administraci\u00f3n Distrital seguir\u00e1 protegiendo las reservas y \u00e1reas naturales estrat\u00e9gicas de la ciudad y, una vez las condiciones clim\u00e1ticas sean favorables, iniciar\u00e1 procesos de recuperaci\u00f3n ecol\u00f3gica con la participaci\u00f3n de las comunidades que han manifestado su inter\u00e9s en hacer parte de estas estrategias.<\/p>\n","protected":false},"excerpt":{"rendered":"<p>Los cerros de las Tres Cruces y La Asomadera registraron recientemente incendios de cobertura vegetal que afectaron aproximadamente siete hect\u00e1reas. En el corregimiento San Sebasti\u00e1n de Palmitas se present\u00f3 una conflagraci\u00f3n que afect\u00f3 cerca de &#8230;<\/p>\n","protected":false},"author":21,"featured_media":564427,"comment_status":"open","ping_status":"open","sticky":false,"template":"","format":"standard","meta":[],"categories":[30,13],"tags":[436],"formato_nota":[],"programas_tax":[],"acf":[],"_links":{"self":[{"href":"https:\/\/www.medellin.gov.co\/es\/wp-json\/wp\/v2\/posts\/564483"}],"collection":[{"href":"https:\/\/www.medellin.gov.co\/es\/wp-json\/wp\/v2\/posts"}],"about":[{"href":"https:\/\/www.medellin.gov.co\/es\/wp-json\/wp\/v2\/types\/post"}],"author":[{"embeddable":true,"href":"https:\/\/www.medellin.gov.co\/es\/wp-json\/wp\/v2\/users\/21"}],"replies":[{"embeddable":true,"href":"https:\/\/www.medellin.gov.co\/es\/wp-json\/wp\/v2\/comments?post=564483"}],"version-history":[{"count":1,"href":"https:\/\/www.medellin.gov.co\/es\/wp-json\/wp\/v2\/posts\/564483\/revisions"}],"predecessor-version":[{"id":564486,"href":"https:\/\/www.medellin.gov.co\/es\/wp-json\/wp\/v2\/posts\/564483\/revisions\/564486"}],"wp:featuredmedia":[{"embeddable":true,"href":"https:\/\/www.medellin.gov.co\/es\/wp-json\/wp\/v2\/media\/564427"}],"wp:attachment":[{"href":"https:\/\/www.medellin.gov.co\/es\/wp-json\/wp\/v2\/media?parent=564483"}],"wp:term":[{"taxonomy":"category","embeddable":true,"href":"https:\/\/www.medellin.gov.co\/es\/wp-json\/wp\/v2\/categories?post=564483"},{"taxonomy":"post_tag","embeddable":true,"href":"https:\/\/www.medellin.gov.co\/es\/wp-json\/wp\/v2\/tags?post=564483"},{"taxonomy":"formato_nota","embeddable":true,"href":"https:\/\/www.medellin.gov.co\/es\/wp-json\/wp\/v2\/formato_nota?post=564483"},{"taxonomy":"programas_tax","embeddable":true,"href":"https:\/\/www.medellin.gov.co\/es\/wp-json\/wp\/v2\/programas_tax?post=564483"}],"curies":[{"name":"wp","href":"https:\/\/api.w.org\/{rel}","templated":true}]}}