{"id":564488,"date":"2026-09-03T20:36:39","date_gmt":"2026-09-04T01:36:39","guid":{"rendered":"https:\/\/www.medellin.gov.co\/es\/?p=564488"},"modified":"2026-09-03T20:36:39","modified_gmt":"2026-09-04T01:36:39","slug":"el-distrito-convoca-al-sector-cinematografico-y-audiovisual-para-acceder-a-incentivos-por-1-300-millones","status":"publish","type":"post","link":"https:\/\/www.medellin.gov.co\/es\/sala-de-prensa\/noticias\/el-distrito-convoca-al-sector-cinematografico-y-audiovisual-para-acceder-a-incentivos-por-1-300-millones\/","title":{"rendered":"El Distrito convoca al sector cinematogr\u00e1fico y audiovisual para acceder a incentivos por $1.300 millones"},"content":{"rendered":"<ul>\n<li>La convocatoria tendr\u00e1 cuatro l\u00edneas de participaci\u00f3n y una novedad para el doblaje al portugu\u00e9s brasile\u00f1o de pel\u00edculas, series o videojuegos.<\/li>\n<li><a href=\"https:\/\/www.instagram.com\/alcaldiademed\/?hl=es-la\" target=\"_blank\" rel=\"noopener\">Medell\u00edn<\/a> es la \u00fanica ciudad de Colombia que cuenta con un incentivo local de cash rebate (reembolso en efectivo) enfocado en la industria audiovisual.<\/li>\n<\/ul>\n<!--[if lt IE 9]><script>document.createElement('audio');<\/script><![endif]-->\n\t<div class=\"wp-playlist wp-audio-playlist wp-playlist-light\">\n\t\t\t<div class=\"wp-playlist-current-item\"><\/div>\n\t\t<audio controls=\"controls\" preload=\"none\" width=\"640\"\n\t\t\t><\/audio>\n\t<div class=\"wp-playlist-next\"><\/div>\n\t<div class=\"wp-playlist-prev\"><\/div>\n\t<noscript>\n\t<ol>\n\t\t<li><a href='https:\/\/www.medellin.gov.co\/es\/wp-content\/uploads\/2026\/09\/Declaraciones-de-la-secretaria-de-Desarrollo-Economico-Maria-Fernanda-Galeano-Rojo.mp3'>Declaraciones de la secretaria de Desarrollo Econ\u00f3mico, Maria Fernanda Galeano Rojo<\/a><\/li><li><a href='https:\/\/www.medellin.gov.co\/es\/wp-content\/uploads\/2026\/09\/Declaraciones-de-Sofia-Carvahlo-de-Merlin-Producciones.mp3'>Declaraciones de Sof\u00eda Carvahlo, de Merl\u00edn Producciones<\/a><\/li>\t<\/ol>\n\t<\/noscript>\n\t<script type=\"application\/json\" class=\"wp-playlist-script\">{\"type\":\"audio\",\"tracklist\":true,\"tracknumbers\":true,\"images\":true,\"artists\":true,\"tracks\":[{\"src\":\"https:\\\/\\\/www.medellin.gov.co\\\/es\\\/wp-content\\\/uploads\\\/2026\\\/09\\\/Declaraciones-de-la-secretaria-de-Desarrollo-Economico-Maria-Fernanda-Galeano-Rojo.mp3\",\"type\":\"audio\\\/mpeg\",\"title\":\"Declaraciones de la secretaria de Desarrollo Econ\\u00f3mico, Maria Fernanda Galeano Rojo\",\"caption\":\"\",\"description\":\"\\u00abDeclaraciones de la secretaria de Desarrollo Econ\\u00f3mico, Maria Fernanda Galeano Rojo\\u00bb. \",\"meta\":{\"genre\":\"Blues\",\"length_formatted\":\"0:38\"},\"image\":{\"src\":\"https:\\\/\\\/www.medellin.gov.co\\\/es\\\/wp-includes\\\/images\\\/media\\\/audio.png\",\"width\":48,\"height\":64},\"thumb\":{\"src\":\"https:\\\/\\\/www.medellin.gov.co\\\/es\\\/wp-includes\\\/images\\\/media\\\/audio.png\",\"width\":48,\"height\":64}},{\"src\":\"https:\\\/\\\/www.medellin.gov.co\\\/es\\\/wp-content\\\/uploads\\\/2026\\\/09\\\/Declaraciones-de-Sofia-Carvahlo-de-Merlin-Producciones.mp3\",\"type\":\"audio\\\/mpeg\",\"title\":\"Declaraciones de Sof\\u00eda Carvahlo, de Merl\\u00edn Producciones\",\"caption\":\"\",\"description\":\"\\u00abDeclaraciones de Sof\\u00eda Carvahlo, de Merl\\u00edn Producciones\\u00bb. G\\u00e9nero: Blues.\",\"meta\":{\"genre\":\"Blues\",\"length_formatted\":\"0:55\"},\"image\":{\"src\":\"https:\\\/\\\/www.medellin.gov.co\\\/es\\\/wp-includes\\\/images\\\/media\\\/audio.png\",\"width\":48,\"height\":64},\"thumb\":{\"src\":\"https:\\\/\\\/www.medellin.gov.co\\\/es\\\/wp-includes\\\/images\\\/media\\\/audio.png\",\"width\":48,\"height\":64}}]}<\/script>\n<\/div>\n\t\n<p>El Distrito, a trav\u00e9s de la Comisi\u00f3n F\u00edlmica, abre la convocatoria del Incentivo Cinematogr\u00e1fico y Audiovisual para el segundo semestre de 2026 la cual dispondr\u00e1 de una bolsa total de $1.300 millones. Las inscripciones estar\u00e1n abiertas desde el 2 y hasta el 17 de septiembre, con el prop\u00f3sito de continuar fortaleciendo el desarrollo, la inversi\u00f3n y el talento del ecosistema audiovisual de la ciudad.<\/p>\n<p>\u201c<em>El Distrito reafirma su compromiso con la consolidaci\u00f3n de las industrias creativas como un motor clave de la econom\u00eda local. El sector audiovisual no solo proyecta a nuestra ciudad ante el mundo, sino que genera un impacto econ\u00f3mico real y medible. Con esta nueva convocatoria queremos seguir potenciando el talento de nuestras comunas y corregimientos, al tiempo que fortalecemos alianzas internacionales estrat\u00e9gicas y atraemos inversi\u00f3n que genera empleo y desarrollo para Medell\u00edn<\/em>\u00ab, dijo la secretaria de Desarrollo Econ\u00f3mico, Mar\u00eda Fernanda Galeano Rojo.<\/p>\n<p><a href=\"https:\/\/www.medellin.gov.co\/es\/wp-content\/uploads\/2026\/09\/Imagen-de-personal-de-filmacion.jpg\" target=\"_blank\" rel=\"noopener\"><img loading=\"lazy\" class=\"alignnone wp-image-564452 size-full\" title=\"Personal de filmaci\u00f3n\" src=\"https:\/\/www.medellin.gov.co\/es\/wp-content\/uploads\/2026\/09\/Imagen-de-personal-de-filmacion.jpg\" alt=\"Imagen de personal de filmaci\u00f3n\" width=\"1141\" height=\"760\" srcset=\"https:\/\/www.medellin.gov.co\/es\/wp-content\/uploads\/2026\/09\/Imagen-de-personal-de-filmacion.jpg 1141w, https:\/\/www.medellin.gov.co\/es\/wp-content\/uploads\/2026\/09\/Imagen-de-personal-de-filmacion-300x200.jpg 300w, https:\/\/www.medellin.gov.co\/es\/wp-content\/uploads\/2026\/09\/Imagen-de-personal-de-filmacion-1024x682.jpg 1024w, https:\/\/www.medellin.gov.co\/es\/wp-content\/uploads\/2026\/09\/Imagen-de-personal-de-filmacion-150x100.jpg 150w, https:\/\/www.medellin.gov.co\/es\/wp-content\/uploads\/2026\/09\/Imagen-de-personal-de-filmacion-768x512.jpg 768w\" sizes=\"(max-width: 1141px) 100vw, 1141px\" \/><\/a><\/p>\n<p>Esta nueva convocatoria contempla cuatro modalidades de participaci\u00f3n divididas de manera estrat\u00e9gica. Por un lado, se encuentran dos l\u00edneas de reembolso financiero: la L\u00ednea 1, dirigida a proyectos de empresas locales, y la L\u00ednea 2, dise\u00f1ada para proyectos de empresas nacionales o internacionales que incluyan servicios de producci\u00f3n y cumplan con los gastos m\u00ednimos contractuales en proveedores de Medell\u00edn. Por otro lado, se disponen dos l\u00edneas de incentivos autom\u00e1ticos de car\u00e1cter exclusivo para empresas de la ciudad: la L\u00ednea 3, enfocada en la circulaci\u00f3n en eventos internacionales, y la L\u00ednea 4, destinada al fortalecimiento de empresas y talentos locales.<\/p>\n<p>Como novedad sectorial, se incorpor\u00f3 un incentivo autom\u00e1tico para el doblaje al portugu\u00e9s brasile\u00f1o de pel\u00edculas, series o videojuegos lanzados desde 2014 o por estrenarse, otorgando un criterio de prioridad a aquellos proyectos que demuestren una relaci\u00f3n directa con el mercado de Brasil.<\/p>\n<p><a href=\"https:\/\/www.medellin.gov.co\/es\/wp-content\/uploads\/2026\/09\/Imagen-de-una-grabacion-con-actores.jpg\" target=\"_blank\" rel=\"noopener\"><img loading=\"lazy\" class=\"alignnone wp-image-564444 size-full\" title=\"Grabaci\u00f3n con actores\" src=\"https:\/\/www.medellin.gov.co\/es\/wp-content\/uploads\/2026\/09\/Imagen-de-una-grabacion-con-actores.jpg\" alt=\"Imagen de una grabaci\u00f3n con actores\" width=\"1141\" height=\"760\" srcset=\"https:\/\/www.medellin.gov.co\/es\/wp-content\/uploads\/2026\/09\/Imagen-de-una-grabacion-con-actores.jpg 1141w, https:\/\/www.medellin.gov.co\/es\/wp-content\/uploads\/2026\/09\/Imagen-de-una-grabacion-con-actores-300x200.jpg 300w, https:\/\/www.medellin.gov.co\/es\/wp-content\/uploads\/2026\/09\/Imagen-de-una-grabacion-con-actores-1024x682.jpg 1024w, https:\/\/www.medellin.gov.co\/es\/wp-content\/uploads\/2026\/09\/Imagen-de-una-grabacion-con-actores-150x100.jpg 150w, https:\/\/www.medellin.gov.co\/es\/wp-content\/uploads\/2026\/09\/Imagen-de-una-grabacion-con-actores-768x512.jpg 768w\" sizes=\"(max-width: 1141px) 100vw, 1141px\" \/><\/a><\/p>\n<p>Los resultados del programa reflejan un impacto directo en la econom\u00eda y la descentralizaci\u00f3n del talento en el territorio, beneficiando actualmente a empresas de ocho comunas y dos corregimientos de Medell\u00edn.<\/p>\n<p>\u201c<em>Para una empresa independiente y una productora independiente como Merl\u00edn Producciones, este incentivo es un gran apalancamiento. Nos permite no limitar nuestros sue\u00f1os y nuestros presupuestos por falta de estos mismos, sino que tenemos ese incentivo que nos va a permitir desarrollar las ideas hasta el punto que siempre las so\u00f1amos<\/em>\u201d, se\u00f1al\u00f3 Sof\u00eda Carvahlo, de Merl\u00edn Producciones.<\/p>\n<p>Durante el primer semestre de este a\u00f1o, el incentivo recibi\u00f3 133 postulaciones, de las cuales 94 resultaron beneficiadas, ejecutando un monto superior a los $1.453 millones. En el balance consolidado de la actual administraci\u00f3n, el programa ha adjudicado un total de $4.635 millones a 280 proyectos de 71 empresas. Esta inversi\u00f3n ha dinamizado la econom\u00eda local al generar un gasto total percibido en la ciudad de $26.915 millones.<\/p>\n","protected":false},"excerpt":{"rendered":"<p>La convocatoria tendr\u00e1 cuatro l\u00edneas de participaci\u00f3n y una novedad para el doblaje al portugu\u00e9s brasile\u00f1o de pel\u00edculas, series o videojuegos. Medell\u00edn es la \u00fanica ciudad de Colombia que cuenta con un incentivo local de &#8230;<\/p>\n","protected":false},"author":21,"featured_media":564449,"comment_status":"open","ping_status":"open","sticky":false,"template":"","format":"standard","meta":[],"categories":[31,3],"tags":[444,691],"formato_nota":[],"programas_tax":[],"acf":[],"_links":{"self":[{"href":"https:\/\/www.medellin.gov.co\/es\/wp-json\/wp\/v2\/posts\/564488"}],"collection":[{"href":"https:\/\/www.medellin.gov.co\/es\/wp-json\/wp\/v2\/posts"}],"about":[{"href":"https:\/\/www.medellin.gov.co\/es\/wp-json\/wp\/v2\/types\/post"}],"author":[{"embeddable":true,"href":"https:\/\/www.medellin.gov.co\/es\/wp-json\/wp\/v2\/users\/21"}],"replies":[{"embeddable":true,"href":"https:\/\/www.medellin.gov.co\/es\/wp-json\/wp\/v2\/comments?post=564488"}],"version-history":[{"count":1,"href":"https:\/\/www.medellin.gov.co\/es\/wp-json\/wp\/v2\/posts\/564488\/revisions"}],"predecessor-version":[{"id":564491,"href":"https:\/\/www.medellin.gov.co\/es\/wp-json\/wp\/v2\/posts\/564488\/revisions\/564491"}],"wp:featuredmedia":[{"embeddable":true,"href":"https:\/\/www.medellin.gov.co\/es\/wp-json\/wp\/v2\/media\/564449"}],"wp:attachment":[{"href":"https:\/\/www.medellin.gov.co\/es\/wp-json\/wp\/v2\/media?parent=564488"}],"wp:term":[{"taxonomy":"category","embeddable":true,"href":"https:\/\/www.medellin.gov.co\/es\/wp-json\/wp\/v2\/categories?post=564488"},{"taxonomy":"post_tag","embeddable":true,"href":"https:\/\/www.medellin.gov.co\/es\/wp-json\/wp\/v2\/tags?post=564488"},{"taxonomy":"formato_nota","embeddable":true,"href":"https:\/\/www.medellin.gov.co\/es\/wp-json\/wp\/v2\/formato_nota?post=564488"},{"taxonomy":"programas_tax","embeddable":true,"href":"https:\/\/www.medellin.gov.co\/es\/wp-json\/wp\/v2\/programas_tax?post=564488"}],"curies":[{"name":"wp","href":"https:\/\/api.w.org\/{rel}","templated":true}]}}