{"id":564493,"date":"2026-09-03T20:42:26","date_gmt":"2026-09-04T01:42:26","guid":{"rendered":"https:\/\/www.medellin.gov.co\/es\/?p=564493"},"modified":"2026-09-03T20:42:26","modified_gmt":"2026-09-04T01:42:26","slug":"el-itm-convoca-al-sector-empresarial-y-a-la-ciudadania-a-donar-insumos-para-fabricar-prototipos-de-asistencia-humanitaria-tras-el-terremoto","status":"publish","type":"post","link":"https:\/\/www.medellin.gov.co\/es\/sala-de-prensa\/noticias\/el-itm-convoca-al-sector-empresarial-y-a-la-ciudadania-a-donar-insumos-para-fabricar-prototipos-de-asistencia-humanitaria-tras-el-terremoto\/","title":{"rendered":"El ITM convoca al sector empresarial y a la ciudadan\u00eda a donar insumos para fabricar prototipos de asistencia humanitaria tras el terremoto"},"content":{"rendered":"<ul>\n<li>La instituci\u00f3n desarroll\u00f3 prototipos funcionales de ba\u00f1os secos port\u00e1tiles, camas plegables aislantes y un sistema de conservaci\u00f3n de alimentos.<\/li>\n<li>A trav\u00e9s de la Convocatoria de Voluntariado ITM, estudiantes y docentes liderar\u00e1n el ensamblaje y la producci\u00f3n de los m\u00f3dulos humanitarios.<\/li>\n<\/ul>\n<!--[if lt IE 9]><script>document.createElement('audio');<\/script><![endif]-->\n\t<div class=\"wp-playlist wp-audio-playlist wp-playlist-light\">\n\t\t\t<div class=\"wp-playlist-current-item\"><\/div>\n\t\t<audio controls=\"controls\" preload=\"none\" width=\"640\"\n\t\t\t><\/audio>\n\t<div class=\"wp-playlist-next\"><\/div>\n\t<div class=\"wp-playlist-prev\"><\/div>\n\t<noscript>\n\t<ol>\n\t\t<li><a href='https:\/\/www.medellin.gov.co\/es\/wp-content\/uploads\/2026\/09\/Declaraciones-de-la-jefa-de-Proyeccion-Social-del-ITM-Melissa-Algarra.mp3'>Declaraciones de la jefa de Proyecci\u00f3n Social del ITM, Melissa Algarra<\/a><\/li><li><a href='https:\/\/www.medellin.gov.co\/es\/wp-content\/uploads\/2026\/09\/Declaraciones-de-la-jefa-del-Departamento-de-Diseno-del-ITM-Erika-Solange-Imbett-Vargas.mp3'>Declaraciones de la jefa del Departamento de Dise\u00f1o del ITM, Erika Solange Imbett Vargas<\/a><\/li>\t<\/ol>\n\t<\/noscript>\n\t<script type=\"application\/json\" class=\"wp-playlist-script\">{\"type\":\"audio\",\"tracklist\":true,\"tracknumbers\":true,\"images\":true,\"artists\":true,\"tracks\":[{\"src\":\"https:\\\/\\\/www.medellin.gov.co\\\/es\\\/wp-content\\\/uploads\\\/2026\\\/09\\\/Declaraciones-de-la-jefa-de-Proyeccion-Social-del-ITM-Melissa-Algarra.mp3\",\"type\":\"audio\\\/mpeg\",\"title\":\"Declaraciones de la jefa de Proyecci\\u00f3n Social del ITM, Melissa Algarra\",\"caption\":\"\",\"description\":\"\\u00abDeclaraciones de la jefa de Proyecci\\u00f3n Social del ITM, Melissa Algarra\\u00bb. \",\"meta\":{\"genre\":\"Blues\",\"length_formatted\":\"0:45\"},\"image\":{\"src\":\"https:\\\/\\\/www.medellin.gov.co\\\/es\\\/wp-includes\\\/images\\\/media\\\/audio.png\",\"width\":48,\"height\":64},\"thumb\":{\"src\":\"https:\\\/\\\/www.medellin.gov.co\\\/es\\\/wp-includes\\\/images\\\/media\\\/audio.png\",\"width\":48,\"height\":64}},{\"src\":\"https:\\\/\\\/www.medellin.gov.co\\\/es\\\/wp-content\\\/uploads\\\/2026\\\/09\\\/Declaraciones-de-la-jefa-del-Departamento-de-Diseno-del-ITM-Erika-Solange-Imbett-Vargas.mp3\",\"type\":\"audio\\\/mpeg\",\"title\":\"Declaraciones de la jefa del Departamento de Dise\\u00f1o del ITM, Erika Solange Imbett Vargas\",\"caption\":\"\",\"description\":\"\\u00abDeclaraciones de la jefa del Departamento de Dise\\u00f1o del ITM, Erika Solange Imbett Vargas\\u00bb. \",\"meta\":{\"genre\":\"Blues\",\"length_formatted\":\"1:10\"},\"image\":{\"src\":\"https:\\\/\\\/www.medellin.gov.co\\\/es\\\/wp-includes\\\/images\\\/media\\\/audio.png\",\"width\":48,\"height\":64},\"thumb\":{\"src\":\"https:\\\/\\\/www.medellin.gov.co\\\/es\\\/wp-includes\\\/images\\\/media\\\/audio.png\",\"width\":48,\"height\":64}}]}<\/script>\n<\/div>\n\t\n<p>Frente a las complejas afectaciones provocadas por el sismo del pasado 10 de agosto, la <a href=\"https:\/\/www.itm.edu.co\/\" target=\"_blank\" rel=\"noopener\">Instituci\u00f3n Universitaria ITM<\/a>, a trav\u00e9s de su Centro de Proyecci\u00f3n Social y el Departamento de Dise\u00f1o, hace un llamado al sector empresarial, gremios, industrias y donantes particulares para sumar esfuerzos en la atenci\u00f3n de las comunidades damnificadas. La iniciativa busca recolectar materia prima e insumos indispensables para la producci\u00f3n masiva de soluciones t\u00e9cnicas humanitarias dise\u00f1adas para dignificar la vida en los albergues temporales.<\/p>\n<p>Tras un diagn\u00f3stico en los territorios impactados, la academia identific\u00f3 tres crisis urgentes: la falta de infraestructura sanitaria adecuada, el deterioro r\u00e1pido de los sistemas de descanso por la humedad del suelo y los riesgos en la seguridad alimentaria a mediano plazo. Para mitigarlas, el ITM dise\u00f1\u00f3 e implement\u00f3 tres prototipos: sanitarios secos port\u00e1tiles para frenar brotes de salubridad; camas plegables elevadas que a\u00edslan a las colchonetas del agua y el desgaste; y un sistema de procesamiento y envasado de conservas de frutas y vegetales para complementar la nutrici\u00f3n de ni\u00f1os y adultos.<\/p>\n<p><a href=\"https:\/\/www.medellin.gov.co\/es\/wp-content\/uploads\/2026\/09\/Imagen-de-jovenes-construyendo-un-artefacto.jpg\" target=\"_blank\" rel=\"noopener\"><img loading=\"lazy\" class=\"alignnone wp-image-564460 size-full\" title=\"J\u00f3venes construyendo un artefacto\" src=\"https:\/\/www.medellin.gov.co\/es\/wp-content\/uploads\/2026\/09\/Imagen-de-jovenes-construyendo-un-artefacto.jpg\" alt=\"Imagen de j\u00f3venes construyendo un artefacto\" width=\"1280\" height=\"718\" srcset=\"https:\/\/www.medellin.gov.co\/es\/wp-content\/uploads\/2026\/09\/Imagen-de-jovenes-construyendo-un-artefacto.jpg 1280w, https:\/\/www.medellin.gov.co\/es\/wp-content\/uploads\/2026\/09\/Imagen-de-jovenes-construyendo-un-artefacto-300x168.jpg 300w, https:\/\/www.medellin.gov.co\/es\/wp-content\/uploads\/2026\/09\/Imagen-de-jovenes-construyendo-un-artefacto-1024x574.jpg 1024w, https:\/\/www.medellin.gov.co\/es\/wp-content\/uploads\/2026\/09\/Imagen-de-jovenes-construyendo-un-artefacto-150x84.jpg 150w, https:\/\/www.medellin.gov.co\/es\/wp-content\/uploads\/2026\/09\/Imagen-de-jovenes-construyendo-un-artefacto-768x431.jpg 768w\" sizes=\"(max-width: 1280px) 100vw, 1280px\" \/><\/a><\/p>\n<p>\u201c<em>En el ITM entendemos la responsabilidad social no como un discurso, sino como una acci\u00f3n concreta que transforma realidades. Ante esta emergencia, no pod\u00edamos ser indiferentes, pusimos todo el talento de nuestros docentes, estudiantes y laboratorios de investigaci\u00f3n al servicio de quienes m\u00e1s lo necesitan. A trav\u00e9s de la innovaci\u00f3n aplicada, dise\u00f1amos prototipos reales para dignificar la vida en los albergues<\/em>\u201d, manifest\u00f3 la jefa de Proyecci\u00f3n Social del ITM, Melissa Algarra.<\/p>\n<p>La estrategia se apoya en una red de solidaridad institucional. A trav\u00e9s de la Convocatoria de Voluntariado ITM, un equipo capacitado de docentes y estudiantes de diversas facultades asumir\u00e1 la construcci\u00f3n, ensamblaje y preparaci\u00f3n operativa de los m\u00f3dulos en las instalaciones de la instituci\u00f3n. Los primeros prototipos funcionales ya se encuentran completamente construidos en el Laboratorio de Dise\u00f1o del campus Robledo, listos para servir como modelo de producci\u00f3n, tan pronto como se consolide el acopio de los insumos requeridos.<\/p>\n<p><a href=\"https:\/\/www.medellin.gov.co\/es\/wp-content\/uploads\/2026\/09\/Imagen-de-jovenes-y-una-mujer-en-una-camilla.jpg\"><img loading=\"lazy\" class=\"alignnone size-full wp-image-564459\" src=\"https:\/\/www.medellin.gov.co\/es\/wp-content\/uploads\/2026\/09\/Imagen-de-jovenes-y-una-mujer-en-una-camilla.jpg\" alt=\"Imagen de j\u00f3venes y una mujer en una camilla\" width=\"1280\" height=\"718\" srcset=\"https:\/\/www.medellin.gov.co\/es\/wp-content\/uploads\/2026\/09\/Imagen-de-jovenes-y-una-mujer-en-una-camilla.jpg 1280w, https:\/\/www.medellin.gov.co\/es\/wp-content\/uploads\/2026\/09\/Imagen-de-jovenes-y-una-mujer-en-una-camilla-300x168.jpg 300w, https:\/\/www.medellin.gov.co\/es\/wp-content\/uploads\/2026\/09\/Imagen-de-jovenes-y-una-mujer-en-una-camilla-1024x574.jpg 1024w, https:\/\/www.medellin.gov.co\/es\/wp-content\/uploads\/2026\/09\/Imagen-de-jovenes-y-una-mujer-en-una-camilla-150x84.jpg 150w, https:\/\/www.medellin.gov.co\/es\/wp-content\/uploads\/2026\/09\/Imagen-de-jovenes-y-una-mujer-en-una-camilla-768x431.jpg 768w\" sizes=\"(max-width: 1280px) 100vw, 1280px\" \/><\/a><\/p>\n<p>\u201c<em>Establecimos una alianza institucional para estructurar cuatro l\u00edneas de ayuda. Las dos primeras, a las que estamos convocando actualmente, se enfocan en la donaci\u00f3n de insumos como madera y lonas para la construcci\u00f3n de prototipos. Asimismo, avanzamos en el procesamiento y deshidrataci\u00f3n de frutas y verduras con el fin de brindar alternativas alimentarias a la comunidad<\/em>\u201d, explic\u00f3 la jefa del Departamento de Dise\u00f1o del ITM, Erika Solange Imbett Vargas.<\/p>\n<p>Para concretar el despacho de esta ayuda t\u00e9cnica a las regiones afectadas, el ITM invita a las empresas a aportar materiales clave como tableros RH, madera tipo list\u00f3n pino, herrajes, lonas pl\u00e1sticas, productos para la preparaci\u00f3n de conservas (lim\u00f3n, vinagre, az\u00facar) y frascos de vidrio. Las donaciones ser\u00e1n recibidas directamente en el espacio de acopio habilitado en el campus Robledo. Las empresas, entidades y donantes interesados en sumarse a esta causa pueden comunicarse de forma directa, \u00fanicamente a trav\u00e9s de la l\u00ednea de WhatsApp 300 846 7708.<\/p>\n","protected":false},"excerpt":{"rendered":"<p>La instituci\u00f3n desarroll\u00f3 prototipos funcionales de ba\u00f1os secos port\u00e1tiles, camas plegables aislantes y un sistema de conservaci\u00f3n de alimentos. A trav\u00e9s de la Convocatoria de Voluntariado ITM, estudiantes y docentes liderar\u00e1n el ensamblaje y la &#8230;<\/p>\n","protected":false},"author":21,"featured_media":564440,"comment_status":"open","ping_status":"open","sticky":false,"template":"","format":"standard","meta":[],"categories":[747,4],"tags":[451,431,455],"formato_nota":[],"programas_tax":[],"acf":[],"_links":{"self":[{"href":"https:\/\/www.medellin.gov.co\/es\/wp-json\/wp\/v2\/posts\/564493"}],"collection":[{"href":"https:\/\/www.medellin.gov.co\/es\/wp-json\/wp\/v2\/posts"}],"about":[{"href":"https:\/\/www.medellin.gov.co\/es\/wp-json\/wp\/v2\/types\/post"}],"author":[{"embeddable":true,"href":"https:\/\/www.medellin.gov.co\/es\/wp-json\/wp\/v2\/users\/21"}],"replies":[{"embeddable":true,"href":"https:\/\/www.medellin.gov.co\/es\/wp-json\/wp\/v2\/comments?post=564493"}],"version-history":[{"count":1,"href":"https:\/\/www.medellin.gov.co\/es\/wp-json\/wp\/v2\/posts\/564493\/revisions"}],"predecessor-version":[{"id":564495,"href":"https:\/\/www.medellin.gov.co\/es\/wp-json\/wp\/v2\/posts\/564493\/revisions\/564495"}],"wp:featuredmedia":[{"embeddable":true,"href":"https:\/\/www.medellin.gov.co\/es\/wp-json\/wp\/v2\/media\/564440"}],"wp:attachment":[{"href":"https:\/\/www.medellin.gov.co\/es\/wp-json\/wp\/v2\/media?parent=564493"}],"wp:term":[{"taxonomy":"category","embeddable":true,"href":"https:\/\/www.medellin.gov.co\/es\/wp-json\/wp\/v2\/categories?post=564493"},{"taxonomy":"post_tag","embeddable":true,"href":"https:\/\/www.medellin.gov.co\/es\/wp-json\/wp\/v2\/tags?post=564493"},{"taxonomy":"formato_nota","embeddable":true,"href":"https:\/\/www.medellin.gov.co\/es\/wp-json\/wp\/v2\/formato_nota?post=564493"},{"taxonomy":"programas_tax","embeddable":true,"href":"https:\/\/www.medellin.gov.co\/es\/wp-json\/wp\/v2\/programas_tax?post=564493"}],"curies":[{"name":"wp","href":"https:\/\/api.w.org\/{rel}","templated":true}]}}