{"id":564497,"date":"2026-09-03T20:49:03","date_gmt":"2026-09-04T01:49:03","guid":{"rendered":"https:\/\/www.medellin.gov.co\/es\/?p=564497"},"modified":"2026-09-03T20:49:47","modified_gmt":"2026-09-04T01:49:47","slug":"capturas-contra-integrantes-de-los-conejos","status":"publish","type":"post","link":"https:\/\/www.medellin.gov.co\/es\/sala-de-prensa\/noticias\/capturas-contra-integrantes-de-los-conejos\/","title":{"rendered":"\u201cEs un golpe contundente a una estructura que afectaba a nuestros ni\u00f1os y j\u00f3venes\u201d: alcalde Federico Guti\u00e9rrez anuncia capturas contra integrantes de \u2018Los Conejos\u2019"},"content":{"rendered":"<ul>\n<li>Adem\u00e1s de las detenciones, fueron incautados 289 gramos de base de coca y seis celulares.<\/li>\n<li>Se estima que la estructura obten\u00eda rentas cercanas a los $420 millones mensuales.<\/li>\n<\/ul>\n<p>El alcalde Federico Guti\u00e9rrez Zuluaga destac\u00f3 el trabajo articulado de las autoridades que, tras dos a\u00f1os de investigaci\u00f3n, permiti\u00f3 un golpe contra el grupo de delincuencia com\u00fan organizado \u2018Los Conejos\u2019, se\u00f1alado de dedicarse al tr\u00e1fico de estupefacientes y de instrumentalizar a menores de edad para desarrollar actividades delictivas. Entre los resultados se tienen 23 personas capturadas, un adolescente aprehendido y cuatro personas notificadas de cargos mientras permanec\u00edan privadas de la libertad.<\/p>\n<p>\u201c<em>Hay que decirlo de manera clara: en su momento se iba a intervenir este sitio y hacer una operaci\u00f3n como esta, pero fue suspendida, porque supuestamente desde la c\u00e1rcel de Itag\u00fc\u00ed, hab\u00edan mostrado buena voluntad hablando de la suspensi\u00f3n de venta de droga o plazas de vicio en el Parque Bicentenario. Eso es uno de los temas extra\u00f1os que dej\u00f3 todo ese proceso de negociaci\u00f3n de paz, pero lo \u00fanico que hac\u00edan era fortalecer a los criminales<\/em>\u201d, inform\u00f3 el mandatario distrital.<\/p>\n<p><a href=\"https:\/\/www.medellin.gov.co\/es\/wp-content\/uploads\/2026\/09\/Imagen-de-capturados-escoltados-por-la-policia.jpg\" target=\"_blank\" rel=\"noopener\"><img loading=\"lazy\" class=\"alignnone wp-image-564470 size-full\" title=\"Capturados escoltados por la polic\u00eda\" src=\"https:\/\/www.medellin.gov.co\/es\/wp-content\/uploads\/2026\/09\/Imagen-de-capturados-escoltados-por-la-policia.jpg\" alt=\"Imagen de capturados escoltados por la polic\u00eda\" width=\"1139\" height=\"760\" srcset=\"https:\/\/www.medellin.gov.co\/es\/wp-content\/uploads\/2026\/09\/Imagen-de-capturados-escoltados-por-la-policia.jpg 1139w, https:\/\/www.medellin.gov.co\/es\/wp-content\/uploads\/2026\/09\/Imagen-de-capturados-escoltados-por-la-policia-300x200.jpg 300w, https:\/\/www.medellin.gov.co\/es\/wp-content\/uploads\/2026\/09\/Imagen-de-capturados-escoltados-por-la-policia-1024x683.jpg 1024w, https:\/\/www.medellin.gov.co\/es\/wp-content\/uploads\/2026\/09\/Imagen-de-capturados-escoltados-por-la-policia-150x100.jpg 150w, https:\/\/www.medellin.gov.co\/es\/wp-content\/uploads\/2026\/09\/Imagen-de-capturados-escoltados-por-la-policia-768x512.jpg 768w\" sizes=\"(max-width: 1139px) 100vw, 1139px\" \/><\/a><\/p>\n<p>Seg\u00fan las investigaciones, la estructura utilizaba chazas de venta de dulces como fachada para ocultar y comercializar estupefacientes en el sector del Parque Bicentenario, en el centro oriente de <a href=\"https:\/\/www.instagram.com\/alcaldiademed\/?hl=es-la\" target=\"_blank\" rel=\"noopener\">Medell\u00edn<\/a>. Las autoridades tambi\u00e9n documentaron el presunto suministro de drogas dosificadas a menores de edad para su comercializaci\u00f3n y su instrumentalizaci\u00f3n para la comisi\u00f3n de delitos. Para llegar hasta la organizaci\u00f3n se analizaron l\u00edneas telef\u00f3nicas, se utiliz\u00f3 un agente encubierto y se realizaron entrevistas.<\/p>\n<p>\u201c<em>Fue capturado el cabecilla alias \u2018Callejas\u2019 o alias \u2018Apa\u2019; 31 a\u00f1os y cabecilla de la Geo y de esta estructura \u2018Los Conejos\u2019. Tambi\u00e9n fueron capturados los coordinadores conocidos como \u2018Papa\u2019, \u2018Chucky\u2019, \u2018Juan\u2019, \u2018Cate\u2019, \u2018Noche\u2019, \u2018Alexi\u2019 y \u2018Acosta\u2019, quienes cumpl\u00edan diferentes funciones de coordinaci\u00f3n dentro de la organizaci\u00f3n. Los vinculados a este proceso registran m\u00e1s de 70 anotaciones en el sistema penal oral acusatorio, en diferentes procesos, son curtidos criminales, que en muchos de los casos quedaban en libertad y segu\u00edan delinquiendo<\/em>\u201d, explic\u00f3 Guti\u00e9rrez Zuluaga.<\/p>\n\n\t\t<style type=\"text\/css\">\n\t\t\t#gallery-1 {\n\t\t\t\tmargin: auto;\n\t\t\t}\n\t\t\t#gallery-1 .gallery-item {\n\t\t\t\tfloat: left;\n\t\t\t\tmargin-top: 10px;\n\t\t\t\ttext-align: center;\n\t\t\t\twidth: 50%;\n\t\t\t}\n\t\t\t#gallery-1 img {\n\t\t\t\tborder: 2px solid #cfcfcf;\n\t\t\t}\n\t\t\t#gallery-1 .gallery-caption {\n\t\t\t\tmargin-left: 0;\n\t\t\t}\n\t\t\t\/* see gallery_shortcode() in wp-includes\/media.php *\/\n\t\t<\/style>\n\t\t<div id='gallery-1' class='gallery galleryid-564497 gallery-columns-2 gallery-size-full'><dl class='gallery-item'>\n\t\t\t<dt class='gallery-icon landscape'>\n\t\t\t\t<a href='https:\/\/www.medellin.gov.co\/es\/sala-de-prensa\/noticias\/mas-barrido-donde-se-necesita-medellin-realizo-33-ajustes-a-sus-rutas\/imagen-de-capturados-custodiados-por-la-policia\/'><img width=\"1139\" height=\"760\" src=\"https:\/\/www.medellin.gov.co\/es\/wp-content\/uploads\/2026\/09\/Imagen-de-capturados-custodiados-por-la-policia.jpg\" class=\"attachment-full size-full\" alt=\"Imagen de capturados custodiados por la polic\u00eda\" loading=\"lazy\" srcset=\"https:\/\/www.medellin.gov.co\/es\/wp-content\/uploads\/2026\/09\/Imagen-de-capturados-custodiados-por-la-policia.jpg 1139w, https:\/\/www.medellin.gov.co\/es\/wp-content\/uploads\/2026\/09\/Imagen-de-capturados-custodiados-por-la-policia-300x200.jpg 300w, https:\/\/www.medellin.gov.co\/es\/wp-content\/uploads\/2026\/09\/Imagen-de-capturados-custodiados-por-la-policia-1024x683.jpg 1024w, https:\/\/www.medellin.gov.co\/es\/wp-content\/uploads\/2026\/09\/Imagen-de-capturados-custodiados-por-la-policia-150x100.jpg 150w, https:\/\/www.medellin.gov.co\/es\/wp-content\/uploads\/2026\/09\/Imagen-de-capturados-custodiados-por-la-policia-768x512.jpg 768w\" sizes=\"(max-width: 1139px) 100vw, 1139px\" \/><\/a>\n\t\t\t<\/dt><\/dl><dl class='gallery-item'>\n\t\t\t<dt class='gallery-icon landscape'>\n\t\t\t\t<a href='https:\/\/www.medellin.gov.co\/es\/sala-de-prensa\/noticias\/mas-barrido-donde-se-necesita-medellin-realizo-33-ajustes-a-sus-rutas\/imagen-de-capturados-con-policias-2\/'><img width=\"1139\" height=\"760\" src=\"https:\/\/www.medellin.gov.co\/es\/wp-content\/uploads\/2026\/09\/Imagen-de-capturados-con-policias.jpg\" class=\"attachment-full size-full\" alt=\"Imagen de capturados con polic\u00edas\" loading=\"lazy\" srcset=\"https:\/\/www.medellin.gov.co\/es\/wp-content\/uploads\/2026\/09\/Imagen-de-capturados-con-policias.jpg 1139w, https:\/\/www.medellin.gov.co\/es\/wp-content\/uploads\/2026\/09\/Imagen-de-capturados-con-policias-300x200.jpg 300w, https:\/\/www.medellin.gov.co\/es\/wp-content\/uploads\/2026\/09\/Imagen-de-capturados-con-policias-1024x683.jpg 1024w, https:\/\/www.medellin.gov.co\/es\/wp-content\/uploads\/2026\/09\/Imagen-de-capturados-con-policias-150x100.jpg 150w, https:\/\/www.medellin.gov.co\/es\/wp-content\/uploads\/2026\/09\/Imagen-de-capturados-con-policias-768x512.jpg 768w\" sizes=\"(max-width: 1139px) 100vw, 1139px\" \/><\/a>\n\t\t\t<\/dt><\/dl><br style=\"clear: both\" \/>\n\t\t<\/div>\n\n<p>La operaci\u00f3n se desarroll\u00f3 mediante cinco diligencias de allanamiento y registro, as\u00ed como procedimientos en v\u00eda p\u00fablica en las comunas Villa Hermosa, La Candelaria y San Javier. Los vinculados al proceso registran adem\u00e1s delitos como tr\u00e1fico de estupefacientes, hurto, violencia intrafamiliar y lesiones personales.<\/p>\n<p>Durante los procedimientos fueron incautados 289 gramos de base de coca y seis tel\u00e9fonos celulares, que ser\u00e1n sometidos a an\u00e1lisis t\u00e9cnicos para avanzar en la identificaci\u00f3n de otros involucrados y documentar las actividades de la estructura.<\/p>\n<p>\u201c<em>Se le da un golpe contundente a una estructura criminal que afectaba, especialmente a nuestros ni\u00f1os, j\u00f3venes y a las personas que viv\u00edan en el Bicentenario. Las personas que han sido capturadas, est\u00e1n expuestas ante la comunidad para que ahora todos sepan qui\u00e9nes son y los vean de una manera muy clara<\/em>\u201d, concluy\u00f3 el alcalde.<\/p>\n<p>De acuerdo con la investigaci\u00f3n, este grupo obten\u00eda cerca de $420 millones mensuales por tr\u00e1fico de estupefacientes. Las 27 personas vinculadas al proceso fueron dejadas a disposici\u00f3n de la Fiscal\u00eda General de la Naci\u00f3n para las respectivas audiencias de control de garant\u00edas, mientras el adolescente aprehendido fue puesto a disposici\u00f3n de la autoridad competente para el restablecimiento de sus derechos.<\/p>\n","protected":false},"excerpt":{"rendered":"<p>Adem\u00e1s de las detenciones, fueron incautados 289 gramos de base de coca y seis celulares. Se estima que la estructura obten\u00eda rentas cercanas a los $420 millones mensuales. El alcalde Federico Guti\u00e9rrez Zuluaga destac\u00f3 el &#8230;<\/p>\n","protected":false},"author":21,"featured_media":564463,"comment_status":"open","ping_status":"open","sticky":false,"template":"","format":"standard","meta":[],"categories":[293,21],"tags":[619],"formato_nota":[],"programas_tax":[],"acf":[],"_links":{"self":[{"href":"https:\/\/www.medellin.gov.co\/es\/wp-json\/wp\/v2\/posts\/564497"}],"collection":[{"href":"https:\/\/www.medellin.gov.co\/es\/wp-json\/wp\/v2\/posts"}],"about":[{"href":"https:\/\/www.medellin.gov.co\/es\/wp-json\/wp\/v2\/types\/post"}],"author":[{"embeddable":true,"href":"https:\/\/www.medellin.gov.co\/es\/wp-json\/wp\/v2\/users\/21"}],"replies":[{"embeddable":true,"href":"https:\/\/www.medellin.gov.co\/es\/wp-json\/wp\/v2\/comments?post=564497"}],"version-history":[{"count":1,"href":"https:\/\/www.medellin.gov.co\/es\/wp-json\/wp\/v2\/posts\/564497\/revisions"}],"predecessor-version":[{"id":564498,"href":"https:\/\/www.medellin.gov.co\/es\/wp-json\/wp\/v2\/posts\/564497\/revisions\/564498"}],"wp:featuredmedia":[{"embeddable":true,"href":"https:\/\/www.medellin.gov.co\/es\/wp-json\/wp\/v2\/media\/564463"}],"wp:attachment":[{"href":"https:\/\/www.medellin.gov.co\/es\/wp-json\/wp\/v2\/media?parent=564497"}],"wp:term":[{"taxonomy":"category","embeddable":true,"href":"https:\/\/www.medellin.gov.co\/es\/wp-json\/wp\/v2\/categories?post=564497"},{"taxonomy":"post_tag","embeddable":true,"href":"https:\/\/www.medellin.gov.co\/es\/wp-json\/wp\/v2\/tags?post=564497"},{"taxonomy":"formato_nota","embeddable":true,"href":"https:\/\/www.medellin.gov.co\/es\/wp-json\/wp\/v2\/formato_nota?post=564497"},{"taxonomy":"programas_tax","embeddable":true,"href":"https:\/\/www.medellin.gov.co\/es\/wp-json\/wp\/v2\/programas_tax?post=564497"}],"curies":[{"name":"wp","href":"https:\/\/api.w.org\/{rel}","templated":true}]}}