{"id":564501,"date":"2026-09-03T20:53:58","date_gmt":"2026-09-04T01:53:58","guid":{"rendered":"https:\/\/www.medellin.gov.co\/es\/?p=564501"},"modified":"2026-09-03T20:54:48","modified_gmt":"2026-09-04T01:54:48","slug":"golpe-simultaneo-contra-tres-estructuras-delincuenciales-de-medellin-que-deja-26-personas-judicializadas","status":"publish","type":"post","link":"https:\/\/www.medellin.gov.co\/es\/sala-de-prensa\/noticias\/golpe-simultaneo-contra-tres-estructuras-delincuenciales-de-medellin-que-deja-26-personas-judicializadas\/","title":{"rendered":"El alcalde Federico Guti\u00e9rrez report\u00f3 golpe simult\u00e1neo contra tres estructuras delincuenciales de Medell\u00edn que deja 26 personas judicializadas"},"content":{"rendered":"<ul>\n<li>Las autoridades realizaron 28 allanamientos y fueron judicializadas seis personas vinculadas a la estructura \u2018Caicedo\u2019.<\/li>\n<li>Se incautaron cerca de 2.000 gramos de marihuana, un arma de fuego, munici\u00f3n, celulares y otros elementos.<\/li>\n<\/ul>\n<!--[if lt IE 9]><script>document.createElement('audio');<\/script><![endif]-->\n\t<div class=\"wp-playlist wp-audio-playlist wp-playlist-light\">\n\t\t\t<div class=\"wp-playlist-current-item\"><\/div>\n\t\t<audio controls=\"controls\" preload=\"none\" width=\"640\"\n\t\t\t><\/audio>\n\t<div class=\"wp-playlist-next\"><\/div>\n\t<div class=\"wp-playlist-prev\"><\/div>\n\t<noscript>\n\t<ol>\n\t\t<li><a href='https:\/\/www.medellin.gov.co\/es\/wp-content\/uploads\/2026\/09\/Declaraciones-alcalde-de-Medellin-Federico-Gutierrez-01.mp3'>Declaraciones alcalde de Medell\u00edn, Federico Guti\u00e9rrez - 01<\/a><\/li><li><a href='https:\/\/www.medellin.gov.co\/es\/wp-content\/uploads\/2026\/09\/Declaraciones-alcalde-de-Medellin-Federico-Gutierrez-02.mp3'>Declaraciones alcalde de Medell\u00edn, Federico Guti\u00e9rrez - 02<\/a><\/li>\t<\/ol>\n\t<\/noscript>\n\t<script type=\"application\/json\" class=\"wp-playlist-script\">{\"type\":\"audio\",\"tracklist\":true,\"tracknumbers\":true,\"images\":true,\"artists\":true,\"tracks\":[{\"src\":\"https:\\\/\\\/www.medellin.gov.co\\\/es\\\/wp-content\\\/uploads\\\/2026\\\/09\\\/Declaraciones-alcalde-de-Medellin-Federico-Gutierrez-01.mp3\",\"type\":\"audio\\\/mpeg\",\"title\":\"Declaraciones alcalde de Medell\\u00edn, Federico Guti\\u00e9rrez - 01\",\"caption\":\"\",\"description\":\"\\u00abDeclaraciones alcalde de Medell\\u00edn, Federico Guti\\u00e9rrez - 01\\u00bb. \",\"meta\":{\"year\":\"2026\",\"length_formatted\":\"2:03\"},\"image\":{\"src\":\"https:\\\/\\\/www.medellin.gov.co\\\/es\\\/wp-includes\\\/images\\\/media\\\/audio.png\",\"width\":48,\"height\":64},\"thumb\":{\"src\":\"https:\\\/\\\/www.medellin.gov.co\\\/es\\\/wp-includes\\\/images\\\/media\\\/audio.png\",\"width\":48,\"height\":64}},{\"src\":\"https:\\\/\\\/www.medellin.gov.co\\\/es\\\/wp-content\\\/uploads\\\/2026\\\/09\\\/Declaraciones-alcalde-de-Medellin-Federico-Gutierrez-02.mp3\",\"type\":\"audio\\\/mpeg\",\"title\":\"Declaraciones alcalde de Medell\\u00edn, Federico Guti\\u00e9rrez - 02\",\"caption\":\"\",\"description\":\"\\u00abDeclaraciones alcalde de Medell\\u00edn, Federico Guti\\u00e9rrez - 02\\u00bb.\",\"meta\":{\"year\":\"2026\",\"length_formatted\":\"1:16\"},\"image\":{\"src\":\"https:\\\/\\\/www.medellin.gov.co\\\/es\\\/wp-includes\\\/images\\\/media\\\/audio.png\",\"width\":48,\"height\":64},\"thumb\":{\"src\":\"https:\\\/\\\/www.medellin.gov.co\\\/es\\\/wp-includes\\\/images\\\/media\\\/audio.png\",\"width\":48,\"height\":64}}]}<\/script>\n<\/div>\n\t\n<p>La Alcald\u00eda de Medell\u00edn, en articulaci\u00f3n con la Polic\u00eda Nacional y la <a href=\"https:\/\/www.fiscalia.gov.co\/\" target=\"_blank\" rel=\"noopener\">Fiscal\u00eda General de la Naci\u00f3n<\/a>, propin\u00f3 un golpe contra tres estructuras delincuenciales. La ofensiva permiti\u00f3 judicializar a 26 personas vinculadas, presuntamente, con los grupos \u2018Cootranal\u2019, \u2018El Acopio\u2019 y \u2018Caicedo\u2019. Se realizaron 28 diligencias de registro y allanamiento dirigidas a impactar actividades relacionadas con tr\u00e1fico de estupefacientes, hurto a residencias y homicidio.<\/p>\n<p>Durante cerca de seis meses, las autoridades siguieron las actividades de \u2018Cootranal\u2019, estructura que comercializaba estupefacientes en los barrios Tejelo, Florencia, Pedregal y Castilla. Seg\u00fan la investigaci\u00f3n, generar\u00eda rentas cercanas a los $300 millones mensuales.<\/p>\n<p>\u201c<em>Seis plazas de vicio fueron desarticuladas completamente. Hemos tenido un prop\u00f3sito y es combatir esas estructuras criminales que se dedican a intoxicar y a envenenar a nuestros ni\u00f1os y a nuestros j\u00f3venes. Y vamos a seguir dando esos golpes importantes<\/em>\u201d, dijo el alcalde Federico Guti\u00e9rrez Zuluaga.<\/p>\n<p>En el caso de \u2018El Acopio\u2019, ocho meses de investigaci\u00f3n y herramientas como el an\u00e1lisis de comunicaciones, videos, bases de datos y cotejos morfol\u00f3gicos permitieron vincular a cinco de sus integrantes con hurtos a residencias, donde presuntamente se apoderaban de joyas, dinero y otros objetos de valor.<\/p>\n<p><a href=\"https:\/\/www.medellin.gov.co\/es\/wp-content\/uploads\/2026\/09\/Imagen-de-dos-mujeres-esposadas.jpg\" target=\"_blank\" rel=\"noopener\"><img loading=\"lazy\" class=\"alignnone wp-image-564468 size-full\" title=\"dos mujeres esposadas\" src=\"https:\/\/www.medellin.gov.co\/es\/wp-content\/uploads\/2026\/09\/Imagen-de-dos-mujeres-esposadas.jpg\" alt=\"Imagen de dos mujeres esposadas\" width=\"1138\" height=\"760\" srcset=\"https:\/\/www.medellin.gov.co\/es\/wp-content\/uploads\/2026\/09\/Imagen-de-dos-mujeres-esposadas.jpg 1138w, https:\/\/www.medellin.gov.co\/es\/wp-content\/uploads\/2026\/09\/Imagen-de-dos-mujeres-esposadas-300x200.jpg 300w, https:\/\/www.medellin.gov.co\/es\/wp-content\/uploads\/2026\/09\/Imagen-de-dos-mujeres-esposadas-1024x684.jpg 1024w, https:\/\/www.medellin.gov.co\/es\/wp-content\/uploads\/2026\/09\/Imagen-de-dos-mujeres-esposadas-150x100.jpg 150w, https:\/\/www.medellin.gov.co\/es\/wp-content\/uploads\/2026\/09\/Imagen-de-dos-mujeres-esposadas-768x513.jpg 768w\" sizes=\"(max-width: 1138px) 100vw, 1138px\" \/><\/a><\/p>\n<p>La tercera investigaci\u00f3n permiti\u00f3 judicializar a seis integrantes de la estructura \u2018Caicedo\u2019. Cinco de ellos estar\u00edan vinculados con el homicidio de un hombre en septiembre de 2025 en el sector del Tranv\u00eda de Ayacucho, en el barrio Buenos Aires. Entre los judicializados se encuentran personas se\u00f1aladas de cumplir funciones de coordinaci\u00f3n y uno de los presuntos responsables materiales del homicidio.<\/p>\n<p>Durante la ofensiva fueron incautados cerca de 2.000 gramos de marihuana y dos motocicletas relacionadas con la investigaci\u00f3n contra \u2018Cootranal\u2019.<\/p>\n<p>En los procedimientos contra \u2018El Acopio\u2019 se incautaron un arma de fuego, dos proveedores, 20 cartuchos, seis tel\u00e9fonos celulares y sustancias estupefacientes; mientras que en la operaci\u00f3n contra \u2018Caicedo\u2019 fueron hallados cuatro equipos m\u00f3viles, cuatro cartuchos y otros elementos materiales probatorios.<\/p>\n<p>\u201c<em>El mensaje es muy claro: Medell\u00edn tiene que seguir mejorando en seguridad. Que un solo ciudadano se sienta inseguro es motivo suficiente para seguir trabajando. Seguimos en disminuci\u00f3n de homicidios. Tenemos, al d\u00eda de hoy, una disminuci\u00f3n de 22 % con respecto al a\u00f1o anterior. Vamos a seguir enfocados en los temas de hurto, extorsi\u00f3n, violencia intrafamiliar, que son los retos m\u00e1s grandes que hoy tiene tambi\u00e9n la ciudad<\/em>\u201d, se\u00f1al\u00f3 el mandatario local.<\/p>\n<p>Las 26 personas judicializadas quedaron a disposici\u00f3n de la Fiscal\u00eda General de la Naci\u00f3n para el avance de las respectivas actuaciones judiciales, mientras las autoridades contin\u00faan las investigaciones para afectar las capacidades y rentas de las estructuras que delinquen en la ciudad.<\/p>\n","protected":false},"excerpt":{"rendered":"<p>Las autoridades realizaron 28 allanamientos y fueron judicializadas seis personas vinculadas a la estructura \u2018Caicedo\u2019. Se incautaron cerca de 2.000 gramos de marihuana, un arma de fuego, munici\u00f3n, celulares y otros elementos. La Alcald\u00eda de &#8230;<\/p>\n","protected":false},"author":21,"featured_media":564465,"comment_status":"open","ping_status":"open","sticky":false,"template":"","format":"standard","meta":[],"categories":[21],"tags":[619],"formato_nota":[],"programas_tax":[],"acf":[],"_links":{"self":[{"href":"https:\/\/www.medellin.gov.co\/es\/wp-json\/wp\/v2\/posts\/564501"}],"collection":[{"href":"https:\/\/www.medellin.gov.co\/es\/wp-json\/wp\/v2\/posts"}],"about":[{"href":"https:\/\/www.medellin.gov.co\/es\/wp-json\/wp\/v2\/types\/post"}],"author":[{"embeddable":true,"href":"https:\/\/www.medellin.gov.co\/es\/wp-json\/wp\/v2\/users\/21"}],"replies":[{"embeddable":true,"href":"https:\/\/www.medellin.gov.co\/es\/wp-json\/wp\/v2\/comments?post=564501"}],"version-history":[{"count":2,"href":"https:\/\/www.medellin.gov.co\/es\/wp-json\/wp\/v2\/posts\/564501\/revisions"}],"predecessor-version":[{"id":564503,"href":"https:\/\/www.medellin.gov.co\/es\/wp-json\/wp\/v2\/posts\/564501\/revisions\/564503"}],"wp:featuredmedia":[{"embeddable":true,"href":"https:\/\/www.medellin.gov.co\/es\/wp-json\/wp\/v2\/media\/564465"}],"wp:attachment":[{"href":"https:\/\/www.medellin.gov.co\/es\/wp-json\/wp\/v2\/media?parent=564501"}],"wp:term":[{"taxonomy":"category","embeddable":true,"href":"https:\/\/www.medellin.gov.co\/es\/wp-json\/wp\/v2\/categories?post=564501"},{"taxonomy":"post_tag","embeddable":true,"href":"https:\/\/www.medellin.gov.co\/es\/wp-json\/wp\/v2\/tags?post=564501"},{"taxonomy":"formato_nota","embeddable":true,"href":"https:\/\/www.medellin.gov.co\/es\/wp-json\/wp\/v2\/formato_nota?post=564501"},{"taxonomy":"programas_tax","embeddable":true,"href":"https:\/\/www.medellin.gov.co\/es\/wp-json\/wp\/v2\/programas_tax?post=564501"}],"curies":[{"name":"wp","href":"https:\/\/api.w.org\/{rel}","templated":true}]}}