{"id":564504,"date":"2026-09-03T21:01:04","date_gmt":"2026-09-04T02:01:04","guid":{"rendered":"https:\/\/www.medellin.gov.co\/es\/?p=564504"},"modified":"2026-09-03T21:02:40","modified_gmt":"2026-09-04T02:02:40","slug":"el-reto-de-ahorro-de-agua-apenas-comienza-y-medellin-necesita-el-compromiso-de-todos","status":"publish","type":"post","link":"https:\/\/www.medellin.gov.co\/es\/sala-de-prensa\/noticias\/el-reto-de-ahorro-de-agua-apenas-comienza-y-medellin-necesita-el-compromiso-de-todos\/","title":{"rendered":"El reto de ahorro de agua apenas comienza y Medell\u00edn necesita el compromiso de todos: Federico Guti\u00e9rrez reitera el llamado al autocontrol"},"content":{"rendered":"<ul>\n<li>La meta es ahorrar diariamente 92 litros por vivienda en las zonas nororiental y centro oriental, abastecidas por Piedras Blancas, y 70 litros diarios por vivienda en el resto de Medell\u00edn y el \u00e1rea metropolitana.<\/li>\n<li>La Administraci\u00f3n Distrital y <a href=\"https:\/\/www.epm.com.co\/\" target=\"_blank\" rel=\"noopener\">EPM<\/a> hacen un llamado a toda la ciudadan\u00eda a adoptar h\u00e1bitos responsables de consumo, porque cada litro que se ahorra contribuye a cuidar las reservas de agua de la ciudad.<\/li>\n<\/ul>\n<!--[if lt IE 9]><script>document.createElement('audio');<\/script><![endif]-->\n\t<div class=\"wp-playlist wp-audio-playlist wp-playlist-light\">\n\t\t\t<div class=\"wp-playlist-current-item\"><\/div>\n\t\t<audio controls=\"controls\" preload=\"none\" width=\"640\"\n\t\t\t><\/audio>\n\t<div class=\"wp-playlist-next\"><\/div>\n\t<div class=\"wp-playlist-prev\"><\/div>\n\t<noscript>\n\t<ol>\n\t\t<li><a href='https:\/\/www.medellin.gov.co\/es\/wp-content\/uploads\/2026\/09\/Declaraciones-del-alcalde-de-Medellin-Federico-Gutierrez-1.mp3'>Declaraciones del alcalde de Medell\u00edn, Federico Guti\u00e9rrez<\/a><\/li>\t<\/ol>\n\t<\/noscript>\n\t<script type=\"application\/json\" class=\"wp-playlist-script\">{\"type\":\"audio\",\"tracklist\":true,\"tracknumbers\":true,\"images\":true,\"artists\":true,\"tracks\":[{\"src\":\"https:\\\/\\\/www.medellin.gov.co\\\/es\\\/wp-content\\\/uploads\\\/2026\\\/09\\\/Declaraciones-del-alcalde-de-Medellin-Federico-Gutierrez-1.mp3\",\"type\":\"audio\\\/mpeg\",\"title\":\"Declaraciones del alcalde de Medell\\u00edn, Federico Guti\\u00e9rrez\",\"caption\":\"\",\"description\":\"\\u00abDeclaraciones del alcalde de Medell\\u00edn, Federico Guti\\u00e9rrez\\u00bb. \",\"meta\":{\"year\":\"2026\",\"length_formatted\":\"9:34\"},\"image\":{\"src\":\"https:\\\/\\\/www.medellin.gov.co\\\/es\\\/wp-includes\\\/images\\\/media\\\/audio.png\",\"width\":48,\"height\":64},\"thumb\":{\"src\":\"https:\\\/\\\/www.medellin.gov.co\\\/es\\\/wp-includes\\\/images\\\/media\\\/audio.png\",\"width\":48,\"height\":64}}]}<\/script>\n<\/div>\n\t\n<p>En el primer d\u00eda de medici\u00f3n del consumo de agua en Medell\u00edn, los resultados no fueron los esperados. En el sistema Piedras Blancas, en lugar de reducir el consumo, cada vivienda aument\u00f3 en promedio 21 litros; en Riogrande el incremento fue de 8 litros. La Fe fue el \u00fanico sistema donde se logr\u00f3 una reducci\u00f3n, aunque fue de apenas 2 litros por vivienda.<\/p>\n<p>Esta situaci\u00f3n se presenta en medio de la disminuci\u00f3n de las lluvias y de los caudales que alimentan el embalse Piedras Blancas y otros sistemas que hacen parte del abastecimiento de agua. Por eso, la meta es lograr un ahorro diario de 92 litros por vivienda en las zonas nororiental y centro oriental, abastecidas por Piedras Blancas, y de 70 litros diarios por vivienda en el resto de Medell\u00edn y el \u00e1rea metropolitana.<\/p>\n<p>\u201c<em>No solo no se cumpli\u00f3 la meta el primer d\u00eda, sino que aument\u00f3 el consumo. Si la tendencia sigue as\u00ed en los pr\u00f3ximos d\u00edas, sin el autocontrol de parte de la ciudadan\u00eda, y no somos m\u00e1s conscientes de que no podemos reemplazar las fuentes de agua porque no est\u00e1 lloviendo en las zonas de embalse, pues simplemente EPM tendr\u00e1 que implementar de nuevo los cortes<\/em>\u201d, recalc\u00f3 el alcalde Federico Guti\u00e9rrez Zuluaga.<\/p>\n<p><a href=\"https:\/\/www.medellin.gov.co\/es\/wp-content\/uploads\/2026\/09\/Imagen-del-alcalde-de-Medellin-Federico-Gutierrez-con-la-policia.jpg\"><img loading=\"lazy\" class=\"alignnone size-full wp-image-564437\" src=\"https:\/\/www.medellin.gov.co\/es\/wp-content\/uploads\/2026\/09\/Imagen-del-alcalde-de-Medellin-Federico-Gutierrez-con-la-policia.jpg\" alt=\"Imagen del alcalde de Medell\u00edn, Federico Guti\u00e9rrez con la polic\u00eda\" width=\"1139\" height=\"760\" srcset=\"https:\/\/www.medellin.gov.co\/es\/wp-content\/uploads\/2026\/09\/Imagen-del-alcalde-de-Medellin-Federico-Gutierrez-con-la-policia.jpg 1139w, https:\/\/www.medellin.gov.co\/es\/wp-content\/uploads\/2026\/09\/Imagen-del-alcalde-de-Medellin-Federico-Gutierrez-con-la-policia-300x200.jpg 300w, https:\/\/www.medellin.gov.co\/es\/wp-content\/uploads\/2026\/09\/Imagen-del-alcalde-de-Medellin-Federico-Gutierrez-con-la-policia-1024x683.jpg 1024w, https:\/\/www.medellin.gov.co\/es\/wp-content\/uploads\/2026\/09\/Imagen-del-alcalde-de-Medellin-Federico-Gutierrez-con-la-policia-150x100.jpg 150w, https:\/\/www.medellin.gov.co\/es\/wp-content\/uploads\/2026\/09\/Imagen-del-alcalde-de-Medellin-Federico-Gutierrez-con-la-policia-768x512.jpg 768w\" sizes=\"(max-width: 1139px) 100vw, 1139px\" \/><\/a><\/p>\n<p>Todav\u00eda quedan cuatro d\u00edas de medici\u00f3n y la ciudad est\u00e1 a tiempo de lograr la meta. Para conseguirlo, es necesario que el ahorro de agua se convierta en una tarea cotidiana en todos los hogares, establecimientos comerciales, empresas e instituciones. No se trata de hacer grandes esfuerzos, sino de cambiar peque\u00f1os h\u00e1bitos que, sumados, pueden generar un impacto importante.<\/p>\n<p>Una de las acciones m\u00e1s sencillas es reducir el tiempo en la ducha. Demorarse menos en el ba\u00f1o, cerrar la llave mientras se enjabona o se cepilla los dientes y no dejar correr el agua innecesariamente son medidas que permiten ahorrar varios litros al d\u00eda. Tambi\u00e9n es importante reutilizar el agua siempre que sea posible, por ejemplo, recogiendo en un recipiente el agua que sale mientras se espera que se caliente para utilizarla posteriormente en la limpieza de la casa o en el sanitario.<\/p>\n<p>Adem\u00e1s, se recomienda evitar lavar carros, motos o fachadas con manguera y preferir un balde, lavar frutas y verduras en un recipiente en lugar de hacerlo con la llave abierta, utilizar la lavadora \u00fanicamente cuando tenga una carga completa y revisar peri\u00f3dicamente que no existan fugas en llaves, sanitarios o tuber\u00edas.<\/p>\n<p>\u201c<em>Tenemos una meta de cinco d\u00edas. Pero si la situaci\u00f3n se vuelve tan cr\u00edtica, en menos de cinco d\u00edas y se determina que en menos de 15 d\u00edas podr\u00eda estar seco completamente el embalse de Piedras Blancas habr\u00eda que tomar decisiones. Y el problema no es solo para la zona nororiental y centro oriental, que dependen del embalse de Piedras Blancas. El problema es tambi\u00e9n para municipios del sur del Valle de Aburr\u00e1 y pr\u00e1cticamente todo Medell\u00edn<\/em>\u201d, agreg\u00f3 el alcalde.<\/p>\n<p>La Administraci\u00f3n Distrital reitera el llamado a todos los habitantes de Medell\u00edn y el \u00e1rea metropolitana para que se sumen al reto y hagan un esfuerzo adicional durante estos d\u00edas. El comportamiento del consumo continuar\u00e1 siendo monitoreado diariamente y el ahorro de cada hogar ser\u00e1 fundamental para alcanzar la meta. Cada minuto menos en la ducha, cada llave que cerramos y cada litro que reutilizamos cuenta.<\/p>\n","protected":false},"excerpt":{"rendered":"<p>La meta es ahorrar diariamente 92 litros por vivienda en las zonas nororiental y centro oriental, abastecidas por Piedras Blancas, y 70 litros diarios por vivienda en el resto de Medell\u00edn y el \u00e1rea metropolitana. &#8230;<\/p>\n","protected":false},"author":21,"featured_media":460472,"comment_status":"open","ping_status":"open","sticky":false,"template":"","format":"standard","meta":[],"categories":[7],"tags":[451,455],"formato_nota":[],"programas_tax":[],"acf":[],"_links":{"self":[{"href":"https:\/\/www.medellin.gov.co\/es\/wp-json\/wp\/v2\/posts\/564504"}],"collection":[{"href":"https:\/\/www.medellin.gov.co\/es\/wp-json\/wp\/v2\/posts"}],"about":[{"href":"https:\/\/www.medellin.gov.co\/es\/wp-json\/wp\/v2\/types\/post"}],"author":[{"embeddable":true,"href":"https:\/\/www.medellin.gov.co\/es\/wp-json\/wp\/v2\/users\/21"}],"replies":[{"embeddable":true,"href":"https:\/\/www.medellin.gov.co\/es\/wp-json\/wp\/v2\/comments?post=564504"}],"version-history":[{"count":1,"href":"https:\/\/www.medellin.gov.co\/es\/wp-json\/wp\/v2\/posts\/564504\/revisions"}],"predecessor-version":[{"id":564506,"href":"https:\/\/www.medellin.gov.co\/es\/wp-json\/wp\/v2\/posts\/564504\/revisions\/564506"}],"wp:featuredmedia":[{"embeddable":true,"href":"https:\/\/www.medellin.gov.co\/es\/wp-json\/wp\/v2\/media\/460472"}],"wp:attachment":[{"href":"https:\/\/www.medellin.gov.co\/es\/wp-json\/wp\/v2\/media?parent=564504"}],"wp:term":[{"taxonomy":"category","embeddable":true,"href":"https:\/\/www.medellin.gov.co\/es\/wp-json\/wp\/v2\/categories?post=564504"},{"taxonomy":"post_tag","embeddable":true,"href":"https:\/\/www.medellin.gov.co\/es\/wp-json\/wp\/v2\/tags?post=564504"},{"taxonomy":"formato_nota","embeddable":true,"href":"https:\/\/www.medellin.gov.co\/es\/wp-json\/wp\/v2\/formato_nota?post=564504"},{"taxonomy":"programas_tax","embeddable":true,"href":"https:\/\/www.medellin.gov.co\/es\/wp-json\/wp\/v2\/programas_tax?post=564504"}],"curies":[{"name":"wp","href":"https:\/\/api.w.org\/{rel}","templated":true}]}}