{"id":564508,"date":"2026-09-03T21:10:02","date_gmt":"2026-09-04T02:10:02","guid":{"rendered":"https:\/\/www.medellin.gov.co\/es\/?p=564508"},"modified":"2026-09-03T21:10:02","modified_gmt":"2026-09-04T02:10:02","slug":"el-alcalde-federico-gutierrez-entrego-la-renovada-seccion-escuela-santisima-trinidad-en-guayabal","status":"publish","type":"post","link":"https:\/\/www.medellin.gov.co\/es\/sala-de-prensa\/noticias\/el-alcalde-federico-gutierrez-entrego-la-renovada-seccion-escuela-santisima-trinidad-en-guayabal\/","title":{"rendered":"El alcalde Federico Guti\u00e9rrez entreg\u00f3 la renovada Secci\u00f3n Escuela Sant\u00edsima Trinidad, en Guayabal"},"content":{"rendered":"<ul>\n<li>La <a href=\"https:\/\/www.instagram.com\/alcaldiademed\/?hl=es-la\" target=\"_blank\" rel=\"noopener\">Alcald\u00eda de Medell\u00edn<\/a> destin\u00f3 m\u00e1s de $14.000 millones para finalizar, recuperar y mejorar la infraestructura educativa de esta sede.<\/li>\n<li>La instituci\u00f3n recibi\u00f3 m\u00e1s de 4.000 elementos de dotaci\u00f3n para fortalecer aulas, laboratorio, biblioteca, restaurante escolar, \u00e1reas administrativas y ambientes especializados de aprendizaje.<\/li>\n<\/ul>\n<!--[if lt IE 9]><script>document.createElement('audio');<\/script><![endif]-->\n\t<div class=\"wp-playlist wp-audio-playlist wp-playlist-light\">\n\t\t\t<div class=\"wp-playlist-current-item\"><\/div>\n\t\t<audio controls=\"controls\" preload=\"none\" width=\"640\"\n\t\t\t><\/audio>\n\t<div class=\"wp-playlist-next\"><\/div>\n\t<div class=\"wp-playlist-prev\"><\/div>\n\t<noscript>\n\t<ol>\n\t\t<li><a href='https:\/\/www.medellin.gov.co\/es\/wp-content\/uploads\/2026\/09\/Declaraciones-alcalde-de-Medellin-Federico-Gutierrez-01.mp3'>Declaraciones alcalde de Medell\u00edn, Federico Guti\u00e9rrez - 01<\/a><\/li><li><a href='https:\/\/www.medellin.gov.co\/es\/wp-content\/uploads\/2026\/09\/Declaraciones-alcalde-de-Medellin-Federico-Gutierrez-02.mp3'>Declaraciones alcalde de Medell\u00edn, Federico Guti\u00e9rrez - 02<\/a><\/li><li><a href='https:\/\/www.medellin.gov.co\/es\/wp-content\/uploads\/2026\/09\/Declaraciones-alcalde-de-Medellin-Federico-Gutierrez-03.mp3'>Declaraciones alcalde de Medell\u00edn, Federico Guti\u00e9rrez - 03<\/a><\/li>\t<\/ol>\n\t<\/noscript>\n\t<script type=\"application\/json\" class=\"wp-playlist-script\">{\"type\":\"audio\",\"tracklist\":true,\"tracknumbers\":true,\"images\":true,\"artists\":true,\"tracks\":[{\"src\":\"https:\\\/\\\/www.medellin.gov.co\\\/es\\\/wp-content\\\/uploads\\\/2026\\\/09\\\/Declaraciones-alcalde-de-Medellin-Federico-Gutierrez-01.mp3\",\"type\":\"audio\\\/mpeg\",\"title\":\"Declaraciones alcalde de Medell\\u00edn, Federico Guti\\u00e9rrez - 01\",\"caption\":\"\",\"description\":\"\\u00abDeclaraciones alcalde de Medell\\u00edn, Federico Guti\\u00e9rrez - 01\\u00bb. \",\"meta\":{\"year\":\"2026\",\"length_formatted\":\"2:03\"},\"image\":{\"src\":\"https:\\\/\\\/www.medellin.gov.co\\\/es\\\/wp-includes\\\/images\\\/media\\\/audio.png\",\"width\":48,\"height\":64},\"thumb\":{\"src\":\"https:\\\/\\\/www.medellin.gov.co\\\/es\\\/wp-includes\\\/images\\\/media\\\/audio.png\",\"width\":48,\"height\":64}},{\"src\":\"https:\\\/\\\/www.medellin.gov.co\\\/es\\\/wp-content\\\/uploads\\\/2026\\\/09\\\/Declaraciones-alcalde-de-Medellin-Federico-Gutierrez-02.mp3\",\"type\":\"audio\\\/mpeg\",\"title\":\"Declaraciones alcalde de Medell\\u00edn, Federico Guti\\u00e9rrez - 02\",\"caption\":\"\",\"description\":\"\\u00abDeclaraciones alcalde de Medell\\u00edn, Federico Guti\\u00e9rrez - 02\\u00bb.\",\"meta\":{\"year\":\"2026\",\"length_formatted\":\"1:16\"},\"image\":{\"src\":\"https:\\\/\\\/www.medellin.gov.co\\\/es\\\/wp-includes\\\/images\\\/media\\\/audio.png\",\"width\":48,\"height\":64},\"thumb\":{\"src\":\"https:\\\/\\\/www.medellin.gov.co\\\/es\\\/wp-includes\\\/images\\\/media\\\/audio.png\",\"width\":48,\"height\":64}},{\"src\":\"https:\\\/\\\/www.medellin.gov.co\\\/es\\\/wp-content\\\/uploads\\\/2026\\\/09\\\/Declaraciones-alcalde-de-Medellin-Federico-Gutierrez-03.mp3\",\"type\":\"audio\\\/mpeg\",\"title\":\"Declaraciones alcalde de Medell\\u00edn, Federico Guti\\u00e9rrez - 03\",\"caption\":\"\",\"description\":\"\\u00abDeclaraciones alcalde de Medell\\u00edn, Federico Guti\\u00e9rrez - 03\\u00bb. \",\"meta\":{\"year\":\"2026\",\"length_formatted\":\"2:06\"},\"image\":{\"src\":\"https:\\\/\\\/www.medellin.gov.co\\\/es\\\/wp-includes\\\/images\\\/media\\\/audio.png\",\"width\":48,\"height\":64},\"thumb\":{\"src\":\"https:\\\/\\\/www.medellin.gov.co\\\/es\\\/wp-includes\\\/images\\\/media\\\/audio.png\",\"width\":48,\"height\":64}}]}<\/script>\n<\/div>\n\t\n<p>El alcalde Federico Guti\u00e9rrez Zuluaga hizo entrega a la comunidad educativa de las obras de la Secci\u00f3n Escuela Sant\u00edsima Trinidad, en la comuna 15-Guayabal, una intervenci\u00f3n que beneficia a m\u00e1s de 600 alumnos y que permiti\u00f3 completar, recuperar y modernizar diferentes espacios de la instituci\u00f3n.<\/p>\n<p>La Administraci\u00f3n Distrital realiz\u00f3 una inversi\u00f3n superior a los $14.000 millones para finalizar obras pendientes, intervenir la sede de primaria y mejorar las condiciones para el aprendizaje, el bienestar y el desarrollo de los estudiantes.<\/p>\n<p>\u201c<em>Esta es una alegr\u00eda muy grande porque es donde se cumplen los sue\u00f1os de las ni\u00f1as, los ni\u00f1os y los j\u00f3venes. Estamos demostrando que cuando se cuida cada peso, se pueden hacer las obras, puede llegar la educaci\u00f3n, el deporte y la cultura. Estamos cuidando los recursos de Medell\u00edn<\/em>\u201d, puntualiz\u00f3 el mandatario local.<\/p>\n<p><a href=\"https:\/\/www.medellin.gov.co\/es\/wp-content\/uploads\/2026\/09\/Imagen-de-ninos-estudiantes-de-la-Escuela-Santisima-Trinidad.jpg\" target=\"_blank\" rel=\"noopener\"><img loading=\"lazy\" class=\"alignnone wp-image-564457 size-full\" title=\"Ni\u00f1os estudiantes de la Escuela Sant\u00edsima Trinidad\" src=\"https:\/\/www.medellin.gov.co\/es\/wp-content\/uploads\/2026\/09\/Imagen-de-ninos-estudiantes-de-la-Escuela-Santisima-Trinidad.jpg\" alt=\"Imagen de ni\u00f1os estudiantes de la Escuela Sant\u00edsima Trinidad\" width=\"1141\" height=\"760\" srcset=\"https:\/\/www.medellin.gov.co\/es\/wp-content\/uploads\/2026\/09\/Imagen-de-ninos-estudiantes-de-la-Escuela-Santisima-Trinidad.jpg 1141w, https:\/\/www.medellin.gov.co\/es\/wp-content\/uploads\/2026\/09\/Imagen-de-ninos-estudiantes-de-la-Escuela-Santisima-Trinidad-300x200.jpg 300w, https:\/\/www.medellin.gov.co\/es\/wp-content\/uploads\/2026\/09\/Imagen-de-ninos-estudiantes-de-la-Escuela-Santisima-Trinidad-1024x682.jpg 1024w, https:\/\/www.medellin.gov.co\/es\/wp-content\/uploads\/2026\/09\/Imagen-de-ninos-estudiantes-de-la-Escuela-Santisima-Trinidad-150x100.jpg 150w, https:\/\/www.medellin.gov.co\/es\/wp-content\/uploads\/2026\/09\/Imagen-de-ninos-estudiantes-de-la-Escuela-Santisima-Trinidad-768x512.jpg 768w\" sizes=\"(max-width: 1141px) 100vw, 1141px\" \/><\/a><\/p>\n<p>Las obras permitieron concluir un proyecto que hab\u00eda quedado inconcluso en 2023. En 2025, el Distrito retom\u00f3 las obras, destin\u00f3 los recursos necesarios para avanzar en su terminaci\u00f3n y ampli\u00f3 el alcance para incorporar la sede de primaria y ejecutar trabajos adicionales de mantenimiento, adecuaci\u00f3n, urbanismo e integraci\u00f3n de diferentes espacios.<\/p>\n<p>En el nuevo edificio se completaron las obras pendientes y se intervinieron aulas; redes hidrosanitarias, el\u00e9ctricas y de gas; conectividad a internet; sistemas contra incendios; restaurante escolar; unidades sanitarias; parqueadero; cubiertas; zonas verdes y placa recreodeportiva. Adem\u00e1s, se realizaron obras de urbanismo para integrar este bloque con los dem\u00e1s espacios de la instituci\u00f3n.<\/p>\n<p>\u201c<em>Lo \u00fanico que le digo a las ni\u00f1as y los ni\u00f1os es que sean muy felices y que los vamos a apoyar para que eso ocurra. Que se cuiden mucho entre ellos. De todo el equipo de la Alcald\u00eda, les agradecemos, los felicitamos. Esto qued\u00f3 espectacular y vamos a hacer cosas cada vez mejores. Esto se nota, cuando se gobierna con austeridad, con eficiencia y con mucho amor por la ciudad<\/em>\u201d, agreg\u00f3 el alcalde de Medell\u00edn.<\/p>\n\n\t\t<style type=\"text\/css\">\n\t\t\t#gallery-1 {\n\t\t\t\tmargin: auto;\n\t\t\t}\n\t\t\t#gallery-1 .gallery-item {\n\t\t\t\tfloat: left;\n\t\t\t\tmargin-top: 10px;\n\t\t\t\ttext-align: center;\n\t\t\t\twidth: 50%;\n\t\t\t}\n\t\t\t#gallery-1 img {\n\t\t\t\tborder: 2px solid #cfcfcf;\n\t\t\t}\n\t\t\t#gallery-1 .gallery-caption {\n\t\t\t\tmargin-left: 0;\n\t\t\t}\n\t\t\t\/* see gallery_shortcode() in wp-includes\/media.php *\/\n\t\t<\/style>\n\t\t<div id='gallery-1' class='gallery galleryid-564508 gallery-columns-2 gallery-size-full'><dl class='gallery-item'>\n\t\t\t<dt class='gallery-icon landscape'>\n\t\t\t\t<a href='https:\/\/www.medellin.gov.co\/es\/sala-de-prensa\/noticias\/mas-barrido-donde-se-necesita-medellin-realizo-33-ajustes-a-sus-rutas\/imagen-de-una-docente-con-una-pequena-alumna\/'><img width=\"1141\" height=\"760\" src=\"https:\/\/www.medellin.gov.co\/es\/wp-content\/uploads\/2026\/09\/Imagen-de-una-docente-con-una-pequena-alumna.jpg\" class=\"attachment-full size-full\" alt=\"Imagen de una docente con una peque\u00f1a alumna\" loading=\"lazy\" srcset=\"https:\/\/www.medellin.gov.co\/es\/wp-content\/uploads\/2026\/09\/Imagen-de-una-docente-con-una-pequena-alumna.jpg 1141w, https:\/\/www.medellin.gov.co\/es\/wp-content\/uploads\/2026\/09\/Imagen-de-una-docente-con-una-pequena-alumna-300x200.jpg 300w, https:\/\/www.medellin.gov.co\/es\/wp-content\/uploads\/2026\/09\/Imagen-de-una-docente-con-una-pequena-alumna-1024x682.jpg 1024w, https:\/\/www.medellin.gov.co\/es\/wp-content\/uploads\/2026\/09\/Imagen-de-una-docente-con-una-pequena-alumna-150x100.jpg 150w, https:\/\/www.medellin.gov.co\/es\/wp-content\/uploads\/2026\/09\/Imagen-de-una-docente-con-una-pequena-alumna-768x512.jpg 768w\" sizes=\"(max-width: 1141px) 100vw, 1141px\" \/><\/a>\n\t\t\t<\/dt><\/dl><dl class='gallery-item'>\n\t\t\t<dt class='gallery-icon landscape'>\n\t\t\t\t<a href='https:\/\/www.medellin.gov.co\/es\/sala-de-prensa\/noticias\/mas-barrido-donde-se-necesita-medellin-realizo-33-ajustes-a-sus-rutas\/imagen-de-salon-de-clase-dotado-con-silleteria\/'><img width=\"1128\" height=\"760\" src=\"https:\/\/www.medellin.gov.co\/es\/wp-content\/uploads\/2026\/09\/Imagen-de-salon-de-clase-dotado-con-silleteria.jpg\" class=\"attachment-full size-full\" alt=\"Imagen de sal\u00f3n de clase dotado con silleter\u00eda\" loading=\"lazy\" srcset=\"https:\/\/www.medellin.gov.co\/es\/wp-content\/uploads\/2026\/09\/Imagen-de-salon-de-clase-dotado-con-silleteria.jpg 1128w, https:\/\/www.medellin.gov.co\/es\/wp-content\/uploads\/2026\/09\/Imagen-de-salon-de-clase-dotado-con-silleteria-300x202.jpg 300w, https:\/\/www.medellin.gov.co\/es\/wp-content\/uploads\/2026\/09\/Imagen-de-salon-de-clase-dotado-con-silleteria-1024x690.jpg 1024w, https:\/\/www.medellin.gov.co\/es\/wp-content\/uploads\/2026\/09\/Imagen-de-salon-de-clase-dotado-con-silleteria-150x101.jpg 150w, https:\/\/www.medellin.gov.co\/es\/wp-content\/uploads\/2026\/09\/Imagen-de-salon-de-clase-dotado-con-silleteria-768x517.jpg 768w\" sizes=\"(max-width: 1128px) 100vw, 1128px\" \/><\/a>\n\t\t\t<\/dt><\/dl><br style=\"clear: both\" \/>\n\t\t<\/div>\n\n<p>Las mejoras tambi\u00e9n llegaron a la sede de primaria donde se adecuaron cuatro aulas de preescolar y dos de primaria, se cambi\u00f3 la cubierta del aula de m\u00fasica y de la biblioteca, y se intervinieron las unidades sanitarias, redes el\u00e9ctricas, techos, losas, puertas y sistemas para el manejo de aguas lluvias. A esto se suma la adecuaci\u00f3n del restaurante escolar, una zona recreodeportiva con juegos infantiles, trabajos en zonas verdes, mejoras en los espacios exteriores y accesos, adecuaciones relacionadas con tecnolog\u00edas de la informaci\u00f3n y la aplicaci\u00f3n de pintura general.<\/p>\n<p>La renovaci\u00f3n de la infraestructura estuvo acompa\u00f1ada por la entrega de m\u00e1s de 4.000 elementos de dotaci\u00f3n para fortalecer los diferentes ambientes de aprendizaje y garantizar el aprovechamiento de los nuevos espacios. El plantel recibi\u00f3 mobiliario escolar, elementos para las \u00e1reas administrativas y la sala de docentes, equipos y utensilios para el restaurante escolar, y soluciones de almacenamiento para diferentes aulas.<\/p>\n<p>Entre los ambientes fortalecidos est\u00e1 el laboratorio integrado de f\u00edsica y qu\u00edmica, que recibi\u00f3 15 puestos de trabajo. Tambi\u00e9n, fueron dotadas las aulas de tecnolog\u00eda, inform\u00e1tica y multimedia, y los espacios destinados al biling\u00fcismo, mientras que la biblioteca recibi\u00f3 mobiliario para actividades de lectura, trabajo individual y grupal, almacenamiento de libros y encuentros culturales.<\/p>\n","protected":false},"excerpt":{"rendered":"<p>La Alcald\u00eda de Medell\u00edn destin\u00f3 m\u00e1s de $14.000 millones para finalizar, recuperar y mejorar la infraestructura educativa de esta sede. La instituci\u00f3n recibi\u00f3 m\u00e1s de 4.000 elementos de dotaci\u00f3n para fortalecer aulas, laboratorio, biblioteca, restaurante &#8230;<\/p>\n","protected":false},"author":21,"featured_media":564451,"comment_status":"open","ping_status":"open","sticky":false,"template":"","format":"standard","meta":[],"categories":[4],"tags":[431,442],"formato_nota":[],"programas_tax":[],"acf":[],"_links":{"self":[{"href":"https:\/\/www.medellin.gov.co\/es\/wp-json\/wp\/v2\/posts\/564508"}],"collection":[{"href":"https:\/\/www.medellin.gov.co\/es\/wp-json\/wp\/v2\/posts"}],"about":[{"href":"https:\/\/www.medellin.gov.co\/es\/wp-json\/wp\/v2\/types\/post"}],"author":[{"embeddable":true,"href":"https:\/\/www.medellin.gov.co\/es\/wp-json\/wp\/v2\/users\/21"}],"replies":[{"embeddable":true,"href":"https:\/\/www.medellin.gov.co\/es\/wp-json\/wp\/v2\/comments?post=564508"}],"version-history":[{"count":1,"href":"https:\/\/www.medellin.gov.co\/es\/wp-json\/wp\/v2\/posts\/564508\/revisions"}],"predecessor-version":[{"id":564510,"href":"https:\/\/www.medellin.gov.co\/es\/wp-json\/wp\/v2\/posts\/564508\/revisions\/564510"}],"wp:featuredmedia":[{"embeddable":true,"href":"https:\/\/www.medellin.gov.co\/es\/wp-json\/wp\/v2\/media\/564451"}],"wp:attachment":[{"href":"https:\/\/www.medellin.gov.co\/es\/wp-json\/wp\/v2\/media?parent=564508"}],"wp:term":[{"taxonomy":"category","embeddable":true,"href":"https:\/\/www.medellin.gov.co\/es\/wp-json\/wp\/v2\/categories?post=564508"},{"taxonomy":"post_tag","embeddable":true,"href":"https:\/\/www.medellin.gov.co\/es\/wp-json\/wp\/v2\/tags?post=564508"},{"taxonomy":"formato_nota","embeddable":true,"href":"https:\/\/www.medellin.gov.co\/es\/wp-json\/wp\/v2\/formato_nota?post=564508"},{"taxonomy":"programas_tax","embeddable":true,"href":"https:\/\/www.medellin.gov.co\/es\/wp-json\/wp\/v2\/programas_tax?post=564508"}],"curies":[{"name":"wp","href":"https:\/\/api.w.org\/{rel}","templated":true}]}}