{"id":564513,"date":"2026-09-03T21:20:19","date_gmt":"2026-09-04T02:20:19","guid":{"rendered":"https:\/\/www.medellin.gov.co\/es\/?p=564513"},"modified":"2026-09-03T21:20:19","modified_gmt":"2026-09-04T02:20:19","slug":"don-quijote-de-la-mancha-cabalga-hacia-medellin-como-invitado-de-la-literatura-universal-a-la-fiesta-del-libro-y-la-cultura","status":"publish","type":"post","link":"https:\/\/www.medellin.gov.co\/es\/sala-de-prensa\/noticias\/don-quijote-de-la-mancha-cabalga-hacia-medellin-como-invitado-de-la-literatura-universal-a-la-fiesta-del-libro-y-la-cultura\/","title":{"rendered":"Don Quijote de la Mancha cabalga hacia Medell\u00edn como invitado de la literatura universal a la Fiesta del Libro y la Cultura"},"content":{"rendered":"<ul>\n<li>Todas las actividades tendr\u00e1n ingreso libre y se distribuir\u00e1n 40.000 ejemplares de Quijote de Barriada, el nuevo Cuentico Amarillo.<\/li>\n<li>El s\u00e1bado 19 de septiembre se presentar\u00e1 el espect\u00e1culo El vuelo del Quijote, una propuesta que integra ballet cl\u00e1sico, danza neocl\u00e1sica, teatro y m\u00fasica.<\/li>\n<\/ul>\n<!--[if lt IE 9]><script>document.createElement('audio');<\/script><![endif]-->\n\t<div class=\"wp-playlist wp-audio-playlist wp-playlist-light\">\n\t\t\t<div class=\"wp-playlist-current-item\"><\/div>\n\t\t<audio controls=\"controls\" preload=\"none\" width=\"640\"\n\t\t\t><\/audio>\n\t<div class=\"wp-playlist-next\"><\/div>\n\t<div class=\"wp-playlist-prev\"><\/div>\n\t<noscript>\n\t<ol>\n\t\t<li><a href='https:\/\/www.medellin.gov.co\/es\/wp-content\/uploads\/2026\/09\/Declaraciones-del-subsecretario-de-Bibliotecas-Lectura-y-Patrimonio-Robinson-Meneses-Hoyos.mp3'>Declaraciones del subsecretario de Bibliotecas, Lectura y Patrimonio, R\u00f3binson Meneses Hoyos<\/a><\/li><li><a href='https:\/\/www.medellin.gov.co\/es\/wp-content\/uploads\/2026\/09\/Declaraciones-de-Laura-Ospina-ilustradora-del-Cuentico-Amarillo-Quijote-de-Barriada.mp3'>Declaraciones de Laura Ospina, ilustradora del Cuentico Amarillo Quijote de Barriada<\/a><\/li>\t<\/ol>\n\t<\/noscript>\n\t<script type=\"application\/json\" class=\"wp-playlist-script\">{\"type\":\"audio\",\"tracklist\":true,\"tracknumbers\":true,\"images\":true,\"artists\":true,\"tracks\":[{\"src\":\"https:\\\/\\\/www.medellin.gov.co\\\/es\\\/wp-content\\\/uploads\\\/2026\\\/09\\\/Declaraciones-del-subsecretario-de-Bibliotecas-Lectura-y-Patrimonio-Robinson-Meneses-Hoyos.mp3\",\"type\":\"audio\\\/mpeg\",\"title\":\"Declaraciones del subsecretario de Bibliotecas, Lectura y Patrimonio, R\\u00f3binson Meneses Hoyos\",\"caption\":\"\",\"description\":\"\\u00abDeclaraciones del subsecretario de Bibliotecas, Lectura y Patrimonio, R\\u00f3binson Meneses Hoyos\\u00bb. \",\"meta\":{\"genre\":\"Blues\",\"length_formatted\":\"0:43\"},\"image\":{\"src\":\"https:\\\/\\\/www.medellin.gov.co\\\/es\\\/wp-includes\\\/images\\\/media\\\/audio.png\",\"width\":48,\"height\":64},\"thumb\":{\"src\":\"https:\\\/\\\/www.medellin.gov.co\\\/es\\\/wp-includes\\\/images\\\/media\\\/audio.png\",\"width\":48,\"height\":64}},{\"src\":\"https:\\\/\\\/www.medellin.gov.co\\\/es\\\/wp-content\\\/uploads\\\/2026\\\/09\\\/Declaraciones-de-Laura-Ospina-ilustradora-del-Cuentico-Amarillo-Quijote-de-Barriada.mp3\",\"type\":\"audio\\\/mpeg\",\"title\":\"Declaraciones de Laura Ospina, ilustradora del Cuentico Amarillo Quijote de Barriada\",\"caption\":\"\",\"description\":\"\\u00abDeclaraciones de Laura Ospina, ilustradora del Cuentico Amarillo Quijote de Barriada\\u00bb. \",\"meta\":{\"genre\":\"Blues\",\"length_formatted\":\"1:12\"},\"image\":{\"src\":\"https:\\\/\\\/www.medellin.gov.co\\\/es\\\/wp-includes\\\/images\\\/media\\\/audio.png\",\"width\":48,\"height\":64},\"thumb\":{\"src\":\"https:\\\/\\\/www.medellin.gov.co\\\/es\\\/wp-includes\\\/images\\\/media\\\/audio.png\",\"width\":48,\"height\":64}}]}<\/script>\n<\/div>\n\t\n<p>Durante diez d\u00edas, el Jard\u00edn Bot\u00e1nico y la zona norte de Medell\u00edn recibir\u00e1n a Don Quijote de la Mancha, el personaje universal creado por Miguel de Cervantes Saavedra, quien ser\u00e1 protagonista de la programaci\u00f3n conmemorativa de los 20 a\u00f1os de la Fiesta del Libro y la Cultura. Los asistentes podr\u00e1n disfrutar en torno a la literatura, la m\u00fasica, la danza, el teatro y la ilustraci\u00f3n, entre otras expresiones art\u00edsticas.<\/p>\n<p>Este encuentro ciudadano, con entrada libre, se realizar\u00e1 del viernes 11 al domingo 20 de septiembre. El caballero de la triste figura recorrer\u00e1 varios escenarios con cerca de 800 actividades para encontrarse con ciudadanos, lectores, escritores, artistas e investigadores en torno a las historias creadas por el novelista espa\u00f1ol.<\/p>\n<p><a href=\"https:\/\/www.medellin.gov.co\/es\/wp-content\/uploads\/2026\/09\/Imagen-del-Quijote-de-la-Mancha-con-ninos.jpg\" target=\"_blank\" rel=\"noopener\"><img loading=\"lazy\" class=\"alignnone wp-image-564434 size-full\" title=\"El Quijote de la Mancha con ni\u00f1os\" src=\"https:\/\/www.medellin.gov.co\/es\/wp-content\/uploads\/2026\/09\/Imagen-del-Quijote-de-la-Mancha-con-ninos.jpg\" alt=\"Imagen del Quijote de la Mancha con ni\u00f1os\" width=\"1138\" height=\"760\" srcset=\"https:\/\/www.medellin.gov.co\/es\/wp-content\/uploads\/2026\/09\/Imagen-del-Quijote-de-la-Mancha-con-ninos.jpg 1138w, https:\/\/www.medellin.gov.co\/es\/wp-content\/uploads\/2026\/09\/Imagen-del-Quijote-de-la-Mancha-con-ninos-300x200.jpg 300w, https:\/\/www.medellin.gov.co\/es\/wp-content\/uploads\/2026\/09\/Imagen-del-Quijote-de-la-Mancha-con-ninos-1024x684.jpg 1024w, https:\/\/www.medellin.gov.co\/es\/wp-content\/uploads\/2026\/09\/Imagen-del-Quijote-de-la-Mancha-con-ninos-150x100.jpg 150w, https:\/\/www.medellin.gov.co\/es\/wp-content\/uploads\/2026\/09\/Imagen-del-Quijote-de-la-Mancha-con-ninos-768x513.jpg 768w\" sizes=\"(max-width: 1138px) 100vw, 1138px\" \/><\/a><\/p>\n<p>\u201c<em>Nos alegra mucho anunciar que este a\u00f1o el Quijote va a ser nuestro personaje invitado. Alrededor de 800 actividades de promoci\u00f3n de lectura, actividades culturales en jard\u00edn, lectura viva y, por supuesto, a lo largo del jard\u00edn bot\u00e1nico y del parque explora. Vamos a tener tambi\u00e9n el cuentico amarillo con 40.000 ejemplares distribuidos durante los diferentes d\u00edas. De fiesta del libro, una historia adaptada por Gilmer Mesa, del tradicional Quijote, a la actualidad, para que se conecten con las actividades y con la programaci\u00f3n<\/em>\u201d, dijo el subsecretario de Bibliotecas, Lectura y Patrimonio, R\u00f3binson Meneses Hoyos.<\/p>\n<p>El s\u00e1bado 12 de septiembre, a las 3:00 p. m., en el Auditorio Explora, los visitantes recorrer\u00e1n el universo quijotesco desde sus textos literarios, en compa\u00f1\u00eda de Carolina San\u00edn, escritora, columnista y docente colombiana, quien presentar\u00e1 El cielo y la cueva: una conferencia sobre El Quijote, aproximaci\u00f3n al pensamiento y pasajes de la obra cervantina.<\/p>\n<p>Entre las actividades destacadas est\u00e1 la presentaci\u00f3n de Quijote de Barriada, el Cuentico Amarillo N\u00b0 19, una de las publicaciones m\u00e1s apreciadas por los lectores de la fiesta, que lleva la historia de Cervantes a las calles de Aranjuez. El autor, Gilmer Mesa, y la ilustradora, Laura Ospina, conversar\u00e1n sobre esta nueva edici\u00f3n el domingo 13 de septiembre, a las 6:00 p. m., en el Auditorio C\u00f3mic.<\/p>\n<p><a href=\"https:\/\/www.medellin.gov.co\/es\/wp-content\/uploads\/2026\/09\/Imagen-del-Quijote-de-la-Mancha-con-un-lapiz-gigante.jpg\" target=\"_blank\" rel=\"noopener\"><img loading=\"lazy\" class=\"alignnone wp-image-564433 size-full\" title=\"El Quijote de la Mancha con un l\u00e1piz gigante\" src=\"https:\/\/www.medellin.gov.co\/es\/wp-content\/uploads\/2026\/09\/Imagen-del-Quijote-de-la-Mancha-con-un-lapiz-gigante.jpg\" alt=\"Imagen del Quijote de la Mancha con un l\u00e1piz gigante\" width=\"1138\" height=\"760\" srcset=\"https:\/\/www.medellin.gov.co\/es\/wp-content\/uploads\/2026\/09\/Imagen-del-Quijote-de-la-Mancha-con-un-lapiz-gigante.jpg 1138w, https:\/\/www.medellin.gov.co\/es\/wp-content\/uploads\/2026\/09\/Imagen-del-Quijote-de-la-Mancha-con-un-lapiz-gigante-300x200.jpg 300w, https:\/\/www.medellin.gov.co\/es\/wp-content\/uploads\/2026\/09\/Imagen-del-Quijote-de-la-Mancha-con-un-lapiz-gigante-1024x684.jpg 1024w, https:\/\/www.medellin.gov.co\/es\/wp-content\/uploads\/2026\/09\/Imagen-del-Quijote-de-la-Mancha-con-un-lapiz-gigante-150x100.jpg 150w, https:\/\/www.medellin.gov.co\/es\/wp-content\/uploads\/2026\/09\/Imagen-del-Quijote-de-la-Mancha-con-un-lapiz-gigante-768x513.jpg 768w\" sizes=\"(max-width: 1138px) 100vw, 1138px\" \/><\/a><\/p>\n<p>Mientras tanto, el martes 15, a las 5:00 p. m., en el Teatro Explora, el historiador argentino Lucas Botta, creador de Historia en Podcast, protagonizar\u00e1 Don Quijote: entre la historia, la locura y la leyenda, un recorrido por la Espa\u00f1a de Cervantes, el ocaso del ideal caballeresco y la construcci\u00f3n de un mito que sigue vigente.<\/p>\n<p>La programaci\u00f3n incluye conversaciones sobre las colecciones patrimoniales de la obra, abordadas por docentes e investigadores de la Universidad de Antioquia, la Universidad Eafit, la Universidad de los Andes y la Universidad Complutense de Madrid.<\/p>\n<p>La agenda tambi\u00e9n contempla talleres y experiencias inspiradas en el esp\u00edritu de Don Quijote, que invitan a p\u00fablicos de todas las edades a acercarse al personaje desde la creaci\u00f3n, el juego y la lectura, descubriendo la literatura como una forma de vivir aventuras. Las inscripciones est\u00e1n disponibles en jlv.fiestadellibroylacultura.com.<\/p>\n<p>El gran cierre ser\u00e1 el s\u00e1bado 19 de septiembre, a las 6:30 p. m., en la Tarima Sura, con el espect\u00e1culo El vuelo del Quijote, que unir\u00e1 ballet cl\u00e1sico, danza neocl\u00e1sica, teatro y m\u00fasica. La puesta en escena, producida por la Orquesta Filarm\u00f3nica de Medell\u00edn y Musicreando, recrear\u00e1 las aventuras de Alonso Quijano entre molinos, sue\u00f1os y la fuerza del amor por Dulcinea. Toda la programaci\u00f3n est\u00e1 en <a href=\"http:\/\/www.fiestadellibroylacultura.com\" target=\"_blank\" rel=\"noopener\">www.fiestadellibroylacultura.com<\/a> y en las redes @cultura.med y @fiestalibro.<\/p>\n","protected":false},"excerpt":{"rendered":"<p>Todas las actividades tendr\u00e1n ingreso libre y se distribuir\u00e1n 40.000 ejemplares de Quijote de Barriada, el nuevo Cuentico Amarillo. El s\u00e1bado 19 de septiembre se presentar\u00e1 el espect\u00e1culo El vuelo del Quijote, una propuesta que &#8230;<\/p>\n","protected":false},"author":21,"featured_media":564434,"comment_status":"open","ping_status":"open","sticky":false,"template":"","format":"standard","meta":[],"categories":[31],"tags":[444,428],"formato_nota":[],"programas_tax":[],"acf":[],"_links":{"self":[{"href":"https:\/\/www.medellin.gov.co\/es\/wp-json\/wp\/v2\/posts\/564513"}],"collection":[{"href":"https:\/\/www.medellin.gov.co\/es\/wp-json\/wp\/v2\/posts"}],"about":[{"href":"https:\/\/www.medellin.gov.co\/es\/wp-json\/wp\/v2\/types\/post"}],"author":[{"embeddable":true,"href":"https:\/\/www.medellin.gov.co\/es\/wp-json\/wp\/v2\/users\/21"}],"replies":[{"embeddable":true,"href":"https:\/\/www.medellin.gov.co\/es\/wp-json\/wp\/v2\/comments?post=564513"}],"version-history":[{"count":1,"href":"https:\/\/www.medellin.gov.co\/es\/wp-json\/wp\/v2\/posts\/564513\/revisions"}],"predecessor-version":[{"id":564531,"href":"https:\/\/www.medellin.gov.co\/es\/wp-json\/wp\/v2\/posts\/564513\/revisions\/564531"}],"wp:featuredmedia":[{"embeddable":true,"href":"https:\/\/www.medellin.gov.co\/es\/wp-json\/wp\/v2\/media\/564434"}],"wp:attachment":[{"href":"https:\/\/www.medellin.gov.co\/es\/wp-json\/wp\/v2\/media?parent=564513"}],"wp:term":[{"taxonomy":"category","embeddable":true,"href":"https:\/\/www.medellin.gov.co\/es\/wp-json\/wp\/v2\/categories?post=564513"},{"taxonomy":"post_tag","embeddable":true,"href":"https:\/\/www.medellin.gov.co\/es\/wp-json\/wp\/v2\/tags?post=564513"},{"taxonomy":"formato_nota","embeddable":true,"href":"https:\/\/www.medellin.gov.co\/es\/wp-json\/wp\/v2\/formato_nota?post=564513"},{"taxonomy":"programas_tax","embeddable":true,"href":"https:\/\/www.medellin.gov.co\/es\/wp-json\/wp\/v2\/programas_tax?post=564513"}],"curies":[{"name":"wp","href":"https:\/\/api.w.org\/{rel}","templated":true}]}}