{"id":564561,"date":"2026-09-04T10:09:03","date_gmt":"2026-09-04T15:09:03","guid":{"rendered":"https:\/\/www.medellin.gov.co\/es\/?p=564561"},"modified":"2026-09-04T10:09:03","modified_gmt":"2026-09-04T15:09:03","slug":"medellin-se-alista-para-hablarle-al-mundo-sobre-accion-climatica","status":"publish","type":"post","link":"https:\/\/www.medellin.gov.co\/es\/sala-de-prensa\/noticias\/medellin-se-alista-para-hablarle-al-mundo-sobre-accion-climatica\/","title":{"rendered":"Medell\u00edn se alista para hablarle al mundo sobre acci\u00f3n clim\u00e1tica"},"content":{"rendered":"<p>En este cap\u00edtulo del p\u00f3dcast Medell\u00edn Te Cuenta conversamos con Marcela Ruiz, secretaria de Medio Ambiente, acerca de los retos ambientales de Medell\u00edn, las acciones que ya est\u00e1n transformando el territorio y la importancia de que la ciudad sea sede mundial de Climate Week.<\/p>\n\n\t\t<style type=\"text\/css\">\n\t\t\t#gallery-1 {\n\t\t\t\tmargin: auto;\n\t\t\t}\n\t\t\t#gallery-1 .gallery-item {\n\t\t\t\tfloat: left;\n\t\t\t\tmargin-top: 10px;\n\t\t\t\ttext-align: center;\n\t\t\t\twidth: 50%;\n\t\t\t}\n\t\t\t#gallery-1 img {\n\t\t\t\tborder: 2px solid #cfcfcf;\n\t\t\t}\n\t\t\t#gallery-1 .gallery-caption {\n\t\t\t\tmargin-left: 0;\n\t\t\t}\n\t\t\t\/* see gallery_shortcode() in wp-includes\/media.php *\/\n\t\t<\/style>\n\t\t<div id='gallery-1' class='gallery galleryid-564561 gallery-columns-2 gallery-size-full'><dl class='gallery-item'>\n\t\t\t<dt class='gallery-icon landscape'>\n\t\t\t\t<a href='https:\/\/www.medellin.gov.co\/es\/sala-de-prensa\/noticias\/medellin-se-alista-para-hablarle-al-mundo-sobre-accion-climatica\/imagen-medellin-se-alista-para-hablarle-al-mundo-sobre-accion-climatica-7\/'><img width=\"960\" height=\"720\" src=\"https:\/\/www.medellin.gov.co\/es\/wp-content\/uploads\/2026\/09\/Imagen-Medellin-se-alista-para-hablarle-al-mundo-sobre-accion-climatica-7.jpg\" class=\"attachment-full size-full\" alt=\"Imagen Medell\u00edn se alista para hablarle al mundo sobre acci\u00f3n clim\u00e1tica\" loading=\"lazy\" srcset=\"https:\/\/www.medellin.gov.co\/es\/wp-content\/uploads\/2026\/09\/Imagen-Medellin-se-alista-para-hablarle-al-mundo-sobre-accion-climatica-7.jpg 960w, https:\/\/www.medellin.gov.co\/es\/wp-content\/uploads\/2026\/09\/Imagen-Medellin-se-alista-para-hablarle-al-mundo-sobre-accion-climatica-7-300x225.jpg 300w, https:\/\/www.medellin.gov.co\/es\/wp-content\/uploads\/2026\/09\/Imagen-Medellin-se-alista-para-hablarle-al-mundo-sobre-accion-climatica-7-150x113.jpg 150w, https:\/\/www.medellin.gov.co\/es\/wp-content\/uploads\/2026\/09\/Imagen-Medellin-se-alista-para-hablarle-al-mundo-sobre-accion-climatica-7-768x576.jpg 768w\" sizes=\"(max-width: 960px) 100vw, 960px\" \/><\/a>\n\t\t\t<\/dt><\/dl><dl class='gallery-item'>\n\t\t\t<dt class='gallery-icon landscape'>\n\t\t\t\t<a href='https:\/\/www.medellin.gov.co\/es\/sala-de-prensa\/noticias\/medellin-se-alista-para-hablarle-al-mundo-sobre-accion-climatica\/imagen-medellin-se-alista-para-hablarle-al-mundo-sobre-accion-climatica-8\/'><img width=\"960\" height=\"720\" src=\"https:\/\/www.medellin.gov.co\/es\/wp-content\/uploads\/2026\/09\/Imagen-Medellin-se-alista-para-hablarle-al-mundo-sobre-accion-climatica-8.jpg\" class=\"attachment-full size-full\" alt=\"Imagen Medell\u00edn se alista para hablarle al mundo sobre acci\u00f3n clim\u00e1tica\" loading=\"lazy\" srcset=\"https:\/\/www.medellin.gov.co\/es\/wp-content\/uploads\/2026\/09\/Imagen-Medellin-se-alista-para-hablarle-al-mundo-sobre-accion-climatica-8.jpg 960w, https:\/\/www.medellin.gov.co\/es\/wp-content\/uploads\/2026\/09\/Imagen-Medellin-se-alista-para-hablarle-al-mundo-sobre-accion-climatica-8-300x225.jpg 300w, https:\/\/www.medellin.gov.co\/es\/wp-content\/uploads\/2026\/09\/Imagen-Medellin-se-alista-para-hablarle-al-mundo-sobre-accion-climatica-8-150x113.jpg 150w, https:\/\/www.medellin.gov.co\/es\/wp-content\/uploads\/2026\/09\/Imagen-Medellin-se-alista-para-hablarle-al-mundo-sobre-accion-climatica-8-768x576.jpg 768w\" sizes=\"(max-width: 960px) 100vw, 960px\" \/><\/a>\n\t\t\t<\/dt><\/dl><br style=\"clear: both\" \/><dl class='gallery-item'>\n\t\t\t<dt class='gallery-icon landscape'>\n\t\t\t\t<a href='https:\/\/www.medellin.gov.co\/es\/sala-de-prensa\/noticias\/medellin-se-alista-para-hablarle-al-mundo-sobre-accion-climatica\/imagen-medellin-se-alista-para-hablarle-al-mundo-sobre-accion-climatica-13\/'><img width=\"960\" height=\"720\" src=\"https:\/\/www.medellin.gov.co\/es\/wp-content\/uploads\/2026\/09\/Imagen-Medellin-se-alista-para-hablarle-al-mundo-sobre-accion-climatica-13.jpg\" class=\"attachment-full size-full\" alt=\"Imagen Medell\u00edn se alista para hablarle al mundo sobre acci\u00f3n clim\u00e1tica\" loading=\"lazy\" srcset=\"https:\/\/www.medellin.gov.co\/es\/wp-content\/uploads\/2026\/09\/Imagen-Medellin-se-alista-para-hablarle-al-mundo-sobre-accion-climatica-13.jpg 960w, https:\/\/www.medellin.gov.co\/es\/wp-content\/uploads\/2026\/09\/Imagen-Medellin-se-alista-para-hablarle-al-mundo-sobre-accion-climatica-13-300x225.jpg 300w, https:\/\/www.medellin.gov.co\/es\/wp-content\/uploads\/2026\/09\/Imagen-Medellin-se-alista-para-hablarle-al-mundo-sobre-accion-climatica-13-150x113.jpg 150w, https:\/\/www.medellin.gov.co\/es\/wp-content\/uploads\/2026\/09\/Imagen-Medellin-se-alista-para-hablarle-al-mundo-sobre-accion-climatica-13-768x576.jpg 768w\" sizes=\"(max-width: 960px) 100vw, 960px\" \/><\/a>\n\t\t\t<\/dt><\/dl><dl class='gallery-item'>\n\t\t\t<dt class='gallery-icon landscape'>\n\t\t\t\t<a href='https:\/\/www.medellin.gov.co\/es\/sala-de-prensa\/noticias\/medellin-se-alista-para-hablarle-al-mundo-sobre-accion-climatica\/imagen-medellin-se-alista-para-hablarle-al-mundo-sobre-accion-climatica-5\/'><img width=\"960\" height=\"720\" src=\"https:\/\/www.medellin.gov.co\/es\/wp-content\/uploads\/2026\/09\/Imagen-Medellin-se-alista-para-hablarle-al-mundo-sobre-accion-climatica-5.jpg\" class=\"attachment-full size-full\" alt=\"Imagen Medell\u00edn se alista para hablarle al mundo sobre acci\u00f3n clim\u00e1tica\" loading=\"lazy\" srcset=\"https:\/\/www.medellin.gov.co\/es\/wp-content\/uploads\/2026\/09\/Imagen-Medellin-se-alista-para-hablarle-al-mundo-sobre-accion-climatica-5.jpg 960w, https:\/\/www.medellin.gov.co\/es\/wp-content\/uploads\/2026\/09\/Imagen-Medellin-se-alista-para-hablarle-al-mundo-sobre-accion-climatica-5-300x225.jpg 300w, https:\/\/www.medellin.gov.co\/es\/wp-content\/uploads\/2026\/09\/Imagen-Medellin-se-alista-para-hablarle-al-mundo-sobre-accion-climatica-5-150x113.jpg 150w, https:\/\/www.medellin.gov.co\/es\/wp-content\/uploads\/2026\/09\/Imagen-Medellin-se-alista-para-hablarle-al-mundo-sobre-accion-climatica-5-768x576.jpg 768w\" sizes=\"(max-width: 960px) 100vw, 960px\" \/><\/a>\n\t\t\t<\/dt><\/dl><br style=\"clear: both\" \/>\n\t\t<\/div>\n\n<p>Porque hablar de cambio clim\u00e1tico no es hablar solamente del futuro, sino de la Medell\u00edn que estamos construyendo hoy.<\/p>\n<p><div class=\"iframe-container\"><iframe title=\"YouTube video player\" src=\"https:\/\/www.youtube.com\/embed\/JJt_gLruGAw?si=dh42nN14pysFu58x\" width=\"100%\" height=\"350\" frameborder=\"0\" allowfullscreen=\"allowfullscreen\"><span data-mce-type=\"bookmark\" style=\"display: inline-block; width: 0px; overflow: hidden; line-height: 0;\" class=\"mce_SELRES_start\">\ufeff<\/span><\/iframe><\/div><\/p>\n<p>&nbsp;<\/p>\n\n\t\t<style type=\"text\/css\">\n\t\t\t#gallery-2 {\n\t\t\t\tmargin: auto;\n\t\t\t}\n\t\t\t#gallery-2 .gallery-item {\n\t\t\t\tfloat: left;\n\t\t\t\tmargin-top: 10px;\n\t\t\t\ttext-align: center;\n\t\t\t\twidth: 50%;\n\t\t\t}\n\t\t\t#gallery-2 img {\n\t\t\t\tborder: 2px solid #cfcfcf;\n\t\t\t}\n\t\t\t#gallery-2 .gallery-caption {\n\t\t\t\tmargin-left: 0;\n\t\t\t}\n\t\t\t\/* see gallery_shortcode() in wp-includes\/media.php *\/\n\t\t<\/style>\n\t\t<div id='gallery-2' class='gallery galleryid-564561 gallery-columns-2 gallery-size-full'><dl class='gallery-item'>\n\t\t\t<dt class='gallery-icon landscape'>\n\t\t\t\t<a href='https:\/\/www.medellin.gov.co\/es\/sala-de-prensa\/noticias\/medellin-se-alista-para-hablarle-al-mundo-sobre-accion-climatica\/imagen-medellin-se-alista-para-hablarle-al-mundo-sobre-accion-climatica-1\/'><img width=\"1081\" height=\"720\" src=\"https:\/\/www.medellin.gov.co\/es\/wp-content\/uploads\/2026\/09\/Imagen-Medellin-se-alista-para-hablarle-al-mundo-sobre-accion-climatica-1.jpg\" class=\"attachment-full size-full\" alt=\"Imagen Medell\u00edn se alista para hablarle al mundo sobre acci\u00f3n clim\u00e1tica\" loading=\"lazy\" srcset=\"https:\/\/www.medellin.gov.co\/es\/wp-content\/uploads\/2026\/09\/Imagen-Medellin-se-alista-para-hablarle-al-mundo-sobre-accion-climatica-1.jpg 1081w, https:\/\/www.medellin.gov.co\/es\/wp-content\/uploads\/2026\/09\/Imagen-Medellin-se-alista-para-hablarle-al-mundo-sobre-accion-climatica-1-300x200.jpg 300w, https:\/\/www.medellin.gov.co\/es\/wp-content\/uploads\/2026\/09\/Imagen-Medellin-se-alista-para-hablarle-al-mundo-sobre-accion-climatica-1-1024x682.jpg 1024w, https:\/\/www.medellin.gov.co\/es\/wp-content\/uploads\/2026\/09\/Imagen-Medellin-se-alista-para-hablarle-al-mundo-sobre-accion-climatica-1-150x100.jpg 150w, https:\/\/www.medellin.gov.co\/es\/wp-content\/uploads\/2026\/09\/Imagen-Medellin-se-alista-para-hablarle-al-mundo-sobre-accion-climatica-1-768x512.jpg 768w\" sizes=\"(max-width: 1081px) 100vw, 1081px\" \/><\/a>\n\t\t\t<\/dt><\/dl><dl class='gallery-item'>\n\t\t\t<dt class='gallery-icon landscape'>\n\t\t\t\t<a href='https:\/\/www.medellin.gov.co\/es\/sala-de-prensa\/noticias\/medellin-se-alista-para-hablarle-al-mundo-sobre-accion-climatica\/imagen-medellin-se-alista-para-hablarle-al-mundo-sobre-accion-climatica-3\/'><img width=\"1081\" height=\"720\" src=\"https:\/\/www.medellin.gov.co\/es\/wp-content\/uploads\/2026\/09\/Imagen-Medellin-se-alista-para-hablarle-al-mundo-sobre-accion-climatica-3.jpg\" class=\"attachment-full size-full\" alt=\"Imagen Medell\u00edn se alista para hablarle al mundo sobre acci\u00f3n clim\u00e1tica\" loading=\"lazy\" srcset=\"https:\/\/www.medellin.gov.co\/es\/wp-content\/uploads\/2026\/09\/Imagen-Medellin-se-alista-para-hablarle-al-mundo-sobre-accion-climatica-3.jpg 1081w, https:\/\/www.medellin.gov.co\/es\/wp-content\/uploads\/2026\/09\/Imagen-Medellin-se-alista-para-hablarle-al-mundo-sobre-accion-climatica-3-300x200.jpg 300w, https:\/\/www.medellin.gov.co\/es\/wp-content\/uploads\/2026\/09\/Imagen-Medellin-se-alista-para-hablarle-al-mundo-sobre-accion-climatica-3-1024x682.jpg 1024w, https:\/\/www.medellin.gov.co\/es\/wp-content\/uploads\/2026\/09\/Imagen-Medellin-se-alista-para-hablarle-al-mundo-sobre-accion-climatica-3-150x100.jpg 150w, https:\/\/www.medellin.gov.co\/es\/wp-content\/uploads\/2026\/09\/Imagen-Medellin-se-alista-para-hablarle-al-mundo-sobre-accion-climatica-3-768x512.jpg 768w\" sizes=\"(max-width: 1081px) 100vw, 1081px\" \/><\/a>\n\t\t\t<\/dt><\/dl><br style=\"clear: both\" \/>\n\t\t<\/div>\n\n","protected":false},"excerpt":{"rendered":"<p>En este cap\u00edtulo del p\u00f3dcast Medell\u00edn Te Cuenta conversamos con Marcela Ruiz, secretaria de Medio Ambiente, acerca de los retos ambientales de Medell\u00edn, las acciones que ya est\u00e1n transformando el territorio y la importancia de &#8230;<\/p>\n","protected":false},"author":97,"featured_media":564562,"comment_status":"open","ping_status":"open","sticky":false,"template":"","format":"standard","meta":[],"categories":[1,13],"tags":[436],"formato_nota":[],"programas_tax":[],"acf":[],"_links":{"self":[{"href":"https:\/\/www.medellin.gov.co\/es\/wp-json\/wp\/v2\/posts\/564561"}],"collection":[{"href":"https:\/\/www.medellin.gov.co\/es\/wp-json\/wp\/v2\/posts"}],"about":[{"href":"https:\/\/www.medellin.gov.co\/es\/wp-json\/wp\/v2\/types\/post"}],"author":[{"embeddable":true,"href":"https:\/\/www.medellin.gov.co\/es\/wp-json\/wp\/v2\/users\/97"}],"replies":[{"embeddable":true,"href":"https:\/\/www.medellin.gov.co\/es\/wp-json\/wp\/v2\/comments?post=564561"}],"version-history":[{"count":1,"href":"https:\/\/www.medellin.gov.co\/es\/wp-json\/wp\/v2\/posts\/564561\/revisions"}],"predecessor-version":[{"id":564587,"href":"https:\/\/www.medellin.gov.co\/es\/wp-json\/wp\/v2\/posts\/564561\/revisions\/564587"}],"wp:featuredmedia":[{"embeddable":true,"href":"https:\/\/www.medellin.gov.co\/es\/wp-json\/wp\/v2\/media\/564562"}],"wp:attachment":[{"href":"https:\/\/www.medellin.gov.co\/es\/wp-json\/wp\/v2\/media?parent=564561"}],"wp:term":[{"taxonomy":"category","embeddable":true,"href":"https:\/\/www.medellin.gov.co\/es\/wp-json\/wp\/v2\/categories?post=564561"},{"taxonomy":"post_tag","embeddable":true,"href":"https:\/\/www.medellin.gov.co\/es\/wp-json\/wp\/v2\/tags?post=564561"},{"taxonomy":"formato_nota","embeddable":true,"href":"https:\/\/www.medellin.gov.co\/es\/wp-json\/wp\/v2\/formato_nota?post=564561"},{"taxonomy":"programas_tax","embeddable":true,"href":"https:\/\/www.medellin.gov.co\/es\/wp-json\/wp\/v2\/programas_tax?post=564561"}],"curies":[{"name":"wp","href":"https:\/\/api.w.org\/{rel}","templated":true}]}}