{"id":564591,"date":"2026-09-05T12:00:22","date_gmt":"2026-09-05T17:00:22","guid":{"rendered":"https:\/\/www.medellin.gov.co\/es\/?p=564591"},"modified":"2026-09-04T10:34:25","modified_gmt":"2026-09-04T15:34:25","slug":"de-una-idea-a-una-coleccion-cuando-medellin-florece-en-cada-diseno","status":"publish","type":"post","link":"https:\/\/www.medellin.gov.co\/es\/sala-de-prensa\/noticias\/de-una-idea-a-una-coleccion-cuando-medellin-florece-en-cada-diseno\/","title":{"rendered":"De una idea a una colecci\u00f3n: cuando Medell\u00edn florece en cada dise\u00f1o"},"content":{"rendered":"<blockquote><p><em>\u201cMedell\u00edn, aqu\u00ed todo florece\u201d no es solo una frase. Para Andrea Carvajal Garc\u00eda es una forma de vivir, de emprender y de creer que los sue\u00f1os, cuando se trabajan con pasi\u00f3n, encuentran la manera de crecer.<\/em><\/p><\/blockquote>\n<p>Ella es abogada de la <a href=\"https:\/\/www.medellin.gov.co\/es\/secretaria-de-turismo-y-entretenimiento\/\" target=\"_blank\" rel=\"noopener\">Secretar\u00eda de Turismo y Entretenimiento<\/a> de la Alcald\u00eda de Medell\u00edn desde 2024, mam\u00e1 de Mat\u00edas, esposa de David y emprendedora de coraz\u00f3n, Andrea ha dedicado gran parte de su vida a construir proyectos con prop\u00f3sito. Mientras acompa\u00f1a jur\u00eddicamente iniciativas de promoci\u00f3n tur\u00edstica y entretenimiento para la ciudad, tambi\u00e9n da vida a su propia marca de ropa: ALENA MAT, un emprendimiento inspirado en tendencias americanas y europeas que hoy escribe un nuevo cap\u00edtulo gracias al licenciamiento de la Marca Medell\u00edn.<\/p>\n<p>Su historia con la marca ciudad comenz\u00f3 desde adentro. Durante el proceso de reglamentaci\u00f3n de <em>Medell\u00edn, aqu\u00ed todo florece<\/em>, descubri\u00f3 una iniciativa que conectaba profundamente con su manera de entender los negocios: crecer, generar oportunidades y dejar huella. \u201c<em>La <\/em><em>Marca Medell\u00edn <\/em><em>representa mi forma de ser y mi visi\u00f3n empresarial\u201d<\/em>, cuenta Andrea, convencida de que florecer tambi\u00e9n significa abrir caminos para otros.<\/p>\n<p><img loading=\"lazy\" class=\"alignnone wp-image-564600 size-large\" title=\"Somos la ciudad de la Eterna Primavera\" src=\"https:\/\/www.medellin.gov.co\/es\/wp-content\/uploads\/2026\/09\/Imagen-Medellin-florece-en-cada-diseno-foto1-1024x646.jpg\" alt=\"Imagen Medell\u00edn florece en cada dise\u00f1o \" width=\"1024\" height=\"646\" srcset=\"https:\/\/www.medellin.gov.co\/es\/wp-content\/uploads\/2026\/09\/Imagen-Medellin-florece-en-cada-diseno-foto1-1024x646.jpg 1024w, https:\/\/www.medellin.gov.co\/es\/wp-content\/uploads\/2026\/09\/Imagen-Medellin-florece-en-cada-diseno-foto1-300x189.jpg 300w, https:\/\/www.medellin.gov.co\/es\/wp-content\/uploads\/2026\/09\/Imagen-Medellin-florece-en-cada-diseno-foto1-150x95.jpg 150w, https:\/\/www.medellin.gov.co\/es\/wp-content\/uploads\/2026\/09\/Imagen-Medellin-florece-en-cada-diseno-foto1-768x484.jpg 768w, https:\/\/www.medellin.gov.co\/es\/wp-content\/uploads\/2026\/09\/Imagen-Medellin-florece-en-cada-diseno-foto1.jpg 1142w\" sizes=\"(max-width: 1024px) 100vw, 1024px\" \/><\/p>\n<p>Esa conexi\u00f3n la llev\u00f3 a dar un paso que hoy la llena de orgullo: lanzar una colecci\u00f3n exclusiva en cobranding entre <a href=\"https:\/\/www.instagram.com\/alena.mat25\/\" target=\"_blank\" rel=\"noopener\">ALENA MAT<\/a> y la <a href=\"https:\/\/marcamedellin.com\/\" target=\"_blank\" rel=\"noopener\">Marca Medell\u00edn<\/a>. Cada prenda busca capturar la esencia de una ciudad que inspira, transforma y enamora. El resultado ha superado sus expectativas. Los dise\u00f1os han sido recibidos con entusiasmo y se han convertido en una forma diferente de llevar a Medell\u00edn puesta, tanto para quienes la habitan como para quienes la visitan.<\/p>\n<p>Pero para Andrea esto apenas comienza. Sue\u00f1a con convertirse en una embajadora de la marca, crear nuevas c\u00e1psulas de dise\u00f1o cada temporada y llevar la identidad de Medell\u00edn a escenarios nacionales e internacionales. Su prop\u00f3sito es que cada prenda cuente una historia y que quienes la usen se lleven un recuerdo aut\u00e9ntico de una ciudad donde las ideas florecen todos los d\u00edas. Detr\u00e1s de cada paso tambi\u00e9n est\u00e1 David, su esposo y compa\u00f1ero de vida, quien ha respaldado cada proyecto, cada reto y cada nueva apuesta. \u201c<em>Es mi polo a tierra y mi gran socio<\/em>\u201d, afirma Andrea, reconociendo que los sue\u00f1os crecen mejor cuando encuentran apoyo en el camino.<\/p>\n<p><img loading=\"lazy\" class=\"alignnone wp-image-564603 size-large\" title=\"Gorra Medell\u00edn\" src=\"https:\/\/www.medellin.gov.co\/es\/wp-content\/uploads\/2026\/09\/Imagen-Medellin-florece-en-cada-diseno-foto-2-1024x683.jpg\" alt=\"Imagen Medell\u00edn florece en cada dise\u00f1o \" width=\"1024\" height=\"683\" srcset=\"https:\/\/www.medellin.gov.co\/es\/wp-content\/uploads\/2026\/09\/Imagen-Medellin-florece-en-cada-diseno-foto-2-1024x683.jpg 1024w, https:\/\/www.medellin.gov.co\/es\/wp-content\/uploads\/2026\/09\/Imagen-Medellin-florece-en-cada-diseno-foto-2-300x200.jpg 300w, https:\/\/www.medellin.gov.co\/es\/wp-content\/uploads\/2026\/09\/Imagen-Medellin-florece-en-cada-diseno-foto-2-150x100.jpg 150w, https:\/\/www.medellin.gov.co\/es\/wp-content\/uploads\/2026\/09\/Imagen-Medellin-florece-en-cada-diseno-foto-2-768x512.jpg 768w, https:\/\/www.medellin.gov.co\/es\/wp-content\/uploads\/2026\/09\/Imagen-Medellin-florece-en-cada-diseno-foto-2.jpg 1080w\" sizes=\"(max-width: 1024px) 100vw, 1024px\" \/><\/p>\n<p>Por eso hoy su mensaje es una invitaci\u00f3n abierta para emprendedores y empresarios de Medell\u00edn. Licenciar la Marca Ciudad es un proceso sencillo, \u00e1gil y sin costo que permite sumar el respaldo de la marca oficial de Medell\u00edn a productos y servicios. Una oportunidad para fortalecer la visibilidad de los negocios y, al mismo tiempo, contarle al mundo todo lo bueno que florece en nuestra ciudad.<\/p>\n<p>Porque cuando el talento, la creatividad y el amor por <a href=\"https:\/\/www.instagram.com\/alcaldiademed\/\" target=\"_blank\" rel=\"noopener\">Medell\u00edn<\/a> se encuentran, las ideas dejan de ser solo ideas y comienzan a florecer.<\/p>\n<blockquote><p><a href=\"https:\/\/www.instagram.com\/alena.mat25\/\" target=\"_blank\" rel=\"noopener\"><strong>Ac\u00e1 puede apreciar los diferentes dise\u00f1os que componen la colecci\u00f3n<\/strong><\/a><\/p><\/blockquote>\n","protected":false},"excerpt":{"rendered":"<p>\u201cMedell\u00edn, aqu\u00ed todo florece\u201d no es solo una frase. Para Andrea Carvajal Garc\u00eda es una forma de vivir, de emprender y de creer que los sue\u00f1os, cuando se trabajan con pasi\u00f3n, encuentran la manera de &#8230;<\/p>\n","protected":false},"author":97,"featured_media":564605,"comment_status":"open","ping_status":"open","sticky":false,"template":"","format":"standard","meta":[],"categories":[531,690],"tags":[430],"formato_nota":[],"programas_tax":[],"acf":[],"_links":{"self":[{"href":"https:\/\/www.medellin.gov.co\/es\/wp-json\/wp\/v2\/posts\/564591"}],"collection":[{"href":"https:\/\/www.medellin.gov.co\/es\/wp-json\/wp\/v2\/posts"}],"about":[{"href":"https:\/\/www.medellin.gov.co\/es\/wp-json\/wp\/v2\/types\/post"}],"author":[{"embeddable":true,"href":"https:\/\/www.medellin.gov.co\/es\/wp-json\/wp\/v2\/users\/97"}],"replies":[{"embeddable":true,"href":"https:\/\/www.medellin.gov.co\/es\/wp-json\/wp\/v2\/comments?post=564591"}],"version-history":[{"count":1,"href":"https:\/\/www.medellin.gov.co\/es\/wp-json\/wp\/v2\/posts\/564591\/revisions"}],"predecessor-version":[{"id":564607,"href":"https:\/\/www.medellin.gov.co\/es\/wp-json\/wp\/v2\/posts\/564591\/revisions\/564607"}],"wp:featuredmedia":[{"embeddable":true,"href":"https:\/\/www.medellin.gov.co\/es\/wp-json\/wp\/v2\/media\/564605"}],"wp:attachment":[{"href":"https:\/\/www.medellin.gov.co\/es\/wp-json\/wp\/v2\/media?parent=564591"}],"wp:term":[{"taxonomy":"category","embeddable":true,"href":"https:\/\/www.medellin.gov.co\/es\/wp-json\/wp\/v2\/categories?post=564591"},{"taxonomy":"post_tag","embeddable":true,"href":"https:\/\/www.medellin.gov.co\/es\/wp-json\/wp\/v2\/tags?post=564591"},{"taxonomy":"formato_nota","embeddable":true,"href":"https:\/\/www.medellin.gov.co\/es\/wp-json\/wp\/v2\/formato_nota?post=564591"},{"taxonomy":"programas_tax","embeddable":true,"href":"https:\/\/www.medellin.gov.co\/es\/wp-json\/wp\/v2\/programas_tax?post=564591"}],"curies":[{"name":"wp","href":"https:\/\/api.w.org\/{rel}","templated":true}]}}