{"id":564951,"date":"2026-09-04T16:13:29","date_gmt":"2026-09-04T21:13:29","guid":{"rendered":"https:\/\/www.medellin.gov.co\/es\/?p=564951"},"modified":"2026-09-04T16:13:29","modified_gmt":"2026-09-04T21:13:29","slug":"medellin-inicio-la-ejecucion-de-recursos-de-presupuesto-participativo-para-proteger-las-quebradas-de-altavista-y-santa-elena","status":"publish","type":"post","link":"https:\/\/www.medellin.gov.co\/es\/sala-de-prensa\/noticias\/medellin-inicio-la-ejecucion-de-recursos-de-presupuesto-participativo-para-proteger-las-quebradas-de-altavista-y-santa-elena\/","title":{"rendered":"Medell\u00edn inici\u00f3 la ejecuci\u00f3n de recursos de Presupuesto Participativo para proteger las quebradas de Altavista y Santa Elena"},"content":{"rendered":"<ul>\n<li>174 l\u00edderes, representantes de JAL, acueductos y habitantes estuvieron en las jornadas de apertura de Guardaquebradas PP.<\/li>\n<li>La iniciativa llevar\u00e1 educaci\u00f3n ambiental, monitoreo, recuperaci\u00f3n de espacios y prevenci\u00f3n de riesgos.<\/li>\n<li>Tres meses de intervenci\u00f3n, entre el 26 de agosto y el 25 de noviembre, permitir\u00e1n optimizar el cuidado comunitario de las fuentes h\u00eddricas.<\/li>\n<\/ul>\n<!--[if lt IE 9]><script>document.createElement('audio');<\/script><![endif]-->\n\t<div class=\"wp-playlist wp-audio-playlist wp-playlist-light\">\n\t\t\t<div class=\"wp-playlist-current-item\"><\/div>\n\t\t<audio controls=\"controls\" preload=\"none\" width=\"640\"\n\t\t\t><\/audio>\n\t<div class=\"wp-playlist-next\"><\/div>\n\t<div class=\"wp-playlist-prev\"><\/div>\n\t<noscript>\n\t<ol>\n\t\t<li><a href='https:\/\/www.medellin.gov.co\/es\/wp-content\/uploads\/2026\/09\/Declaraciones-de-la-secretaria-de-Medio-Ambiente-Marcela-Ruiz-1.mp3'>Declaraciones de la secretaria de Medio Ambiente, Marcela Ruiz<\/a><\/li>\t<\/ol>\n\t<\/noscript>\n\t<script type=\"application\/json\" class=\"wp-playlist-script\">{\"type\":\"audio\",\"tracklist\":true,\"tracknumbers\":true,\"images\":true,\"artists\":true,\"tracks\":[{\"src\":\"https:\\\/\\\/www.medellin.gov.co\\\/es\\\/wp-content\\\/uploads\\\/2026\\\/09\\\/Declaraciones-de-la-secretaria-de-Medio-Ambiente-Marcela-Ruiz-1.mp3\",\"type\":\"audio\\\/mpeg\",\"title\":\"Declaraciones de la secretaria de Medio Ambiente, Marcela Ruiz\",\"caption\":\"\",\"description\":\"\\u00abDeclaraciones de la secretaria de Medio Ambiente, Marcela Ruiz\\u00bb. \",\"meta\":{\"genre\":\"Blues\",\"length_formatted\":\"1:06\"},\"image\":{\"src\":\"https:\\\/\\\/www.medellin.gov.co\\\/es\\\/wp-includes\\\/images\\\/media\\\/audio.png\",\"width\":48,\"height\":64},\"thumb\":{\"src\":\"https:\\\/\\\/www.medellin.gov.co\\\/es\\\/wp-includes\\\/images\\\/media\\\/audio.png\",\"width\":48,\"height\":64}}]}<\/script>\n<\/div>\n\t\n<p>Comenz\u00f3 la ejecuci\u00f3n de los recursos de Planeaci\u00f3n Local y Presupuesto Participativo destinados al componente Guardaquebradas PP, una iniciativa priorizada por la ciudadan\u00eda que se desarrollar\u00e1 en Altavista y Santa Elena. El proyecto comenz\u00f3 el 26 de agosto y se extender\u00e1 hasta el 25 de noviembre de 2026, con base en las necesidades identificadas por las comunidades y las diferentes instancias de participaci\u00f3n territorial.<\/p>\n<p>\u201c<em>Estamos comprometidos con la corresponsabilidad en el cuidado y protecci\u00f3n de nuestro patrimonio natural. La construcci\u00f3n de sostenibilidad se ve muy fortalecida cuando las comunidades toman decisiones de priorizar recursos para toda la apuesta de cuidado de nuestra ciudad. Estamos dando comienzo a dos proyectos en Altavista y en Santa Elena que van a fortalecer toda la estrategia Mi R\u00edo, Mis Quebradas, favoreciendo la acci\u00f3n de nuestros guardaquebradas en esos corregimientos, protegiendo las quebradas y generando sensibilidad sobre el cuidado y protecci\u00f3n del agua<\/em>\u201d, dijo la secretaria de Medio Ambiente, Marcela Ruiz.<\/p>\n<p><a href=\"https:\/\/www.medellin.gov.co\/es\/wp-content\/uploads\/2026\/09\/Imagen-de-personaje-haciendo-una-sensibilizacion-con-la-comunidad.jpg\" target=\"_blank\" rel=\"noopener\"><img loading=\"lazy\" class=\"alignnone wp-image-564993 size-full\" title=\"personaje haciendo una sensibilizaci\u00f3n con la comunidad\" src=\"https:\/\/www.medellin.gov.co\/es\/wp-content\/uploads\/2026\/09\/Imagen-de-personaje-haciendo-una-sensibilizacion-con-la-comunidad.jpg\" alt=\"Imagen de personaje haciendo una sensibilizaci\u00f3n con la comunidad\" width=\"1141\" height=\"760\" srcset=\"https:\/\/www.medellin.gov.co\/es\/wp-content\/uploads\/2026\/09\/Imagen-de-personaje-haciendo-una-sensibilizacion-con-la-comunidad.jpg 1141w, https:\/\/www.medellin.gov.co\/es\/wp-content\/uploads\/2026\/09\/Imagen-de-personaje-haciendo-una-sensibilizacion-con-la-comunidad-300x200.jpg 300w, https:\/\/www.medellin.gov.co\/es\/wp-content\/uploads\/2026\/09\/Imagen-de-personaje-haciendo-una-sensibilizacion-con-la-comunidad-1024x682.jpg 1024w, https:\/\/www.medellin.gov.co\/es\/wp-content\/uploads\/2026\/09\/Imagen-de-personaje-haciendo-una-sensibilizacion-con-la-comunidad-150x100.jpg 150w, https:\/\/www.medellin.gov.co\/es\/wp-content\/uploads\/2026\/09\/Imagen-de-personaje-haciendo-una-sensibilizacion-con-la-comunidad-768x512.jpg 768w\" sizes=\"(max-width: 1141px) 100vw, 1141px\" \/><\/a><\/p>\n<p>La iniciativa contempla acciones de educaci\u00f3n ambiental, comunitarias, monitoreo del territorio e intervenciones f\u00edsicas, orientadas a la prevenci\u00f3n de riesgos y la recuperaci\u00f3n de espacios asociados a las fuentes h\u00eddricas. Durante su ejecuci\u00f3n se promover\u00e1 que las personas se sumen en la identificaci\u00f3n de problem\u00e1ticas ambientales, la recuperaci\u00f3n de espacios y la construcci\u00f3n de acciones para proteger los ecosistemas de ambos corregimientos.<\/p>\n<p>Guardaquebradas PP tambi\u00e9n busca fortalecer las capacidades de la gente para hacer seguimiento y cuidar de sus territorios, con aportes a la adaptaci\u00f3n al cambio clim\u00e1tico, la prevenci\u00f3n de riesgos asociados a las quebradas y la gobernanza ambiental. De esta manera, el componente complementa las acciones que adelanta la Secretar\u00eda de Medio Ambiente para la protecci\u00f3n del recurso h\u00eddrico mediante intervenciones preventivas, educativas y comunitarias.<\/p>\n<p><a href=\"https:\/\/www.medellin.gov.co\/es\/wp-content\/uploads\/2026\/09\/Imagen-de-funcionaria-haciendo-una-sensibilizacion-sobre-la-cuenca-hidrografica.jpg\" target=\"_blank\" rel=\"noopener\"><img loading=\"lazy\" class=\"alignnone wp-image-564997 size-full\" title=\"Funcionaria haciendo una sensibilizaci\u00f3n sobre la cuenca hidrogr\u00e1fica\" src=\"https:\/\/www.medellin.gov.co\/es\/wp-content\/uploads\/2026\/09\/Imagen-de-funcionaria-haciendo-una-sensibilizacion-sobre-la-cuenca-hidrografica.jpg\" alt=\"Imagen de funcionaria haciendo una sensibilizaci\u00f3n sobre la cuenca hidrogr\u00e1fica\" width=\"1141\" height=\"760\" srcset=\"https:\/\/www.medellin.gov.co\/es\/wp-content\/uploads\/2026\/09\/Imagen-de-funcionaria-haciendo-una-sensibilizacion-sobre-la-cuenca-hidrografica.jpg 1141w, https:\/\/www.medellin.gov.co\/es\/wp-content\/uploads\/2026\/09\/Imagen-de-funcionaria-haciendo-una-sensibilizacion-sobre-la-cuenca-hidrografica-300x200.jpg 300w, https:\/\/www.medellin.gov.co\/es\/wp-content\/uploads\/2026\/09\/Imagen-de-funcionaria-haciendo-una-sensibilizacion-sobre-la-cuenca-hidrografica-1024x682.jpg 1024w, https:\/\/www.medellin.gov.co\/es\/wp-content\/uploads\/2026\/09\/Imagen-de-funcionaria-haciendo-una-sensibilizacion-sobre-la-cuenca-hidrografica-150x100.jpg 150w, https:\/\/www.medellin.gov.co\/es\/wp-content\/uploads\/2026\/09\/Imagen-de-funcionaria-haciendo-una-sensibilizacion-sobre-la-cuenca-hidrografica-768x512.jpg 768w\" sizes=\"(max-width: 1141px) 100vw, 1141px\" \/><\/a><\/p>\n<p>Las actividades se desarrollar\u00e1n en Altavista y Santa Elena, de acuerdo con las necesidades priorizadas por sus habitantes y con la acci\u00f3n de Juntas Administradoras Locales, Juntas de Acci\u00f3n Comunal, Mesas Ambientales, organizaciones sociales, instituciones educativas y otras instancias. Adem\u00e1s, el proyecto contribuir\u00e1 a la generaci\u00f3n de empleo local y a la econom\u00eda comunitaria mediante la vinculaci\u00f3n de personas de los territorios a las actividades previstas.<\/p>\n<p>Las jornadas de apertura se realizaron el 27 de agosto en Altavista y el 29 de agosto en Santa Elena, con la presencia de 174 personas entre l\u00edderes, integrantes de las JAL, delegados de acueductos y comunidad en general. Con Guardianes de Quebradas PP, <a href=\"https:\/\/www.instagram.com\/alcaldiademed\/?hl=es-la\" target=\"_blank\" rel=\"noopener\">Medell\u00edn<\/a> avanza en una apuesta para que el cuidado del agua y de las quebradas sea una tarea compartida entre la institucionalidad y las comunidades que habitan y conocen estos territorios.<\/p>\n","protected":false},"excerpt":{"rendered":"<p>174 l\u00edderes, representantes de JAL, acueductos y habitantes estuvieron en las jornadas de apertura de Guardaquebradas PP. La iniciativa llevar\u00e1 educaci\u00f3n ambiental, monitoreo, recuperaci\u00f3n de espacios y prevenci\u00f3n de riesgos. Tres meses de intervenci\u00f3n, entre &#8230;<\/p>\n","protected":false},"author":21,"featured_media":564991,"comment_status":"open","ping_status":"open","sticky":false,"template":"","format":"standard","meta":[],"categories":[13],"tags":[436],"formato_nota":[],"programas_tax":[],"acf":[],"_links":{"self":[{"href":"https:\/\/www.medellin.gov.co\/es\/wp-json\/wp\/v2\/posts\/564951"}],"collection":[{"href":"https:\/\/www.medellin.gov.co\/es\/wp-json\/wp\/v2\/posts"}],"about":[{"href":"https:\/\/www.medellin.gov.co\/es\/wp-json\/wp\/v2\/types\/post"}],"author":[{"embeddable":true,"href":"https:\/\/www.medellin.gov.co\/es\/wp-json\/wp\/v2\/users\/21"}],"replies":[{"embeddable":true,"href":"https:\/\/www.medellin.gov.co\/es\/wp-json\/wp\/v2\/comments?post=564951"}],"version-history":[{"count":1,"href":"https:\/\/www.medellin.gov.co\/es\/wp-json\/wp\/v2\/posts\/564951\/revisions"}],"predecessor-version":[{"id":565006,"href":"https:\/\/www.medellin.gov.co\/es\/wp-json\/wp\/v2\/posts\/564951\/revisions\/565006"}],"wp:featuredmedia":[{"embeddable":true,"href":"https:\/\/www.medellin.gov.co\/es\/wp-json\/wp\/v2\/media\/564991"}],"wp:attachment":[{"href":"https:\/\/www.medellin.gov.co\/es\/wp-json\/wp\/v2\/media?parent=564951"}],"wp:term":[{"taxonomy":"category","embeddable":true,"href":"https:\/\/www.medellin.gov.co\/es\/wp-json\/wp\/v2\/categories?post=564951"},{"taxonomy":"post_tag","embeddable":true,"href":"https:\/\/www.medellin.gov.co\/es\/wp-json\/wp\/v2\/tags?post=564951"},{"taxonomy":"formato_nota","embeddable":true,"href":"https:\/\/www.medellin.gov.co\/es\/wp-json\/wp\/v2\/formato_nota?post=564951"},{"taxonomy":"programas_tax","embeddable":true,"href":"https:\/\/www.medellin.gov.co\/es\/wp-json\/wp\/v2\/programas_tax?post=564951"}],"curies":[{"name":"wp","href":"https:\/\/api.w.org\/{rel}","templated":true}]}}