{"id":565009,"date":"2026-09-04T16:19:16","date_gmt":"2026-09-04T21:19:16","guid":{"rendered":"https:\/\/www.medellin.gov.co\/es\/?p=565009"},"modified":"2026-09-04T16:19:16","modified_gmt":"2026-09-04T21:19:16","slug":"el-distrito-y-ruta-n-buscan-los-proyectos-juveniles-que-aportan-a-la-transformacion-de-medellin-desde-la-innovacion","status":"publish","type":"post","link":"https:\/\/www.medellin.gov.co\/es\/sala-de-prensa\/noticias\/el-distrito-y-ruta-n-buscan-los-proyectos-juveniles-que-aportan-a-la-transformacion-de-medellin-desde-la-innovacion\/","title":{"rendered":"El Distrito y Ruta N buscan los proyectos juveniles que aportan a la transformaci\u00f3n de Medell\u00edn desde la innovaci\u00f3n"},"content":{"rendered":"<ul>\n<li>Las postulaciones estar\u00e1n abiertas hasta el 24 de septiembre y los ganadores acceder\u00e1n a mentor\u00edas, formaci\u00f3n, conexiones con el ecosistema e incentivos.<\/li>\n<\/ul>\n<!--[if lt IE 9]><script>document.createElement('audio');<\/script><![endif]-->\n\t<div class=\"wp-playlist wp-audio-playlist wp-playlist-light\">\n\t\t\t<div class=\"wp-playlist-current-item\"><\/div>\n\t\t<audio controls=\"controls\" preload=\"none\" width=\"640\"\n\t\t\t><\/audio>\n\t<div class=\"wp-playlist-next\"><\/div>\n\t<div class=\"wp-playlist-prev\"><\/div>\n\t<noscript>\n\t<ol>\n\t\t<li><a href='https:\/\/www.medellin.gov.co\/es\/wp-content\/uploads\/2026\/09\/Declaraciones-de-la-directora-ejecutiva-de-Ruta-N-Carolina-Londono.mp3'>Declaraciones de la directora ejecutiva de Ruta N, Carolina Londo\u00f1o<\/a><\/li><li><a href='https:\/\/www.medellin.gov.co\/es\/wp-content\/uploads\/2026\/09\/Declaraciones-del-secretario-e-de-la-Juventud-Camilo-Cano.mp3'>Declaraciones del secretario (e) de la Juventud, Camilo Cano<\/a><\/li><li><a href='https:\/\/www.medellin.gov.co\/es\/wp-content\/uploads\/2026\/09\/Declaraciones-del-ganador-en-la-categoria-Gen-Next-2025-Sebastian-Tobar-Quintero.mp3'>Declaraciones del ganador en la categor\u00eda Gen Next 2025, Sebastian Tobar Quintero<\/a><\/li>\t<\/ol>\n\t<\/noscript>\n\t<script type=\"application\/json\" class=\"wp-playlist-script\">{\"type\":\"audio\",\"tracklist\":true,\"tracknumbers\":true,\"images\":true,\"artists\":true,\"tracks\":[{\"src\":\"https:\\\/\\\/www.medellin.gov.co\\\/es\\\/wp-content\\\/uploads\\\/2026\\\/09\\\/Declaraciones-de-la-directora-ejecutiva-de-Ruta-N-Carolina-Londono.mp3\",\"type\":\"audio\\\/mpeg\",\"title\":\"Declaraciones de la directora ejecutiva de Ruta N, Carolina Londo\\u00f1o\",\"caption\":\"\",\"description\":\"\\u00abDeclaraciones de la directora ejecutiva de Ruta N, Carolina Londo\\u00f1o\\u00bb. \",\"meta\":{\"genre\":\"Blues\",\"length_formatted\":\"0:30\"},\"image\":{\"src\":\"https:\\\/\\\/www.medellin.gov.co\\\/es\\\/wp-includes\\\/images\\\/media\\\/audio.png\",\"width\":48,\"height\":64},\"thumb\":{\"src\":\"https:\\\/\\\/www.medellin.gov.co\\\/es\\\/wp-includes\\\/images\\\/media\\\/audio.png\",\"width\":48,\"height\":64}},{\"src\":\"https:\\\/\\\/www.medellin.gov.co\\\/es\\\/wp-content\\\/uploads\\\/2026\\\/09\\\/Declaraciones-del-secretario-e-de-la-Juventud-Camilo-Cano.mp3\",\"type\":\"audio\\\/mpeg\",\"title\":\"Declaraciones del secretario (e) de la Juventud, Camilo Cano\",\"caption\":\"\",\"description\":\"\\u00abDeclaraciones del secretario (e) de la Juventud, Camilo Cano\\u00bb. G\\u00e9nero: Blues.\",\"meta\":{\"genre\":\"Blues\",\"length_formatted\":\"0:33\"},\"image\":{\"src\":\"https:\\\/\\\/www.medellin.gov.co\\\/es\\\/wp-includes\\\/images\\\/media\\\/audio.png\",\"width\":48,\"height\":64},\"thumb\":{\"src\":\"https:\\\/\\\/www.medellin.gov.co\\\/es\\\/wp-includes\\\/images\\\/media\\\/audio.png\",\"width\":48,\"height\":64}},{\"src\":\"https:\\\/\\\/www.medellin.gov.co\\\/es\\\/wp-content\\\/uploads\\\/2026\\\/09\\\/Declaraciones-del-ganador-en-la-categoria-Gen-Next-2025-Sebastian-Tobar-Quintero.mp3\",\"type\":\"audio\\\/mpeg\",\"title\":\"Declaraciones del ganador en la categor\\u00eda Gen Next 2025, Sebastian Tobar Quintero\",\"caption\":\"\",\"description\":\"\\u00abDeclaraciones del ganador en la categor\\u00eda Gen Next 2025, Sebastian Tobar Quintero\\u00bb. G\\u00e9nero: Blues.\",\"meta\":{\"genre\":\"Blues\",\"length_formatted\":\"0:34\"},\"image\":{\"src\":\"https:\\\/\\\/www.medellin.gov.co\\\/es\\\/wp-includes\\\/images\\\/media\\\/audio.png\",\"width\":48,\"height\":64},\"thumb\":{\"src\":\"https:\\\/\\\/www.medellin.gov.co\\\/es\\\/wp-includes\\\/images\\\/media\\\/audio.png\",\"width\":48,\"height\":64}}]}<\/script>\n<\/div>\n\t\n<p>La estrategia de la Alcald\u00eda de Medell\u00edn y <a href=\"https:\/\/rutanmedellin.org\/\" target=\"_blank\" rel=\"noopener\">Ruta N<\/a> denominada Gen N y Reconocimientos Proyector, que se desarrolla a trav\u00e9s de la Secretar\u00eda de la Juventud, regresa en 2026 para identificar, visibilizar y proyectar a colectivos y j\u00f3venes, entre los 14 y 28 a\u00f1os, que generan impacto positivo desde la ciencia, la tecnolog\u00eda, la innovaci\u00f3n, el liderazgo, el emprendimiento, la creatividad y la sostenibilidad.<\/p>\n<p>Con el lema \u201c<em>Lo que somos deja huella<\/em>\u201d, esta segunda edici\u00f3n pone en el centro las historias, el territorio, la cultura y las experiencias que impulsan a las nuevas generaciones a transformar la ciudad.<\/p>\n<p>Este reconocimiento est\u00e1 dividido en cinco categor\u00edas. En las modalidades grupales, est\u00e1n Gen Panas (innovaci\u00f3n social) y Gen Ecos (pr\u00e1cticas sostenibles), mientras que en las individuales se destacan Gen Crack (mente innovadora), Gen Alpha (liderazgo que inspira y moviliza) y Gen Next (emprendimiento).<\/p>\n<p><a href=\"https:\/\/www.medellin.gov.co\/es\/wp-content\/uploads\/2026\/09\/Imagen-de-asistentes-a-evento-de-Ruta-N.jpg\" target=\"_blank\" rel=\"noopener\"><img loading=\"lazy\" class=\"alignnone wp-image-565000 size-full\" title=\"asistentes a evento de Ruta N\" src=\"https:\/\/www.medellin.gov.co\/es\/wp-content\/uploads\/2026\/09\/Imagen-de-asistentes-a-evento-de-Ruta-N.jpg\" alt=\"Imagen de asistentes a evento de Ruta N\" width=\"1280\" height=\"720\" srcset=\"https:\/\/www.medellin.gov.co\/es\/wp-content\/uploads\/2026\/09\/Imagen-de-asistentes-a-evento-de-Ruta-N.jpg 1280w, https:\/\/www.medellin.gov.co\/es\/wp-content\/uploads\/2026\/09\/Imagen-de-asistentes-a-evento-de-Ruta-N-300x169.jpg 300w, https:\/\/www.medellin.gov.co\/es\/wp-content\/uploads\/2026\/09\/Imagen-de-asistentes-a-evento-de-Ruta-N-1024x576.jpg 1024w, https:\/\/www.medellin.gov.co\/es\/wp-content\/uploads\/2026\/09\/Imagen-de-asistentes-a-evento-de-Ruta-N-150x84.jpg 150w, https:\/\/www.medellin.gov.co\/es\/wp-content\/uploads\/2026\/09\/Imagen-de-asistentes-a-evento-de-Ruta-N-768x432.jpg 768w\" sizes=\"(max-width: 1280px) 100vw, 1280px\" \/><\/a><\/p>\n<p>\u201c<em>Para m\u00ed, los mejores premios han sido el relacionamiento, el capital social, el acceso a diferentes programas y, sobre todo, el reconocimiento y la visualizaci\u00f3n de los proyectos<\/em>\u201d, expres\u00f3 Sebasti\u00e1n Tobar Quintero, ganador en la categor\u00eda Gen Next 2025.<\/p>\n<p>Entre los requisitos para postularse est\u00e1n vivir en Medell\u00edn y estudiar o trabajar en ella; tener m\u00ednimo un a\u00f1o de vinculaci\u00f3n con la ciudad; contar con un proyecto, iniciativa o trayectoria en ejecuci\u00f3n; postularse a una sola categor\u00eda y diligenciar el formulario y documentos requeridos. Para los colectivos, deben ser de 3 a 5 integrantes y al menos la mitad m\u00e1s uno debe tener entre 14 y 28 a\u00f1os.<\/p>\n<p>\u201c<em>Esta es una iniciativa enfocada en j\u00f3venes que quieran visibilizar sus proyectos en ciencia, tecnolog\u00eda e innovaci\u00f3n. Estos proyectos deben tener un enfoque de acompa\u00f1amiento y de transformaci\u00f3n de su entorno para generar un impacto en la sociedad<\/em>\u201d, dijo la directora ejecutiva de Ruta N, Carolina Londo\u00f1o.<\/p>\n<p>La convocatoria estar\u00e1 abierta hasta el 24 de septiembre en rutanmedellin.org. All\u00ed, se deben adjuntar los documentos requeridos, una fotograf\u00eda tipo selfie y un video de un minuto en el que se cuente qui\u00e9nes son y c\u00f3mo transforman su entorno.<\/p>\n<p><a href=\"https:\/\/www.medellin.gov.co\/es\/wp-content\/uploads\/2026\/09\/Imagen-de-ganador-en-evento-de-Ruta-N.jpg\" target=\"_blank\" rel=\"noopener\"><img loading=\"lazy\" class=\"alignnone wp-image-564996 size-full\" title=\"ganador en evento de Ruta N\" src=\"https:\/\/www.medellin.gov.co\/es\/wp-content\/uploads\/2026\/09\/Imagen-de-ganador-en-evento-de-Ruta-N.jpg\" alt=\"Imagen de ganador en evento de Ruta N\" width=\"1280\" height=\"720\" srcset=\"https:\/\/www.medellin.gov.co\/es\/wp-content\/uploads\/2026\/09\/Imagen-de-ganador-en-evento-de-Ruta-N.jpg 1280w, https:\/\/www.medellin.gov.co\/es\/wp-content\/uploads\/2026\/09\/Imagen-de-ganador-en-evento-de-Ruta-N-300x169.jpg 300w, https:\/\/www.medellin.gov.co\/es\/wp-content\/uploads\/2026\/09\/Imagen-de-ganador-en-evento-de-Ruta-N-1024x576.jpg 1024w, https:\/\/www.medellin.gov.co\/es\/wp-content\/uploads\/2026\/09\/Imagen-de-ganador-en-evento-de-Ruta-N-150x84.jpg 150w, https:\/\/www.medellin.gov.co\/es\/wp-content\/uploads\/2026\/09\/Imagen-de-ganador-en-evento-de-Ruta-N-768x432.jpg 768w\" sizes=\"(max-width: 1280px) 100vw, 1280px\" \/><\/a><\/p>\n<p>El proceso continuar\u00e1 con la etapa de votaci\u00f3n ciudadana (entre el 20 de octubre y el 3 de noviembre). Posteriormente, un jurado especializado evaluar\u00e1 las candidaturas, de acuerdo con los criterios definidos para cada categor\u00eda y seleccionar\u00e1 a los 15 finalistas que llegar\u00e1n a la Gala Gen N el 26 de noviembre en el complejo de Ruta N.<\/p>\n<p>\u201c<em>Queremos que todos esos j\u00f3venes buenos que tenemos en todas las comunas y corregimientos puedan brillar por lo que hacen con sus proyectos de innovaci\u00f3n, ciencia, tecnolog\u00eda y liderazgo. Esta es una oportunidad perfecta, hay j\u00f3venes muy talentosos<\/em>\u201d, indic\u00f3 el secretario (e) de la Juventud, Camilo Cano.<\/p>\n<p>Este a\u00f1o, los proyectos ganadores recibir\u00e1n est\u00edmulos como mentor\u00edas y acompa\u00f1amiento especializado, formaci\u00f3n para llevar sus ideas al siguiente nivel, conexiones con el ecosistema de innovaci\u00f3n de Medell\u00edn, espacios para visibilizar sus proyectos e incentivos econ\u00f3micos y bonos en tecnolog\u00eda.<\/p>\n<p>Con Gen N y Reconocimientos Proyector, el Distrito y Ruta N ponen en el centro las ideas que transforman la ciudad, porque cada historia y proyecto que nace en las comunas y corregimientos tiene el potencial de abrir nuevos caminos, inspirar a otros y aportar a la construcci\u00f3n de m\u00e1s oportunidades.<\/p>\n","protected":false},"excerpt":{"rendered":"<p>Las postulaciones estar\u00e1n abiertas hasta el 24 de septiembre y los ganadores acceder\u00e1n a mentor\u00edas, formaci\u00f3n, conexiones con el ecosistema e incentivos. La estrategia de la Alcald\u00eda de Medell\u00edn y Ruta N denominada Gen N &#8230;<\/p>\n","protected":false},"author":21,"featured_media":564998,"comment_status":"open","ping_status":"open","sticky":false,"template":"","format":"standard","meta":[],"categories":[747,12],"tags":[428,692],"formato_nota":[],"programas_tax":[],"acf":[],"_links":{"self":[{"href":"https:\/\/www.medellin.gov.co\/es\/wp-json\/wp\/v2\/posts\/565009"}],"collection":[{"href":"https:\/\/www.medellin.gov.co\/es\/wp-json\/wp\/v2\/posts"}],"about":[{"href":"https:\/\/www.medellin.gov.co\/es\/wp-json\/wp\/v2\/types\/post"}],"author":[{"embeddable":true,"href":"https:\/\/www.medellin.gov.co\/es\/wp-json\/wp\/v2\/users\/21"}],"replies":[{"embeddable":true,"href":"https:\/\/www.medellin.gov.co\/es\/wp-json\/wp\/v2\/comments?post=565009"}],"version-history":[{"count":1,"href":"https:\/\/www.medellin.gov.co\/es\/wp-json\/wp\/v2\/posts\/565009\/revisions"}],"predecessor-version":[{"id":565012,"href":"https:\/\/www.medellin.gov.co\/es\/wp-json\/wp\/v2\/posts\/565009\/revisions\/565012"}],"wp:featuredmedia":[{"embeddable":true,"href":"https:\/\/www.medellin.gov.co\/es\/wp-json\/wp\/v2\/media\/564998"}],"wp:attachment":[{"href":"https:\/\/www.medellin.gov.co\/es\/wp-json\/wp\/v2\/media?parent=565009"}],"wp:term":[{"taxonomy":"category","embeddable":true,"href":"https:\/\/www.medellin.gov.co\/es\/wp-json\/wp\/v2\/categories?post=565009"},{"taxonomy":"post_tag","embeddable":true,"href":"https:\/\/www.medellin.gov.co\/es\/wp-json\/wp\/v2\/tags?post=565009"},{"taxonomy":"formato_nota","embeddable":true,"href":"https:\/\/www.medellin.gov.co\/es\/wp-json\/wp\/v2\/formato_nota?post=565009"},{"taxonomy":"programas_tax","embeddable":true,"href":"https:\/\/www.medellin.gov.co\/es\/wp-json\/wp\/v2\/programas_tax?post=565009"}],"curies":[{"name":"wp","href":"https:\/\/api.w.org\/{rel}","templated":true}]}}