{"id":565015,"date":"2026-09-04T16:27:06","date_gmt":"2026-09-04T21:27:06","guid":{"rendered":"https:\/\/www.medellin.gov.co\/es\/?p=565015"},"modified":"2026-09-04T16:35:34","modified_gmt":"2026-09-04T21:35:34","slug":"acuerdo-de-cooperacion-con-corea-por-9-100-millones-para-fortalecer-la-movilidad-inteligente-y-la-seguridad-vial","status":"publish","type":"post","link":"https:\/\/www.medellin.gov.co\/es\/sala-de-prensa\/noticias\/acuerdo-de-cooperacion-con-corea-por-9-100-millones-para-fortalecer-la-movilidad-inteligente-y-la-seguridad-vial\/","title":{"rendered":"El alcalde Federico Guti\u00e9rrez firm\u00f3 acuerdo de cooperaci\u00f3n con Corea por $9.100 millones para fortalecer la movilidad inteligente y la seguridad vial"},"content":{"rendered":"<ul>\n<li>Esto permitir\u00e1 formular el Plan Maestro de Movilidad de la ciudad e implementar soluciones inteligentes en el Centro Integrado de Tr\u00e1fico y Transporte -Citra-.<\/li>\n<\/ul>\n<!--[if lt IE 9]><script>document.createElement('audio');<\/script><![endif]-->\n\t<div class=\"wp-playlist wp-audio-playlist wp-playlist-light\">\n\t\t\t<div class=\"wp-playlist-current-item\"><\/div>\n\t\t<audio controls=\"controls\" preload=\"none\" width=\"640\"\n\t\t\t><\/audio>\n\t<div class=\"wp-playlist-next\"><\/div>\n\t<div class=\"wp-playlist-prev\"><\/div>\n\t<noscript>\n\t<ol>\n\t\t<li><a href='https:\/\/www.medellin.gov.co\/es\/wp-content\/uploads\/2026\/09\/Declaraciones-alcalde-de-Medellin-Federico-Gutierrez.mp3'>Declaraciones alcalde de Medell\u00edn, Federico Guti\u00e9rrez<\/a><\/li><li><a href='https:\/\/www.medellin.gov.co\/es\/wp-content\/uploads\/2026\/09\/Declaraciones-del-representante-del-Ministerio-de-Tierras-Infraestructura-y-Transporte-de-la-Republica-de-Corea-Jonggil-Hong.mp3'>Declaraciones del representante del Ministerio de Tierras, Infraestructura y Transporte de la Rep\u00fablica de Corea, Jonggil Hong<\/a><\/li>\t<\/ol>\n\t<\/noscript>\n\t<script type=\"application\/json\" class=\"wp-playlist-script\">{\"type\":\"audio\",\"tracklist\":true,\"tracknumbers\":true,\"images\":true,\"artists\":true,\"tracks\":[{\"src\":\"https:\\\/\\\/www.medellin.gov.co\\\/es\\\/wp-content\\\/uploads\\\/2026\\\/09\\\/Declaraciones-alcalde-de-Medellin-Federico-Gutierrez.mp3\",\"type\":\"audio\\\/mpeg\",\"title\":\"Declaraciones alcalde de Medell\\u00edn, Federico Guti\\u00e9rrez\",\"caption\":\"\",\"description\":\"\\u00abDeclaraciones alcalde de Medell\\u00edn, Federico Guti\\u00e9rrez\\u00bb. \",\"meta\":{\"year\":\"2026\",\"length_formatted\":\"3:58\"},\"image\":{\"src\":\"https:\\\/\\\/www.medellin.gov.co\\\/es\\\/wp-includes\\\/images\\\/media\\\/audio.png\",\"width\":48,\"height\":64},\"thumb\":{\"src\":\"https:\\\/\\\/www.medellin.gov.co\\\/es\\\/wp-includes\\\/images\\\/media\\\/audio.png\",\"width\":48,\"height\":64}},{\"src\":\"https:\\\/\\\/www.medellin.gov.co\\\/es\\\/wp-content\\\/uploads\\\/2026\\\/09\\\/Declaraciones-del-representante-del-Ministerio-de-Tierras-Infraestructura-y-Transporte-de-la-Republica-de-Corea-Jonggil-Hong.mp3\",\"type\":\"audio\\\/mpeg\",\"title\":\"Declaraciones del representante del Ministerio de Tierras, Infraestructura y Transporte de la Rep\\u00fablica de Corea, Jonggil Hong\",\"caption\":\"\",\"description\":\"\\u00abDeclaraciones del representante del Ministerio de Tierras, Infraestructura y Transporte de la Rep\\u00fablica de Corea, Jonggil Hong\\u00bb. Lanzamiento: 1904.\",\"meta\":{\"year\":\"1904\",\"length_formatted\":\"1:31\"},\"image\":{\"src\":\"https:\\\/\\\/www.medellin.gov.co\\\/es\\\/wp-includes\\\/images\\\/media\\\/audio.png\",\"width\":48,\"height\":64},\"thumb\":{\"src\":\"https:\\\/\\\/www.medellin.gov.co\\\/es\\\/wp-includes\\\/images\\\/media\\\/audio.png\",\"width\":48,\"height\":64}}]}<\/script>\n<\/div>\n\t\n<p>El alcalde de <a href=\"https:\/\/www.instagram.com\/alcaldiademed\/?hl=es-la\" target=\"_blank\" rel=\"noopener\">Medell\u00edn<\/a>, Federico Guti\u00e9rrez Zuluaga y el Ministerio de Tierras, Infraestructura y Transporte de la Rep\u00fablica de Corea -MoLIT- firmaron un memorando de entendimiento que da inicio a una nueva etapa de cooperaci\u00f3n para fortalecer la movilidad urbana, mejorar la seguridad vial y contribuir al bienestar de la ciudadan\u00eda mediante soluciones tecnol\u00f3gicas orientadas a proteger la vida y optimizar los desplazamientos en la ciudad.<\/p>\n<p>El proyecto, que se desarrollar\u00e1 entre 2026 y 2029, contempla la formulaci\u00f3n del Plan Maestro de Movilidad de Medell\u00edn y la implementaci\u00f3n de un piloto de soluciones inteligentes de origen coreano, orientado a mejorar la gesti\u00f3n del tr\u00e1nsito, fortalecer la toma de decisiones basada en datos y proteger la vida de los actores viales.<\/p>\n<p><a href=\"https:\/\/www.medellin.gov.co\/es\/wp-content\/uploads\/2026\/09\/Imagen-del-alcalde-Federico-Gutierrez-con-funcionarios-y-delegacion-de-Corea.jpg\" target=\"_blank\" rel=\"noopener\"><img loading=\"lazy\" class=\"alignnone wp-image-564979 size-full\" title=\"Alcalde, Federico Guti\u00e9rrez con funcionarios y delegaci\u00f3n de Corea\" src=\"https:\/\/www.medellin.gov.co\/es\/wp-content\/uploads\/2026\/09\/Imagen-del-alcalde-Federico-Gutierrez-con-funcionarios-y-delegacion-de-Corea.jpg\" alt=\"Imagen del alcalde, Federico Guti\u00e9rrez con funcionarios y delegaci\u00f3n de Corea\" width=\"1139\" height=\"760\" srcset=\"https:\/\/www.medellin.gov.co\/es\/wp-content\/uploads\/2026\/09\/Imagen-del-alcalde-Federico-Gutierrez-con-funcionarios-y-delegacion-de-Corea.jpg 1139w, https:\/\/www.medellin.gov.co\/es\/wp-content\/uploads\/2026\/09\/Imagen-del-alcalde-Federico-Gutierrez-con-funcionarios-y-delegacion-de-Corea-300x200.jpg 300w, https:\/\/www.medellin.gov.co\/es\/wp-content\/uploads\/2026\/09\/Imagen-del-alcalde-Federico-Gutierrez-con-funcionarios-y-delegacion-de-Corea-1024x683.jpg 1024w, https:\/\/www.medellin.gov.co\/es\/wp-content\/uploads\/2026\/09\/Imagen-del-alcalde-Federico-Gutierrez-con-funcionarios-y-delegacion-de-Corea-150x100.jpg 150w, https:\/\/www.medellin.gov.co\/es\/wp-content\/uploads\/2026\/09\/Imagen-del-alcalde-Federico-Gutierrez-con-funcionarios-y-delegacion-de-Corea-768x512.jpg 768w\" sizes=\"(max-width: 1139px) 100vw, 1139px\" \/><\/a><\/p>\n<p><em>\u201cUno de los retos m\u00e1s grandes es mejorar la movilidad y eso se logra a trav\u00e9s de sistemas inteligentes y de buen recaudo de informaci\u00f3n para tomar decisiones alrededor de nuevos proyectos, tanto de infraestructura como de movilidad. Medell\u00edn tiene un reto muy grande: tenemos las mismas v\u00edas y cada vez tenemos m\u00e1s densidad poblacional, m\u00e1s carros y m\u00e1s motos, y entendiendo que estamos dentro del mismo territorio. Por eso, avanzamos en la implementaci\u00f3n del sistema integrado de transporte y en la construcci\u00f3n del Metro de la 80<\/em>\u201d, expres\u00f3 Guti\u00e9rrez Zuluaga.<\/p>\n<p>La iniciativa hace parte del Programa de Asistencia Oficial para el Desarrollo -ODA- del MoLIT y contar\u00e1 con una donaci\u00f3n de hasta 4.056 millones de wones coreanos, equivalentes aproximadamente a $9.100 millones colombianos.<\/p>\n\n\t\t<style type=\"text\/css\">\n\t\t\t#gallery-1 {\n\t\t\t\tmargin: auto;\n\t\t\t}\n\t\t\t#gallery-1 .gallery-item {\n\t\t\t\tfloat: left;\n\t\t\t\tmargin-top: 10px;\n\t\t\t\ttext-align: center;\n\t\t\t\twidth: 50%;\n\t\t\t}\n\t\t\t#gallery-1 img {\n\t\t\t\tborder: 2px solid #cfcfcf;\n\t\t\t}\n\t\t\t#gallery-1 .gallery-caption {\n\t\t\t\tmargin-left: 0;\n\t\t\t}\n\t\t\t\/* see gallery_shortcode() in wp-includes\/media.php *\/\n\t\t<\/style>\n\t\t<div id='gallery-1' class='gallery galleryid-565015 gallery-columns-2 gallery-size-full'><dl class='gallery-item'>\n\t\t\t<dt class='gallery-icon landscape'>\n\t\t\t\t<a href='https:\/\/www.medellin.gov.co\/es\/sala-de-prensa\/noticias\/medellin-inicio-la-ejecucion-de-recursos-de-presupuesto-participativo-para-proteger-las-quebradas-de-altavista-y-santa-elena\/imagen-del-alcalde-federico-gutierrez-con-funcionario-de-la-delegacion-de-corea-del-sur\/'><img width=\"1139\" height=\"760\" src=\"https:\/\/www.medellin.gov.co\/es\/wp-content\/uploads\/2026\/09\/Imagen-del-alcalde-Federico-Gutierrez-con-funcionario-de-la-delegacion-de-Corea-del-Sur.jpg\" class=\"attachment-full size-full\" alt=\"Imagen del alcalde, Federico Guti\u00e9rrez con funcionario de la delegaci\u00f3n de Corea del Sur\" loading=\"lazy\" srcset=\"https:\/\/www.medellin.gov.co\/es\/wp-content\/uploads\/2026\/09\/Imagen-del-alcalde-Federico-Gutierrez-con-funcionario-de-la-delegacion-de-Corea-del-Sur.jpg 1139w, https:\/\/www.medellin.gov.co\/es\/wp-content\/uploads\/2026\/09\/Imagen-del-alcalde-Federico-Gutierrez-con-funcionario-de-la-delegacion-de-Corea-del-Sur-300x200.jpg 300w, https:\/\/www.medellin.gov.co\/es\/wp-content\/uploads\/2026\/09\/Imagen-del-alcalde-Federico-Gutierrez-con-funcionario-de-la-delegacion-de-Corea-del-Sur-1024x683.jpg 1024w, https:\/\/www.medellin.gov.co\/es\/wp-content\/uploads\/2026\/09\/Imagen-del-alcalde-Federico-Gutierrez-con-funcionario-de-la-delegacion-de-Corea-del-Sur-150x100.jpg 150w, https:\/\/www.medellin.gov.co\/es\/wp-content\/uploads\/2026\/09\/Imagen-del-alcalde-Federico-Gutierrez-con-funcionario-de-la-delegacion-de-Corea-del-Sur-768x512.jpg 768w\" sizes=\"(max-width: 1139px) 100vw, 1139px\" \/><\/a>\n\t\t\t<\/dt><\/dl><dl class='gallery-item'>\n\t\t\t<dt class='gallery-icon landscape'>\n\t\t\t\t<a href='https:\/\/www.medellin.gov.co\/es\/sala-de-prensa\/noticias\/medellin-inicio-la-ejecucion-de-recursos-de-presupuesto-participativo-para-proteger-las-quebradas-de-altavista-y-santa-elena\/imagen-del-alcalde-federico-gutierrez-firmando-acuerdo-de-cooperacion-con-delegacion-de-corea\/'><img width=\"1139\" height=\"760\" src=\"https:\/\/www.medellin.gov.co\/es\/wp-content\/uploads\/2026\/09\/Imagen-del-alcalde-Federico-Gutierrez-firmando-acuerdo-de-cooperacion-con-delegacion-de-Corea.jpg\" class=\"attachment-full size-full\" alt=\"Imagen del alcalde, Federico Guti\u00e9rrez firmando acuerdo de cooperaci\u00f3n con delegaci\u00f3n de Corea\" loading=\"lazy\" srcset=\"https:\/\/www.medellin.gov.co\/es\/wp-content\/uploads\/2026\/09\/Imagen-del-alcalde-Federico-Gutierrez-firmando-acuerdo-de-cooperacion-con-delegacion-de-Corea.jpg 1139w, https:\/\/www.medellin.gov.co\/es\/wp-content\/uploads\/2026\/09\/Imagen-del-alcalde-Federico-Gutierrez-firmando-acuerdo-de-cooperacion-con-delegacion-de-Corea-300x200.jpg 300w, https:\/\/www.medellin.gov.co\/es\/wp-content\/uploads\/2026\/09\/Imagen-del-alcalde-Federico-Gutierrez-firmando-acuerdo-de-cooperacion-con-delegacion-de-Corea-1024x683.jpg 1024w, https:\/\/www.medellin.gov.co\/es\/wp-content\/uploads\/2026\/09\/Imagen-del-alcalde-Federico-Gutierrez-firmando-acuerdo-de-cooperacion-con-delegacion-de-Corea-150x100.jpg 150w, https:\/\/www.medellin.gov.co\/es\/wp-content\/uploads\/2026\/09\/Imagen-del-alcalde-Federico-Gutierrez-firmando-acuerdo-de-cooperacion-con-delegacion-de-Corea-768x512.jpg 768w\" sizes=\"(max-width: 1139px) 100vw, 1139px\" \/><\/a>\n\t\t\t<\/dt><\/dl><br style=\"clear: both\" \/>\n\t\t<\/div>\n\n<p>Entre los principales componentes se encuentran el an\u00e1lisis de las condiciones actuales de movilidad, el dise\u00f1o e implementaci\u00f3n de soluciones tecnol\u00f3gicas integradas al Centro Integrado de Tr\u00e1fico y Transporte -Citra-, as\u00ed como programas de transferencia tecnol\u00f3gica y fortalecimiento de capacidades para funcionarios y operadores locales.<\/p>\n<p>La ejecuci\u00f3n estar\u00e1 liderada por el Consorcio Its Korea, acompa\u00f1ado por las firmas Strafficc, Yooshin, KEC y Mqnic, que estar\u00e1n a cargo del dise\u00f1o, suministro e integraci\u00f3n de equipos y sistemas, adem\u00e1s del acompa\u00f1amiento t\u00e9cnico durante el desarrollo del proyecto.<\/p>\n<p>La ACI Medell\u00edn y la Secretar\u00eda de Movilidad articular\u00e1n el trabajo del Distrito con las autoridades nacionales para el \u00e9xito de esta iniciativa. Asimismo, un equipo de enlace facilitar\u00e1 la informaci\u00f3n, la entrega de datos de tr\u00e1fico y la gesti\u00f3n con los expertos coreanos.<\/p>\n","protected":false},"excerpt":{"rendered":"<p>Esto permitir\u00e1 formular el Plan Maestro de Movilidad de la ciudad e implementar soluciones inteligentes en el Centro Integrado de Tr\u00e1fico y Transporte -Citra-. El alcalde de Medell\u00edn, Federico Guti\u00e9rrez Zuluaga y el Ministerio de &#8230;<\/p>\n","protected":false},"author":21,"featured_media":564980,"comment_status":"open","ping_status":"open","sticky":false,"template":"","format":"standard","meta":[],"categories":[26,14],"tags":[447],"formato_nota":[],"programas_tax":[],"acf":[],"_links":{"self":[{"href":"https:\/\/www.medellin.gov.co\/es\/wp-json\/wp\/v2\/posts\/565015"}],"collection":[{"href":"https:\/\/www.medellin.gov.co\/es\/wp-json\/wp\/v2\/posts"}],"about":[{"href":"https:\/\/www.medellin.gov.co\/es\/wp-json\/wp\/v2\/types\/post"}],"author":[{"embeddable":true,"href":"https:\/\/www.medellin.gov.co\/es\/wp-json\/wp\/v2\/users\/21"}],"replies":[{"embeddable":true,"href":"https:\/\/www.medellin.gov.co\/es\/wp-json\/wp\/v2\/comments?post=565015"}],"version-history":[{"count":2,"href":"https:\/\/www.medellin.gov.co\/es\/wp-json\/wp\/v2\/posts\/565015\/revisions"}],"predecessor-version":[{"id":565019,"href":"https:\/\/www.medellin.gov.co\/es\/wp-json\/wp\/v2\/posts\/565015\/revisions\/565019"}],"wp:featuredmedia":[{"embeddable":true,"href":"https:\/\/www.medellin.gov.co\/es\/wp-json\/wp\/v2\/media\/564980"}],"wp:attachment":[{"href":"https:\/\/www.medellin.gov.co\/es\/wp-json\/wp\/v2\/media?parent=565015"}],"wp:term":[{"taxonomy":"category","embeddable":true,"href":"https:\/\/www.medellin.gov.co\/es\/wp-json\/wp\/v2\/categories?post=565015"},{"taxonomy":"post_tag","embeddable":true,"href":"https:\/\/www.medellin.gov.co\/es\/wp-json\/wp\/v2\/tags?post=565015"},{"taxonomy":"formato_nota","embeddable":true,"href":"https:\/\/www.medellin.gov.co\/es\/wp-json\/wp\/v2\/formato_nota?post=565015"},{"taxonomy":"programas_tax","embeddable":true,"href":"https:\/\/www.medellin.gov.co\/es\/wp-json\/wp\/v2\/programas_tax?post=565015"}],"curies":[{"name":"wp","href":"https:\/\/api.w.org\/{rel}","templated":true}]}}