{"id":565017,"date":"2026-09-04T16:34:50","date_gmt":"2026-09-04T21:34:50","guid":{"rendered":"https:\/\/www.medellin.gov.co\/es\/?p=565017"},"modified":"2026-09-04T16:34:50","modified_gmt":"2026-09-04T21:34:50","slug":"leves-avances-en-el-ahorro-de-agua","status":"publish","type":"post","link":"https:\/\/www.medellin.gov.co\/es\/sala-de-prensa\/noticias\/leves-avances-en-el-ahorro-de-agua\/","title":{"rendered":"\u201cYo creo en nuestra gente\u201d: alcalde Federico Guti\u00e9rrez anunci\u00f3 leves avances en el ahorro de agua, pero se requiere mayor esfuerzo para cumplir las metas"},"content":{"rendered":"<ul>\n<li>El ahorro de agua es una responsabilidad de todos, frente a las condiciones que genera el fen\u00f3meno de El Ni\u00f1o.<\/li>\n<li>En Piedras Blancas se ahorraron 22 litros por hogar o establecimiento, de una meta diaria de 92 litros.<\/li>\n<li>En La Fe se ahorraron 25 litros de los 70 litros diarios requeridos.<\/li>\n<li>En Riogrande no se logr\u00f3 aportar a la meta: el consumo aument\u00f3 en 10 litros diarios por vivienda o establecimiento.<\/li>\n<\/ul>\n<!--[if lt IE 9]><script>document.createElement('audio');<\/script><![endif]-->\n\t<div class=\"wp-playlist wp-audio-playlist wp-playlist-light\">\n\t\t\t<div class=\"wp-playlist-current-item\"><\/div>\n\t\t<audio controls=\"controls\" preload=\"none\" width=\"640\"\n\t\t\t><\/audio>\n\t<div class=\"wp-playlist-next\"><\/div>\n\t<div class=\"wp-playlist-prev\"><\/div>\n\t<noscript>\n\t<ol>\n\t\t<li><a href='https:\/\/www.medellin.gov.co\/es\/wp-content\/uploads\/2026\/09\/Declaraciones-alcalde-de-Medellin-Federico-Gutierrez-01-1.mp3'>Declaraciones alcalde de Medell\u00edn, Federico Guti\u00e9rrez - 01<\/a><\/li><li><a href='https:\/\/www.medellin.gov.co\/es\/wp-content\/uploads\/2026\/09\/Declaraciones-alcalde-de-Medellin-Federico-Gutierrez-02-1.mp3'>Declaraciones alcalde de Medell\u00edn, Federico Guti\u00e9rrez - 02<\/a><\/li>\t<\/ol>\n\t<\/noscript>\n\t<script type=\"application\/json\" class=\"wp-playlist-script\">{\"type\":\"audio\",\"tracklist\":true,\"tracknumbers\":true,\"images\":true,\"artists\":true,\"tracks\":[{\"src\":\"https:\\\/\\\/www.medellin.gov.co\\\/es\\\/wp-content\\\/uploads\\\/2026\\\/09\\\/Declaraciones-alcalde-de-Medellin-Federico-Gutierrez-01-1.mp3\",\"type\":\"audio\\\/mpeg\",\"title\":\"Declaraciones alcalde de Medell\\u00edn, Federico Guti\\u00e9rrez - 01\",\"caption\":\"\",\"description\":\"\\u00abDeclaraciones alcalde de Medell\\u00edn, Federico Guti\\u00e9rrez - 01\\u00bb. Lanzamiento: 2026.\",\"meta\":{\"year\":\"2026\",\"length_formatted\":\"3:02\"},\"image\":{\"src\":\"https:\\\/\\\/www.medellin.gov.co\\\/es\\\/wp-includes\\\/images\\\/media\\\/audio.png\",\"width\":48,\"height\":64},\"thumb\":{\"src\":\"https:\\\/\\\/www.medellin.gov.co\\\/es\\\/wp-includes\\\/images\\\/media\\\/audio.png\",\"width\":48,\"height\":64}},{\"src\":\"https:\\\/\\\/www.medellin.gov.co\\\/es\\\/wp-content\\\/uploads\\\/2026\\\/09\\\/Declaraciones-alcalde-de-Medellin-Federico-Gutierrez-02-1.mp3\",\"type\":\"audio\\\/mpeg\",\"title\":\"Declaraciones alcalde de Medell\\u00edn, Federico Guti\\u00e9rrez - 02\",\"caption\":\"\",\"description\":\"\\u00abDeclaraciones alcalde de Medell\\u00edn, Federico Guti\\u00e9rrez - 02\\u00bb. Lanzamiento: 2026.\",\"meta\":{\"year\":\"2026\",\"length_formatted\":\"2:10\"},\"image\":{\"src\":\"https:\\\/\\\/www.medellin.gov.co\\\/es\\\/wp-includes\\\/images\\\/media\\\/audio.png\",\"width\":48,\"height\":64},\"thumb\":{\"src\":\"https:\\\/\\\/www.medellin.gov.co\\\/es\\\/wp-includes\\\/images\\\/media\\\/audio.png\",\"width\":48,\"height\":64}}]}<\/script>\n<\/div>\n\t\n<p>El alcalde de Medell\u00edn, Federico Guti\u00e9rrez Zuluaga, report\u00f3 leves avances en el ahorro de agua en la ciudad como medida para enfrentar las consecuencias del fen\u00f3meno de El Ni\u00f1o y evitar que se requiera proceder con un racionamiento.<\/p>\n<p>\u201c<em>Ayer hubo, por decirlo as\u00ed, un quiebre en el tema del consumo. Ven\u00edamos con un nivel muy elevado. El primer d\u00eda no se hab\u00edan cumplido las metas de ahorro. Hoy, que recibo a primera hora de la ma\u00f1ana el informe, vemos que hay un ahorro en dos de los tres sistemas que b\u00e1sicamente surten el agua en la ciudad<\/em>\u201d, dijo Guti\u00e9rrez Zuluaga.<\/p>\n<p>La capital antioque\u00f1a adelanta un esfuerzo permanente para reducir el consumo. Si bien se registran avances, el Distrito reitera que a\u00fan es necesario ahorrar mucho m\u00e1s. Cada litro cuenta, y la suma de peque\u00f1as acciones en miles de hogares y establecimientos puede marcar una diferencia significativa para la protecci\u00f3n de las fuentes de abastecimiento de la ciudad.<\/p>\n<p>En el embalse Piedras Blancas, que abastece a las comunas Popular, Manrique, Aranjuez, Villa Hermosa, Buenos Aires y La Candelaria, la meta diaria es ahorrar 92 litros por hogar o establecimiento. El 3 de septiembre se logr\u00f3 un ahorro de 22 litros, por lo que se debe aumentar de manera significativa el esfuerzo colectivo para alcanzar la meta.<\/p>\n<p><a href=\"https:\/\/www.medellin.gov.co\/es\/wp-content\/uploads\/2026\/09\/Imagen-agua-potable-esta-cada-vez-mas-cerca-de-ser-una-realidad-AGUA.jpg\" target=\"_blank\" rel=\"noopener\"><img loading=\"lazy\" class=\"alignnone wp-image-564645 size-full\" title=\"Blanca Montoya, habitante del barrio Carpinelo Parte Alta\" src=\"https:\/\/www.medellin.gov.co\/es\/wp-content\/uploads\/2026\/09\/Imagen-agua-potable-esta-cada-vez-mas-cerca-de-ser-una-realidad-AGUA.jpg\" alt=\"Blanca Montoya, habitante del barrio Carpinelo Parte Alta\" width=\"960\" height=\"720\" srcset=\"https:\/\/www.medellin.gov.co\/es\/wp-content\/uploads\/2026\/09\/Imagen-agua-potable-esta-cada-vez-mas-cerca-de-ser-una-realidad-AGUA.jpg 960w, https:\/\/www.medellin.gov.co\/es\/wp-content\/uploads\/2026\/09\/Imagen-agua-potable-esta-cada-vez-mas-cerca-de-ser-una-realidad-AGUA-300x225.jpg 300w, https:\/\/www.medellin.gov.co\/es\/wp-content\/uploads\/2026\/09\/Imagen-agua-potable-esta-cada-vez-mas-cerca-de-ser-una-realidad-AGUA-150x113.jpg 150w, https:\/\/www.medellin.gov.co\/es\/wp-content\/uploads\/2026\/09\/Imagen-agua-potable-esta-cada-vez-mas-cerca-de-ser-una-realidad-AGUA-768x576.jpg 768w\" sizes=\"(max-width: 960px) 100vw, 960px\" \/><\/a><\/p>\n<p>En el embalse La Fe, que abastece municipios del sur del Valle de Aburr\u00e1, la meta diaria es de 70 litros y se logr\u00f3 un ahorro de 25 litros por hogar o establecimiento. Si bien representa un avance, la Administraci\u00f3n Distrital insiste en la necesidad de incrementar el ahorro. En contraste, en Riogrande, que abastece al norte del Valle de Aburr\u00e1 y al occidente y el noroccidente de Medell\u00edn, no se registr\u00f3 aporte a la meta: el consumo aument\u00f3 en 10 litros diarios por vivienda o establecimiento.<\/p>\n<p>\u201c<em>Yo he puesto este tema en manos de los t\u00e9cnicos de <a href=\"https:\/\/www.epm.com.co\/\" target=\"_blank\" rel=\"noopener\">EPM<\/a>, pero tambi\u00e9n en manos de la ciudadan\u00eda. Yo creo en nuestra gente y le quiero decir que sigamos haciendo<\/em><\/p>\n<p><em>el esfuerzo. Necesito que en cada casa haya un sirir\u00ed que est\u00e9 todo el d\u00eda dici\u00e9ndoles a los dem\u00e1s: cierre la ducha; no te ba\u00f1\u00e9s tan largo; no dej\u00e9s la canilla abierta mientras te lav\u00e1s los dientes; no dej\u00e9s el grifo abierto mientras lav\u00e1s los platos; que nadie est\u00e9 por ah\u00ed con mangueras abiertas, ni lavando carros afuera en la calle ni regando matas en el d\u00eda<\/em>\u201d, expres\u00f3 el mandatario local.<\/p>\n<p>El fen\u00f3meno de El Ni\u00f1o plantea un reto que debe asumirse de manera colectiva. No se trata \u00fanicamente de una responsabilidad de las autoridades: cada hogar, comercio y establecimiento puede aportar. La reducci\u00f3n del consumo permite proteger las fuentes que abastecen a la ciudad y evitar la adopci\u00f3n de medidas m\u00e1s restrictivas.<\/p>\n<p>La Alcald\u00eda de Medell\u00edn reitera que ya se registran avances, pero que es posible y necesario hacer m\u00e1s. Cada litro ahorrado hoy ser\u00e1 determinante para garantizar el abastecimiento de agua en el futuro.<\/p>\n","protected":false},"excerpt":{"rendered":"<p>El ahorro de agua es una responsabilidad de todos, frente a las condiciones que genera el fen\u00f3meno de El Ni\u00f1o. En Piedras Blancas se ahorraron 22 litros por hogar o establecimiento, de una meta diaria &#8230;<\/p>\n","protected":false},"author":21,"featured_media":460470,"comment_status":"open","ping_status":"open","sticky":false,"template":"","format":"standard","meta":[],"categories":[293,7],"tags":[451,455],"formato_nota":[],"programas_tax":[],"acf":[],"_links":{"self":[{"href":"https:\/\/www.medellin.gov.co\/es\/wp-json\/wp\/v2\/posts\/565017"}],"collection":[{"href":"https:\/\/www.medellin.gov.co\/es\/wp-json\/wp\/v2\/posts"}],"about":[{"href":"https:\/\/www.medellin.gov.co\/es\/wp-json\/wp\/v2\/types\/post"}],"author":[{"embeddable":true,"href":"https:\/\/www.medellin.gov.co\/es\/wp-json\/wp\/v2\/users\/21"}],"replies":[{"embeddable":true,"href":"https:\/\/www.medellin.gov.co\/es\/wp-json\/wp\/v2\/comments?post=565017"}],"version-history":[{"count":1,"href":"https:\/\/www.medellin.gov.co\/es\/wp-json\/wp\/v2\/posts\/565017\/revisions"}],"predecessor-version":[{"id":565022,"href":"https:\/\/www.medellin.gov.co\/es\/wp-json\/wp\/v2\/posts\/565017\/revisions\/565022"}],"wp:featuredmedia":[{"embeddable":true,"href":"https:\/\/www.medellin.gov.co\/es\/wp-json\/wp\/v2\/media\/460470"}],"wp:attachment":[{"href":"https:\/\/www.medellin.gov.co\/es\/wp-json\/wp\/v2\/media?parent=565017"}],"wp:term":[{"taxonomy":"category","embeddable":true,"href":"https:\/\/www.medellin.gov.co\/es\/wp-json\/wp\/v2\/categories?post=565017"},{"taxonomy":"post_tag","embeddable":true,"href":"https:\/\/www.medellin.gov.co\/es\/wp-json\/wp\/v2\/tags?post=565017"},{"taxonomy":"formato_nota","embeddable":true,"href":"https:\/\/www.medellin.gov.co\/es\/wp-json\/wp\/v2\/formato_nota?post=565017"},{"taxonomy":"programas_tax","embeddable":true,"href":"https:\/\/www.medellin.gov.co\/es\/wp-json\/wp\/v2\/programas_tax?post=565017"}],"curies":[{"name":"wp","href":"https:\/\/api.w.org\/{rel}","templated":true}]}}