{"id":565025,"date":"2026-09-04T16:39:34","date_gmt":"2026-09-04T21:39:34","guid":{"rendered":"https:\/\/www.medellin.gov.co\/es\/?p=565025"},"modified":"2026-09-04T16:39:34","modified_gmt":"2026-09-04T21:39:34","slug":"el-festival-internacional-altavoz-de-medellin-se-prepara-para-latir-fuerte-con-la-musica-de-59-agrupaciones","status":"publish","type":"post","link":"https:\/\/www.medellin.gov.co\/es\/sala-de-prensa\/noticias\/el-festival-internacional-altavoz-de-medellin-se-prepara-para-latir-fuerte-con-la-musica-de-59-agrupaciones\/","title":{"rendered":"El Festival Internacional Altavoz de Medell\u00edn se prepara para latir fuerte con la m\u00fasica de 59 agrupaciones"},"content":{"rendered":"<ul>\n<li>Con una inversi\u00f3n superior a $400 millones durante el a\u00f1o, el Distrito le apuesta al talento local con 28 bandas que har\u00e1n parte de este escenario.<\/li>\n<li>Habr\u00e1 agrupaciones de Estados Unidos, Espa\u00f1a, Argentina, M\u00e9xico y Chile, entre las que se destacan Possessed y La Mosca.<\/li>\n<\/ul>\n<!--[if lt IE 9]><script>document.createElement('audio');<\/script><![endif]-->\n\t<div class=\"wp-playlist wp-audio-playlist wp-playlist-light\">\n\t\t\t<div class=\"wp-playlist-current-item\"><\/div>\n\t\t<audio controls=\"controls\" preload=\"none\" width=\"640\"\n\t\t\t><\/audio>\n\t<div class=\"wp-playlist-next\"><\/div>\n\t<div class=\"wp-playlist-prev\"><\/div>\n\t<noscript>\n\t<ol>\n\t\t<li><a href='https:\/\/www.medellin.gov.co\/es\/wp-content\/uploads\/2026\/09\/Declaraciones-de-la-secretaria-de-Cultura-Ciudadana-Veronica-Suarez.mp3'>Declaraciones de la secretaria de Cultura Ciudadana, Ver\u00f3nica Su\u00e1rez<\/a><\/li><li><a href='https:\/\/www.medellin.gov.co\/es\/wp-content\/uploads\/2026\/09\/Declaraciones-de-Dilson-Diaz-vocalista-La-Pestilencia.mp3'>Declaraciones de Dilson D\u00edaz, vocalista La Pestilencia<\/a><\/li><li><a href='https:\/\/www.medellin.gov.co\/es\/wp-content\/uploads\/2026\/09\/Declaraciones-de-Tadeo-musico-de-Medellin.mp3'>Declaraciones de Tadeo, m\u00fasico de Medell\u00edn<\/a><\/li>\t<\/ol>\n\t<\/noscript>\n\t<script type=\"application\/json\" class=\"wp-playlist-script\">{\"type\":\"audio\",\"tracklist\":true,\"tracknumbers\":true,\"images\":true,\"artists\":true,\"tracks\":[{\"src\":\"https:\\\/\\\/www.medellin.gov.co\\\/es\\\/wp-content\\\/uploads\\\/2026\\\/09\\\/Declaraciones-de-la-secretaria-de-Cultura-Ciudadana-Veronica-Suarez.mp3\",\"type\":\"audio\\\/mpeg\",\"title\":\"Declaraciones de la secretaria de Cultura Ciudadana, Ver\\u00f3nica Su\\u00e1rez\",\"caption\":\"\",\"description\":\"\\u00abDeclaraciones de la secretaria de Cultura Ciudadana, Ver\\u00f3nica Su\\u00e1rez\\u00bb. \",\"meta\":{\"genre\":\"Blues\",\"length_formatted\":\"0:58\"},\"image\":{\"src\":\"https:\\\/\\\/www.medellin.gov.co\\\/es\\\/wp-includes\\\/images\\\/media\\\/audio.png\",\"width\":48,\"height\":64},\"thumb\":{\"src\":\"https:\\\/\\\/www.medellin.gov.co\\\/es\\\/wp-includes\\\/images\\\/media\\\/audio.png\",\"width\":48,\"height\":64}},{\"src\":\"https:\\\/\\\/www.medellin.gov.co\\\/es\\\/wp-content\\\/uploads\\\/2026\\\/09\\\/Declaraciones-de-Dilson-Diaz-vocalista-La-Pestilencia.mp3\",\"type\":\"audio\\\/mpeg\",\"title\":\"Declaraciones de Dilson D\\u00edaz, vocalista La Pestilencia\",\"caption\":\"\",\"description\":\"\\u00abDeclaraciones de Dilson D\\u00edaz, vocalista La Pestilencia\\u00bb. \",\"meta\":{\"genre\":\"Blues\",\"length_formatted\":\"1:03\"},\"image\":{\"src\":\"https:\\\/\\\/www.medellin.gov.co\\\/es\\\/wp-includes\\\/images\\\/media\\\/audio.png\",\"width\":48,\"height\":64},\"thumb\":{\"src\":\"https:\\\/\\\/www.medellin.gov.co\\\/es\\\/wp-includes\\\/images\\\/media\\\/audio.png\",\"width\":48,\"height\":64}},{\"src\":\"https:\\\/\\\/www.medellin.gov.co\\\/es\\\/wp-content\\\/uploads\\\/2026\\\/09\\\/Declaraciones-de-Tadeo-musico-de-Medellin.mp3\",\"type\":\"audio\\\/mpeg\",\"title\":\"Declaraciones de Tadeo, m\\u00fasico de Medell\\u00edn\",\"caption\":\"\",\"description\":\"\\u00abDeclaraciones de Tadeo, m\\u00fasico de Medell\\u00edn\\u00bb. \",\"meta\":{\"genre\":\"Blues\",\"length_formatted\":\"0:24\"},\"image\":{\"src\":\"https:\\\/\\\/www.medellin.gov.co\\\/es\\\/wp-includes\\\/images\\\/media\\\/audio.png\",\"width\":48,\"height\":64},\"thumb\":{\"src\":\"https:\\\/\\\/www.medellin.gov.co\\\/es\\\/wp-includes\\\/images\\\/media\\\/audio.png\",\"width\":48,\"height\":64}}]}<\/script>\n<\/div>\n\t\n<p>La edici\u00f3n n\u00famero 23 de Altavoz dio a conocer el listado de artistas invitados a uno de los eventos m\u00e1s importantes de la escena musical, que reunir\u00e1 a 59 agrupaciones internacionales, nacionales y locales, y que propone un recorrido de tres d\u00edas por la diversidad que identifica al festival. El encuentro se realizar\u00e1 del s\u00e1bado 10 al lunes 12 de octubre, con entrada libre.<\/p>\n<p>La programaci\u00f3n contar\u00e1 con la participaci\u00f3n de 28 agrupaciones de la ciudad, a las que se suman 15 representantes de Bogot\u00e1, Cali, Ibagu\u00e9, Pasto, Barranquilla y Envigado, adem\u00e1s de 16 bandas invitadas de pa\u00edses como Estados Unidos, Espa\u00f1a, Argentina, M\u00e9xico y Chile.<\/p>\n<p>El Festival Internacional Altavoz reunir\u00e1 diferentes sonidos, personas y maneras de vivir la m\u00fasica, manteniendo la pluralidad que lo ha convertido en uno de los festivales p\u00fablicos m\u00e1s importantes de Medell\u00edn. Tendr\u00e1 una propuesta para todos los gustos musicales, con dos tarimas principales ubicadas en el estadio Cincuentenario y el Parque Norte, y un escenario de Presupuesto Participativo.<\/p>\n<p><a href=\"https:\/\/www.medellin.gov.co\/es\/wp-content\/uploads\/2026\/09\/Imagen-de-un-guitarrista-en-concierto.jpg\" target=\"_blank\" rel=\"noopener\"><img loading=\"lazy\" class=\"alignnone wp-image-564988 size-full\" title=\"guitarrista en concierto de Altavoz\" src=\"https:\/\/www.medellin.gov.co\/es\/wp-content\/uploads\/2026\/09\/Imagen-de-un-guitarrista-en-concierto.jpg\" alt=\"Imagen de un guitarrista en concierto de Altavoz\" width=\"1142\" height=\"760\" srcset=\"https:\/\/www.medellin.gov.co\/es\/wp-content\/uploads\/2026\/09\/Imagen-de-un-guitarrista-en-concierto.jpg 1142w, https:\/\/www.medellin.gov.co\/es\/wp-content\/uploads\/2026\/09\/Imagen-de-un-guitarrista-en-concierto-300x200.jpg 300w, https:\/\/www.medellin.gov.co\/es\/wp-content\/uploads\/2026\/09\/Imagen-de-un-guitarrista-en-concierto-1024x681.jpg 1024w, https:\/\/www.medellin.gov.co\/es\/wp-content\/uploads\/2026\/09\/Imagen-de-un-guitarrista-en-concierto-150x100.jpg 150w, https:\/\/www.medellin.gov.co\/es\/wp-content\/uploads\/2026\/09\/Imagen-de-un-guitarrista-en-concierto-768x511.jpg 768w\" sizes=\"(max-width: 1142px) 100vw, 1142px\" \/><\/a><\/p>\n<p>\u201c<em>Altavoz no es solamente un escenario de conciertos o de m\u00fasica, detr\u00e1s de todo esto hay un grupo de personas que, con disciplina y esfuerzo, se han formado en el arte y en la m\u00fasica, y eso hay que reconocerlo. Gracias a todos ustedes, a las familias que los apoyan y a los amigos que se unen tambi\u00e9n a escuchar y a divertirse. Para eso es la cultura, para encontrarnos, gozar y pasar rico<\/em>\u201d, dijo la secretaria de Cultura Ciudadana, Ver\u00f3nica Su\u00e1rez.<\/p>\n<p>Asimismo, el festival contin\u00faa fortaleciendo su apuesta por el talento de la ciudad y la circulaci\u00f3n de nuevas propuestas musicales; por ello, este a\u00f1o se realizar\u00e1 una rueda de negocios con la participaci\u00f3n de m\u00e1s de 20 programadores internacionales y nacionales, en alianza con la Secretar\u00eda de Desarrollo Econ\u00f3mico.<\/p>\n<p>El primer d\u00eda se construye desde el rap, el reggae, el ska y las m\u00fasicas alternativas. La experiencia de Nonpalidece dialoga con las distintas sensibilidades del hip hop representadas por Sharif &amp; Rapsusklei, Lia Kali, El Kalvo, Oblivion\u2019s Mighty Trash. A ellos se suman artistas como Rupatrupa, Save Ferris, Providencia, Mac Pen, Niquitown, Los Norrea, La Cordillera, Rasbarule, Da Flava, Jeip, Niko Arias, La Otra Esquina, Callevaga y Los Animales Fumadores, Orquesta La Eterna y Spittin Fijah.<\/p>\n<p><a href=\"https:\/\/www.medellin.gov.co\/es\/wp-content\/uploads\/2026\/09\/Imagen-de-gente-cantando.jpg\" target=\"_blank\" rel=\"noopener\"><img loading=\"lazy\" class=\"alignnone wp-image-564995 size-full\" title=\"gente cantando\" src=\"https:\/\/www.medellin.gov.co\/es\/wp-content\/uploads\/2026\/09\/Imagen-de-gente-cantando.jpg\" alt=\"Imagen de gente cantando\" width=\"1142\" height=\"760\" srcset=\"https:\/\/www.medellin.gov.co\/es\/wp-content\/uploads\/2026\/09\/Imagen-de-gente-cantando.jpg 1142w, https:\/\/www.medellin.gov.co\/es\/wp-content\/uploads\/2026\/09\/Imagen-de-gente-cantando-300x200.jpg 300w, https:\/\/www.medellin.gov.co\/es\/wp-content\/uploads\/2026\/09\/Imagen-de-gente-cantando-1024x681.jpg 1024w, https:\/\/www.medellin.gov.co\/es\/wp-content\/uploads\/2026\/09\/Imagen-de-gente-cantando-150x100.jpg 150w, https:\/\/www.medellin.gov.co\/es\/wp-content\/uploads\/2026\/09\/Imagen-de-gente-cantando-768x511.jpg 768w\" sizes=\"(max-width: 1142px) 100vw, 1142px\" \/><\/a><\/p>\n<p>El segundo d\u00eda re\u00fane diferentes formas de entender el rock, el punk, la electr\u00f3nica y la m\u00fasica alternativa. La historia del punk internacional estar\u00e1 representada por The Adolescents y Suicidas, mientras La Mosca aportar\u00e1 un componente rockero y generacional. Tambi\u00e9n estar\u00e1n presentes Lucy Patan\u00e9, La Sant\u00edsima Voladora y Gaspar Luna, Lupus, Asuntos Pendientes, Entreco, Rey Gordifl\u00f3n, Leon Clef, Maldecidos por el Sol, Black Fairy, Playa Futura, Los Hijos de Papi y Mami, Los Psychotr\u00f3picos, Sara Grisales, Dead Artist y Dj Guitto.<\/p>\n<p>El lunes est\u00e1 dedicado al metal, el core y sus distintas vertientes. La curadur\u00eda conecta la historia y la contundencia de Possessed e Incantation; con una de las trayectorias m\u00e1s relevantes de la m\u00fasica pesada colombiana: La Pestilencia, que adem\u00e1s tendr\u00e1 una presentaci\u00f3n de despedida. Tambi\u00e9n, estar\u00e1n Escuela Grind Dogma, Syracusae, Threat Grito, Waking for Revenge, Rex Marte, Solsticio, Rotten Church, Metrallo, Dissidence, Road to Hell, Pariah, Hialina, Blood May Rise, Envenenados y Antised.<\/p>\n<p>Esta plataforma hace parte de una apuesta del Distrito por fortalecer el sector musical, que durante el a\u00f1o representa una inversi\u00f3n superior a $400 millones en est\u00edmulos a trav\u00e9s de las convocatorias p\u00fablicas para los Conciertos Ciudad Altavoz y Altavoz Internacional. La agenda se puede consultar en <a href=\"http:\/\/www.medell\u00edn.gov.co\">www.medell\u00edn.gov.co<\/a> o en las redes <a href=\"https:\/\/www.instagram.com\/festivalaltavozmed\/?hl=es\">@festivalaltavoz<\/a> y @cultura.med.<\/p>\n","protected":false},"excerpt":{"rendered":"<p>Con una inversi\u00f3n superior a $400 millones durante el a\u00f1o, el Distrito le apuesta al talento local con 28 bandas que har\u00e1n parte de este escenario. Habr\u00e1 agrupaciones de Estados Unidos, Espa\u00f1a, Argentina, M\u00e9xico y &#8230;<\/p>\n","protected":false},"author":21,"featured_media":564989,"comment_status":"open","ping_status":"open","sticky":false,"template":"","format":"standard","meta":[],"categories":[31],"tags":[444,428],"formato_nota":[],"programas_tax":[],"acf":[],"_links":{"self":[{"href":"https:\/\/www.medellin.gov.co\/es\/wp-json\/wp\/v2\/posts\/565025"}],"collection":[{"href":"https:\/\/www.medellin.gov.co\/es\/wp-json\/wp\/v2\/posts"}],"about":[{"href":"https:\/\/www.medellin.gov.co\/es\/wp-json\/wp\/v2\/types\/post"}],"author":[{"embeddable":true,"href":"https:\/\/www.medellin.gov.co\/es\/wp-json\/wp\/v2\/users\/21"}],"replies":[{"embeddable":true,"href":"https:\/\/www.medellin.gov.co\/es\/wp-json\/wp\/v2\/comments?post=565025"}],"version-history":[{"count":1,"href":"https:\/\/www.medellin.gov.co\/es\/wp-json\/wp\/v2\/posts\/565025\/revisions"}],"predecessor-version":[{"id":565028,"href":"https:\/\/www.medellin.gov.co\/es\/wp-json\/wp\/v2\/posts\/565025\/revisions\/565028"}],"wp:featuredmedia":[{"embeddable":true,"href":"https:\/\/www.medellin.gov.co\/es\/wp-json\/wp\/v2\/media\/564989"}],"wp:attachment":[{"href":"https:\/\/www.medellin.gov.co\/es\/wp-json\/wp\/v2\/media?parent=565025"}],"wp:term":[{"taxonomy":"category","embeddable":true,"href":"https:\/\/www.medellin.gov.co\/es\/wp-json\/wp\/v2\/categories?post=565025"},{"taxonomy":"post_tag","embeddable":true,"href":"https:\/\/www.medellin.gov.co\/es\/wp-json\/wp\/v2\/tags?post=565025"},{"taxonomy":"formato_nota","embeddable":true,"href":"https:\/\/www.medellin.gov.co\/es\/wp-json\/wp\/v2\/formato_nota?post=565025"},{"taxonomy":"programas_tax","embeddable":true,"href":"https:\/\/www.medellin.gov.co\/es\/wp-json\/wp\/v2\/programas_tax?post=565025"}],"curies":[{"name":"wp","href":"https:\/\/api.w.org\/{rel}","templated":true}]}}