{"id":565030,"date":"2026-09-04T16:43:49","date_gmt":"2026-09-04T21:43:49","guid":{"rendered":"https:\/\/www.medellin.gov.co\/es\/?p=565030"},"modified":"2026-09-04T16:43:49","modified_gmt":"2026-09-04T21:43:49","slug":"37-alianzas-se-suman-a-la-transformacion-de-la-candelaria-y-el-poblado","status":"publish","type":"post","link":"https:\/\/www.medellin.gov.co\/es\/sala-de-prensa\/noticias\/37-alianzas-se-suman-a-la-transformacion-de-la-candelaria-y-el-poblado\/","title":{"rendered":"37 alianzas se suman a la transformaci\u00f3n de La Candelaria y El Poblado"},"content":{"rendered":"<ul>\n<li>Las alianzas ya se traducen en acciones concretas: la limpieza de 10.400 metros cuadrados de la quebrada La Presidenta, la recuperaci\u00f3n del muro del INEM y del Bulevar Villa, as\u00ed como la dinamizaci\u00f3n de corredores culturales y espacios p\u00fablicos.<\/li>\n<\/ul>\n<!--[if lt IE 9]><script>document.createElement('audio');<\/script><![endif]-->\n\t<div class=\"wp-playlist wp-audio-playlist wp-playlist-light\">\n\t\t\t<div class=\"wp-playlist-current-item\"><\/div>\n\t\t<audio controls=\"controls\" preload=\"none\" width=\"640\"\n\t\t\t><\/audio>\n\t<div class=\"wp-playlist-next\"><\/div>\n\t<div class=\"wp-playlist-prev\"><\/div>\n\t<noscript>\n\t<ol>\n\t\t<li><a href='https:\/\/www.medellin.gov.co\/es\/wp-content\/uploads\/2026\/09\/Declaraciones-del-gerente-del-Centro-y-Territorios-Estrategicos-Juliana-Coral.mp3'>Declaraciones del gerente del Centro y Territorios Estrat\u00e9gicos, Juliana Coral<\/a><\/li>\t<\/ol>\n\t<\/noscript>\n\t<script type=\"application\/json\" class=\"wp-playlist-script\">{\"type\":\"audio\",\"tracklist\":true,\"tracknumbers\":true,\"images\":true,\"artists\":true,\"tracks\":[{\"src\":\"https:\\\/\\\/www.medellin.gov.co\\\/es\\\/wp-content\\\/uploads\\\/2026\\\/09\\\/Declaraciones-del-gerente-del-Centro-y-Territorios-Estrategicos-Juliana-Coral.mp3\",\"type\":\"audio\\\/mpeg\",\"title\":\"Declaraciones del gerente del Centro y Territorios Estrat\\u00e9gicos, Juliana Coral\",\"caption\":\"\",\"description\":\"\\u00abDeclaraciones del gerente del Centro y Territorios Estrat\\u00e9gicos, Juliana Coral\\u00bb. \",\"meta\":{\"genre\":\"Blues\",\"length_formatted\":\"0:45\"},\"image\":{\"src\":\"https:\\\/\\\/www.medellin.gov.co\\\/es\\\/wp-includes\\\/images\\\/media\\\/audio.png\",\"width\":48,\"height\":64},\"thumb\":{\"src\":\"https:\\\/\\\/www.medellin.gov.co\\\/es\\\/wp-includes\\\/images\\\/media\\\/audio.png\",\"width\":48,\"height\":64}}]}<\/script>\n<\/div>\n\t\n<p>Transformar las comunas 10-La Candelaria y 14-El Poblado es una tarea del Distrito que requiere sumar capacidades y trabajar de la mano con quienes viven, visitan y desarrollan sus actividades en estos territorios. Por eso, en la actual administraci\u00f3n ya son 37 las alianzas que ha consolidado la Gerencia del Centro y Territorios Estrat\u00e9gicos, una apuesta que permite unir esfuerzos con diferentes actores para impulsar acciones que aporten al cuidado del espacio p\u00fablico, la convivencia, la cultura, el patrimonio y el medio ambiente.<\/p>\n<p>La estrategia incluye cinco nuevas alianzas en ambas comunas. En La Candelaria, se establecieron acuerdos con La Pascasia, ubicada en el barrio Bombon\u00e1, para fortalecer la actividad cultural del sector; con la Placita de Fl\u00f3rez, para promover su vocaci\u00f3n comercial, y con la Junta de Acci\u00f3n Comunal Las Palmas, para acompa\u00f1ar iniciativas sociales que incentiven la participaci\u00f3n ciudadana.<\/p>\n<p>En El Poblado, las alianzas se establecieron con residentes del barrio Santa Mar\u00eda de los \u00c1ngeles, con quienes se promover\u00e1n acciones relacionadas con la tenencia responsable de mascotas, y con comerciantes de Manila, para impulsar h\u00e1bitos que contribuyan a una mejor convivencia en aspectos como el manejo de residuos, el parqueo de veh\u00edculos y el uso adecuado del espacio p\u00fablico.<\/p>\n<p><a href=\"https:\/\/www.medellin.gov.co\/es\/wp-content\/uploads\/2026\/09\/Imagen-de-una-mujer-de-un-restaurante.jpg\" target=\"_blank\" rel=\"noopener\"><img loading=\"lazy\" class=\"alignnone wp-image-564986 size-full\" title=\"Una mujer de un restaurante\" src=\"https:\/\/www.medellin.gov.co\/es\/wp-content\/uploads\/2026\/09\/Imagen-de-una-mujer-de-un-restaurante.jpg\" alt=\"Imagen de una mujer de un restaurante\" width=\"1280\" height=\"720\" srcset=\"https:\/\/www.medellin.gov.co\/es\/wp-content\/uploads\/2026\/09\/Imagen-de-una-mujer-de-un-restaurante.jpg 1280w, https:\/\/www.medellin.gov.co\/es\/wp-content\/uploads\/2026\/09\/Imagen-de-una-mujer-de-un-restaurante-300x169.jpg 300w, https:\/\/www.medellin.gov.co\/es\/wp-content\/uploads\/2026\/09\/Imagen-de-una-mujer-de-un-restaurante-1024x576.jpg 1024w, https:\/\/www.medellin.gov.co\/es\/wp-content\/uploads\/2026\/09\/Imagen-de-una-mujer-de-un-restaurante-150x84.jpg 150w, https:\/\/www.medellin.gov.co\/es\/wp-content\/uploads\/2026\/09\/Imagen-de-una-mujer-de-un-restaurante-768x432.jpg 768w\" sizes=\"(max-width: 1280px) 100vw, 1280px\" \/><\/a><\/p>\n<p>\u201c<em>Con estas alianzas seguimos fortaleciendo una gesti\u00f3n cercana al territorio, entendiendo que recuperar, cuidar y dinamizar nuestros espacios p\u00fablicos es una tarea que hacemos juntos con quienes viven, trabajan y disfrutan estos lugares. Escuchar a quienes conocen cada sector y sumar capacidades nos permite encontrar soluciones que respondan a sus realidades<\/em>\u201d, explic\u00f3 la gerente del Centro y Territorios Estrat\u00e9gicos, Juliana Coral.<\/p>\n<p>En La Candelaria, las alianzas han permitido impulsar acciones para consolidar la avenida La Playa como corredor cultural, fortalecer la vocaci\u00f3n literaria y cultural del Pasaje La Bastilla y continuar la recuperaci\u00f3n de espacios p\u00fablicos como el Bulevar Villa, el Parque de las Luces, el Parque San Antonio y la Plaza Botero, mediante iniciativas de apropiaci\u00f3n, activaci\u00f3n art\u00edstica, recuperaci\u00f3n de la memoria e identidad local. A esto se suman acciones para el cuidado de las fuentes de agua, la flora, la fauna y el entorno.<\/p>\n<p><a href=\"https:\/\/www.medellin.gov.co\/es\/wp-content\/uploads\/2026\/09\/Imagen-panoramica-de-Medellin.jpg\" target=\"_blank\" rel=\"noopener\"><img loading=\"lazy\" class=\"alignnone wp-image-564973 size-full\" title=\"panor\u00e1mica de Medell\u00edn\" src=\"https:\/\/www.medellin.gov.co\/es\/wp-content\/uploads\/2026\/09\/Imagen-panoramica-de-Medellin.jpg\" alt=\"Imagen panor\u00e1mica de Medell\u00edn\" width=\"1280\" height=\"720\" srcset=\"https:\/\/www.medellin.gov.co\/es\/wp-content\/uploads\/2026\/09\/Imagen-panoramica-de-Medellin.jpg 1280w, https:\/\/www.medellin.gov.co\/es\/wp-content\/uploads\/2026\/09\/Imagen-panoramica-de-Medellin-300x169.jpg 300w, https:\/\/www.medellin.gov.co\/es\/wp-content\/uploads\/2026\/09\/Imagen-panoramica-de-Medellin-1024x576.jpg 1024w, https:\/\/www.medellin.gov.co\/es\/wp-content\/uploads\/2026\/09\/Imagen-panoramica-de-Medellin-150x84.jpg 150w, https:\/\/www.medellin.gov.co\/es\/wp-content\/uploads\/2026\/09\/Imagen-panoramica-de-Medellin-768x432.jpg 768w\" sizes=\"(max-width: 1280px) 100vw, 1280px\" \/><\/a><\/p>\n<p>En El Poblado, el trabajo conjunto ha permitido desarrollar jornadas para el cuidado de la quebrada La Presidenta, con la limpieza de 10.400 metros cuadrados de su entorno y recuperar el muro del INEM, en el parque de El Poblado, que pas\u00f3 de estar vandalizado a convertirse en un espacio intervenido con la huella de 300 ni\u00f1as y ni\u00f1os. Tambi\u00e9n, se han impulsado acciones para fortalecer a los emprendedores de El Garabato, promover la tenencia responsable de mascotas y el cuidado del medio ambiente, recuperar el espacio p\u00fablico y dinamizar las actividades sociales y econ\u00f3micas del territorio.<\/p>\n<p>M\u00e1s que acuerdos, estas alianzas representan una manera de entender la transformaci\u00f3n urbana: sumar a quienes conocen y viven los territorios para construir soluciones y generar una cultura de cuidado compartido.<\/p>\n","protected":false},"excerpt":{"rendered":"<p>Las alianzas ya se traducen en acciones concretas: la limpieza de 10.400 metros cuadrados de la quebrada La Presidenta, la recuperaci\u00f3n del muro del INEM y del Bulevar Villa, as\u00ed como la dinamizaci\u00f3n de corredores &#8230;<\/p>\n","protected":false},"author":21,"featured_media":564974,"comment_status":"open","ping_status":"open","sticky":false,"template":"","format":"standard","meta":[],"categories":[23],"tags":[451],"formato_nota":[],"programas_tax":[],"acf":[],"_links":{"self":[{"href":"https:\/\/www.medellin.gov.co\/es\/wp-json\/wp\/v2\/posts\/565030"}],"collection":[{"href":"https:\/\/www.medellin.gov.co\/es\/wp-json\/wp\/v2\/posts"}],"about":[{"href":"https:\/\/www.medellin.gov.co\/es\/wp-json\/wp\/v2\/types\/post"}],"author":[{"embeddable":true,"href":"https:\/\/www.medellin.gov.co\/es\/wp-json\/wp\/v2\/users\/21"}],"replies":[{"embeddable":true,"href":"https:\/\/www.medellin.gov.co\/es\/wp-json\/wp\/v2\/comments?post=565030"}],"version-history":[{"count":1,"href":"https:\/\/www.medellin.gov.co\/es\/wp-json\/wp\/v2\/posts\/565030\/revisions"}],"predecessor-version":[{"id":565032,"href":"https:\/\/www.medellin.gov.co\/es\/wp-json\/wp\/v2\/posts\/565030\/revisions\/565032"}],"wp:featuredmedia":[{"embeddable":true,"href":"https:\/\/www.medellin.gov.co\/es\/wp-json\/wp\/v2\/media\/564974"}],"wp:attachment":[{"href":"https:\/\/www.medellin.gov.co\/es\/wp-json\/wp\/v2\/media?parent=565030"}],"wp:term":[{"taxonomy":"category","embeddable":true,"href":"https:\/\/www.medellin.gov.co\/es\/wp-json\/wp\/v2\/categories?post=565030"},{"taxonomy":"post_tag","embeddable":true,"href":"https:\/\/www.medellin.gov.co\/es\/wp-json\/wp\/v2\/tags?post=565030"},{"taxonomy":"formato_nota","embeddable":true,"href":"https:\/\/www.medellin.gov.co\/es\/wp-json\/wp\/v2\/formato_nota?post=565030"},{"taxonomy":"programas_tax","embeddable":true,"href":"https:\/\/www.medellin.gov.co\/es\/wp-json\/wp\/v2\/programas_tax?post=565030"}],"curies":[{"name":"wp","href":"https:\/\/api.w.org\/{rel}","templated":true}]}}